{"id":10118,"date":"2024-05-07T09:42:55","date_gmt":"2024-05-07T12:42:55","guid":{"rendered":"https:\/\/fmpatagoniamadryn.com.ar\/?p=10118"},"modified":"2024-05-07T09:45:07","modified_gmt":"2024-05-07T12:45:07","slug":"paro-de-transporte-del-9-de-mayo-la-uta-confirmo-que-se-adhiere-a-la-medida-convocada-por-la-cgt","status":"publish","type":"post","link":"https:\/\/fmpatagoniamadryn.com.ar\/?p=10118","title":{"rendered":"<br>Paro de transporte del 9 de mayo: la UTA confirm\u00f3 que se adhiere a la medida convocada por la CGT"},"content":{"rendered":"\n<p><br><p>La Uni\u00f3n de Tranviarios Automotor asegur\u00f3 que las medidas tomadas por el gobierno de Javier Milei son \u00aben contra del pueblo trabajador\u00bb. Por lo que no prestar\u00e1n servicios el pr\u00f3ximo jueves.<br><br><strong>Paro general de la CGT del 9 de mayo:<\/strong> qu\u00e9 pasar\u00e1 con los colectivos, subtes, trenes y aviones<br>La CGT reafirm\u00f3 que el paro general convocado para este jueves \u00abser\u00e1 contundente\u00bb<br><br><br>La Uni\u00f3n de Tranviarios Automotor (UTA) confirm\u00f3 que se adhiere al paro de transporte del 9 de mayo. Mediante un comunicado oficial informaron que las medidas tomadas por el gobierno de Javier Milei son \u00aben contra del pueblo trabajador\u00bb. Por lo que no prestar\u00e1n servicios el pr\u00f3ximo jueves.<br><br><br>\u201cInformamos que como consecuencia de las medidas del Gobierno Nacional tomadas directamente en contra el Pueblo trabajador, y abiertamente orientadas a vulnerar derechos individuales b\u00e1sicos, la Uni\u00f3n Tranviarios Automotor se suma al reclamo de toda la sociedad, y adhiere a la medida dispuesta por la CGT para el pr\u00f3ximo 9 de mayo\u201d, expresaron en su comunicado.<br><br>Adem\u00e1s, aclararon que \u00abdesde las 00:00h y hasta la medianoche los trabajadores del autotransporte de pasajeros no prestaremos servicios\u00bb. Tambi\u00e9n solicitaron a las autoridades que \u00abtienen en sus manos las decisiones que est\u00e1n afectando las vidas de la inmensa mayor\u00eda del pueblo, que reflexionen y comprendan los alcances del mandato que se otorg\u00f3 a los poderes Ejecutivo y Legislativo\u00bb, y que en base a ello defiendan los intereses y el bienestar de todos los argentinos y argentinas.<br><br><strong>Paro nacional de la CGT:<\/strong> los sindicatos que adhieren<br>Seg\u00fan confirm\u00f3 Daer, todos los gremios que forman parte de la CGT adherir\u00e1n al paro general de este jueves 9 de mayo. Esto incluye a los siguientes sindicatos:<br><br>FAECYS (Comercio)<br>UOCRA (Construcci\u00f3n)<br>UPCN y ATE (Estatales)<br>FTIA (Alimentaci\u00f3n)<br>FATSA (Sanidad)<br>UOM (Metal\u00fargicos)<br>UTHGRA (Hoteles y gastron\u00f3micos)<br>UATRE (Rurales)<br>SMATA (Mec\u00e1nicos)<br>Luz y Fuerza (Energ\u00eda)<br>FNTC (Camioneros)<br>UTA (Transporte colectivo urbano)<br>La Bancaria (Bancos)<br>CEA (Docentes)<br>Qu\u00e9 pasar\u00e1 con los establecimientos p\u00fablicos<\/p>\n\n\n\n<p><br>Los gremios nucleados en la CTA tambi\u00e9n participar\u00e1n del paro de la CGT por lo que se espera que los trabajadores estatales de ATE (Asociaci\u00f3n de Trabajadores del Estado) y UPCN (Uni\u00f3n de Personal Civil de la Naci\u00f3n) adhieran a la medida.<br><br>Gremios de educaci\u00f3n y salud tambi\u00e9n participaran del paro lo lo que habr\u00e1 atenci\u00f3n m\u00ednima en los hospitales mientras que no habr\u00e1 clases en la gran mayor\u00eda de las escuelas p\u00fablicas y privadas del pa\u00eds.<br><br><strong>Qu\u00e9 pasar\u00e1 con bancos y comercios<\/strong><br>El jueves tampoco funcionar\u00e1n los bancos en todo el pa\u00eds. La Bancar\u00eda confirm\u00f3 su adhesi\u00f3n al paro. Por su parte, los los judiciales har\u00e1n una movilizaci\u00f3n el 8 de mayo, y participan del paro del 9. Empleados de comercio tambi\u00e9n adherir\u00e1n a la medida, al igual que los gastron\u00f3micos<\/p>\n","protected":false},"excerpt":{"rendered":"<p>La Uni\u00f3n de Tranviarios Automotor asegur\u00f3 que las medidas tomadas por el gobierno de Javier Milei son \u00aben contra del pueblo trabajador\u00bb. Por lo que no prestar\u00e1n servicios el pr\u00f3ximo&hellip; <\/p>\n","protected":false},"author":2,"featured_media":10117,"comment_status":"closed","ping_status":"closed","sticky":false,"template":"","format":"standard","meta":{"footnotes":""},"categories":[13],"tags":[],"class_list":["post-10118","post","type-post","status-publish","format-standard","has-post-thumbnail","hentry","category-nacionales"],"yoast_head":"<!-- This site is optimized with the Yoast SEO plugin v27.4 - https:\/\/yoast.com\/product\/yoast-seo-wordpress\/ -->\n<title>Paro de transporte del 9 de mayo: la UTA confirm\u00f3 que se adhiere a la medida convocada por la CGT - FM Patagonia Madryn<\/title>\n<meta name=\"robots\" content=\"index, follow, max-snippet:-1, max-image-preview:large, max-video-preview:-1\" \/>\n<link rel=\"canonical\" href=\"https:\/\/fmpatagoniamadryn.com.ar\/?p=10118\" \/>\n<meta property=\"og:locale\" content=\"es_ES\" \/>\n<meta property=\"og:type\" content=\"article\" \/>\n<meta property=\"og:title\" content=\"Paro de transporte del 9 de mayo: la UTA confirm\u00f3 que se adhiere a la medida convocada por la CGT - FM Patagonia Madryn\" \/>\n<meta property=\"og:description\" content=\"La Uni\u00f3n de Tranviarios Automotor asegur\u00f3 que las medidas tomadas por el gobierno de Javier Milei son \u00aben contra del pueblo trabajador\u00bb. Por lo que no prestar\u00e1n servicios el pr\u00f3ximo&hellip;\" \/>\n<meta property=\"og:url\" content=\"https:\/\/fmpatagoniamadryn.com.ar\/?p=10118\" \/>\n<meta property=\"og:site_name\" content=\"FM Patagonia Madryn\" \/>\n<meta property=\"article:published_time\" content=\"2024-05-07T12:42:55+00:00\" \/>\n<meta property=\"article:modified_time\" content=\"2024-05-07T12:45:07+00:00\" \/>\n<meta property=\"og:image\" content=\"https:\/\/fmpatagoniamadryn.com.ar\/wp-content\/uploads\/2024\/05\/colectivos.jpeg.jpg\" \/>\n\t<meta property=\"og:image:width\" content=\"790\" \/>\n\t<meta property=\"og:image:height\" content=\"526\" \/>\n\t<meta property=\"og:image:type\" content=\"image\/jpeg\" \/>\n<meta name=\"author\" content=\"FM Patagonia\" \/>\n<meta name=\"twitter:card\" content=\"summary_large_image\" \/>\n<meta name=\"twitter:label1\" content=\"Escrito por\" \/>\n\t<meta name=\"twitter:data1\" content=\"FM Patagonia\" \/>\n\t<meta name=\"twitter:label2\" content=\"Tiempo de lectura\" \/>\n\t<meta name=\"twitter:data2\" content=\"2 minutos\" \/>\n<script type=\"application\/ld+json\" class=\"yoast-schema-graph\">{\"@context\":\"https:\\\/\\\/schema.org\",\"@graph\":[{\"@type\":\"Article\",\"@id\":\"https:\\\/\\\/fmpatagoniamadryn.com.ar\\\/?p=10118#article\",\"isPartOf\":{\"@id\":\"https:\\\/\\\/fmpatagoniamadryn.com.ar\\\/?p=10118\"},\"author\":{\"name\":\"FM Patagonia\",\"@id\":\"https:\\\/\\\/fmpatagoniamadryn.com.ar\\\/#\\\/schema\\\/person\\\/8a3de4ad7efceacab06c1641c50303b7\"},\"headline\":\"Paro de transporte del 9 de mayo: la UTA confirm\u00f3 que se adhiere a la medida convocada por la CGT\",\"datePublished\":\"2024-05-07T12:42:55+00:00\",\"dateModified\":\"2024-05-07T12:45:07+00:00\",\"mainEntityOfPage\":{\"@id\":\"https:\\\/\\\/fmpatagoniamadryn.com.ar\\\/?p=10118\"},\"wordCount\":509,\"publisher\":{\"@id\":\"https:\\\/\\\/fmpatagoniamadryn.com.ar\\\/#organization\"},\"image\":{\"@id\":\"https:\\\/\\\/fmpatagoniamadryn.com.ar\\\/?p=10118#primaryimage\"},\"thumbnailUrl\":\"https:\\\/\\\/fmpatagoniamadryn.com.ar\\\/wp-content\\\/uploads\\\/2024\\\/05\\\/colectivos.jpeg.jpg\",\"articleSection\":[\"Nacionales\"],\"inLanguage\":\"es\"},{\"@type\":\"WebPage\",\"@id\":\"https:\\\/\\\/fmpatagoniamadryn.com.ar\\\/?p=10118\",\"url\":\"https:\\\/\\\/fmpatagoniamadryn.com.ar\\\/?p=10118\",\"name\":\"Paro de transporte del 9 de mayo: la UTA confirm\u00f3 que se adhiere a la medida convocada por la CGT - FM Patagonia Madryn\",\"isPartOf\":{\"@id\":\"https:\\\/\\\/fmpatagoniamadryn.com.ar\\\/#website\"},\"primaryImageOfPage\":{\"@id\":\"https:\\\/\\\/fmpatagoniamadryn.com.ar\\\/?p=10118#primaryimage\"},\"image\":{\"@id\":\"https:\\\/\\\/fmpatagoniamadryn.com.ar\\\/?p=10118#primaryimage\"},\"thumbnailUrl\":\"https:\\\/\\\/fmpatagoniamadryn.com.ar\\\/wp-content\\\/uploads\\\/2024\\\/05\\\/colectivos.jpeg.jpg\",\"datePublished\":\"2024-05-07T12:42:55+00:00\",\"dateModified\":\"2024-05-07T12:45:07+00:00\",\"breadcrumb\":{\"@id\":\"https:\\\/\\\/fmpatagoniamadryn.com.ar\\\/?p=10118#breadcrumb\"},\"inLanguage\":\"es\",\"potentialAction\":[{\"@type\":\"ReadAction\",\"target\":[\"https:\\\/\\\/fmpatagoniamadryn.com.ar\\\/?p=10118\"]}]},{\"@type\":\"ImageObject\",\"inLanguage\":\"es\",\"@id\":\"https:\\\/\\\/fmpatagoniamadryn.com.ar\\\/?p=10118#primaryimage\",\"url\":\"https:\\\/\\\/fmpatagoniamadryn.com.ar\\\/wp-content\\\/uploads\\\/2024\\\/05\\\/colectivos.jpeg.jpg\",\"contentUrl\":\"https:\\\/\\\/fmpatagoniamadryn.com.ar\\\/wp-content\\\/uploads\\\/2024\\\/05\\\/colectivos.jpeg.jpg\",\"width\":790,\"height\":526},{\"@type\":\"BreadcrumbList\",\"@id\":\"https:\\\/\\\/fmpatagoniamadryn.com.ar\\\/?p=10118#breadcrumb\",\"itemListElement\":[{\"@type\":\"ListItem\",\"position\":1,\"name\":\"Portada\",\"item\":\"https:\\\/\\\/fmpatagoniamadryn.com.ar\\\/\"},{\"@type\":\"ListItem\",\"position\":2,\"name\":\"Paro de transporte del 9 de mayo: la UTA confirm\u00f3 que se adhiere a la medida convocada por la CGT\"}]},{\"@type\":\"WebSite\",\"@id\":\"https:\\\/\\\/fmpatagoniamadryn.com.ar\\\/#website\",\"url\":\"https:\\\/\\\/fmpatagoniamadryn.com.ar\\\/\",\"name\":\"FM Patagonia Madryn\",\"description\":\"Radio Patagonia 105.5\",\"publisher\":{\"@id\":\"https:\\\/\\\/fmpatagoniamadryn.com.ar\\\/#organization\"},\"potentialAction\":[{\"@type\":\"SearchAction\",\"target\":{\"@type\":\"EntryPoint\",\"urlTemplate\":\"https:\\\/\\\/fmpatagoniamadryn.com.ar\\\/?s={search_term_string}\"},\"query-input\":{\"@type\":\"PropertyValueSpecification\",\"valueRequired\":true,\"valueName\":\"search_term_string\"}}],\"inLanguage\":\"es\"},{\"@type\":\"Organization\",\"@id\":\"https:\\\/\\\/fmpatagoniamadryn.com.ar\\\/#organization\",\"name\":\"FM Patagonia Madryn\",\"url\":\"https:\\\/\\\/fmpatagoniamadryn.com.ar\\\/\",\"logo\":{\"@type\":\"ImageObject\",\"inLanguage\":\"es\",\"@id\":\"https:\\\/\\\/fmpatagoniamadryn.com.ar\\\/#\\\/schema\\\/logo\\\/image\\\/\",\"url\":\"https:\\\/\\\/fmpatagoniamadryn.com.ar\\\/wp-content\\\/uploads\\\/2023\\\/01\\\/cropped-Diseno-sin-titulo.png\",\"contentUrl\":\"https:\\\/\\\/fmpatagoniamadryn.com.ar\\\/wp-content\\\/uploads\\\/2023\\\/01\\\/cropped-Diseno-sin-titulo.png\",\"width\":6911,\"height\":2657,\"caption\":\"FM Patagonia Madryn\"},\"image\":{\"@id\":\"https:\\\/\\\/fmpatagoniamadryn.com.ar\\\/#\\\/schema\\\/logo\\\/image\\\/\"}},{\"@type\":\"Person\",\"@id\":\"https:\\\/\\\/fmpatagoniamadryn.com.ar\\\/#\\\/schema\\\/person\\\/8a3de4ad7efceacab06c1641c50303b7\",\"name\":\"FM Patagonia\",\"url\":\"https:\\\/\\\/fmpatagoniamadryn.com.ar\\\/?author=2\"}]}<\/script>\n<!-- \/ Yoast SEO plugin. -->","yoast_head_json":{"title":"Paro de transporte del 9 de mayo: la UTA confirm\u00f3 que se adhiere a la medida convocada por la CGT - FM Patagonia Madryn","robots":{"index":"index","follow":"follow","max-snippet":"max-snippet:-1","max-image-preview":"max-image-preview:large","max-video-preview":"max-video-preview:-1"},"canonical":"https:\/\/fmpatagoniamadryn.com.ar\/?p=10118","og_locale":"es_ES","og_type":"article","og_title":"Paro de transporte del 9 de mayo: la UTA confirm\u00f3 que se adhiere a la medida convocada por la CGT - FM Patagonia Madryn","og_description":"La Uni\u00f3n de Tranviarios Automotor asegur\u00f3 que las medidas tomadas por el gobierno de Javier Milei son \u00aben contra del pueblo trabajador\u00bb. Por lo que no prestar\u00e1n servicios el pr\u00f3ximo&hellip;","og_url":"https:\/\/fmpatagoniamadryn.com.ar\/?p=10118","og_site_name":"FM Patagonia Madryn","article_published_time":"2024-05-07T12:42:55+00:00","article_modified_time":"2024-05-07T12:45:07+00:00","og_image":[{"width":790,"height":526,"url":"https:\/\/fmpatagoniamadryn.com.ar\/wp-content\/uploads\/2024\/05\/colectivos.jpeg.jpg","type":"image\/jpeg"}],"author":"FM Patagonia","twitter_card":"summary_large_image","twitter_misc":{"Escrito por":"FM Patagonia","Tiempo de lectura":"2 minutos"},"schema":{"@context":"https:\/\/schema.org","@graph":[{"@type":"Article","@id":"https:\/\/fmpatagoniamadryn.com.ar\/?p=10118#article","isPartOf":{"@id":"https:\/\/fmpatagoniamadryn.com.ar\/?p=10118"},"author":{"name":"FM Patagonia","@id":"https:\/\/fmpatagoniamadryn.com.ar\/#\/schema\/person\/8a3de4ad7efceacab06c1641c50303b7"},"headline":"Paro de transporte del 9 de mayo: la UTA confirm\u00f3 que se adhiere a la medida convocada por la CGT","datePublished":"2024-05-07T12:42:55+00:00","dateModified":"2024-05-07T12:45:07+00:00","mainEntityOfPage":{"@id":"https:\/\/fmpatagoniamadryn.com.ar\/?p=10118"},"wordCount":509,"publisher":{"@id":"https:\/\/fmpatagoniamadryn.com.ar\/#organization"},"image":{"@id":"https:\/\/fmpatagoniamadryn.com.ar\/?p=10118#primaryimage"},"thumbnailUrl":"https:\/\/fmpatagoniamadryn.com.ar\/wp-content\/uploads\/2024\/05\/colectivos.jpeg.jpg","articleSection":["Nacionales"],"inLanguage":"es"},{"@type":"WebPage","@id":"https:\/\/fmpatagoniamadryn.com.ar\/?p=10118","url":"https:\/\/fmpatagoniamadryn.com.ar\/?p=10118","name":"Paro de transporte del 9 de mayo: la UTA confirm\u00f3 que se adhiere a la medida convocada por la CGT - FM Patagonia Madryn","isPartOf":{"@id":"https:\/\/fmpatagoniamadryn.com.ar\/#website"},"primaryImageOfPage":{"@id":"https:\/\/fmpatagoniamadryn.com.ar\/?p=10118#primaryimage"},"image":{"@id":"https:\/\/fmpatagoniamadryn.com.ar\/?p=10118#primaryimage"},"thumbnailUrl":"https:\/\/fmpatagoniamadryn.com.ar\/wp-content\/uploads\/2024\/05\/colectivos.jpeg.jpg","datePublished":"2024-05-07T12:42:55+00:00","dateModified":"2024-05-07T12:45:07+00:00","breadcrumb":{"@id":"https:\/\/fmpatagoniamadryn.com.ar\/?p=10118#breadcrumb"},"inLanguage":"es","potentialAction":[{"@type":"ReadAction","target":["https:\/\/fmpatagoniamadryn.com.ar\/?p=10118"]}]},{"@type":"ImageObject","inLanguage":"es","@id":"https:\/\/fmpatagoniamadryn.com.ar\/?p=10118#primaryimage","url":"https:\/\/fmpatagoniamadryn.com.ar\/wp-content\/uploads\/2024\/05\/colectivos.jpeg.jpg","contentUrl":"https:\/\/fmpatagoniamadryn.com.ar\/wp-content\/uploads\/2024\/05\/colectivos.jpeg.jpg","width":790,"height":526},{"@type":"BreadcrumbList","@id":"https:\/\/fmpatagoniamadryn.com.ar\/?p=10118#breadcrumb","itemListElement":[{"@type":"ListItem","position":1,"name":"Portada","item":"https:\/\/fmpatagoniamadryn.com.ar\/"},{"@type":"ListItem","position":2,"name":"Paro de transporte del 9 de mayo: la UTA confirm\u00f3 que se adhiere a la medida convocada por la CGT"}]},{"@type":"WebSite","@id":"https:\/\/fmpatagoniamadryn.com.ar\/#website","url":"https:\/\/fmpatagoniamadryn.com.ar\/","name":"FM Patagonia Madryn","description":"Radio Patagonia 105.5","publisher":{"@id":"https:\/\/fmpatagoniamadryn.com.ar\/#organization"},"potentialAction":[{"@type":"SearchAction","target":{"@type":"EntryPoint","urlTemplate":"https:\/\/fmpatagoniamadryn.com.ar\/?s={search_term_string}"},"query-input":{"@type":"PropertyValueSpecification","valueRequired":true,"valueName":"search_term_string"}}],"inLanguage":"es"},{"@type":"Organization","@id":"https:\/\/fmpatagoniamadryn.com.ar\/#organization","name":"FM Patagonia Madryn","url":"https:\/\/fmpatagoniamadryn.com.ar\/","logo":{"@type":"ImageObject","inLanguage":"es","@id":"https:\/\/fmpatagoniamadryn.com.ar\/#\/schema\/logo\/image\/","url":"https:\/\/fmpatagoniamadryn.com.ar\/wp-content\/uploads\/2023\/01\/cropped-Diseno-sin-titulo.png","contentUrl":"https:\/\/fmpatagoniamadryn.com.ar\/wp-content\/uploads\/2023\/01\/cropped-Diseno-sin-titulo.png","width":6911,"height":2657,"caption":"FM Patagonia Madryn"},"image":{"@id":"https:\/\/fmpatagoniamadryn.com.ar\/#\/schema\/logo\/image\/"}},{"@type":"Person","@id":"https:\/\/fmpatagoniamadryn.com.ar\/#\/schema\/person\/8a3de4ad7efceacab06c1641c50303b7","name":"FM Patagonia","url":"https:\/\/fmpatagoniamadryn.com.ar\/?author=2"}]}},"jetpack_featured_media_url":"https:\/\/fmpatagoniamadryn.com.ar\/wp-content\/uploads\/2024\/05\/colectivos.jpeg.jpg","_links":{"self":[{"href":"https:\/\/fmpatagoniamadryn.com.ar\/index.php?rest_route=\/wp\/v2\/posts\/10118","targetHints":{"allow":["GET"]}}],"collection":[{"href":"https:\/\/fmpatagoniamadryn.com.ar\/index.php?rest_route=\/wp\/v2\/posts"}],"about":[{"href":"https:\/\/fmpatagoniamadryn.com.ar\/index.php?rest_route=\/wp\/v2\/types\/post"}],"author":[{"embeddable":true,"href":"https:\/\/fmpatagoniamadryn.com.ar\/index.php?rest_route=\/wp\/v2\/users\/2"}],"replies":[{"embeddable":true,"href":"https:\/\/fmpatagoniamadryn.com.ar\/index.php?rest_route=%2Fwp%2Fv2%2Fcomments&post=10118"}],"version-history":[{"count":1,"href":"https:\/\/fmpatagoniamadryn.com.ar\/index.php?rest_route=\/wp\/v2\/posts\/10118\/revisions"}],"predecessor-version":[{"id":10119,"href":"https:\/\/fmpatagoniamadryn.com.ar\/index.php?rest_route=\/wp\/v2\/posts\/10118\/revisions\/10119"}],"wp:featuredmedia":[{"embeddable":true,"href":"https:\/\/fmpatagoniamadryn.com.ar\/index.php?rest_route=\/wp\/v2\/media\/10117"}],"wp:attachment":[{"href":"https:\/\/fmpatagoniamadryn.com.ar\/index.php?rest_route=%2Fwp%2Fv2%2Fmedia&parent=10118"}],"wp:term":[{"taxonomy":"category","embeddable":true,"href":"https:\/\/fmpatagoniamadryn.com.ar\/index.php?rest_route=%2Fwp%2Fv2%2Fcategories&post=10118"},{"taxonomy":"post_tag","embeddable":true,"href":"https:\/\/fmpatagoniamadryn.com.ar\/index.php?rest_route=%2Fwp%2Fv2%2Ftags&post=10118"}],"curies":[{"name":"wp","href":"https:\/\/api.w.org\/{rel}","templated":true}]}}