{"id":10601,"date":"2024-06-04T08:39:29","date_gmt":"2024-06-04T11:39:29","guid":{"rendered":"https:\/\/fmpatagoniamadryn.com.ar\/?p=10601"},"modified":"2024-06-04T08:39:29","modified_gmt":"2024-06-04T11:39:29","slug":"el-intendente-participo-del-encuentro-entre-las-personas-mayores-del-hogar-hebras-de-plata-y-ninos-y-ninas-de-distintos-cpi","status":"publish","type":"post","link":"https:\/\/fmpatagoniamadryn.com.ar\/?p=10601","title":{"rendered":"EL INTENDENTE PARTICIP\u00d3 DEL ENCUENTRO ENTRE LAS PERSONAS MAYORES DEL HOGAR \u201cHEBRAS DE PLATA\u201d Y NI\u00d1OS Y NI\u00d1AS DE DISTINTOS CPI"},"content":{"rendered":"\n<p>Gustavo Sastre estuvo presente en el espacio en el que se llev\u00f3 a cabo una de las propuestas que se enmarcan en la campa\u00f1a nacional de concientizaci\u00f3n sobre el buen trato hacia las personas mayores<br><br><br>El intendente de Puerto Madryn, Gustavo Sastre, particip\u00f3 hoy de una de las actividades que se llevan a cabo en nuestra ciudad en el marco de la campa\u00f1a nacional de concientizaci\u00f3n sobre el buen trato hacia las personas mayores. En esta oportunidad, ni\u00f1os y ni\u00f1as de distintos Centros de Primera Infancia compartieron un desayuno con quienes forman parte del hogar \u201cHebras de plata\u201d.<br><br>Adem\u00e1s de esta iniciativa, tambi\u00e9n habr\u00e1 una actividad ma\u00f1ana en el Concejo Deliberante, mientras que el viernes se replicar\u00e1 la propuesta de hoy, pero en el hogar \u201cNuestras Ra\u00edces\u201d, ubicado en el barrio Pujol.<br><br>Dos sectores fundamentales<br><br>Al respecto, el Intendente dijo: \u201cHoy vivimos un hermoso momento en el hogar \u2018Hebras de plata\u2019, donde participamos de una de las actividades sobre concientizaci\u00f3n del buen trato hacia las personas mayores. En esta oportunidad, compartimos un desayuno con quienes residen en el lugar y con ni\u00f1os de distintos Centros de Primera Infancia\u201d.<br><br>En este mismo sentido, el Jefe Comunal remarc\u00f3: \u201cEn esta actividad unimos a dos franjas etarias fundamentales para esta gesti\u00f3n, como lo son las personas mayores y nuestros ni\u00f1os. Desde el Municipio ejecutamos una gran cantidad de pol\u00edticas para cuidarlos y acompa\u00f1arlos en todo lo que est\u00e9 a nuestro alcance\u201d.<br><br>Los presentes<br><br>En dicha actividad, Sastre estuvo acompa\u00f1ado por el secretario de Desarrollo Comunitario, Roberto Neme; el subsecretario de Atenci\u00f3n Primaria de la Salud, Mart\u00edn Yacachury; la subsecretaria de Ni\u00f1ez, Adolescencia y Familia, Mar\u00eda Ayel\u00e9n Diogo; la titular de la Direcci\u00f3n de Personas Mayores, Marta Rivas; la coordinadora de los CPI, Debora Peralta, personal de los CPI y del hogar.<br><br> <\/p>\n","protected":false},"excerpt":{"rendered":"<p>Gustavo Sastre estuvo presente en el espacio en el que se llev\u00f3 a cabo una de las propuestas que se enmarcan en la campa\u00f1a nacional de concientizaci\u00f3n sobre el buen&hellip; <\/p>\n","protected":false},"author":3,"featured_media":10600,"comment_status":"closed","ping_status":"closed","sticky":false,"template":"","format":"standard","meta":{"footnotes":""},"categories":[15],"tags":[],"class_list":["post-10601","post","type-post","status-publish","format-standard","has-post-thumbnail","hentry","category-locales"],"yoast_head":"<!-- This site is optimized with the Yoast SEO plugin v27.5 - https:\/\/yoast.com\/product\/yoast-seo-wordpress\/ -->\n<title>EL INTENDENTE PARTICIP\u00d3 DEL ENCUENTRO ENTRE LAS PERSONAS MAYORES DEL HOGAR \u201cHEBRAS DE PLATA\u201d Y NI\u00d1OS Y NI\u00d1AS DE DISTINTOS CPI - FM Patagonia Madryn<\/title>\n<meta name=\"robots\" content=\"index, follow, max-snippet:-1, max-image-preview:large, max-video-preview:-1\" \/>\n<link rel=\"canonical\" href=\"https:\/\/fmpatagoniamadryn.com.ar\/?p=10601\" \/>\n<meta property=\"og:locale\" content=\"es_ES\" \/>\n<meta property=\"og:type\" content=\"article\" \/>\n<meta property=\"og:title\" content=\"EL INTENDENTE PARTICIP\u00d3 DEL ENCUENTRO ENTRE LAS PERSONAS MAYORES DEL HOGAR \u201cHEBRAS DE PLATA\u201d Y NI\u00d1OS Y NI\u00d1AS DE DISTINTOS CPI - FM Patagonia Madryn\" \/>\n<meta property=\"og:description\" content=\"Gustavo Sastre estuvo presente en el espacio en el que se llev\u00f3 a cabo una de las propuestas que se enmarcan en la campa\u00f1a nacional de concientizaci\u00f3n sobre el buen&hellip;\" \/>\n<meta property=\"og:url\" content=\"https:\/\/fmpatagoniamadryn.com.ar\/?p=10601\" \/>\n<meta property=\"og:site_name\" content=\"FM Patagonia Madryn\" \/>\n<meta property=\"article:published_time\" content=\"2024-06-04T11:39:29+00:00\" \/>\n<meta property=\"og:image\" content=\"https:\/\/fmpatagoniamadryn.com.ar\/wp-content\/uploads\/2024\/06\/Personasmayores2-scaled.jpeg\" \/>\n\t<meta property=\"og:image:width\" content=\"2560\" \/>\n\t<meta property=\"og:image:height\" content=\"1706\" \/>\n\t<meta property=\"og:image:type\" content=\"image\/jpeg\" \/>\n<meta name=\"author\" content=\"FM Patagonia\" \/>\n<meta name=\"twitter:card\" content=\"summary_large_image\" \/>\n<meta name=\"twitter:label1\" content=\"Escrito por\" \/>\n\t<meta name=\"twitter:data1\" content=\"FM Patagonia\" \/>\n\t<meta name=\"twitter:label2\" content=\"Tiempo de lectura\" \/>\n\t<meta name=\"twitter:data2\" content=\"2 minutos\" \/>\n<script type=\"application\/ld+json\" class=\"yoast-schema-graph\">{\"@context\":\"https:\\\/\\\/schema.org\",\"@graph\":[{\"@type\":\"Article\",\"@id\":\"https:\\\/\\\/fmpatagoniamadryn.com.ar\\\/?p=10601#article\",\"isPartOf\":{\"@id\":\"https:\\\/\\\/fmpatagoniamadryn.com.ar\\\/?p=10601\"},\"author\":{\"name\":\"FM Patagonia\",\"@id\":\"https:\\\/\\\/fmpatagoniamadryn.com.ar\\\/#\\\/schema\\\/person\\\/1d968ec613613768e14b4e6420a2b125\"},\"headline\":\"EL INTENDENTE PARTICIP\u00d3 DEL ENCUENTRO ENTRE LAS PERSONAS MAYORES DEL HOGAR \u201cHEBRAS DE PLATA\u201d Y NI\u00d1OS Y NI\u00d1AS DE DISTINTOS CPI\",\"datePublished\":\"2024-06-04T11:39:29+00:00\",\"mainEntityOfPage\":{\"@id\":\"https:\\\/\\\/fmpatagoniamadryn.com.ar\\\/?p=10601\"},\"wordCount\":344,\"publisher\":{\"@id\":\"https:\\\/\\\/fmpatagoniamadryn.com.ar\\\/#organization\"},\"image\":{\"@id\":\"https:\\\/\\\/fmpatagoniamadryn.com.ar\\\/?p=10601#primaryimage\"},\"thumbnailUrl\":\"https:\\\/\\\/fmpatagoniamadryn.com.ar\\\/wp-content\\\/uploads\\\/2024\\\/06\\\/Personasmayores2-scaled.jpeg\",\"articleSection\":[\"Locales\"],\"inLanguage\":\"es\"},{\"@type\":\"WebPage\",\"@id\":\"https:\\\/\\\/fmpatagoniamadryn.com.ar\\\/?p=10601\",\"url\":\"https:\\\/\\\/fmpatagoniamadryn.com.ar\\\/?p=10601\",\"name\":\"EL INTENDENTE PARTICIP\u00d3 DEL ENCUENTRO ENTRE LAS PERSONAS MAYORES DEL HOGAR \u201cHEBRAS DE PLATA\u201d Y NI\u00d1OS Y NI\u00d1AS DE DISTINTOS CPI - FM Patagonia Madryn\",\"isPartOf\":{\"@id\":\"https:\\\/\\\/fmpatagoniamadryn.com.ar\\\/#website\"},\"primaryImageOfPage\":{\"@id\":\"https:\\\/\\\/fmpatagoniamadryn.com.ar\\\/?p=10601#primaryimage\"},\"image\":{\"@id\":\"https:\\\/\\\/fmpatagoniamadryn.com.ar\\\/?p=10601#primaryimage\"},\"thumbnailUrl\":\"https:\\\/\\\/fmpatagoniamadryn.com.ar\\\/wp-content\\\/uploads\\\/2024\\\/06\\\/Personasmayores2-scaled.jpeg\",\"datePublished\":\"2024-06-04T11:39:29+00:00\",\"breadcrumb\":{\"@id\":\"https:\\\/\\\/fmpatagoniamadryn.com.ar\\\/?p=10601#breadcrumb\"},\"inLanguage\":\"es\",\"potentialAction\":[{\"@type\":\"ReadAction\",\"target\":[\"https:\\\/\\\/fmpatagoniamadryn.com.ar\\\/?p=10601\"]}]},{\"@type\":\"ImageObject\",\"inLanguage\":\"es\",\"@id\":\"https:\\\/\\\/fmpatagoniamadryn.com.ar\\\/?p=10601#primaryimage\",\"url\":\"https:\\\/\\\/fmpatagoniamadryn.com.ar\\\/wp-content\\\/uploads\\\/2024\\\/06\\\/Personasmayores2-scaled.jpeg\",\"contentUrl\":\"https:\\\/\\\/fmpatagoniamadryn.com.ar\\\/wp-content\\\/uploads\\\/2024\\\/06\\\/Personasmayores2-scaled.jpeg\",\"width\":2560,\"height\":1706},{\"@type\":\"BreadcrumbList\",\"@id\":\"https:\\\/\\\/fmpatagoniamadryn.com.ar\\\/?p=10601#breadcrumb\",\"itemListElement\":[{\"@type\":\"ListItem\",\"position\":1,\"name\":\"Portada\",\"item\":\"https:\\\/\\\/fmpatagoniamadryn.com.ar\\\/\"},{\"@type\":\"ListItem\",\"position\":2,\"name\":\"EL INTENDENTE PARTICIP\u00d3 DEL ENCUENTRO ENTRE LAS PERSONAS MAYORES DEL HOGAR \u201cHEBRAS DE PLATA\u201d Y NI\u00d1OS Y NI\u00d1AS DE DISTINTOS CPI\"}]},{\"@type\":\"WebSite\",\"@id\":\"https:\\\/\\\/fmpatagoniamadryn.com.ar\\\/#website\",\"url\":\"https:\\\/\\\/fmpatagoniamadryn.com.ar\\\/\",\"name\":\"FM Patagonia Madryn\",\"description\":\"Radio Patagonia 105.5\",\"publisher\":{\"@id\":\"https:\\\/\\\/fmpatagoniamadryn.com.ar\\\/#organization\"},\"potentialAction\":[{\"@type\":\"SearchAction\",\"target\":{\"@type\":\"EntryPoint\",\"urlTemplate\":\"https:\\\/\\\/fmpatagoniamadryn.com.ar\\\/?s={search_term_string}\"},\"query-input\":{\"@type\":\"PropertyValueSpecification\",\"valueRequired\":true,\"valueName\":\"search_term_string\"}}],\"inLanguage\":\"es\"},{\"@type\":\"Organization\",\"@id\":\"https:\\\/\\\/fmpatagoniamadryn.com.ar\\\/#organization\",\"name\":\"FM Patagonia Madryn\",\"url\":\"https:\\\/\\\/fmpatagoniamadryn.com.ar\\\/\",\"logo\":{\"@type\":\"ImageObject\",\"inLanguage\":\"es\",\"@id\":\"https:\\\/\\\/fmpatagoniamadryn.com.ar\\\/#\\\/schema\\\/logo\\\/image\\\/\",\"url\":\"https:\\\/\\\/fmpatagoniamadryn.com.ar\\\/wp-content\\\/uploads\\\/2023\\\/01\\\/cropped-Diseno-sin-titulo.png\",\"contentUrl\":\"https:\\\/\\\/fmpatagoniamadryn.com.ar\\\/wp-content\\\/uploads\\\/2023\\\/01\\\/cropped-Diseno-sin-titulo.png\",\"width\":6911,\"height\":2657,\"caption\":\"FM Patagonia Madryn\"},\"image\":{\"@id\":\"https:\\\/\\\/fmpatagoniamadryn.com.ar\\\/#\\\/schema\\\/logo\\\/image\\\/\"}},{\"@type\":\"Person\",\"@id\":\"https:\\\/\\\/fmpatagoniamadryn.com.ar\\\/#\\\/schema\\\/person\\\/1d968ec613613768e14b4e6420a2b125\",\"name\":\"FM Patagonia\",\"url\":\"https:\\\/\\\/fmpatagoniamadryn.com.ar\\\/?author=3\"}]}<\/script>\n<!-- \/ Yoast SEO plugin. -->","yoast_head_json":{"title":"EL INTENDENTE PARTICIP\u00d3 DEL ENCUENTRO ENTRE LAS PERSONAS MAYORES DEL HOGAR \u201cHEBRAS DE PLATA\u201d Y NI\u00d1OS Y NI\u00d1AS DE DISTINTOS CPI - FM Patagonia Madryn","robots":{"index":"index","follow":"follow","max-snippet":"max-snippet:-1","max-image-preview":"max-image-preview:large","max-video-preview":"max-video-preview:-1"},"canonical":"https:\/\/fmpatagoniamadryn.com.ar\/?p=10601","og_locale":"es_ES","og_type":"article","og_title":"EL INTENDENTE PARTICIP\u00d3 DEL ENCUENTRO ENTRE LAS PERSONAS MAYORES DEL HOGAR \u201cHEBRAS DE PLATA\u201d Y NI\u00d1OS Y NI\u00d1AS DE DISTINTOS CPI - FM Patagonia Madryn","og_description":"Gustavo Sastre estuvo presente en el espacio en el que se llev\u00f3 a cabo una de las propuestas que se enmarcan en la campa\u00f1a nacional de concientizaci\u00f3n sobre el buen&hellip;","og_url":"https:\/\/fmpatagoniamadryn.com.ar\/?p=10601","og_site_name":"FM Patagonia Madryn","article_published_time":"2024-06-04T11:39:29+00:00","og_image":[{"width":2560,"height":1706,"url":"https:\/\/fmpatagoniamadryn.com.ar\/wp-content\/uploads\/2024\/06\/Personasmayores2-scaled.jpeg","type":"image\/jpeg"}],"author":"FM Patagonia","twitter_card":"summary_large_image","twitter_misc":{"Escrito por":"FM Patagonia","Tiempo de lectura":"2 minutos"},"schema":{"@context":"https:\/\/schema.org","@graph":[{"@type":"Article","@id":"https:\/\/fmpatagoniamadryn.com.ar\/?p=10601#article","isPartOf":{"@id":"https:\/\/fmpatagoniamadryn.com.ar\/?p=10601"},"author":{"name":"FM Patagonia","@id":"https:\/\/fmpatagoniamadryn.com.ar\/#\/schema\/person\/1d968ec613613768e14b4e6420a2b125"},"headline":"EL INTENDENTE PARTICIP\u00d3 DEL ENCUENTRO ENTRE LAS PERSONAS MAYORES DEL HOGAR \u201cHEBRAS DE PLATA\u201d Y NI\u00d1OS Y NI\u00d1AS DE DISTINTOS CPI","datePublished":"2024-06-04T11:39:29+00:00","mainEntityOfPage":{"@id":"https:\/\/fmpatagoniamadryn.com.ar\/?p=10601"},"wordCount":344,"publisher":{"@id":"https:\/\/fmpatagoniamadryn.com.ar\/#organization"},"image":{"@id":"https:\/\/fmpatagoniamadryn.com.ar\/?p=10601#primaryimage"},"thumbnailUrl":"https:\/\/fmpatagoniamadryn.com.ar\/wp-content\/uploads\/2024\/06\/Personasmayores2-scaled.jpeg","articleSection":["Locales"],"inLanguage":"es"},{"@type":"WebPage","@id":"https:\/\/fmpatagoniamadryn.com.ar\/?p=10601","url":"https:\/\/fmpatagoniamadryn.com.ar\/?p=10601","name":"EL INTENDENTE PARTICIP\u00d3 DEL ENCUENTRO ENTRE LAS PERSONAS MAYORES DEL HOGAR \u201cHEBRAS DE PLATA\u201d Y NI\u00d1OS Y NI\u00d1AS DE DISTINTOS CPI - FM Patagonia Madryn","isPartOf":{"@id":"https:\/\/fmpatagoniamadryn.com.ar\/#website"},"primaryImageOfPage":{"@id":"https:\/\/fmpatagoniamadryn.com.ar\/?p=10601#primaryimage"},"image":{"@id":"https:\/\/fmpatagoniamadryn.com.ar\/?p=10601#primaryimage"},"thumbnailUrl":"https:\/\/fmpatagoniamadryn.com.ar\/wp-content\/uploads\/2024\/06\/Personasmayores2-scaled.jpeg","datePublished":"2024-06-04T11:39:29+00:00","breadcrumb":{"@id":"https:\/\/fmpatagoniamadryn.com.ar\/?p=10601#breadcrumb"},"inLanguage":"es","potentialAction":[{"@type":"ReadAction","target":["https:\/\/fmpatagoniamadryn.com.ar\/?p=10601"]}]},{"@type":"ImageObject","inLanguage":"es","@id":"https:\/\/fmpatagoniamadryn.com.ar\/?p=10601#primaryimage","url":"https:\/\/fmpatagoniamadryn.com.ar\/wp-content\/uploads\/2024\/06\/Personasmayores2-scaled.jpeg","contentUrl":"https:\/\/fmpatagoniamadryn.com.ar\/wp-content\/uploads\/2024\/06\/Personasmayores2-scaled.jpeg","width":2560,"height":1706},{"@type":"BreadcrumbList","@id":"https:\/\/fmpatagoniamadryn.com.ar\/?p=10601#breadcrumb","itemListElement":[{"@type":"ListItem","position":1,"name":"Portada","item":"https:\/\/fmpatagoniamadryn.com.ar\/"},{"@type":"ListItem","position":2,"name":"EL INTENDENTE PARTICIP\u00d3 DEL ENCUENTRO ENTRE LAS PERSONAS MAYORES DEL HOGAR \u201cHEBRAS DE PLATA\u201d Y NI\u00d1OS Y NI\u00d1AS DE DISTINTOS CPI"}]},{"@type":"WebSite","@id":"https:\/\/fmpatagoniamadryn.com.ar\/#website","url":"https:\/\/fmpatagoniamadryn.com.ar\/","name":"FM Patagonia Madryn","description":"Radio Patagonia 105.5","publisher":{"@id":"https:\/\/fmpatagoniamadryn.com.ar\/#organization"},"potentialAction":[{"@type":"SearchAction","target":{"@type":"EntryPoint","urlTemplate":"https:\/\/fmpatagoniamadryn.com.ar\/?s={search_term_string}"},"query-input":{"@type":"PropertyValueSpecification","valueRequired":true,"valueName":"search_term_string"}}],"inLanguage":"es"},{"@type":"Organization","@id":"https:\/\/fmpatagoniamadryn.com.ar\/#organization","name":"FM Patagonia Madryn","url":"https:\/\/fmpatagoniamadryn.com.ar\/","logo":{"@type":"ImageObject","inLanguage":"es","@id":"https:\/\/fmpatagoniamadryn.com.ar\/#\/schema\/logo\/image\/","url":"https:\/\/fmpatagoniamadryn.com.ar\/wp-content\/uploads\/2023\/01\/cropped-Diseno-sin-titulo.png","contentUrl":"https:\/\/fmpatagoniamadryn.com.ar\/wp-content\/uploads\/2023\/01\/cropped-Diseno-sin-titulo.png","width":6911,"height":2657,"caption":"FM Patagonia Madryn"},"image":{"@id":"https:\/\/fmpatagoniamadryn.com.ar\/#\/schema\/logo\/image\/"}},{"@type":"Person","@id":"https:\/\/fmpatagoniamadryn.com.ar\/#\/schema\/person\/1d968ec613613768e14b4e6420a2b125","name":"FM Patagonia","url":"https:\/\/fmpatagoniamadryn.com.ar\/?author=3"}]}},"jetpack_featured_media_url":"https:\/\/fmpatagoniamadryn.com.ar\/wp-content\/uploads\/2024\/06\/Personasmayores2-scaled.jpeg","_links":{"self":[{"href":"https:\/\/fmpatagoniamadryn.com.ar\/index.php?rest_route=\/wp\/v2\/posts\/10601","targetHints":{"allow":["GET"]}}],"collection":[{"href":"https:\/\/fmpatagoniamadryn.com.ar\/index.php?rest_route=\/wp\/v2\/posts"}],"about":[{"href":"https:\/\/fmpatagoniamadryn.com.ar\/index.php?rest_route=\/wp\/v2\/types\/post"}],"author":[{"embeddable":true,"href":"https:\/\/fmpatagoniamadryn.com.ar\/index.php?rest_route=\/wp\/v2\/users\/3"}],"replies":[{"embeddable":true,"href":"https:\/\/fmpatagoniamadryn.com.ar\/index.php?rest_route=%2Fwp%2Fv2%2Fcomments&post=10601"}],"version-history":[{"count":1,"href":"https:\/\/fmpatagoniamadryn.com.ar\/index.php?rest_route=\/wp\/v2\/posts\/10601\/revisions"}],"predecessor-version":[{"id":10602,"href":"https:\/\/fmpatagoniamadryn.com.ar\/index.php?rest_route=\/wp\/v2\/posts\/10601\/revisions\/10602"}],"wp:featuredmedia":[{"embeddable":true,"href":"https:\/\/fmpatagoniamadryn.com.ar\/index.php?rest_route=\/wp\/v2\/media\/10600"}],"wp:attachment":[{"href":"https:\/\/fmpatagoniamadryn.com.ar\/index.php?rest_route=%2Fwp%2Fv2%2Fmedia&parent=10601"}],"wp:term":[{"taxonomy":"category","embeddable":true,"href":"https:\/\/fmpatagoniamadryn.com.ar\/index.php?rest_route=%2Fwp%2Fv2%2Fcategories&post=10601"},{"taxonomy":"post_tag","embeddable":true,"href":"https:\/\/fmpatagoniamadryn.com.ar\/index.php?rest_route=%2Fwp%2Fv2%2Ftags&post=10601"}],"curies":[{"name":"wp","href":"https:\/\/api.w.org\/{rel}","templated":true}]}}