{"id":10604,"date":"2024-06-04T08:40:19","date_gmt":"2024-06-04T11:40:19","guid":{"rendered":"https:\/\/fmpatagoniamadryn.com.ar\/?p=10604"},"modified":"2024-06-04T08:40:19","modified_gmt":"2024-06-04T11:40:19","slug":"provincia-normalizo-el-pago-del-corriente-a-cammesa-y-fue-levantado-el-embargo-sobre-las-cuentas-de-servicios-publicos","status":"publish","type":"post","link":"https:\/\/fmpatagoniamadryn.com.ar\/?p=10604","title":{"rendered":"Provincia normaliz\u00f3 el pago del corriente a Cammesa y fue levantado el embargo sobre las cuentas de Servicios P\u00fablicos"},"content":{"rendered":"\n<p>As\u00ed lo confirm\u00f3 el ministro de Gobierno, Andr\u00e9s Meiszner, quien indic\u00f3 tambi\u00e9n que tras m\u00e1s de siete a\u00f1os durante los cuales los gobiernos anteriores no afrontaron la deuda que reclama la distribuidora mayorista de energ\u00eda, poniendo as\u00ed en peligro el acceso a la electricidad de todos los chubutenses, desde enero de 2024 la Provincia cumple con el pago del corriente de forma ininterrumpida.<br><br>El Gobierno del Chubut, que conduce Ignacio \u201cNacho\u201d Torres, inform\u00f3 que, tras intensas gestiones llevadas adelante en Buenos Aires, y luego de haber cumplido con el pago de parte de la deuda hist\u00f3rica que la Provincia manten\u00eda con la Compa\u00f1\u00eda Administradora del Mercado Mayorista El\u00e9ctrico S.A. (Cammesa), se logr\u00f3 destrabar el embargo ejecutado sobre las cuentas de la Direcci\u00f3n General de Servicios P\u00fablicos de Chubut.<br><br>El levantamiento de la medida, ejecutada por la distribuidora de energ\u00eda nacional, fue confirmado este lunes por el ministro de Gobierno del Chubut, Andr\u00e9s Meiszner, quien explic\u00f3 que \u201cdespu\u00e9s de siete a\u00f1os de no pagar la deuda con Cammesa, la Provincia comenz\u00f3 a cubrir el corriente a partir de enero\u201d de 2024 de manera ininterrumpida.<br><br>Al respecto, Meiszner se refiri\u00f3 a las arduas negociaciones encaradas por el Gobierno del Chubut para destrabar la medida que afecta el normal funcionamiento del organismo provincial e indic\u00f3 que, para tal fin, fueron suscriptos \u201calgunos acuerdos de pago de parte de esa deuda, con el compromiso de seguir afrontando el pago del corriente\u201d.<br><br>&#8212;<br><br> <\/p>\n","protected":false},"excerpt":{"rendered":"<p>As\u00ed lo confirm\u00f3 el ministro de Gobierno, Andr\u00e9s Meiszner, quien indic\u00f3 tambi\u00e9n que tras m\u00e1s de siete a\u00f1os durante los cuales los gobiernos anteriores no afrontaron la deuda que reclama&hellip; <\/p>\n","protected":false},"author":3,"featured_media":10603,"comment_status":"closed","ping_status":"closed","sticky":false,"template":"","format":"standard","meta":{"footnotes":""},"categories":[14],"tags":[],"class_list":["post-10604","post","type-post","status-publish","format-standard","has-post-thumbnail","hentry","category-provinciales"],"yoast_head":"<!-- This site is optimized with the Yoast SEO plugin v27.5 - https:\/\/yoast.com\/product\/yoast-seo-wordpress\/ -->\n<title>Provincia normaliz\u00f3 el pago del corriente a Cammesa y fue levantado el embargo sobre las cuentas de Servicios P\u00fablicos - FM Patagonia Madryn<\/title>\n<meta name=\"robots\" content=\"index, follow, max-snippet:-1, max-image-preview:large, max-video-preview:-1\" \/>\n<link rel=\"canonical\" href=\"https:\/\/fmpatagoniamadryn.com.ar\/?p=10604\" \/>\n<meta property=\"og:locale\" content=\"es_ES\" \/>\n<meta property=\"og:type\" content=\"article\" \/>\n<meta property=\"og:title\" content=\"Provincia normaliz\u00f3 el pago del corriente a Cammesa y fue levantado el embargo sobre las cuentas de Servicios P\u00fablicos - FM Patagonia Madryn\" \/>\n<meta property=\"og:description\" content=\"As\u00ed lo confirm\u00f3 el ministro de Gobierno, Andr\u00e9s Meiszner, quien indic\u00f3 tambi\u00e9n que tras m\u00e1s de siete a\u00f1os durante los cuales los gobiernos anteriores no afrontaron la deuda que reclama&hellip;\" \/>\n<meta property=\"og:url\" content=\"https:\/\/fmpatagoniamadryn.com.ar\/?p=10604\" \/>\n<meta property=\"og:site_name\" content=\"FM Patagonia Madryn\" \/>\n<meta property=\"article:published_time\" content=\"2024-06-04T11:40:19+00:00\" \/>\n<meta property=\"og:image\" content=\"https:\/\/fmpatagoniamadryn.com.ar\/wp-content\/uploads\/2024\/06\/Imagen-de-WhatsApp-2024-06-03-a-las-14.48.35_f5b703a2-scaled.jpg\" \/>\n\t<meta property=\"og:image:width\" content=\"2560\" \/>\n\t<meta property=\"og:image:height\" content=\"1706\" \/>\n\t<meta property=\"og:image:type\" content=\"image\/jpeg\" \/>\n<meta name=\"author\" content=\"FM Patagonia\" \/>\n<meta name=\"twitter:card\" content=\"summary_large_image\" \/>\n<meta name=\"twitter:label1\" content=\"Escrito por\" \/>\n\t<meta name=\"twitter:data1\" content=\"FM Patagonia\" \/>\n\t<meta name=\"twitter:label2\" content=\"Tiempo de lectura\" \/>\n\t<meta name=\"twitter:data2\" content=\"1 minuto\" \/>\n<script type=\"application\/ld+json\" class=\"yoast-schema-graph\">{\"@context\":\"https:\\\/\\\/schema.org\",\"@graph\":[{\"@type\":\"Article\",\"@id\":\"https:\\\/\\\/fmpatagoniamadryn.com.ar\\\/?p=10604#article\",\"isPartOf\":{\"@id\":\"https:\\\/\\\/fmpatagoniamadryn.com.ar\\\/?p=10604\"},\"author\":{\"name\":\"FM Patagonia\",\"@id\":\"https:\\\/\\\/fmpatagoniamadryn.com.ar\\\/#\\\/schema\\\/person\\\/1d968ec613613768e14b4e6420a2b125\"},\"headline\":\"Provincia normaliz\u00f3 el pago del corriente a Cammesa y fue levantado el embargo sobre las cuentas de Servicios P\u00fablicos\",\"datePublished\":\"2024-06-04T11:40:19+00:00\",\"mainEntityOfPage\":{\"@id\":\"https:\\\/\\\/fmpatagoniamadryn.com.ar\\\/?p=10604\"},\"wordCount\":272,\"publisher\":{\"@id\":\"https:\\\/\\\/fmpatagoniamadryn.com.ar\\\/#organization\"},\"image\":{\"@id\":\"https:\\\/\\\/fmpatagoniamadryn.com.ar\\\/?p=10604#primaryimage\"},\"thumbnailUrl\":\"https:\\\/\\\/fmpatagoniamadryn.com.ar\\\/wp-content\\\/uploads\\\/2024\\\/06\\\/Imagen-de-WhatsApp-2024-06-03-a-las-14.48.35_f5b703a2-scaled.jpg\",\"articleSection\":[\"Provinciales\"],\"inLanguage\":\"es\"},{\"@type\":\"WebPage\",\"@id\":\"https:\\\/\\\/fmpatagoniamadryn.com.ar\\\/?p=10604\",\"url\":\"https:\\\/\\\/fmpatagoniamadryn.com.ar\\\/?p=10604\",\"name\":\"Provincia normaliz\u00f3 el pago del corriente a Cammesa y fue levantado el embargo sobre las cuentas de Servicios P\u00fablicos - FM Patagonia Madryn\",\"isPartOf\":{\"@id\":\"https:\\\/\\\/fmpatagoniamadryn.com.ar\\\/#website\"},\"primaryImageOfPage\":{\"@id\":\"https:\\\/\\\/fmpatagoniamadryn.com.ar\\\/?p=10604#primaryimage\"},\"image\":{\"@id\":\"https:\\\/\\\/fmpatagoniamadryn.com.ar\\\/?p=10604#primaryimage\"},\"thumbnailUrl\":\"https:\\\/\\\/fmpatagoniamadryn.com.ar\\\/wp-content\\\/uploads\\\/2024\\\/06\\\/Imagen-de-WhatsApp-2024-06-03-a-las-14.48.35_f5b703a2-scaled.jpg\",\"datePublished\":\"2024-06-04T11:40:19+00:00\",\"breadcrumb\":{\"@id\":\"https:\\\/\\\/fmpatagoniamadryn.com.ar\\\/?p=10604#breadcrumb\"},\"inLanguage\":\"es\",\"potentialAction\":[{\"@type\":\"ReadAction\",\"target\":[\"https:\\\/\\\/fmpatagoniamadryn.com.ar\\\/?p=10604\"]}]},{\"@type\":\"ImageObject\",\"inLanguage\":\"es\",\"@id\":\"https:\\\/\\\/fmpatagoniamadryn.com.ar\\\/?p=10604#primaryimage\",\"url\":\"https:\\\/\\\/fmpatagoniamadryn.com.ar\\\/wp-content\\\/uploads\\\/2024\\\/06\\\/Imagen-de-WhatsApp-2024-06-03-a-las-14.48.35_f5b703a2-scaled.jpg\",\"contentUrl\":\"https:\\\/\\\/fmpatagoniamadryn.com.ar\\\/wp-content\\\/uploads\\\/2024\\\/06\\\/Imagen-de-WhatsApp-2024-06-03-a-las-14.48.35_f5b703a2-scaled.jpg\",\"width\":2560,\"height\":1706},{\"@type\":\"BreadcrumbList\",\"@id\":\"https:\\\/\\\/fmpatagoniamadryn.com.ar\\\/?p=10604#breadcrumb\",\"itemListElement\":[{\"@type\":\"ListItem\",\"position\":1,\"name\":\"Portada\",\"item\":\"https:\\\/\\\/fmpatagoniamadryn.com.ar\\\/\"},{\"@type\":\"ListItem\",\"position\":2,\"name\":\"Provincia normaliz\u00f3 el pago del corriente a Cammesa y fue levantado el embargo sobre las cuentas de Servicios P\u00fablicos\"}]},{\"@type\":\"WebSite\",\"@id\":\"https:\\\/\\\/fmpatagoniamadryn.com.ar\\\/#website\",\"url\":\"https:\\\/\\\/fmpatagoniamadryn.com.ar\\\/\",\"name\":\"FM Patagonia Madryn\",\"description\":\"Radio Patagonia 105.5\",\"publisher\":{\"@id\":\"https:\\\/\\\/fmpatagoniamadryn.com.ar\\\/#organization\"},\"potentialAction\":[{\"@type\":\"SearchAction\",\"target\":{\"@type\":\"EntryPoint\",\"urlTemplate\":\"https:\\\/\\\/fmpatagoniamadryn.com.ar\\\/?s={search_term_string}\"},\"query-input\":{\"@type\":\"PropertyValueSpecification\",\"valueRequired\":true,\"valueName\":\"search_term_string\"}}],\"inLanguage\":\"es\"},{\"@type\":\"Organization\",\"@id\":\"https:\\\/\\\/fmpatagoniamadryn.com.ar\\\/#organization\",\"name\":\"FM Patagonia Madryn\",\"url\":\"https:\\\/\\\/fmpatagoniamadryn.com.ar\\\/\",\"logo\":{\"@type\":\"ImageObject\",\"inLanguage\":\"es\",\"@id\":\"https:\\\/\\\/fmpatagoniamadryn.com.ar\\\/#\\\/schema\\\/logo\\\/image\\\/\",\"url\":\"https:\\\/\\\/fmpatagoniamadryn.com.ar\\\/wp-content\\\/uploads\\\/2023\\\/01\\\/cropped-Diseno-sin-titulo.png\",\"contentUrl\":\"https:\\\/\\\/fmpatagoniamadryn.com.ar\\\/wp-content\\\/uploads\\\/2023\\\/01\\\/cropped-Diseno-sin-titulo.png\",\"width\":6911,\"height\":2657,\"caption\":\"FM Patagonia Madryn\"},\"image\":{\"@id\":\"https:\\\/\\\/fmpatagoniamadryn.com.ar\\\/#\\\/schema\\\/logo\\\/image\\\/\"}},{\"@type\":\"Person\",\"@id\":\"https:\\\/\\\/fmpatagoniamadryn.com.ar\\\/#\\\/schema\\\/person\\\/1d968ec613613768e14b4e6420a2b125\",\"name\":\"FM Patagonia\",\"url\":\"https:\\\/\\\/fmpatagoniamadryn.com.ar\\\/?author=3\"}]}<\/script>\n<!-- \/ Yoast SEO plugin. -->","yoast_head_json":{"title":"Provincia normaliz\u00f3 el pago del corriente a Cammesa y fue levantado el embargo sobre las cuentas de Servicios P\u00fablicos - FM Patagonia Madryn","robots":{"index":"index","follow":"follow","max-snippet":"max-snippet:-1","max-image-preview":"max-image-preview:large","max-video-preview":"max-video-preview:-1"},"canonical":"https:\/\/fmpatagoniamadryn.com.ar\/?p=10604","og_locale":"es_ES","og_type":"article","og_title":"Provincia normaliz\u00f3 el pago del corriente a Cammesa y fue levantado el embargo sobre las cuentas de Servicios P\u00fablicos - FM Patagonia Madryn","og_description":"As\u00ed lo confirm\u00f3 el ministro de Gobierno, Andr\u00e9s Meiszner, quien indic\u00f3 tambi\u00e9n que tras m\u00e1s de siete a\u00f1os durante los cuales los gobiernos anteriores no afrontaron la deuda que reclama&hellip;","og_url":"https:\/\/fmpatagoniamadryn.com.ar\/?p=10604","og_site_name":"FM Patagonia Madryn","article_published_time":"2024-06-04T11:40:19+00:00","og_image":[{"width":2560,"height":1706,"url":"https:\/\/fmpatagoniamadryn.com.ar\/wp-content\/uploads\/2024\/06\/Imagen-de-WhatsApp-2024-06-03-a-las-14.48.35_f5b703a2-scaled.jpg","type":"image\/jpeg"}],"author":"FM Patagonia","twitter_card":"summary_large_image","twitter_misc":{"Escrito por":"FM Patagonia","Tiempo de lectura":"1 minuto"},"schema":{"@context":"https:\/\/schema.org","@graph":[{"@type":"Article","@id":"https:\/\/fmpatagoniamadryn.com.ar\/?p=10604#article","isPartOf":{"@id":"https:\/\/fmpatagoniamadryn.com.ar\/?p=10604"},"author":{"name":"FM Patagonia","@id":"https:\/\/fmpatagoniamadryn.com.ar\/#\/schema\/person\/1d968ec613613768e14b4e6420a2b125"},"headline":"Provincia normaliz\u00f3 el pago del corriente a Cammesa y fue levantado el embargo sobre las cuentas de Servicios P\u00fablicos","datePublished":"2024-06-04T11:40:19+00:00","mainEntityOfPage":{"@id":"https:\/\/fmpatagoniamadryn.com.ar\/?p=10604"},"wordCount":272,"publisher":{"@id":"https:\/\/fmpatagoniamadryn.com.ar\/#organization"},"image":{"@id":"https:\/\/fmpatagoniamadryn.com.ar\/?p=10604#primaryimage"},"thumbnailUrl":"https:\/\/fmpatagoniamadryn.com.ar\/wp-content\/uploads\/2024\/06\/Imagen-de-WhatsApp-2024-06-03-a-las-14.48.35_f5b703a2-scaled.jpg","articleSection":["Provinciales"],"inLanguage":"es"},{"@type":"WebPage","@id":"https:\/\/fmpatagoniamadryn.com.ar\/?p=10604","url":"https:\/\/fmpatagoniamadryn.com.ar\/?p=10604","name":"Provincia normaliz\u00f3 el pago del corriente a Cammesa y fue levantado el embargo sobre las cuentas de Servicios P\u00fablicos - FM Patagonia Madryn","isPartOf":{"@id":"https:\/\/fmpatagoniamadryn.com.ar\/#website"},"primaryImageOfPage":{"@id":"https:\/\/fmpatagoniamadryn.com.ar\/?p=10604#primaryimage"},"image":{"@id":"https:\/\/fmpatagoniamadryn.com.ar\/?p=10604#primaryimage"},"thumbnailUrl":"https:\/\/fmpatagoniamadryn.com.ar\/wp-content\/uploads\/2024\/06\/Imagen-de-WhatsApp-2024-06-03-a-las-14.48.35_f5b703a2-scaled.jpg","datePublished":"2024-06-04T11:40:19+00:00","breadcrumb":{"@id":"https:\/\/fmpatagoniamadryn.com.ar\/?p=10604#breadcrumb"},"inLanguage":"es","potentialAction":[{"@type":"ReadAction","target":["https:\/\/fmpatagoniamadryn.com.ar\/?p=10604"]}]},{"@type":"ImageObject","inLanguage":"es","@id":"https:\/\/fmpatagoniamadryn.com.ar\/?p=10604#primaryimage","url":"https:\/\/fmpatagoniamadryn.com.ar\/wp-content\/uploads\/2024\/06\/Imagen-de-WhatsApp-2024-06-03-a-las-14.48.35_f5b703a2-scaled.jpg","contentUrl":"https:\/\/fmpatagoniamadryn.com.ar\/wp-content\/uploads\/2024\/06\/Imagen-de-WhatsApp-2024-06-03-a-las-14.48.35_f5b703a2-scaled.jpg","width":2560,"height":1706},{"@type":"BreadcrumbList","@id":"https:\/\/fmpatagoniamadryn.com.ar\/?p=10604#breadcrumb","itemListElement":[{"@type":"ListItem","position":1,"name":"Portada","item":"https:\/\/fmpatagoniamadryn.com.ar\/"},{"@type":"ListItem","position":2,"name":"Provincia normaliz\u00f3 el pago del corriente a Cammesa y fue levantado el embargo sobre las cuentas de Servicios P\u00fablicos"}]},{"@type":"WebSite","@id":"https:\/\/fmpatagoniamadryn.com.ar\/#website","url":"https:\/\/fmpatagoniamadryn.com.ar\/","name":"FM Patagonia Madryn","description":"Radio Patagonia 105.5","publisher":{"@id":"https:\/\/fmpatagoniamadryn.com.ar\/#organization"},"potentialAction":[{"@type":"SearchAction","target":{"@type":"EntryPoint","urlTemplate":"https:\/\/fmpatagoniamadryn.com.ar\/?s={search_term_string}"},"query-input":{"@type":"PropertyValueSpecification","valueRequired":true,"valueName":"search_term_string"}}],"inLanguage":"es"},{"@type":"Organization","@id":"https:\/\/fmpatagoniamadryn.com.ar\/#organization","name":"FM Patagonia Madryn","url":"https:\/\/fmpatagoniamadryn.com.ar\/","logo":{"@type":"ImageObject","inLanguage":"es","@id":"https:\/\/fmpatagoniamadryn.com.ar\/#\/schema\/logo\/image\/","url":"https:\/\/fmpatagoniamadryn.com.ar\/wp-content\/uploads\/2023\/01\/cropped-Diseno-sin-titulo.png","contentUrl":"https:\/\/fmpatagoniamadryn.com.ar\/wp-content\/uploads\/2023\/01\/cropped-Diseno-sin-titulo.png","width":6911,"height":2657,"caption":"FM Patagonia Madryn"},"image":{"@id":"https:\/\/fmpatagoniamadryn.com.ar\/#\/schema\/logo\/image\/"}},{"@type":"Person","@id":"https:\/\/fmpatagoniamadryn.com.ar\/#\/schema\/person\/1d968ec613613768e14b4e6420a2b125","name":"FM Patagonia","url":"https:\/\/fmpatagoniamadryn.com.ar\/?author=3"}]}},"jetpack_featured_media_url":"https:\/\/fmpatagoniamadryn.com.ar\/wp-content\/uploads\/2024\/06\/Imagen-de-WhatsApp-2024-06-03-a-las-14.48.35_f5b703a2-scaled.jpg","_links":{"self":[{"href":"https:\/\/fmpatagoniamadryn.com.ar\/index.php?rest_route=\/wp\/v2\/posts\/10604","targetHints":{"allow":["GET"]}}],"collection":[{"href":"https:\/\/fmpatagoniamadryn.com.ar\/index.php?rest_route=\/wp\/v2\/posts"}],"about":[{"href":"https:\/\/fmpatagoniamadryn.com.ar\/index.php?rest_route=\/wp\/v2\/types\/post"}],"author":[{"embeddable":true,"href":"https:\/\/fmpatagoniamadryn.com.ar\/index.php?rest_route=\/wp\/v2\/users\/3"}],"replies":[{"embeddable":true,"href":"https:\/\/fmpatagoniamadryn.com.ar\/index.php?rest_route=%2Fwp%2Fv2%2Fcomments&post=10604"}],"version-history":[{"count":1,"href":"https:\/\/fmpatagoniamadryn.com.ar\/index.php?rest_route=\/wp\/v2\/posts\/10604\/revisions"}],"predecessor-version":[{"id":10605,"href":"https:\/\/fmpatagoniamadryn.com.ar\/index.php?rest_route=\/wp\/v2\/posts\/10604\/revisions\/10605"}],"wp:featuredmedia":[{"embeddable":true,"href":"https:\/\/fmpatagoniamadryn.com.ar\/index.php?rest_route=\/wp\/v2\/media\/10603"}],"wp:attachment":[{"href":"https:\/\/fmpatagoniamadryn.com.ar\/index.php?rest_route=%2Fwp%2Fv2%2Fmedia&parent=10604"}],"wp:term":[{"taxonomy":"category","embeddable":true,"href":"https:\/\/fmpatagoniamadryn.com.ar\/index.php?rest_route=%2Fwp%2Fv2%2Fcategories&post=10604"},{"taxonomy":"post_tag","embeddable":true,"href":"https:\/\/fmpatagoniamadryn.com.ar\/index.php?rest_route=%2Fwp%2Fv2%2Ftags&post=10604"}],"curies":[{"name":"wp","href":"https:\/\/api.w.org\/{rel}","templated":true}]}}