{"id":10607,"date":"2024-06-04T08:46:43","date_gmt":"2024-06-04T11:46:43","guid":{"rendered":"https:\/\/fmpatagoniamadryn.com.ar\/?p=10607"},"modified":"2024-06-04T08:46:54","modified_gmt":"2024-06-04T11:46:54","slug":"diputados-buscara-debatir-la-reforma-jubilatoria-y-el-fondo-educativo-con-una-sesion-especial","status":"publish","type":"post","link":"https:\/\/fmpatagoniamadryn.com.ar\/?p=10607","title":{"rendered":"Diputados buscar\u00e1 debatir la reforma jubilatoria y el fondo educativo con una sesi\u00f3n especial"},"content":{"rendered":"\n<p><br>Fue solicitada por legisladores de la oposici\u00f3n quienes, si logran qu\u00f3rum, buscar\u00e1n tratar en el recinto los cinco dict\u00e1menes que proponen una nueva f\u00f3rmula de movilidad jubilatoria. Uni\u00f3n por la Patria buscar\u00e1 incluir entre los temas a tratar el presupuesto universitario y el regreso del Fondo de Incentivo Docente.<br><br><br>La C\u00e1mara de Diputados intentar\u00e1 llevar a cabo este martes desde las 11 una sesi\u00f3n especial donde buscar\u00e1n debatir una nueva f\u00f3rmula jubilatoria y el fondo educativo. Solicitada por legisladores de la oposici\u00f3n, llevar\u00e1n al recinto, si consiguen qu\u00f3rum, los cinco dict\u00e1menes que proponen una reforma en el c\u00e1lculo de la jubilaciones.<br><br><br><br>Por su parte, legisladores de Uni\u00f3n por la Patria intentar\u00e1n incluir en el temario el presupuesto universitario y el regreso del Fondo de Incentivo Docente. En el caso que no poder lograrlo, se deber\u00e1 realizar una segunda sesi\u00f3n, pedida para las 14, la cual corre riesgo de posponerse.<br><br><br><br><br>Ser\u00e1 una jornada en el recinto con arduas negociaciones entre los bloques: el radicalismo necesita el apoyo de UxP para obtener el qu\u00f3rum para la primera sesi\u00f3n, pero para ello pide la ampliaci\u00f3n del temario. De todas maneras, al comienzo de la misma pedir\u00e1n un apartamiento de reglamento para incorporar mencionados temas, en el debate del recinto en un contexto de extrema debilidad del sector educativo.<br><br><br>Uni\u00f3n por la Patria buscar\u00e1 incluir en el temario de temas a tratar en la sesi\u00f3n el presupuesto universitario y el regreso del FONID.<br><br>Diputados Redes Oficiales<br>Para ello se requiere una mayor\u00eda agravada de tres cuartas partes del recinto que la alianza entre el oficialismo y el PRO tiene los n\u00fameros para bloquear el pedido.<br><br>\u201cSi hay qu\u00f3rum en la primera sesi\u00f3n, estaremos todo el d\u00eda discutiendo sobre las jubilaciones. No vemos la necesidad de meter todo el mismo d\u00eda\u201d, explicaron fuentes del radicalismo a NA. Lo que hace suponer que la sesi\u00f3n pedida, y concedida, por Uni\u00f3n por la Patria para este martes a las 14, apenas tres horas despu\u00e9s del comienzo de la primera convocatoria, corre riesgo de aplazarse.<br><br>En este marco, y pese que se logre la sanci\u00f3n los proyectos educativos,y la nueva movilidad previsional, el presidente Javier Milei hab\u00eda adelantado semanas atr\u00e1s que si la oposici\u00f3n lograba aprobar en ambas c\u00e1maras leyes que \u00abrompieran la caja\u00bb y \u00abda\u00f1aran el equilibrio fiscal\u00bb, las iba a vetar.<br><br><\/p>\n","protected":false},"excerpt":{"rendered":"<p>Fue solicitada por legisladores de la oposici\u00f3n quienes, si logran qu\u00f3rum, buscar\u00e1n tratar en el recinto los cinco dict\u00e1menes que proponen una nueva f\u00f3rmula de movilidad jubilatoria. Uni\u00f3n por la&hellip; <\/p>\n","protected":false},"author":2,"featured_media":10606,"comment_status":"closed","ping_status":"closed","sticky":false,"template":"","format":"standard","meta":{"footnotes":""},"categories":[13],"tags":[],"class_list":["post-10607","post","type-post","status-publish","format-standard","has-post-thumbnail","hentry","category-nacionales"],"yoast_head":"<!-- This site is optimized with the Yoast SEO plugin v27.5 - https:\/\/yoast.com\/product\/yoast-seo-wordpress\/ -->\n<title>Diputados buscar\u00e1 debatir la reforma jubilatoria y el fondo educativo con una sesi\u00f3n especial - FM Patagonia Madryn<\/title>\n<meta name=\"robots\" content=\"index, follow, max-snippet:-1, max-image-preview:large, max-video-preview:-1\" \/>\n<link rel=\"canonical\" href=\"https:\/\/fmpatagoniamadryn.com.ar\/?p=10607\" \/>\n<meta property=\"og:locale\" content=\"es_ES\" \/>\n<meta property=\"og:type\" content=\"article\" \/>\n<meta property=\"og:title\" content=\"Diputados buscar\u00e1 debatir la reforma jubilatoria y el fondo educativo con una sesi\u00f3n especial - FM Patagonia Madryn\" \/>\n<meta property=\"og:description\" content=\"Fue solicitada por legisladores de la oposici\u00f3n quienes, si logran qu\u00f3rum, buscar\u00e1n tratar en el recinto los cinco dict\u00e1menes que proponen una nueva f\u00f3rmula de movilidad jubilatoria. Uni\u00f3n por la&hellip;\" \/>\n<meta property=\"og:url\" content=\"https:\/\/fmpatagoniamadryn.com.ar\/?p=10607\" \/>\n<meta property=\"og:site_name\" content=\"FM Patagonia Madryn\" \/>\n<meta property=\"article:published_time\" content=\"2024-06-04T11:46:43+00:00\" \/>\n<meta property=\"article:modified_time\" content=\"2024-06-04T11:46:54+00:00\" \/>\n<meta property=\"og:image\" content=\"https:\/\/fmpatagoniamadryn.com.ar\/wp-content\/uploads\/2024\/06\/german-martinez.jpg\" \/>\n\t<meta property=\"og:image:width\" content=\"790\" \/>\n\t<meta property=\"og:image:height\" content=\"444\" \/>\n\t<meta property=\"og:image:type\" content=\"image\/jpeg\" \/>\n<meta name=\"author\" content=\"FM Patagonia\" \/>\n<meta name=\"twitter:card\" content=\"summary_large_image\" \/>\n<meta name=\"twitter:label1\" content=\"Escrito por\" \/>\n\t<meta name=\"twitter:data1\" content=\"FM Patagonia\" \/>\n\t<meta name=\"twitter:label2\" content=\"Tiempo de lectura\" \/>\n\t<meta name=\"twitter:data2\" content=\"2 minutos\" \/>\n<script type=\"application\/ld+json\" class=\"yoast-schema-graph\">{\"@context\":\"https:\\\/\\\/schema.org\",\"@graph\":[{\"@type\":\"Article\",\"@id\":\"https:\\\/\\\/fmpatagoniamadryn.com.ar\\\/?p=10607#article\",\"isPartOf\":{\"@id\":\"https:\\\/\\\/fmpatagoniamadryn.com.ar\\\/?p=10607\"},\"author\":{\"name\":\"FM Patagonia\",\"@id\":\"https:\\\/\\\/fmpatagoniamadryn.com.ar\\\/#\\\/schema\\\/person\\\/8a3de4ad7efceacab06c1641c50303b7\"},\"headline\":\"Diputados buscar\u00e1 debatir la reforma jubilatoria y el fondo educativo con una sesi\u00f3n especial\",\"datePublished\":\"2024-06-04T11:46:43+00:00\",\"dateModified\":\"2024-06-04T11:46:54+00:00\",\"mainEntityOfPage\":{\"@id\":\"https:\\\/\\\/fmpatagoniamadryn.com.ar\\\/?p=10607\"},\"wordCount\":436,\"publisher\":{\"@id\":\"https:\\\/\\\/fmpatagoniamadryn.com.ar\\\/#organization\"},\"image\":{\"@id\":\"https:\\\/\\\/fmpatagoniamadryn.com.ar\\\/?p=10607#primaryimage\"},\"thumbnailUrl\":\"https:\\\/\\\/fmpatagoniamadryn.com.ar\\\/wp-content\\\/uploads\\\/2024\\\/06\\\/german-martinez.jpg\",\"articleSection\":[\"Nacionales\"],\"inLanguage\":\"es\"},{\"@type\":\"WebPage\",\"@id\":\"https:\\\/\\\/fmpatagoniamadryn.com.ar\\\/?p=10607\",\"url\":\"https:\\\/\\\/fmpatagoniamadryn.com.ar\\\/?p=10607\",\"name\":\"Diputados buscar\u00e1 debatir la reforma jubilatoria y el fondo educativo con una sesi\u00f3n especial - FM Patagonia Madryn\",\"isPartOf\":{\"@id\":\"https:\\\/\\\/fmpatagoniamadryn.com.ar\\\/#website\"},\"primaryImageOfPage\":{\"@id\":\"https:\\\/\\\/fmpatagoniamadryn.com.ar\\\/?p=10607#primaryimage\"},\"image\":{\"@id\":\"https:\\\/\\\/fmpatagoniamadryn.com.ar\\\/?p=10607#primaryimage\"},\"thumbnailUrl\":\"https:\\\/\\\/fmpatagoniamadryn.com.ar\\\/wp-content\\\/uploads\\\/2024\\\/06\\\/german-martinez.jpg\",\"datePublished\":\"2024-06-04T11:46:43+00:00\",\"dateModified\":\"2024-06-04T11:46:54+00:00\",\"breadcrumb\":{\"@id\":\"https:\\\/\\\/fmpatagoniamadryn.com.ar\\\/?p=10607#breadcrumb\"},\"inLanguage\":\"es\",\"potentialAction\":[{\"@type\":\"ReadAction\",\"target\":[\"https:\\\/\\\/fmpatagoniamadryn.com.ar\\\/?p=10607\"]}]},{\"@type\":\"ImageObject\",\"inLanguage\":\"es\",\"@id\":\"https:\\\/\\\/fmpatagoniamadryn.com.ar\\\/?p=10607#primaryimage\",\"url\":\"https:\\\/\\\/fmpatagoniamadryn.com.ar\\\/wp-content\\\/uploads\\\/2024\\\/06\\\/german-martinez.jpg\",\"contentUrl\":\"https:\\\/\\\/fmpatagoniamadryn.com.ar\\\/wp-content\\\/uploads\\\/2024\\\/06\\\/german-martinez.jpg\",\"width\":790,\"height\":444},{\"@type\":\"BreadcrumbList\",\"@id\":\"https:\\\/\\\/fmpatagoniamadryn.com.ar\\\/?p=10607#breadcrumb\",\"itemListElement\":[{\"@type\":\"ListItem\",\"position\":1,\"name\":\"Portada\",\"item\":\"https:\\\/\\\/fmpatagoniamadryn.com.ar\\\/\"},{\"@type\":\"ListItem\",\"position\":2,\"name\":\"Diputados buscar\u00e1 debatir la reforma jubilatoria y el fondo educativo con una sesi\u00f3n especial\"}]},{\"@type\":\"WebSite\",\"@id\":\"https:\\\/\\\/fmpatagoniamadryn.com.ar\\\/#website\",\"url\":\"https:\\\/\\\/fmpatagoniamadryn.com.ar\\\/\",\"name\":\"FM Patagonia Madryn\",\"description\":\"Radio Patagonia 105.5\",\"publisher\":{\"@id\":\"https:\\\/\\\/fmpatagoniamadryn.com.ar\\\/#organization\"},\"potentialAction\":[{\"@type\":\"SearchAction\",\"target\":{\"@type\":\"EntryPoint\",\"urlTemplate\":\"https:\\\/\\\/fmpatagoniamadryn.com.ar\\\/?s={search_term_string}\"},\"query-input\":{\"@type\":\"PropertyValueSpecification\",\"valueRequired\":true,\"valueName\":\"search_term_string\"}}],\"inLanguage\":\"es\"},{\"@type\":\"Organization\",\"@id\":\"https:\\\/\\\/fmpatagoniamadryn.com.ar\\\/#organization\",\"name\":\"FM Patagonia Madryn\",\"url\":\"https:\\\/\\\/fmpatagoniamadryn.com.ar\\\/\",\"logo\":{\"@type\":\"ImageObject\",\"inLanguage\":\"es\",\"@id\":\"https:\\\/\\\/fmpatagoniamadryn.com.ar\\\/#\\\/schema\\\/logo\\\/image\\\/\",\"url\":\"https:\\\/\\\/fmpatagoniamadryn.com.ar\\\/wp-content\\\/uploads\\\/2023\\\/01\\\/cropped-Diseno-sin-titulo.png\",\"contentUrl\":\"https:\\\/\\\/fmpatagoniamadryn.com.ar\\\/wp-content\\\/uploads\\\/2023\\\/01\\\/cropped-Diseno-sin-titulo.png\",\"width\":6911,\"height\":2657,\"caption\":\"FM Patagonia Madryn\"},\"image\":{\"@id\":\"https:\\\/\\\/fmpatagoniamadryn.com.ar\\\/#\\\/schema\\\/logo\\\/image\\\/\"}},{\"@type\":\"Person\",\"@id\":\"https:\\\/\\\/fmpatagoniamadryn.com.ar\\\/#\\\/schema\\\/person\\\/8a3de4ad7efceacab06c1641c50303b7\",\"name\":\"FM Patagonia\",\"url\":\"https:\\\/\\\/fmpatagoniamadryn.com.ar\\\/?author=2\"}]}<\/script>\n<!-- \/ Yoast SEO plugin. -->","yoast_head_json":{"title":"Diputados buscar\u00e1 debatir la reforma jubilatoria y el fondo educativo con una sesi\u00f3n especial - FM Patagonia Madryn","robots":{"index":"index","follow":"follow","max-snippet":"max-snippet:-1","max-image-preview":"max-image-preview:large","max-video-preview":"max-video-preview:-1"},"canonical":"https:\/\/fmpatagoniamadryn.com.ar\/?p=10607","og_locale":"es_ES","og_type":"article","og_title":"Diputados buscar\u00e1 debatir la reforma jubilatoria y el fondo educativo con una sesi\u00f3n especial - FM Patagonia Madryn","og_description":"Fue solicitada por legisladores de la oposici\u00f3n quienes, si logran qu\u00f3rum, buscar\u00e1n tratar en el recinto los cinco dict\u00e1menes que proponen una nueva f\u00f3rmula de movilidad jubilatoria. Uni\u00f3n por la&hellip;","og_url":"https:\/\/fmpatagoniamadryn.com.ar\/?p=10607","og_site_name":"FM Patagonia Madryn","article_published_time":"2024-06-04T11:46:43+00:00","article_modified_time":"2024-06-04T11:46:54+00:00","og_image":[{"width":790,"height":444,"url":"https:\/\/fmpatagoniamadryn.com.ar\/wp-content\/uploads\/2024\/06\/german-martinez.jpg","type":"image\/jpeg"}],"author":"FM Patagonia","twitter_card":"summary_large_image","twitter_misc":{"Escrito por":"FM Patagonia","Tiempo de lectura":"2 minutos"},"schema":{"@context":"https:\/\/schema.org","@graph":[{"@type":"Article","@id":"https:\/\/fmpatagoniamadryn.com.ar\/?p=10607#article","isPartOf":{"@id":"https:\/\/fmpatagoniamadryn.com.ar\/?p=10607"},"author":{"name":"FM Patagonia","@id":"https:\/\/fmpatagoniamadryn.com.ar\/#\/schema\/person\/8a3de4ad7efceacab06c1641c50303b7"},"headline":"Diputados buscar\u00e1 debatir la reforma jubilatoria y el fondo educativo con una sesi\u00f3n especial","datePublished":"2024-06-04T11:46:43+00:00","dateModified":"2024-06-04T11:46:54+00:00","mainEntityOfPage":{"@id":"https:\/\/fmpatagoniamadryn.com.ar\/?p=10607"},"wordCount":436,"publisher":{"@id":"https:\/\/fmpatagoniamadryn.com.ar\/#organization"},"image":{"@id":"https:\/\/fmpatagoniamadryn.com.ar\/?p=10607#primaryimage"},"thumbnailUrl":"https:\/\/fmpatagoniamadryn.com.ar\/wp-content\/uploads\/2024\/06\/german-martinez.jpg","articleSection":["Nacionales"],"inLanguage":"es"},{"@type":"WebPage","@id":"https:\/\/fmpatagoniamadryn.com.ar\/?p=10607","url":"https:\/\/fmpatagoniamadryn.com.ar\/?p=10607","name":"Diputados buscar\u00e1 debatir la reforma jubilatoria y el fondo educativo con una sesi\u00f3n especial - FM Patagonia Madryn","isPartOf":{"@id":"https:\/\/fmpatagoniamadryn.com.ar\/#website"},"primaryImageOfPage":{"@id":"https:\/\/fmpatagoniamadryn.com.ar\/?p=10607#primaryimage"},"image":{"@id":"https:\/\/fmpatagoniamadryn.com.ar\/?p=10607#primaryimage"},"thumbnailUrl":"https:\/\/fmpatagoniamadryn.com.ar\/wp-content\/uploads\/2024\/06\/german-martinez.jpg","datePublished":"2024-06-04T11:46:43+00:00","dateModified":"2024-06-04T11:46:54+00:00","breadcrumb":{"@id":"https:\/\/fmpatagoniamadryn.com.ar\/?p=10607#breadcrumb"},"inLanguage":"es","potentialAction":[{"@type":"ReadAction","target":["https:\/\/fmpatagoniamadryn.com.ar\/?p=10607"]}]},{"@type":"ImageObject","inLanguage":"es","@id":"https:\/\/fmpatagoniamadryn.com.ar\/?p=10607#primaryimage","url":"https:\/\/fmpatagoniamadryn.com.ar\/wp-content\/uploads\/2024\/06\/german-martinez.jpg","contentUrl":"https:\/\/fmpatagoniamadryn.com.ar\/wp-content\/uploads\/2024\/06\/german-martinez.jpg","width":790,"height":444},{"@type":"BreadcrumbList","@id":"https:\/\/fmpatagoniamadryn.com.ar\/?p=10607#breadcrumb","itemListElement":[{"@type":"ListItem","position":1,"name":"Portada","item":"https:\/\/fmpatagoniamadryn.com.ar\/"},{"@type":"ListItem","position":2,"name":"Diputados buscar\u00e1 debatir la reforma jubilatoria y el fondo educativo con una sesi\u00f3n especial"}]},{"@type":"WebSite","@id":"https:\/\/fmpatagoniamadryn.com.ar\/#website","url":"https:\/\/fmpatagoniamadryn.com.ar\/","name":"FM Patagonia Madryn","description":"Radio Patagonia 105.5","publisher":{"@id":"https:\/\/fmpatagoniamadryn.com.ar\/#organization"},"potentialAction":[{"@type":"SearchAction","target":{"@type":"EntryPoint","urlTemplate":"https:\/\/fmpatagoniamadryn.com.ar\/?s={search_term_string}"},"query-input":{"@type":"PropertyValueSpecification","valueRequired":true,"valueName":"search_term_string"}}],"inLanguage":"es"},{"@type":"Organization","@id":"https:\/\/fmpatagoniamadryn.com.ar\/#organization","name":"FM Patagonia Madryn","url":"https:\/\/fmpatagoniamadryn.com.ar\/","logo":{"@type":"ImageObject","inLanguage":"es","@id":"https:\/\/fmpatagoniamadryn.com.ar\/#\/schema\/logo\/image\/","url":"https:\/\/fmpatagoniamadryn.com.ar\/wp-content\/uploads\/2023\/01\/cropped-Diseno-sin-titulo.png","contentUrl":"https:\/\/fmpatagoniamadryn.com.ar\/wp-content\/uploads\/2023\/01\/cropped-Diseno-sin-titulo.png","width":6911,"height":2657,"caption":"FM Patagonia Madryn"},"image":{"@id":"https:\/\/fmpatagoniamadryn.com.ar\/#\/schema\/logo\/image\/"}},{"@type":"Person","@id":"https:\/\/fmpatagoniamadryn.com.ar\/#\/schema\/person\/8a3de4ad7efceacab06c1641c50303b7","name":"FM Patagonia","url":"https:\/\/fmpatagoniamadryn.com.ar\/?author=2"}]}},"jetpack_featured_media_url":"https:\/\/fmpatagoniamadryn.com.ar\/wp-content\/uploads\/2024\/06\/german-martinez.jpg","_links":{"self":[{"href":"https:\/\/fmpatagoniamadryn.com.ar\/index.php?rest_route=\/wp\/v2\/posts\/10607","targetHints":{"allow":["GET"]}}],"collection":[{"href":"https:\/\/fmpatagoniamadryn.com.ar\/index.php?rest_route=\/wp\/v2\/posts"}],"about":[{"href":"https:\/\/fmpatagoniamadryn.com.ar\/index.php?rest_route=\/wp\/v2\/types\/post"}],"author":[{"embeddable":true,"href":"https:\/\/fmpatagoniamadryn.com.ar\/index.php?rest_route=\/wp\/v2\/users\/2"}],"replies":[{"embeddable":true,"href":"https:\/\/fmpatagoniamadryn.com.ar\/index.php?rest_route=%2Fwp%2Fv2%2Fcomments&post=10607"}],"version-history":[{"count":1,"href":"https:\/\/fmpatagoniamadryn.com.ar\/index.php?rest_route=\/wp\/v2\/posts\/10607\/revisions"}],"predecessor-version":[{"id":10608,"href":"https:\/\/fmpatagoniamadryn.com.ar\/index.php?rest_route=\/wp\/v2\/posts\/10607\/revisions\/10608"}],"wp:featuredmedia":[{"embeddable":true,"href":"https:\/\/fmpatagoniamadryn.com.ar\/index.php?rest_route=\/wp\/v2\/media\/10606"}],"wp:attachment":[{"href":"https:\/\/fmpatagoniamadryn.com.ar\/index.php?rest_route=%2Fwp%2Fv2%2Fmedia&parent=10607"}],"wp:term":[{"taxonomy":"category","embeddable":true,"href":"https:\/\/fmpatagoniamadryn.com.ar\/index.php?rest_route=%2Fwp%2Fv2%2Fcategories&post=10607"},{"taxonomy":"post_tag","embeddable":true,"href":"https:\/\/fmpatagoniamadryn.com.ar\/index.php?rest_route=%2Fwp%2Fv2%2Ftags&post=10607"}],"curies":[{"name":"wp","href":"https:\/\/api.w.org\/{rel}","templated":true}]}}