{"id":10613,"date":"2024-06-05T13:46:13","date_gmt":"2024-06-05T16:46:13","guid":{"rendered":"https:\/\/fmpatagoniamadryn.com.ar\/?p=10613"},"modified":"2024-06-05T13:46:32","modified_gmt":"2024-06-05T16:46:32","slug":"llega-la-expo-feria-madr-yn-argentina","status":"publish","type":"post","link":"https:\/\/fmpatagoniamadryn.com.ar\/?p=10613","title":{"rendered":"LLEGA LA EXPO FERIA \u201cMADR YN ARGENTINA\u201d"},"content":{"rendered":"\n<p><br><br>Se realizar\u00e1 el 13 y 14 de junio en el marco del 49\u00b0 Congreso de Agentes de Viajes. Tendr\u00e1 lugar en el Parador Municipal de la Bajada N\u00b0 9 de 12 a 18 horas<br><br> <br><br>En el marco del 49\u00b0 Congreso Nacional de Agentes de Viajes de Turismo que tendr\u00e1 lugar la semana pr\u00f3xima en nuestra ciudad, la Secretar\u00eda de Turismo de la Municipalidad de Puerto Madryn&nbsp; llevar\u00e1 a cabo la Expo Feria \u201cMadr Yn Argentina\u201d, una novedosa propuesta que contar\u00e1&nbsp; con emprendimientos sustentables, genuinos y propios de la m\u00e1s linda, muchos de ellos ya instalados en el mercado. Residentes y turistas podr\u00e1n visitarla el 13 y 14 de junio de 12 a 18 horas en el Parador Municipal de la Bajada N\u00ba9.<br><br>Es importante mencionar que el Congreso Nacional de Agentes de Viajes de Turismo es organizado por la Asociaci\u00f3n de Agencias de Viajes y Turismo Pen\u00ednsula Vald\u00e9s (AAVYTPV) y con el mismo se dar\u00e1 inicio a la Temporada de Ballenas 2024. En coincidencia con este evento, desde la SecTur organizaron \u201cMadr yn Argentina\u201d,&nbsp; con el objetivo adem\u00e1s de extender la campa\u00f1a de promoci\u00f3n tur\u00edstica que el destino se encuentra llevando adelante por estas semanas.<br><br>De este modo, la expo estar\u00e1 abierta durante la realizaci\u00f3n del congreso para que la visiten los m\u00e1s de 900 participantes que llegar\u00e1n desde distintos puntos del pa\u00eds, como as\u00ed tambi\u00e9n autoridades nacionales, provinciales y municipales que recorrer\u00e1n el espacio.<br><br>Adem\u00e1s,&nbsp; la expo feria estar\u00e1 abierta al p\u00fablico en general que desee acercarse al Parador Municipal donde no s\u00f3lo habr\u00e1 gastronom\u00eda de origen local con un patio de comidas a orillas del mar, sino tambi\u00e9n objetos de dise\u00f1o, cosm\u00e9tica bot\u00e1nica, cerveza artesanal, vermut y gin hecho en Puerto Madryn por productores locales, entre otras alternativas originales de la ciudad.<br><br>Cabe destacar que esta iniciativa cuenta con el acompa\u00f1amiento del Banco Macro y el Ente Mixto de Promoci\u00f3n Tur\u00edstica.<\/p>\n","protected":false},"excerpt":{"rendered":"<p>Se realizar\u00e1 el 13 y 14 de junio en el marco del 49\u00b0 Congreso de Agentes de Viajes. Tendr\u00e1 lugar en el Parador Municipal de la Bajada N\u00b0 9 de&hellip; <\/p>\n","protected":false},"author":2,"featured_media":10612,"comment_status":"closed","ping_status":"closed","sticky":false,"template":"","format":"standard","meta":{"footnotes":""},"categories":[15],"tags":[],"class_list":["post-10613","post","type-post","status-publish","format-standard","has-post-thumbnail","hentry","category-locales"],"yoast_head":"<!-- This site is optimized with the Yoast SEO plugin v27.5 - https:\/\/yoast.com\/product\/yoast-seo-wordpress\/ -->\n<title>LLEGA LA EXPO FERIA \u201cMADR YN ARGENTINA\u201d - FM Patagonia Madryn<\/title>\n<meta name=\"robots\" content=\"index, follow, max-snippet:-1, max-image-preview:large, max-video-preview:-1\" \/>\n<link rel=\"canonical\" href=\"https:\/\/fmpatagoniamadryn.com.ar\/?p=10613\" \/>\n<meta property=\"og:locale\" content=\"es_ES\" \/>\n<meta property=\"og:type\" content=\"article\" \/>\n<meta property=\"og:title\" content=\"LLEGA LA EXPO FERIA \u201cMADR YN ARGENTINA\u201d - FM Patagonia Madryn\" \/>\n<meta property=\"og:description\" content=\"Se realizar\u00e1 el 13 y 14 de junio en el marco del 49\u00b0 Congreso de Agentes de Viajes. Tendr\u00e1 lugar en el Parador Municipal de la Bajada N\u00b0 9 de&hellip;\" \/>\n<meta property=\"og:url\" content=\"https:\/\/fmpatagoniamadryn.com.ar\/?p=10613\" \/>\n<meta property=\"og:site_name\" content=\"FM Patagonia Madryn\" \/>\n<meta property=\"article:published_time\" content=\"2024-06-05T16:46:13+00:00\" \/>\n<meta property=\"article:modified_time\" content=\"2024-06-05T16:46:32+00:00\" \/>\n<meta property=\"og:image\" content=\"https:\/\/fmpatagoniamadryn.com.ar\/wp-content\/uploads\/2024\/06\/4dc594d1-ca29-4a7a-9bb9-93c8379df9ce.jpg\" \/>\n\t<meta property=\"og:image:width\" content=\"1280\" \/>\n\t<meta property=\"og:image:height\" content=\"852\" \/>\n\t<meta property=\"og:image:type\" content=\"image\/jpeg\" \/>\n<meta name=\"author\" content=\"FM Patagonia\" \/>\n<meta name=\"twitter:card\" content=\"summary_large_image\" \/>\n<meta name=\"twitter:label1\" content=\"Escrito por\" \/>\n\t<meta name=\"twitter:data1\" content=\"FM Patagonia\" \/>\n\t<meta name=\"twitter:label2\" content=\"Tiempo de lectura\" \/>\n\t<meta name=\"twitter:data2\" content=\"2 minutos\" \/>\n<script type=\"application\/ld+json\" class=\"yoast-schema-graph\">{\"@context\":\"https:\\\/\\\/schema.org\",\"@graph\":[{\"@type\":\"Article\",\"@id\":\"https:\\\/\\\/fmpatagoniamadryn.com.ar\\\/?p=10613#article\",\"isPartOf\":{\"@id\":\"https:\\\/\\\/fmpatagoniamadryn.com.ar\\\/?p=10613\"},\"author\":{\"name\":\"FM Patagonia\",\"@id\":\"https:\\\/\\\/fmpatagoniamadryn.com.ar\\\/#\\\/schema\\\/person\\\/8a3de4ad7efceacab06c1641c50303b7\"},\"headline\":\"LLEGA LA EXPO FERIA \u201cMADR YN ARGENTINA\u201d\",\"datePublished\":\"2024-06-05T16:46:13+00:00\",\"dateModified\":\"2024-06-05T16:46:32+00:00\",\"mainEntityOfPage\":{\"@id\":\"https:\\\/\\\/fmpatagoniamadryn.com.ar\\\/?p=10613\"},\"wordCount\":339,\"publisher\":{\"@id\":\"https:\\\/\\\/fmpatagoniamadryn.com.ar\\\/#organization\"},\"image\":{\"@id\":\"https:\\\/\\\/fmpatagoniamadryn.com.ar\\\/?p=10613#primaryimage\"},\"thumbnailUrl\":\"https:\\\/\\\/fmpatagoniamadryn.com.ar\\\/wp-content\\\/uploads\\\/2024\\\/06\\\/4dc594d1-ca29-4a7a-9bb9-93c8379df9ce.jpg\",\"articleSection\":[\"Locales\"],\"inLanguage\":\"es\"},{\"@type\":\"WebPage\",\"@id\":\"https:\\\/\\\/fmpatagoniamadryn.com.ar\\\/?p=10613\",\"url\":\"https:\\\/\\\/fmpatagoniamadryn.com.ar\\\/?p=10613\",\"name\":\"LLEGA LA EXPO FERIA \u201cMADR YN ARGENTINA\u201d - FM Patagonia Madryn\",\"isPartOf\":{\"@id\":\"https:\\\/\\\/fmpatagoniamadryn.com.ar\\\/#website\"},\"primaryImageOfPage\":{\"@id\":\"https:\\\/\\\/fmpatagoniamadryn.com.ar\\\/?p=10613#primaryimage\"},\"image\":{\"@id\":\"https:\\\/\\\/fmpatagoniamadryn.com.ar\\\/?p=10613#primaryimage\"},\"thumbnailUrl\":\"https:\\\/\\\/fmpatagoniamadryn.com.ar\\\/wp-content\\\/uploads\\\/2024\\\/06\\\/4dc594d1-ca29-4a7a-9bb9-93c8379df9ce.jpg\",\"datePublished\":\"2024-06-05T16:46:13+00:00\",\"dateModified\":\"2024-06-05T16:46:32+00:00\",\"breadcrumb\":{\"@id\":\"https:\\\/\\\/fmpatagoniamadryn.com.ar\\\/?p=10613#breadcrumb\"},\"inLanguage\":\"es\",\"potentialAction\":[{\"@type\":\"ReadAction\",\"target\":[\"https:\\\/\\\/fmpatagoniamadryn.com.ar\\\/?p=10613\"]}]},{\"@type\":\"ImageObject\",\"inLanguage\":\"es\",\"@id\":\"https:\\\/\\\/fmpatagoniamadryn.com.ar\\\/?p=10613#primaryimage\",\"url\":\"https:\\\/\\\/fmpatagoniamadryn.com.ar\\\/wp-content\\\/uploads\\\/2024\\\/06\\\/4dc594d1-ca29-4a7a-9bb9-93c8379df9ce.jpg\",\"contentUrl\":\"https:\\\/\\\/fmpatagoniamadryn.com.ar\\\/wp-content\\\/uploads\\\/2024\\\/06\\\/4dc594d1-ca29-4a7a-9bb9-93c8379df9ce.jpg\",\"width\":1280,\"height\":852},{\"@type\":\"BreadcrumbList\",\"@id\":\"https:\\\/\\\/fmpatagoniamadryn.com.ar\\\/?p=10613#breadcrumb\",\"itemListElement\":[{\"@type\":\"ListItem\",\"position\":1,\"name\":\"Portada\",\"item\":\"https:\\\/\\\/fmpatagoniamadryn.com.ar\\\/\"},{\"@type\":\"ListItem\",\"position\":2,\"name\":\"LLEGA LA EXPO FERIA \u201cMADR YN ARGENTINA\u201d\"}]},{\"@type\":\"WebSite\",\"@id\":\"https:\\\/\\\/fmpatagoniamadryn.com.ar\\\/#website\",\"url\":\"https:\\\/\\\/fmpatagoniamadryn.com.ar\\\/\",\"name\":\"FM Patagonia Madryn\",\"description\":\"Radio Patagonia 105.5\",\"publisher\":{\"@id\":\"https:\\\/\\\/fmpatagoniamadryn.com.ar\\\/#organization\"},\"potentialAction\":[{\"@type\":\"SearchAction\",\"target\":{\"@type\":\"EntryPoint\",\"urlTemplate\":\"https:\\\/\\\/fmpatagoniamadryn.com.ar\\\/?s={search_term_string}\"},\"query-input\":{\"@type\":\"PropertyValueSpecification\",\"valueRequired\":true,\"valueName\":\"search_term_string\"}}],\"inLanguage\":\"es\"},{\"@type\":\"Organization\",\"@id\":\"https:\\\/\\\/fmpatagoniamadryn.com.ar\\\/#organization\",\"name\":\"FM Patagonia Madryn\",\"url\":\"https:\\\/\\\/fmpatagoniamadryn.com.ar\\\/\",\"logo\":{\"@type\":\"ImageObject\",\"inLanguage\":\"es\",\"@id\":\"https:\\\/\\\/fmpatagoniamadryn.com.ar\\\/#\\\/schema\\\/logo\\\/image\\\/\",\"url\":\"https:\\\/\\\/fmpatagoniamadryn.com.ar\\\/wp-content\\\/uploads\\\/2023\\\/01\\\/cropped-Diseno-sin-titulo.png\",\"contentUrl\":\"https:\\\/\\\/fmpatagoniamadryn.com.ar\\\/wp-content\\\/uploads\\\/2023\\\/01\\\/cropped-Diseno-sin-titulo.png\",\"width\":6911,\"height\":2657,\"caption\":\"FM Patagonia Madryn\"},\"image\":{\"@id\":\"https:\\\/\\\/fmpatagoniamadryn.com.ar\\\/#\\\/schema\\\/logo\\\/image\\\/\"}},{\"@type\":\"Person\",\"@id\":\"https:\\\/\\\/fmpatagoniamadryn.com.ar\\\/#\\\/schema\\\/person\\\/8a3de4ad7efceacab06c1641c50303b7\",\"name\":\"FM Patagonia\",\"url\":\"https:\\\/\\\/fmpatagoniamadryn.com.ar\\\/?author=2\"}]}<\/script>\n<!-- \/ Yoast SEO plugin. -->","yoast_head_json":{"title":"LLEGA LA EXPO FERIA \u201cMADR YN ARGENTINA\u201d - FM Patagonia Madryn","robots":{"index":"index","follow":"follow","max-snippet":"max-snippet:-1","max-image-preview":"max-image-preview:large","max-video-preview":"max-video-preview:-1"},"canonical":"https:\/\/fmpatagoniamadryn.com.ar\/?p=10613","og_locale":"es_ES","og_type":"article","og_title":"LLEGA LA EXPO FERIA \u201cMADR YN ARGENTINA\u201d - FM Patagonia Madryn","og_description":"Se realizar\u00e1 el 13 y 14 de junio en el marco del 49\u00b0 Congreso de Agentes de Viajes. Tendr\u00e1 lugar en el Parador Municipal de la Bajada N\u00b0 9 de&hellip;","og_url":"https:\/\/fmpatagoniamadryn.com.ar\/?p=10613","og_site_name":"FM Patagonia Madryn","article_published_time":"2024-06-05T16:46:13+00:00","article_modified_time":"2024-06-05T16:46:32+00:00","og_image":[{"width":1280,"height":852,"url":"https:\/\/fmpatagoniamadryn.com.ar\/wp-content\/uploads\/2024\/06\/4dc594d1-ca29-4a7a-9bb9-93c8379df9ce.jpg","type":"image\/jpeg"}],"author":"FM Patagonia","twitter_card":"summary_large_image","twitter_misc":{"Escrito por":"FM Patagonia","Tiempo de lectura":"2 minutos"},"schema":{"@context":"https:\/\/schema.org","@graph":[{"@type":"Article","@id":"https:\/\/fmpatagoniamadryn.com.ar\/?p=10613#article","isPartOf":{"@id":"https:\/\/fmpatagoniamadryn.com.ar\/?p=10613"},"author":{"name":"FM Patagonia","@id":"https:\/\/fmpatagoniamadryn.com.ar\/#\/schema\/person\/8a3de4ad7efceacab06c1641c50303b7"},"headline":"LLEGA LA EXPO FERIA \u201cMADR YN ARGENTINA\u201d","datePublished":"2024-06-05T16:46:13+00:00","dateModified":"2024-06-05T16:46:32+00:00","mainEntityOfPage":{"@id":"https:\/\/fmpatagoniamadryn.com.ar\/?p=10613"},"wordCount":339,"publisher":{"@id":"https:\/\/fmpatagoniamadryn.com.ar\/#organization"},"image":{"@id":"https:\/\/fmpatagoniamadryn.com.ar\/?p=10613#primaryimage"},"thumbnailUrl":"https:\/\/fmpatagoniamadryn.com.ar\/wp-content\/uploads\/2024\/06\/4dc594d1-ca29-4a7a-9bb9-93c8379df9ce.jpg","articleSection":["Locales"],"inLanguage":"es"},{"@type":"WebPage","@id":"https:\/\/fmpatagoniamadryn.com.ar\/?p=10613","url":"https:\/\/fmpatagoniamadryn.com.ar\/?p=10613","name":"LLEGA LA EXPO FERIA \u201cMADR YN ARGENTINA\u201d - FM Patagonia Madryn","isPartOf":{"@id":"https:\/\/fmpatagoniamadryn.com.ar\/#website"},"primaryImageOfPage":{"@id":"https:\/\/fmpatagoniamadryn.com.ar\/?p=10613#primaryimage"},"image":{"@id":"https:\/\/fmpatagoniamadryn.com.ar\/?p=10613#primaryimage"},"thumbnailUrl":"https:\/\/fmpatagoniamadryn.com.ar\/wp-content\/uploads\/2024\/06\/4dc594d1-ca29-4a7a-9bb9-93c8379df9ce.jpg","datePublished":"2024-06-05T16:46:13+00:00","dateModified":"2024-06-05T16:46:32+00:00","breadcrumb":{"@id":"https:\/\/fmpatagoniamadryn.com.ar\/?p=10613#breadcrumb"},"inLanguage":"es","potentialAction":[{"@type":"ReadAction","target":["https:\/\/fmpatagoniamadryn.com.ar\/?p=10613"]}]},{"@type":"ImageObject","inLanguage":"es","@id":"https:\/\/fmpatagoniamadryn.com.ar\/?p=10613#primaryimage","url":"https:\/\/fmpatagoniamadryn.com.ar\/wp-content\/uploads\/2024\/06\/4dc594d1-ca29-4a7a-9bb9-93c8379df9ce.jpg","contentUrl":"https:\/\/fmpatagoniamadryn.com.ar\/wp-content\/uploads\/2024\/06\/4dc594d1-ca29-4a7a-9bb9-93c8379df9ce.jpg","width":1280,"height":852},{"@type":"BreadcrumbList","@id":"https:\/\/fmpatagoniamadryn.com.ar\/?p=10613#breadcrumb","itemListElement":[{"@type":"ListItem","position":1,"name":"Portada","item":"https:\/\/fmpatagoniamadryn.com.ar\/"},{"@type":"ListItem","position":2,"name":"LLEGA LA EXPO FERIA \u201cMADR YN ARGENTINA\u201d"}]},{"@type":"WebSite","@id":"https:\/\/fmpatagoniamadryn.com.ar\/#website","url":"https:\/\/fmpatagoniamadryn.com.ar\/","name":"FM Patagonia Madryn","description":"Radio Patagonia 105.5","publisher":{"@id":"https:\/\/fmpatagoniamadryn.com.ar\/#organization"},"potentialAction":[{"@type":"SearchAction","target":{"@type":"EntryPoint","urlTemplate":"https:\/\/fmpatagoniamadryn.com.ar\/?s={search_term_string}"},"query-input":{"@type":"PropertyValueSpecification","valueRequired":true,"valueName":"search_term_string"}}],"inLanguage":"es"},{"@type":"Organization","@id":"https:\/\/fmpatagoniamadryn.com.ar\/#organization","name":"FM Patagonia Madryn","url":"https:\/\/fmpatagoniamadryn.com.ar\/","logo":{"@type":"ImageObject","inLanguage":"es","@id":"https:\/\/fmpatagoniamadryn.com.ar\/#\/schema\/logo\/image\/","url":"https:\/\/fmpatagoniamadryn.com.ar\/wp-content\/uploads\/2023\/01\/cropped-Diseno-sin-titulo.png","contentUrl":"https:\/\/fmpatagoniamadryn.com.ar\/wp-content\/uploads\/2023\/01\/cropped-Diseno-sin-titulo.png","width":6911,"height":2657,"caption":"FM Patagonia Madryn"},"image":{"@id":"https:\/\/fmpatagoniamadryn.com.ar\/#\/schema\/logo\/image\/"}},{"@type":"Person","@id":"https:\/\/fmpatagoniamadryn.com.ar\/#\/schema\/person\/8a3de4ad7efceacab06c1641c50303b7","name":"FM Patagonia","url":"https:\/\/fmpatagoniamadryn.com.ar\/?author=2"}]}},"jetpack_featured_media_url":"https:\/\/fmpatagoniamadryn.com.ar\/wp-content\/uploads\/2024\/06\/4dc594d1-ca29-4a7a-9bb9-93c8379df9ce.jpg","_links":{"self":[{"href":"https:\/\/fmpatagoniamadryn.com.ar\/index.php?rest_route=\/wp\/v2\/posts\/10613","targetHints":{"allow":["GET"]}}],"collection":[{"href":"https:\/\/fmpatagoniamadryn.com.ar\/index.php?rest_route=\/wp\/v2\/posts"}],"about":[{"href":"https:\/\/fmpatagoniamadryn.com.ar\/index.php?rest_route=\/wp\/v2\/types\/post"}],"author":[{"embeddable":true,"href":"https:\/\/fmpatagoniamadryn.com.ar\/index.php?rest_route=\/wp\/v2\/users\/2"}],"replies":[{"embeddable":true,"href":"https:\/\/fmpatagoniamadryn.com.ar\/index.php?rest_route=%2Fwp%2Fv2%2Fcomments&post=10613"}],"version-history":[{"count":1,"href":"https:\/\/fmpatagoniamadryn.com.ar\/index.php?rest_route=\/wp\/v2\/posts\/10613\/revisions"}],"predecessor-version":[{"id":10614,"href":"https:\/\/fmpatagoniamadryn.com.ar\/index.php?rest_route=\/wp\/v2\/posts\/10613\/revisions\/10614"}],"wp:featuredmedia":[{"embeddable":true,"href":"https:\/\/fmpatagoniamadryn.com.ar\/index.php?rest_route=\/wp\/v2\/media\/10612"}],"wp:attachment":[{"href":"https:\/\/fmpatagoniamadryn.com.ar\/index.php?rest_route=%2Fwp%2Fv2%2Fmedia&parent=10613"}],"wp:term":[{"taxonomy":"category","embeddable":true,"href":"https:\/\/fmpatagoniamadryn.com.ar\/index.php?rest_route=%2Fwp%2Fv2%2Fcategories&post=10613"},{"taxonomy":"post_tag","embeddable":true,"href":"https:\/\/fmpatagoniamadryn.com.ar\/index.php?rest_route=%2Fwp%2Fv2%2Ftags&post=10613"}],"curies":[{"name":"wp","href":"https:\/\/api.w.org\/{rel}","templated":true}]}}