{"id":1072,"date":"2023-03-22T18:15:25","date_gmt":"2023-03-22T21:15:25","guid":{"rendered":"https:\/\/fmpatagoniamadryn.com.ar\/?p=1072"},"modified":"2023-03-22T18:15:42","modified_gmt":"2023-03-22T21:15:42","slug":"el-gobierno-de-la-provincia-y-la-administracion-portuaria-de-puerto-madryn-avanzan-en-gestiones-en-materia-ambiental","status":"publish","type":"post","link":"https:\/\/fmpatagoniamadryn.com.ar\/?p=1072","title":{"rendered":"El Gobierno de la Provincia y la Administraci\u00f3n Portuaria de Puerto Madryn avanzan en gestiones en materia ambiental"},"content":{"rendered":"\n<p>Se acord\u00f3 tambi\u00e9n un trabajo en conjunto para la optimizaci\u00f3n del tratamiento de residuos producido por los buques fresqueros.<br><br>El Gobierno del Chubut, a trav\u00e9s del Ministerio de Ambiente y Control de Desarrollo Sustentable, junto a la Administraci\u00f3n Portuaria de Puerto Madryn (APPM) avanza en gestiones y trabajos en conjunto en materia ambiental.<br><br>En este marco, el ministro de Ambiente y Control del Desarrollo Sustentable, Roberto Jure, mantuvo una reuni\u00f3n con el titular de la APPM, Enrique Calvo, los directores de Infraestructura, Mariano Taylor y Operativo, Mart\u00edn Liendo, la jefa del \u00c1rea de Ecolog\u00eda, Ambiente y Espacios Verdes, Laura Pagani, el titular del \u00c1rea T\u00e9cnica, Marcelo Marcora y el jefe de Control de Acceso y Seguridad Portuaria, Matias Mihalich.<br><br>Durante la reuni\u00f3n, se avanz\u00f3 sobre los trabajos que se realizan desde la Administradora Portuaria en materia ambiental, como as\u00ed tambi\u00e9n de las problem\u00e1ticas que se presentan y como punto principal se consensu\u00f3 llevar adelante acciones en conjunto que permitan optimizar el tratamiento de los residuos producidos por los buques fresqueros.<br><br>Asimismo, se destac\u00f3 que desde la Administraci\u00f3n Portuaria de Puerto Madryn se viene trabajando en la implementaci\u00f3n de la Norma ISO 14001; aceptada internacionalmente que establece c\u00f3mo implementar un sistema de gesti\u00f3n medioambiental (SGM) eficaz.<br><br>Recorrida<br><br>Luego de la reuni\u00f3n, realizaron una recorrida por la playa sur del Muelle Storni, donde se est\u00e1 realizando el desguace del buque pesquero Pescargen IV. Adem\u00e1s, en ese mismo sector se encuentran otros buques varados, de los cuales 4 de ellos est\u00e1n en condiciones legales de ser desguazados, para lo cual el representante provincial expres\u00f3 todo el acompa\u00f1amiento y apoyo por parte de la cartera a su cargo. <\/p>\n","protected":false},"excerpt":{"rendered":"<p>Se acord\u00f3 tambi\u00e9n un trabajo en conjunto para la optimizaci\u00f3n del tratamiento de residuos producido por los buques fresqueros. El Gobierno del Chubut, a trav\u00e9s del Ministerio de Ambiente y&hellip; <\/p>\n","protected":false},"author":3,"featured_media":1071,"comment_status":"closed","ping_status":"closed","sticky":false,"template":"","format":"standard","meta":{"footnotes":""},"categories":[15],"tags":[],"class_list":["post-1072","post","type-post","status-publish","format-standard","has-post-thumbnail","hentry","category-locales"],"yoast_head":"<!-- This site is optimized with the Yoast SEO plugin v27.5 - https:\/\/yoast.com\/product\/yoast-seo-wordpress\/ -->\n<title>El Gobierno de la Provincia y la Administraci\u00f3n Portuaria de Puerto Madryn avanzan en gestiones en materia ambiental - FM Patagonia Madryn<\/title>\n<meta name=\"robots\" content=\"index, follow, max-snippet:-1, max-image-preview:large, max-video-preview:-1\" \/>\n<link rel=\"canonical\" href=\"https:\/\/fmpatagoniamadryn.com.ar\/?p=1072\" \/>\n<meta property=\"og:locale\" content=\"es_ES\" \/>\n<meta property=\"og:type\" content=\"article\" \/>\n<meta property=\"og:title\" content=\"El Gobierno de la Provincia y la Administraci\u00f3n Portuaria de Puerto Madryn avanzan en gestiones en materia ambiental - FM Patagonia Madryn\" \/>\n<meta property=\"og:description\" content=\"Se acord\u00f3 tambi\u00e9n un trabajo en conjunto para la optimizaci\u00f3n del tratamiento de residuos producido por los buques fresqueros. El Gobierno del Chubut, a trav\u00e9s del Ministerio de Ambiente y&hellip;\" \/>\n<meta property=\"og:url\" content=\"https:\/\/fmpatagoniamadryn.com.ar\/?p=1072\" \/>\n<meta property=\"og:site_name\" content=\"FM Patagonia Madryn\" \/>\n<meta property=\"article:published_time\" content=\"2023-03-22T21:15:25+00:00\" \/>\n<meta property=\"article:modified_time\" content=\"2023-03-22T21:15:42+00:00\" \/>\n<meta property=\"og:image\" content=\"https:\/\/fmpatagoniamadryn.com.ar\/wp-content\/uploads\/2023\/03\/AMBIENTE-APPM.jpeg\" \/>\n\t<meta property=\"og:image:width\" content=\"1500\" \/>\n\t<meta property=\"og:image:height\" content=\"843\" \/>\n\t<meta property=\"og:image:type\" content=\"image\/jpeg\" \/>\n<meta name=\"author\" content=\"FM Patagonia\" \/>\n<meta name=\"twitter:card\" content=\"summary_large_image\" \/>\n<meta name=\"twitter:label1\" content=\"Escrito por\" \/>\n\t<meta name=\"twitter:data1\" content=\"FM Patagonia\" \/>\n\t<meta name=\"twitter:label2\" content=\"Tiempo de lectura\" \/>\n\t<meta name=\"twitter:data2\" content=\"1 minuto\" \/>\n<script type=\"application\/ld+json\" class=\"yoast-schema-graph\">{\"@context\":\"https:\\\/\\\/schema.org\",\"@graph\":[{\"@type\":\"Article\",\"@id\":\"https:\\\/\\\/fmpatagoniamadryn.com.ar\\\/?p=1072#article\",\"isPartOf\":{\"@id\":\"https:\\\/\\\/fmpatagoniamadryn.com.ar\\\/?p=1072\"},\"author\":{\"name\":\"FM Patagonia\",\"@id\":\"https:\\\/\\\/fmpatagoniamadryn.com.ar\\\/#\\\/schema\\\/person\\\/1d968ec613613768e14b4e6420a2b125\"},\"headline\":\"El Gobierno de la Provincia y la Administraci\u00f3n Portuaria de Puerto Madryn avanzan en gestiones en materia ambiental\",\"datePublished\":\"2023-03-22T21:15:25+00:00\",\"dateModified\":\"2023-03-22T21:15:42+00:00\",\"mainEntityOfPage\":{\"@id\":\"https:\\\/\\\/fmpatagoniamadryn.com.ar\\\/?p=1072\"},\"wordCount\":310,\"publisher\":{\"@id\":\"https:\\\/\\\/fmpatagoniamadryn.com.ar\\\/#organization\"},\"image\":{\"@id\":\"https:\\\/\\\/fmpatagoniamadryn.com.ar\\\/?p=1072#primaryimage\"},\"thumbnailUrl\":\"https:\\\/\\\/fmpatagoniamadryn.com.ar\\\/wp-content\\\/uploads\\\/2023\\\/03\\\/AMBIENTE-APPM.jpeg\",\"articleSection\":[\"Locales\"],\"inLanguage\":\"es\"},{\"@type\":\"WebPage\",\"@id\":\"https:\\\/\\\/fmpatagoniamadryn.com.ar\\\/?p=1072\",\"url\":\"https:\\\/\\\/fmpatagoniamadryn.com.ar\\\/?p=1072\",\"name\":\"El Gobierno de la Provincia y la Administraci\u00f3n Portuaria de Puerto Madryn avanzan en gestiones en materia ambiental - FM Patagonia Madryn\",\"isPartOf\":{\"@id\":\"https:\\\/\\\/fmpatagoniamadryn.com.ar\\\/#website\"},\"primaryImageOfPage\":{\"@id\":\"https:\\\/\\\/fmpatagoniamadryn.com.ar\\\/?p=1072#primaryimage\"},\"image\":{\"@id\":\"https:\\\/\\\/fmpatagoniamadryn.com.ar\\\/?p=1072#primaryimage\"},\"thumbnailUrl\":\"https:\\\/\\\/fmpatagoniamadryn.com.ar\\\/wp-content\\\/uploads\\\/2023\\\/03\\\/AMBIENTE-APPM.jpeg\",\"datePublished\":\"2023-03-22T21:15:25+00:00\",\"dateModified\":\"2023-03-22T21:15:42+00:00\",\"breadcrumb\":{\"@id\":\"https:\\\/\\\/fmpatagoniamadryn.com.ar\\\/?p=1072#breadcrumb\"},\"inLanguage\":\"es\",\"potentialAction\":[{\"@type\":\"ReadAction\",\"target\":[\"https:\\\/\\\/fmpatagoniamadryn.com.ar\\\/?p=1072\"]}]},{\"@type\":\"ImageObject\",\"inLanguage\":\"es\",\"@id\":\"https:\\\/\\\/fmpatagoniamadryn.com.ar\\\/?p=1072#primaryimage\",\"url\":\"https:\\\/\\\/fmpatagoniamadryn.com.ar\\\/wp-content\\\/uploads\\\/2023\\\/03\\\/AMBIENTE-APPM.jpeg\",\"contentUrl\":\"https:\\\/\\\/fmpatagoniamadryn.com.ar\\\/wp-content\\\/uploads\\\/2023\\\/03\\\/AMBIENTE-APPM.jpeg\",\"width\":1500,\"height\":843},{\"@type\":\"BreadcrumbList\",\"@id\":\"https:\\\/\\\/fmpatagoniamadryn.com.ar\\\/?p=1072#breadcrumb\",\"itemListElement\":[{\"@type\":\"ListItem\",\"position\":1,\"name\":\"Portada\",\"item\":\"https:\\\/\\\/fmpatagoniamadryn.com.ar\\\/\"},{\"@type\":\"ListItem\",\"position\":2,\"name\":\"El Gobierno de la Provincia y la Administraci\u00f3n Portuaria de Puerto Madryn avanzan en gestiones en materia ambiental\"}]},{\"@type\":\"WebSite\",\"@id\":\"https:\\\/\\\/fmpatagoniamadryn.com.ar\\\/#website\",\"url\":\"https:\\\/\\\/fmpatagoniamadryn.com.ar\\\/\",\"name\":\"FM Patagonia Madryn\",\"description\":\"Radio Patagonia 105.5\",\"publisher\":{\"@id\":\"https:\\\/\\\/fmpatagoniamadryn.com.ar\\\/#organization\"},\"potentialAction\":[{\"@type\":\"SearchAction\",\"target\":{\"@type\":\"EntryPoint\",\"urlTemplate\":\"https:\\\/\\\/fmpatagoniamadryn.com.ar\\\/?s={search_term_string}\"},\"query-input\":{\"@type\":\"PropertyValueSpecification\",\"valueRequired\":true,\"valueName\":\"search_term_string\"}}],\"inLanguage\":\"es\"},{\"@type\":\"Organization\",\"@id\":\"https:\\\/\\\/fmpatagoniamadryn.com.ar\\\/#organization\",\"name\":\"FM Patagonia Madryn\",\"url\":\"https:\\\/\\\/fmpatagoniamadryn.com.ar\\\/\",\"logo\":{\"@type\":\"ImageObject\",\"inLanguage\":\"es\",\"@id\":\"https:\\\/\\\/fmpatagoniamadryn.com.ar\\\/#\\\/schema\\\/logo\\\/image\\\/\",\"url\":\"https:\\\/\\\/fmpatagoniamadryn.com.ar\\\/wp-content\\\/uploads\\\/2023\\\/01\\\/cropped-Diseno-sin-titulo.png\",\"contentUrl\":\"https:\\\/\\\/fmpatagoniamadryn.com.ar\\\/wp-content\\\/uploads\\\/2023\\\/01\\\/cropped-Diseno-sin-titulo.png\",\"width\":6911,\"height\":2657,\"caption\":\"FM Patagonia Madryn\"},\"image\":{\"@id\":\"https:\\\/\\\/fmpatagoniamadryn.com.ar\\\/#\\\/schema\\\/logo\\\/image\\\/\"}},{\"@type\":\"Person\",\"@id\":\"https:\\\/\\\/fmpatagoniamadryn.com.ar\\\/#\\\/schema\\\/person\\\/1d968ec613613768e14b4e6420a2b125\",\"name\":\"FM Patagonia\",\"url\":\"https:\\\/\\\/fmpatagoniamadryn.com.ar\\\/?author=3\"}]}<\/script>\n<!-- \/ Yoast SEO plugin. -->","yoast_head_json":{"title":"El Gobierno de la Provincia y la Administraci\u00f3n Portuaria de Puerto Madryn avanzan en gestiones en materia ambiental - FM Patagonia Madryn","robots":{"index":"index","follow":"follow","max-snippet":"max-snippet:-1","max-image-preview":"max-image-preview:large","max-video-preview":"max-video-preview:-1"},"canonical":"https:\/\/fmpatagoniamadryn.com.ar\/?p=1072","og_locale":"es_ES","og_type":"article","og_title":"El Gobierno de la Provincia y la Administraci\u00f3n Portuaria de Puerto Madryn avanzan en gestiones en materia ambiental - FM Patagonia Madryn","og_description":"Se acord\u00f3 tambi\u00e9n un trabajo en conjunto para la optimizaci\u00f3n del tratamiento de residuos producido por los buques fresqueros. El Gobierno del Chubut, a trav\u00e9s del Ministerio de Ambiente y&hellip;","og_url":"https:\/\/fmpatagoniamadryn.com.ar\/?p=1072","og_site_name":"FM Patagonia Madryn","article_published_time":"2023-03-22T21:15:25+00:00","article_modified_time":"2023-03-22T21:15:42+00:00","og_image":[{"width":1500,"height":843,"url":"https:\/\/fmpatagoniamadryn.com.ar\/wp-content\/uploads\/2023\/03\/AMBIENTE-APPM.jpeg","type":"image\/jpeg"}],"author":"FM Patagonia","twitter_card":"summary_large_image","twitter_misc":{"Escrito por":"FM Patagonia","Tiempo de lectura":"1 minuto"},"schema":{"@context":"https:\/\/schema.org","@graph":[{"@type":"Article","@id":"https:\/\/fmpatagoniamadryn.com.ar\/?p=1072#article","isPartOf":{"@id":"https:\/\/fmpatagoniamadryn.com.ar\/?p=1072"},"author":{"name":"FM Patagonia","@id":"https:\/\/fmpatagoniamadryn.com.ar\/#\/schema\/person\/1d968ec613613768e14b4e6420a2b125"},"headline":"El Gobierno de la Provincia y la Administraci\u00f3n Portuaria de Puerto Madryn avanzan en gestiones en materia ambiental","datePublished":"2023-03-22T21:15:25+00:00","dateModified":"2023-03-22T21:15:42+00:00","mainEntityOfPage":{"@id":"https:\/\/fmpatagoniamadryn.com.ar\/?p=1072"},"wordCount":310,"publisher":{"@id":"https:\/\/fmpatagoniamadryn.com.ar\/#organization"},"image":{"@id":"https:\/\/fmpatagoniamadryn.com.ar\/?p=1072#primaryimage"},"thumbnailUrl":"https:\/\/fmpatagoniamadryn.com.ar\/wp-content\/uploads\/2023\/03\/AMBIENTE-APPM.jpeg","articleSection":["Locales"],"inLanguage":"es"},{"@type":"WebPage","@id":"https:\/\/fmpatagoniamadryn.com.ar\/?p=1072","url":"https:\/\/fmpatagoniamadryn.com.ar\/?p=1072","name":"El Gobierno de la Provincia y la Administraci\u00f3n Portuaria de Puerto Madryn avanzan en gestiones en materia ambiental - FM Patagonia Madryn","isPartOf":{"@id":"https:\/\/fmpatagoniamadryn.com.ar\/#website"},"primaryImageOfPage":{"@id":"https:\/\/fmpatagoniamadryn.com.ar\/?p=1072#primaryimage"},"image":{"@id":"https:\/\/fmpatagoniamadryn.com.ar\/?p=1072#primaryimage"},"thumbnailUrl":"https:\/\/fmpatagoniamadryn.com.ar\/wp-content\/uploads\/2023\/03\/AMBIENTE-APPM.jpeg","datePublished":"2023-03-22T21:15:25+00:00","dateModified":"2023-03-22T21:15:42+00:00","breadcrumb":{"@id":"https:\/\/fmpatagoniamadryn.com.ar\/?p=1072#breadcrumb"},"inLanguage":"es","potentialAction":[{"@type":"ReadAction","target":["https:\/\/fmpatagoniamadryn.com.ar\/?p=1072"]}]},{"@type":"ImageObject","inLanguage":"es","@id":"https:\/\/fmpatagoniamadryn.com.ar\/?p=1072#primaryimage","url":"https:\/\/fmpatagoniamadryn.com.ar\/wp-content\/uploads\/2023\/03\/AMBIENTE-APPM.jpeg","contentUrl":"https:\/\/fmpatagoniamadryn.com.ar\/wp-content\/uploads\/2023\/03\/AMBIENTE-APPM.jpeg","width":1500,"height":843},{"@type":"BreadcrumbList","@id":"https:\/\/fmpatagoniamadryn.com.ar\/?p=1072#breadcrumb","itemListElement":[{"@type":"ListItem","position":1,"name":"Portada","item":"https:\/\/fmpatagoniamadryn.com.ar\/"},{"@type":"ListItem","position":2,"name":"El Gobierno de la Provincia y la Administraci\u00f3n Portuaria de Puerto Madryn avanzan en gestiones en materia ambiental"}]},{"@type":"WebSite","@id":"https:\/\/fmpatagoniamadryn.com.ar\/#website","url":"https:\/\/fmpatagoniamadryn.com.ar\/","name":"FM Patagonia Madryn","description":"Radio Patagonia 105.5","publisher":{"@id":"https:\/\/fmpatagoniamadryn.com.ar\/#organization"},"potentialAction":[{"@type":"SearchAction","target":{"@type":"EntryPoint","urlTemplate":"https:\/\/fmpatagoniamadryn.com.ar\/?s={search_term_string}"},"query-input":{"@type":"PropertyValueSpecification","valueRequired":true,"valueName":"search_term_string"}}],"inLanguage":"es"},{"@type":"Organization","@id":"https:\/\/fmpatagoniamadryn.com.ar\/#organization","name":"FM Patagonia Madryn","url":"https:\/\/fmpatagoniamadryn.com.ar\/","logo":{"@type":"ImageObject","inLanguage":"es","@id":"https:\/\/fmpatagoniamadryn.com.ar\/#\/schema\/logo\/image\/","url":"https:\/\/fmpatagoniamadryn.com.ar\/wp-content\/uploads\/2023\/01\/cropped-Diseno-sin-titulo.png","contentUrl":"https:\/\/fmpatagoniamadryn.com.ar\/wp-content\/uploads\/2023\/01\/cropped-Diseno-sin-titulo.png","width":6911,"height":2657,"caption":"FM Patagonia Madryn"},"image":{"@id":"https:\/\/fmpatagoniamadryn.com.ar\/#\/schema\/logo\/image\/"}},{"@type":"Person","@id":"https:\/\/fmpatagoniamadryn.com.ar\/#\/schema\/person\/1d968ec613613768e14b4e6420a2b125","name":"FM Patagonia","url":"https:\/\/fmpatagoniamadryn.com.ar\/?author=3"}]}},"jetpack_featured_media_url":"https:\/\/fmpatagoniamadryn.com.ar\/wp-content\/uploads\/2023\/03\/AMBIENTE-APPM.jpeg","_links":{"self":[{"href":"https:\/\/fmpatagoniamadryn.com.ar\/index.php?rest_route=\/wp\/v2\/posts\/1072","targetHints":{"allow":["GET"]}}],"collection":[{"href":"https:\/\/fmpatagoniamadryn.com.ar\/index.php?rest_route=\/wp\/v2\/posts"}],"about":[{"href":"https:\/\/fmpatagoniamadryn.com.ar\/index.php?rest_route=\/wp\/v2\/types\/post"}],"author":[{"embeddable":true,"href":"https:\/\/fmpatagoniamadryn.com.ar\/index.php?rest_route=\/wp\/v2\/users\/3"}],"replies":[{"embeddable":true,"href":"https:\/\/fmpatagoniamadryn.com.ar\/index.php?rest_route=%2Fwp%2Fv2%2Fcomments&post=1072"}],"version-history":[{"count":1,"href":"https:\/\/fmpatagoniamadryn.com.ar\/index.php?rest_route=\/wp\/v2\/posts\/1072\/revisions"}],"predecessor-version":[{"id":1073,"href":"https:\/\/fmpatagoniamadryn.com.ar\/index.php?rest_route=\/wp\/v2\/posts\/1072\/revisions\/1073"}],"wp:featuredmedia":[{"embeddable":true,"href":"https:\/\/fmpatagoniamadryn.com.ar\/index.php?rest_route=\/wp\/v2\/media\/1071"}],"wp:attachment":[{"href":"https:\/\/fmpatagoniamadryn.com.ar\/index.php?rest_route=%2Fwp%2Fv2%2Fmedia&parent=1072"}],"wp:term":[{"taxonomy":"category","embeddable":true,"href":"https:\/\/fmpatagoniamadryn.com.ar\/index.php?rest_route=%2Fwp%2Fv2%2Fcategories&post=1072"},{"taxonomy":"post_tag","embeddable":true,"href":"https:\/\/fmpatagoniamadryn.com.ar\/index.php?rest_route=%2Fwp%2Fv2%2Ftags&post=1072"}],"curies":[{"name":"wp","href":"https:\/\/api.w.org\/{rel}","templated":true}]}}