{"id":1108,"date":"2023-03-23T16:52:44","date_gmt":"2023-03-23T19:52:44","guid":{"rendered":"https:\/\/fmpatagoniamadryn.com.ar\/?p=1108"},"modified":"2023-03-23T16:53:05","modified_gmt":"2023-03-23T19:53:05","slug":"madryn-se-realizaran-distintas-actividades-en-el-marco-del-dia-nacional-de-la-memoria","status":"publish","type":"post","link":"https:\/\/fmpatagoniamadryn.com.ar\/?p=1108","title":{"rendered":"Madryn: Se realizar\u00e1n distintas actividades en el marco del D\u00eda Nacional de la Memoria"},"content":{"rendered":"\n<p><em>El acto oficial ser\u00e1 el viernes 24 de marzo a las 10 horas en inmediaciones del Teatro del Muelle &nbsp;<\/em><\/p>\n\n\n\n<p>En el marco del D\u00eda Nacional de la Memoria por la Verdad y la Justicia, se realizan diversas actividades al cumplirse 47 a\u00f1os del golpe que dio inicio a la \u00faltima dictadura c\u00edvico-militar.<\/p>\n\n\n\n<p>Las propuestas, organizadas por el colectivo \u201cConstruyendo Memoria\u201d y coordinadas junto a la Municipalidad de Puerto Madryn, comenzaron con testimonios en las Escuelas Secundarias y continuar\u00e1n el jueves 23 de marzo con la proyecci\u00f3n de la pel\u00edcula \u201cArgentina 1985\u201d y la iluminaci\u00f3n del Contador de Nietos.<\/p>\n\n\n\n<p>El acto oficial tendr\u00e1 lugar el viernes 24 de marzo a partir de las 10 horas en inmediaciones del Paseo de la Memoria (Av. Rawson, al lado del Teatro del Muelle).<\/p>\n\n\n\n<p>Adem\u00e1s, a partir de las 15 horas, habr\u00e1 una jornada art\u00edstica y de reflexi\u00f3n &nbsp;con diversas actividades.<\/p>\n\n\n\n<p>Como cada 24 de marzo, ser\u00e1 un d\u00eda para recordar y reivindicar la lucha y utop\u00edas de los 30000 desaparecidos.<\/p>\n\n\n\n<p>CRONOGRAMA<\/p>\n\n\n\n<p>Jueves 23 de marzo<\/p>\n\n\n\n<p>20 horas \u2013 Proyecci\u00f3n de la pel\u00edcula \u201cArgentina 1985\u201d en el Teatro del Muelle con debate. La entrada ser\u00e1 libre y gratuita.<\/p>\n\n\n\n<p>22 horas \u2013 Iluminaci\u00f3n del Contador de Nietos \u2013 Paseo de la Memoria (en el acceso al Muelle Piedra Buena)<\/p>\n\n\n\n<p>Viernes 24 de marzo<\/p>\n\n\n\n<p>10 horas \u2013 Acto oficial<\/p>\n\n\n\n<p>15 horas \u2013 Jornada art\u00edstica y de reflexi\u00f3n, testimonios (las personas que tengan fotos pueden acercarlas en tama\u00f1o A4 en un folio), m\u00fasica por la memoria, mural con intervenci\u00f3n comunitaria, plantamos memoria, repaso de los pa\u00f1uelos que est\u00e1n en la vereda, marcha y posteriores actividades art\u00edsticas \/ \u201cConstruyendo memoria\u201d \u2013 Play\u00f3n Recreativo frente al Teatro del Muelle (Avenida Rawson e Yrigoyen).<\/p>\n","protected":false},"excerpt":{"rendered":"<p>El acto oficial ser\u00e1 el viernes 24 de marzo a las 10 horas en inmediaciones del Teatro del Muelle &nbsp; En el marco del D\u00eda Nacional de la Memoria por&hellip; <\/p>\n","protected":false},"author":2,"featured_media":1107,"comment_status":"closed","ping_status":"closed","sticky":false,"template":"","format":"standard","meta":{"footnotes":""},"categories":[15],"tags":[],"class_list":["post-1108","post","type-post","status-publish","format-standard","has-post-thumbnail","hentry","category-locales"],"yoast_head":"<!-- This site is optimized with the Yoast SEO plugin v27.4 - https:\/\/yoast.com\/product\/yoast-seo-wordpress\/ -->\n<title>Madryn: Se realizar\u00e1n distintas actividades en el marco del D\u00eda Nacional de la Memoria - FM Patagonia Madryn<\/title>\n<meta name=\"robots\" content=\"index, follow, max-snippet:-1, max-image-preview:large, max-video-preview:-1\" \/>\n<link rel=\"canonical\" href=\"https:\/\/fmpatagoniamadryn.com.ar\/?p=1108\" \/>\n<meta property=\"og:locale\" content=\"es_ES\" \/>\n<meta property=\"og:type\" content=\"article\" \/>\n<meta property=\"og:title\" content=\"Madryn: Se realizar\u00e1n distintas actividades en el marco del D\u00eda Nacional de la Memoria - FM Patagonia Madryn\" \/>\n<meta property=\"og:description\" content=\"El acto oficial ser\u00e1 el viernes 24 de marzo a las 10 horas en inmediaciones del Teatro del Muelle &nbsp; En el marco del D\u00eda Nacional de la Memoria por&hellip;\" \/>\n<meta property=\"og:url\" content=\"https:\/\/fmpatagoniamadryn.com.ar\/?p=1108\" \/>\n<meta property=\"og:site_name\" content=\"FM Patagonia Madryn\" \/>\n<meta property=\"article:published_time\" content=\"2023-03-23T19:52:44+00:00\" \/>\n<meta property=\"article:modified_time\" content=\"2023-03-23T19:53:05+00:00\" \/>\n<meta property=\"og:image\" content=\"https:\/\/fmpatagoniamadryn.com.ar\/wp-content\/uploads\/2023\/03\/Screenshot_20230323_165056_Chrome.jpg\" \/>\n\t<meta property=\"og:image:width\" content=\"1080\" \/>\n\t<meta property=\"og:image:height\" content=\"748\" \/>\n\t<meta property=\"og:image:type\" content=\"image\/jpeg\" \/>\n<meta name=\"author\" content=\"FM Patagonia\" \/>\n<meta name=\"twitter:card\" content=\"summary_large_image\" \/>\n<meta name=\"twitter:label1\" content=\"Escrito por\" \/>\n\t<meta name=\"twitter:data1\" content=\"FM Patagonia\" \/>\n\t<meta name=\"twitter:label2\" content=\"Tiempo de lectura\" \/>\n\t<meta name=\"twitter:data2\" content=\"1 minuto\" \/>\n<script type=\"application\/ld+json\" class=\"yoast-schema-graph\">{\"@context\":\"https:\\\/\\\/schema.org\",\"@graph\":[{\"@type\":\"Article\",\"@id\":\"https:\\\/\\\/fmpatagoniamadryn.com.ar\\\/?p=1108#article\",\"isPartOf\":{\"@id\":\"https:\\\/\\\/fmpatagoniamadryn.com.ar\\\/?p=1108\"},\"author\":{\"name\":\"FM Patagonia\",\"@id\":\"https:\\\/\\\/fmpatagoniamadryn.com.ar\\\/#\\\/schema\\\/person\\\/8a3de4ad7efceacab06c1641c50303b7\"},\"headline\":\"Madryn: Se realizar\u00e1n distintas actividades en el marco del D\u00eda Nacional de la Memoria\",\"datePublished\":\"2023-03-23T19:52:44+00:00\",\"dateModified\":\"2023-03-23T19:53:05+00:00\",\"mainEntityOfPage\":{\"@id\":\"https:\\\/\\\/fmpatagoniamadryn.com.ar\\\/?p=1108\"},\"wordCount\":301,\"publisher\":{\"@id\":\"https:\\\/\\\/fmpatagoniamadryn.com.ar\\\/#organization\"},\"image\":{\"@id\":\"https:\\\/\\\/fmpatagoniamadryn.com.ar\\\/?p=1108#primaryimage\"},\"thumbnailUrl\":\"https:\\\/\\\/fmpatagoniamadryn.com.ar\\\/wp-content\\\/uploads\\\/2023\\\/03\\\/Screenshot_20230323_165056_Chrome.jpg\",\"articleSection\":[\"Locales\"],\"inLanguage\":\"es\"},{\"@type\":\"WebPage\",\"@id\":\"https:\\\/\\\/fmpatagoniamadryn.com.ar\\\/?p=1108\",\"url\":\"https:\\\/\\\/fmpatagoniamadryn.com.ar\\\/?p=1108\",\"name\":\"Madryn: Se realizar\u00e1n distintas actividades en el marco del D\u00eda Nacional de la Memoria - FM Patagonia Madryn\",\"isPartOf\":{\"@id\":\"https:\\\/\\\/fmpatagoniamadryn.com.ar\\\/#website\"},\"primaryImageOfPage\":{\"@id\":\"https:\\\/\\\/fmpatagoniamadryn.com.ar\\\/?p=1108#primaryimage\"},\"image\":{\"@id\":\"https:\\\/\\\/fmpatagoniamadryn.com.ar\\\/?p=1108#primaryimage\"},\"thumbnailUrl\":\"https:\\\/\\\/fmpatagoniamadryn.com.ar\\\/wp-content\\\/uploads\\\/2023\\\/03\\\/Screenshot_20230323_165056_Chrome.jpg\",\"datePublished\":\"2023-03-23T19:52:44+00:00\",\"dateModified\":\"2023-03-23T19:53:05+00:00\",\"breadcrumb\":{\"@id\":\"https:\\\/\\\/fmpatagoniamadryn.com.ar\\\/?p=1108#breadcrumb\"},\"inLanguage\":\"es\",\"potentialAction\":[{\"@type\":\"ReadAction\",\"target\":[\"https:\\\/\\\/fmpatagoniamadryn.com.ar\\\/?p=1108\"]}]},{\"@type\":\"ImageObject\",\"inLanguage\":\"es\",\"@id\":\"https:\\\/\\\/fmpatagoniamadryn.com.ar\\\/?p=1108#primaryimage\",\"url\":\"https:\\\/\\\/fmpatagoniamadryn.com.ar\\\/wp-content\\\/uploads\\\/2023\\\/03\\\/Screenshot_20230323_165056_Chrome.jpg\",\"contentUrl\":\"https:\\\/\\\/fmpatagoniamadryn.com.ar\\\/wp-content\\\/uploads\\\/2023\\\/03\\\/Screenshot_20230323_165056_Chrome.jpg\",\"width\":1080,\"height\":748},{\"@type\":\"BreadcrumbList\",\"@id\":\"https:\\\/\\\/fmpatagoniamadryn.com.ar\\\/?p=1108#breadcrumb\",\"itemListElement\":[{\"@type\":\"ListItem\",\"position\":1,\"name\":\"Portada\",\"item\":\"https:\\\/\\\/fmpatagoniamadryn.com.ar\\\/\"},{\"@type\":\"ListItem\",\"position\":2,\"name\":\"Madryn: Se realizar\u00e1n distintas actividades en el marco del D\u00eda Nacional de la Memoria\"}]},{\"@type\":\"WebSite\",\"@id\":\"https:\\\/\\\/fmpatagoniamadryn.com.ar\\\/#website\",\"url\":\"https:\\\/\\\/fmpatagoniamadryn.com.ar\\\/\",\"name\":\"FM Patagonia Madryn\",\"description\":\"Radio Patagonia 105.5\",\"publisher\":{\"@id\":\"https:\\\/\\\/fmpatagoniamadryn.com.ar\\\/#organization\"},\"potentialAction\":[{\"@type\":\"SearchAction\",\"target\":{\"@type\":\"EntryPoint\",\"urlTemplate\":\"https:\\\/\\\/fmpatagoniamadryn.com.ar\\\/?s={search_term_string}\"},\"query-input\":{\"@type\":\"PropertyValueSpecification\",\"valueRequired\":true,\"valueName\":\"search_term_string\"}}],\"inLanguage\":\"es\"},{\"@type\":\"Organization\",\"@id\":\"https:\\\/\\\/fmpatagoniamadryn.com.ar\\\/#organization\",\"name\":\"FM Patagonia Madryn\",\"url\":\"https:\\\/\\\/fmpatagoniamadryn.com.ar\\\/\",\"logo\":{\"@type\":\"ImageObject\",\"inLanguage\":\"es\",\"@id\":\"https:\\\/\\\/fmpatagoniamadryn.com.ar\\\/#\\\/schema\\\/logo\\\/image\\\/\",\"url\":\"https:\\\/\\\/fmpatagoniamadryn.com.ar\\\/wp-content\\\/uploads\\\/2023\\\/01\\\/cropped-Diseno-sin-titulo.png\",\"contentUrl\":\"https:\\\/\\\/fmpatagoniamadryn.com.ar\\\/wp-content\\\/uploads\\\/2023\\\/01\\\/cropped-Diseno-sin-titulo.png\",\"width\":6911,\"height\":2657,\"caption\":\"FM Patagonia Madryn\"},\"image\":{\"@id\":\"https:\\\/\\\/fmpatagoniamadryn.com.ar\\\/#\\\/schema\\\/logo\\\/image\\\/\"}},{\"@type\":\"Person\",\"@id\":\"https:\\\/\\\/fmpatagoniamadryn.com.ar\\\/#\\\/schema\\\/person\\\/8a3de4ad7efceacab06c1641c50303b7\",\"name\":\"FM Patagonia\",\"url\":\"https:\\\/\\\/fmpatagoniamadryn.com.ar\\\/?author=2\"}]}<\/script>\n<!-- \/ Yoast SEO plugin. -->","yoast_head_json":{"title":"Madryn: Se realizar\u00e1n distintas actividades en el marco del D\u00eda Nacional de la Memoria - FM Patagonia Madryn","robots":{"index":"index","follow":"follow","max-snippet":"max-snippet:-1","max-image-preview":"max-image-preview:large","max-video-preview":"max-video-preview:-1"},"canonical":"https:\/\/fmpatagoniamadryn.com.ar\/?p=1108","og_locale":"es_ES","og_type":"article","og_title":"Madryn: Se realizar\u00e1n distintas actividades en el marco del D\u00eda Nacional de la Memoria - FM Patagonia Madryn","og_description":"El acto oficial ser\u00e1 el viernes 24 de marzo a las 10 horas en inmediaciones del Teatro del Muelle &nbsp; En el marco del D\u00eda Nacional de la Memoria por&hellip;","og_url":"https:\/\/fmpatagoniamadryn.com.ar\/?p=1108","og_site_name":"FM Patagonia Madryn","article_published_time":"2023-03-23T19:52:44+00:00","article_modified_time":"2023-03-23T19:53:05+00:00","og_image":[{"width":1080,"height":748,"url":"https:\/\/fmpatagoniamadryn.com.ar\/wp-content\/uploads\/2023\/03\/Screenshot_20230323_165056_Chrome.jpg","type":"image\/jpeg"}],"author":"FM Patagonia","twitter_card":"summary_large_image","twitter_misc":{"Escrito por":"FM Patagonia","Tiempo de lectura":"1 minuto"},"schema":{"@context":"https:\/\/schema.org","@graph":[{"@type":"Article","@id":"https:\/\/fmpatagoniamadryn.com.ar\/?p=1108#article","isPartOf":{"@id":"https:\/\/fmpatagoniamadryn.com.ar\/?p=1108"},"author":{"name":"FM Patagonia","@id":"https:\/\/fmpatagoniamadryn.com.ar\/#\/schema\/person\/8a3de4ad7efceacab06c1641c50303b7"},"headline":"Madryn: Se realizar\u00e1n distintas actividades en el marco del D\u00eda Nacional de la Memoria","datePublished":"2023-03-23T19:52:44+00:00","dateModified":"2023-03-23T19:53:05+00:00","mainEntityOfPage":{"@id":"https:\/\/fmpatagoniamadryn.com.ar\/?p=1108"},"wordCount":301,"publisher":{"@id":"https:\/\/fmpatagoniamadryn.com.ar\/#organization"},"image":{"@id":"https:\/\/fmpatagoniamadryn.com.ar\/?p=1108#primaryimage"},"thumbnailUrl":"https:\/\/fmpatagoniamadryn.com.ar\/wp-content\/uploads\/2023\/03\/Screenshot_20230323_165056_Chrome.jpg","articleSection":["Locales"],"inLanguage":"es"},{"@type":"WebPage","@id":"https:\/\/fmpatagoniamadryn.com.ar\/?p=1108","url":"https:\/\/fmpatagoniamadryn.com.ar\/?p=1108","name":"Madryn: Se realizar\u00e1n distintas actividades en el marco del D\u00eda Nacional de la Memoria - FM Patagonia Madryn","isPartOf":{"@id":"https:\/\/fmpatagoniamadryn.com.ar\/#website"},"primaryImageOfPage":{"@id":"https:\/\/fmpatagoniamadryn.com.ar\/?p=1108#primaryimage"},"image":{"@id":"https:\/\/fmpatagoniamadryn.com.ar\/?p=1108#primaryimage"},"thumbnailUrl":"https:\/\/fmpatagoniamadryn.com.ar\/wp-content\/uploads\/2023\/03\/Screenshot_20230323_165056_Chrome.jpg","datePublished":"2023-03-23T19:52:44+00:00","dateModified":"2023-03-23T19:53:05+00:00","breadcrumb":{"@id":"https:\/\/fmpatagoniamadryn.com.ar\/?p=1108#breadcrumb"},"inLanguage":"es","potentialAction":[{"@type":"ReadAction","target":["https:\/\/fmpatagoniamadryn.com.ar\/?p=1108"]}]},{"@type":"ImageObject","inLanguage":"es","@id":"https:\/\/fmpatagoniamadryn.com.ar\/?p=1108#primaryimage","url":"https:\/\/fmpatagoniamadryn.com.ar\/wp-content\/uploads\/2023\/03\/Screenshot_20230323_165056_Chrome.jpg","contentUrl":"https:\/\/fmpatagoniamadryn.com.ar\/wp-content\/uploads\/2023\/03\/Screenshot_20230323_165056_Chrome.jpg","width":1080,"height":748},{"@type":"BreadcrumbList","@id":"https:\/\/fmpatagoniamadryn.com.ar\/?p=1108#breadcrumb","itemListElement":[{"@type":"ListItem","position":1,"name":"Portada","item":"https:\/\/fmpatagoniamadryn.com.ar\/"},{"@type":"ListItem","position":2,"name":"Madryn: Se realizar\u00e1n distintas actividades en el marco del D\u00eda Nacional de la Memoria"}]},{"@type":"WebSite","@id":"https:\/\/fmpatagoniamadryn.com.ar\/#website","url":"https:\/\/fmpatagoniamadryn.com.ar\/","name":"FM Patagonia Madryn","description":"Radio Patagonia 105.5","publisher":{"@id":"https:\/\/fmpatagoniamadryn.com.ar\/#organization"},"potentialAction":[{"@type":"SearchAction","target":{"@type":"EntryPoint","urlTemplate":"https:\/\/fmpatagoniamadryn.com.ar\/?s={search_term_string}"},"query-input":{"@type":"PropertyValueSpecification","valueRequired":true,"valueName":"search_term_string"}}],"inLanguage":"es"},{"@type":"Organization","@id":"https:\/\/fmpatagoniamadryn.com.ar\/#organization","name":"FM Patagonia Madryn","url":"https:\/\/fmpatagoniamadryn.com.ar\/","logo":{"@type":"ImageObject","inLanguage":"es","@id":"https:\/\/fmpatagoniamadryn.com.ar\/#\/schema\/logo\/image\/","url":"https:\/\/fmpatagoniamadryn.com.ar\/wp-content\/uploads\/2023\/01\/cropped-Diseno-sin-titulo.png","contentUrl":"https:\/\/fmpatagoniamadryn.com.ar\/wp-content\/uploads\/2023\/01\/cropped-Diseno-sin-titulo.png","width":6911,"height":2657,"caption":"FM Patagonia Madryn"},"image":{"@id":"https:\/\/fmpatagoniamadryn.com.ar\/#\/schema\/logo\/image\/"}},{"@type":"Person","@id":"https:\/\/fmpatagoniamadryn.com.ar\/#\/schema\/person\/8a3de4ad7efceacab06c1641c50303b7","name":"FM Patagonia","url":"https:\/\/fmpatagoniamadryn.com.ar\/?author=2"}]}},"jetpack_featured_media_url":"https:\/\/fmpatagoniamadryn.com.ar\/wp-content\/uploads\/2023\/03\/Screenshot_20230323_165056_Chrome.jpg","_links":{"self":[{"href":"https:\/\/fmpatagoniamadryn.com.ar\/index.php?rest_route=\/wp\/v2\/posts\/1108","targetHints":{"allow":["GET"]}}],"collection":[{"href":"https:\/\/fmpatagoniamadryn.com.ar\/index.php?rest_route=\/wp\/v2\/posts"}],"about":[{"href":"https:\/\/fmpatagoniamadryn.com.ar\/index.php?rest_route=\/wp\/v2\/types\/post"}],"author":[{"embeddable":true,"href":"https:\/\/fmpatagoniamadryn.com.ar\/index.php?rest_route=\/wp\/v2\/users\/2"}],"replies":[{"embeddable":true,"href":"https:\/\/fmpatagoniamadryn.com.ar\/index.php?rest_route=%2Fwp%2Fv2%2Fcomments&post=1108"}],"version-history":[{"count":1,"href":"https:\/\/fmpatagoniamadryn.com.ar\/index.php?rest_route=\/wp\/v2\/posts\/1108\/revisions"}],"predecessor-version":[{"id":1109,"href":"https:\/\/fmpatagoniamadryn.com.ar\/index.php?rest_route=\/wp\/v2\/posts\/1108\/revisions\/1109"}],"wp:featuredmedia":[{"embeddable":true,"href":"https:\/\/fmpatagoniamadryn.com.ar\/index.php?rest_route=\/wp\/v2\/media\/1107"}],"wp:attachment":[{"href":"https:\/\/fmpatagoniamadryn.com.ar\/index.php?rest_route=%2Fwp%2Fv2%2Fmedia&parent=1108"}],"wp:term":[{"taxonomy":"category","embeddable":true,"href":"https:\/\/fmpatagoniamadryn.com.ar\/index.php?rest_route=%2Fwp%2Fv2%2Fcategories&post=1108"},{"taxonomy":"post_tag","embeddable":true,"href":"https:\/\/fmpatagoniamadryn.com.ar\/index.php?rest_route=%2Fwp%2Fv2%2Ftags&post=1108"}],"curies":[{"name":"wp","href":"https:\/\/api.w.org\/{rel}","templated":true}]}}