{"id":1150,"date":"2023-03-24T19:34:45","date_gmt":"2023-03-24T22:34:45","guid":{"rendered":"https:\/\/fmpatagoniamadryn.com.ar\/?p=1150"},"modified":"2023-03-24T19:35:00","modified_gmt":"2023-03-24T22:35:00","slug":"turismo-chubut-participara-en-la-feria-de-sustentabilidad-mas-grande-de-latinoamerica","status":"publish","type":"post","link":"https:\/\/fmpatagoniamadryn.com.ar\/?p=1150","title":{"rendered":"Turismo: Chubut participar\u00e1 en la feria de sustentabilidad m\u00e1s grande de Latinoam\u00e9rica"},"content":{"rendered":"\n<p>Se trata de BIOFERIA, el evento de sustentabilidad y consumo responsable m\u00e1s grande de Latinoam\u00e9rica que, del 31 de marzo y hasta el 2 de abril, le permitir\u00e1 a la Provincia generar nuevos v\u00ednculos para ampliar el abanico de consumidores de los productos tur\u00edsticos sustentables de Chubut.  <br><br>El Gobierno del Chubut, representado por el Ministerio de Turismo y \u00c1reas Protegidas, participar\u00e1 desde el 31 de marzo y hasta el 2 de abril en BIOFERIA, feria que se desarrollar\u00e1 en el Hip\u00f3dromo de Palermo, en la Ciudad Aut\u00f3noma de Buenos Aires. <br><br>All\u00ed, la Provincia contar\u00e1 con un stand al aire libre y puestos de atenci\u00f3n donde se realizar\u00e1n presentaciones, talleres, y se brindar\u00e1 informaci\u00f3n referida a los productos tur\u00edsticos sustentables de Chubut, con el objetivo de generar nuevos v\u00ednculos o pr\u00e1cticas de triple impacto, ampliando el abanico de visitantes de todo el mundo. <br><br>Exposiciones <br><br>Uno de los ejes vinculado a la sustentabilidad que presentar\u00e1 Chubut es el Sistema Provincial de \u00c1reas Naturales Protegidas, en l\u00ednea con el compromiso asumido con el cuidado de los recursos naturales y las especies que habitan en ellos. <br><br>Como pioneros en el pa\u00eds, Guardafaunas de la provincia brindar\u00e1n informaci\u00f3n acerca de las ANPs, contando qu\u00e9 protegen, por qu\u00e9 lo hacen y difundiendo los objetivos de su conservaci\u00f3n para su posterior disfrute tur\u00edstico. <br><br>Por otra parte, referentes de Turismo Rural Comunitario de la Cordillera de los Andes de Chubut y personal del Ministerio, presentar\u00e1n dos ejes de trabajo vinculados a los sistemas de Calidad y las certificaciones de sustentabilidad. Asimismo, participar\u00e1 el Viejo Expreso Patag\u00f3nico La Trochita, que actualmente avanza en t\u00e9cnicas de trabajo para un futuro m\u00e1s sustentable. <br><br>Sobre BIOFERIA <br><br>Es un evento que re\u00fane empresas, emprendedores y organizaciones que promueven el desarrollo sostenible. Transmite un estilo de vida sustentable y alineado al consumo responsable, promoviendo los \u201cObjetivos para el Desarrollo Sostenible\u00bb planteados por ONU. <br><br>Las \u00e1reas sobre las que se desarrolla BIOFERIA son: Ecoturismo, Bienestar, Gastronom\u00eda Saludable, Aire Libre, Dise\u00f1o e Innovaci\u00f3n, Moda, Mercado, Arquitectura y Energ\u00eda, ONG, Jardiner\u00eda, Movilidad, Casa y Deco.                                                                  <\/p>\n","protected":false},"excerpt":{"rendered":"<p>Se trata de BIOFERIA, el evento de sustentabilidad y consumo responsable m\u00e1s grande de Latinoam\u00e9rica que, del 31 de marzo y hasta el 2 de abril, le permitir\u00e1 a la&hellip; <\/p>\n","protected":false},"author":3,"featured_media":1149,"comment_status":"closed","ping_status":"closed","sticky":false,"template":"","format":"standard","meta":{"footnotes":""},"categories":[14],"tags":[],"class_list":["post-1150","post","type-post","status-publish","format-standard","has-post-thumbnail","hentry","category-provinciales"],"yoast_head":"<!-- This site is optimized with the Yoast SEO plugin v27.4 - https:\/\/yoast.com\/product\/yoast-seo-wordpress\/ -->\n<title>Turismo: Chubut participar\u00e1 en la feria de sustentabilidad m\u00e1s grande de Latinoam\u00e9rica - FM Patagonia Madryn<\/title>\n<meta name=\"robots\" content=\"index, follow, max-snippet:-1, max-image-preview:large, max-video-preview:-1\" \/>\n<link rel=\"canonical\" href=\"https:\/\/fmpatagoniamadryn.com.ar\/?p=1150\" \/>\n<meta property=\"og:locale\" content=\"es_ES\" \/>\n<meta property=\"og:type\" content=\"article\" \/>\n<meta property=\"og:title\" content=\"Turismo: Chubut participar\u00e1 en la feria de sustentabilidad m\u00e1s grande de Latinoam\u00e9rica - FM Patagonia Madryn\" \/>\n<meta property=\"og:description\" content=\"Se trata de BIOFERIA, el evento de sustentabilidad y consumo responsable m\u00e1s grande de Latinoam\u00e9rica que, del 31 de marzo y hasta el 2 de abril, le permitir\u00e1 a la&hellip;\" \/>\n<meta property=\"og:url\" content=\"https:\/\/fmpatagoniamadryn.com.ar\/?p=1150\" \/>\n<meta property=\"og:site_name\" content=\"FM Patagonia Madryn\" \/>\n<meta property=\"article:published_time\" content=\"2023-03-24T22:34:45+00:00\" \/>\n<meta property=\"article:modified_time\" content=\"2023-03-24T22:35:00+00:00\" \/>\n<meta property=\"og:image\" content=\"https:\/\/fmpatagoniamadryn.com.ar\/wp-content\/uploads\/2023\/03\/Turismo-Chubut-participara-en-la-feria-de-sustentabilidad-mas-grande-de-Latinoamerica.jpeg\" \/>\n\t<meta property=\"og:image:width\" content=\"1600\" \/>\n\t<meta property=\"og:image:height\" content=\"1600\" \/>\n\t<meta property=\"og:image:type\" content=\"image\/jpeg\" \/>\n<meta name=\"author\" content=\"FM Patagonia\" \/>\n<meta name=\"twitter:card\" content=\"summary_large_image\" \/>\n<meta name=\"twitter:label1\" content=\"Escrito por\" \/>\n\t<meta name=\"twitter:data1\" content=\"FM Patagonia\" \/>\n\t<meta name=\"twitter:label2\" content=\"Tiempo de lectura\" \/>\n\t<meta name=\"twitter:data2\" content=\"2 minutos\" \/>\n<script type=\"application\/ld+json\" class=\"yoast-schema-graph\">{\"@context\":\"https:\\\/\\\/schema.org\",\"@graph\":[{\"@type\":\"Article\",\"@id\":\"https:\\\/\\\/fmpatagoniamadryn.com.ar\\\/?p=1150#article\",\"isPartOf\":{\"@id\":\"https:\\\/\\\/fmpatagoniamadryn.com.ar\\\/?p=1150\"},\"author\":{\"name\":\"FM Patagonia\",\"@id\":\"https:\\\/\\\/fmpatagoniamadryn.com.ar\\\/#\\\/schema\\\/person\\\/1d968ec613613768e14b4e6420a2b125\"},\"headline\":\"Turismo: Chubut participar\u00e1 en la feria de sustentabilidad m\u00e1s grande de Latinoam\u00e9rica\",\"datePublished\":\"2023-03-24T22:34:45+00:00\",\"dateModified\":\"2023-03-24T22:35:00+00:00\",\"mainEntityOfPage\":{\"@id\":\"https:\\\/\\\/fmpatagoniamadryn.com.ar\\\/?p=1150\"},\"wordCount\":376,\"publisher\":{\"@id\":\"https:\\\/\\\/fmpatagoniamadryn.com.ar\\\/#organization\"},\"image\":{\"@id\":\"https:\\\/\\\/fmpatagoniamadryn.com.ar\\\/?p=1150#primaryimage\"},\"thumbnailUrl\":\"https:\\\/\\\/fmpatagoniamadryn.com.ar\\\/wp-content\\\/uploads\\\/2023\\\/03\\\/Turismo-Chubut-participara-en-la-feria-de-sustentabilidad-mas-grande-de-Latinoamerica.jpeg\",\"articleSection\":[\"Provinciales\"],\"inLanguage\":\"es\"},{\"@type\":\"WebPage\",\"@id\":\"https:\\\/\\\/fmpatagoniamadryn.com.ar\\\/?p=1150\",\"url\":\"https:\\\/\\\/fmpatagoniamadryn.com.ar\\\/?p=1150\",\"name\":\"Turismo: Chubut participar\u00e1 en la feria de sustentabilidad m\u00e1s grande de Latinoam\u00e9rica - FM Patagonia Madryn\",\"isPartOf\":{\"@id\":\"https:\\\/\\\/fmpatagoniamadryn.com.ar\\\/#website\"},\"primaryImageOfPage\":{\"@id\":\"https:\\\/\\\/fmpatagoniamadryn.com.ar\\\/?p=1150#primaryimage\"},\"image\":{\"@id\":\"https:\\\/\\\/fmpatagoniamadryn.com.ar\\\/?p=1150#primaryimage\"},\"thumbnailUrl\":\"https:\\\/\\\/fmpatagoniamadryn.com.ar\\\/wp-content\\\/uploads\\\/2023\\\/03\\\/Turismo-Chubut-participara-en-la-feria-de-sustentabilidad-mas-grande-de-Latinoamerica.jpeg\",\"datePublished\":\"2023-03-24T22:34:45+00:00\",\"dateModified\":\"2023-03-24T22:35:00+00:00\",\"breadcrumb\":{\"@id\":\"https:\\\/\\\/fmpatagoniamadryn.com.ar\\\/?p=1150#breadcrumb\"},\"inLanguage\":\"es\",\"potentialAction\":[{\"@type\":\"ReadAction\",\"target\":[\"https:\\\/\\\/fmpatagoniamadryn.com.ar\\\/?p=1150\"]}]},{\"@type\":\"ImageObject\",\"inLanguage\":\"es\",\"@id\":\"https:\\\/\\\/fmpatagoniamadryn.com.ar\\\/?p=1150#primaryimage\",\"url\":\"https:\\\/\\\/fmpatagoniamadryn.com.ar\\\/wp-content\\\/uploads\\\/2023\\\/03\\\/Turismo-Chubut-participara-en-la-feria-de-sustentabilidad-mas-grande-de-Latinoamerica.jpeg\",\"contentUrl\":\"https:\\\/\\\/fmpatagoniamadryn.com.ar\\\/wp-content\\\/uploads\\\/2023\\\/03\\\/Turismo-Chubut-participara-en-la-feria-de-sustentabilidad-mas-grande-de-Latinoamerica.jpeg\",\"width\":1600,\"height\":1600},{\"@type\":\"BreadcrumbList\",\"@id\":\"https:\\\/\\\/fmpatagoniamadryn.com.ar\\\/?p=1150#breadcrumb\",\"itemListElement\":[{\"@type\":\"ListItem\",\"position\":1,\"name\":\"Portada\",\"item\":\"https:\\\/\\\/fmpatagoniamadryn.com.ar\\\/\"},{\"@type\":\"ListItem\",\"position\":2,\"name\":\"Turismo: Chubut participar\u00e1 en la feria de sustentabilidad m\u00e1s grande de Latinoam\u00e9rica\"}]},{\"@type\":\"WebSite\",\"@id\":\"https:\\\/\\\/fmpatagoniamadryn.com.ar\\\/#website\",\"url\":\"https:\\\/\\\/fmpatagoniamadryn.com.ar\\\/\",\"name\":\"FM Patagonia Madryn\",\"description\":\"Radio Patagonia 105.5\",\"publisher\":{\"@id\":\"https:\\\/\\\/fmpatagoniamadryn.com.ar\\\/#organization\"},\"potentialAction\":[{\"@type\":\"SearchAction\",\"target\":{\"@type\":\"EntryPoint\",\"urlTemplate\":\"https:\\\/\\\/fmpatagoniamadryn.com.ar\\\/?s={search_term_string}\"},\"query-input\":{\"@type\":\"PropertyValueSpecification\",\"valueRequired\":true,\"valueName\":\"search_term_string\"}}],\"inLanguage\":\"es\"},{\"@type\":\"Organization\",\"@id\":\"https:\\\/\\\/fmpatagoniamadryn.com.ar\\\/#organization\",\"name\":\"FM Patagonia Madryn\",\"url\":\"https:\\\/\\\/fmpatagoniamadryn.com.ar\\\/\",\"logo\":{\"@type\":\"ImageObject\",\"inLanguage\":\"es\",\"@id\":\"https:\\\/\\\/fmpatagoniamadryn.com.ar\\\/#\\\/schema\\\/logo\\\/image\\\/\",\"url\":\"https:\\\/\\\/fmpatagoniamadryn.com.ar\\\/wp-content\\\/uploads\\\/2023\\\/01\\\/cropped-Diseno-sin-titulo.png\",\"contentUrl\":\"https:\\\/\\\/fmpatagoniamadryn.com.ar\\\/wp-content\\\/uploads\\\/2023\\\/01\\\/cropped-Diseno-sin-titulo.png\",\"width\":6911,\"height\":2657,\"caption\":\"FM Patagonia Madryn\"},\"image\":{\"@id\":\"https:\\\/\\\/fmpatagoniamadryn.com.ar\\\/#\\\/schema\\\/logo\\\/image\\\/\"}},{\"@type\":\"Person\",\"@id\":\"https:\\\/\\\/fmpatagoniamadryn.com.ar\\\/#\\\/schema\\\/person\\\/1d968ec613613768e14b4e6420a2b125\",\"name\":\"FM Patagonia\",\"url\":\"https:\\\/\\\/fmpatagoniamadryn.com.ar\\\/?author=3\"}]}<\/script>\n<!-- \/ Yoast SEO plugin. -->","yoast_head_json":{"title":"Turismo: Chubut participar\u00e1 en la feria de sustentabilidad m\u00e1s grande de Latinoam\u00e9rica - FM Patagonia Madryn","robots":{"index":"index","follow":"follow","max-snippet":"max-snippet:-1","max-image-preview":"max-image-preview:large","max-video-preview":"max-video-preview:-1"},"canonical":"https:\/\/fmpatagoniamadryn.com.ar\/?p=1150","og_locale":"es_ES","og_type":"article","og_title":"Turismo: Chubut participar\u00e1 en la feria de sustentabilidad m\u00e1s grande de Latinoam\u00e9rica - FM Patagonia Madryn","og_description":"Se trata de BIOFERIA, el evento de sustentabilidad y consumo responsable m\u00e1s grande de Latinoam\u00e9rica que, del 31 de marzo y hasta el 2 de abril, le permitir\u00e1 a la&hellip;","og_url":"https:\/\/fmpatagoniamadryn.com.ar\/?p=1150","og_site_name":"FM Patagonia Madryn","article_published_time":"2023-03-24T22:34:45+00:00","article_modified_time":"2023-03-24T22:35:00+00:00","og_image":[{"width":1600,"height":1600,"url":"https:\/\/fmpatagoniamadryn.com.ar\/wp-content\/uploads\/2023\/03\/Turismo-Chubut-participara-en-la-feria-de-sustentabilidad-mas-grande-de-Latinoamerica.jpeg","type":"image\/jpeg"}],"author":"FM Patagonia","twitter_card":"summary_large_image","twitter_misc":{"Escrito por":"FM Patagonia","Tiempo de lectura":"2 minutos"},"schema":{"@context":"https:\/\/schema.org","@graph":[{"@type":"Article","@id":"https:\/\/fmpatagoniamadryn.com.ar\/?p=1150#article","isPartOf":{"@id":"https:\/\/fmpatagoniamadryn.com.ar\/?p=1150"},"author":{"name":"FM Patagonia","@id":"https:\/\/fmpatagoniamadryn.com.ar\/#\/schema\/person\/1d968ec613613768e14b4e6420a2b125"},"headline":"Turismo: Chubut participar\u00e1 en la feria de sustentabilidad m\u00e1s grande de Latinoam\u00e9rica","datePublished":"2023-03-24T22:34:45+00:00","dateModified":"2023-03-24T22:35:00+00:00","mainEntityOfPage":{"@id":"https:\/\/fmpatagoniamadryn.com.ar\/?p=1150"},"wordCount":376,"publisher":{"@id":"https:\/\/fmpatagoniamadryn.com.ar\/#organization"},"image":{"@id":"https:\/\/fmpatagoniamadryn.com.ar\/?p=1150#primaryimage"},"thumbnailUrl":"https:\/\/fmpatagoniamadryn.com.ar\/wp-content\/uploads\/2023\/03\/Turismo-Chubut-participara-en-la-feria-de-sustentabilidad-mas-grande-de-Latinoamerica.jpeg","articleSection":["Provinciales"],"inLanguage":"es"},{"@type":"WebPage","@id":"https:\/\/fmpatagoniamadryn.com.ar\/?p=1150","url":"https:\/\/fmpatagoniamadryn.com.ar\/?p=1150","name":"Turismo: Chubut participar\u00e1 en la feria de sustentabilidad m\u00e1s grande de Latinoam\u00e9rica - FM Patagonia Madryn","isPartOf":{"@id":"https:\/\/fmpatagoniamadryn.com.ar\/#website"},"primaryImageOfPage":{"@id":"https:\/\/fmpatagoniamadryn.com.ar\/?p=1150#primaryimage"},"image":{"@id":"https:\/\/fmpatagoniamadryn.com.ar\/?p=1150#primaryimage"},"thumbnailUrl":"https:\/\/fmpatagoniamadryn.com.ar\/wp-content\/uploads\/2023\/03\/Turismo-Chubut-participara-en-la-feria-de-sustentabilidad-mas-grande-de-Latinoamerica.jpeg","datePublished":"2023-03-24T22:34:45+00:00","dateModified":"2023-03-24T22:35:00+00:00","breadcrumb":{"@id":"https:\/\/fmpatagoniamadryn.com.ar\/?p=1150#breadcrumb"},"inLanguage":"es","potentialAction":[{"@type":"ReadAction","target":["https:\/\/fmpatagoniamadryn.com.ar\/?p=1150"]}]},{"@type":"ImageObject","inLanguage":"es","@id":"https:\/\/fmpatagoniamadryn.com.ar\/?p=1150#primaryimage","url":"https:\/\/fmpatagoniamadryn.com.ar\/wp-content\/uploads\/2023\/03\/Turismo-Chubut-participara-en-la-feria-de-sustentabilidad-mas-grande-de-Latinoamerica.jpeg","contentUrl":"https:\/\/fmpatagoniamadryn.com.ar\/wp-content\/uploads\/2023\/03\/Turismo-Chubut-participara-en-la-feria-de-sustentabilidad-mas-grande-de-Latinoamerica.jpeg","width":1600,"height":1600},{"@type":"BreadcrumbList","@id":"https:\/\/fmpatagoniamadryn.com.ar\/?p=1150#breadcrumb","itemListElement":[{"@type":"ListItem","position":1,"name":"Portada","item":"https:\/\/fmpatagoniamadryn.com.ar\/"},{"@type":"ListItem","position":2,"name":"Turismo: Chubut participar\u00e1 en la feria de sustentabilidad m\u00e1s grande de Latinoam\u00e9rica"}]},{"@type":"WebSite","@id":"https:\/\/fmpatagoniamadryn.com.ar\/#website","url":"https:\/\/fmpatagoniamadryn.com.ar\/","name":"FM Patagonia Madryn","description":"Radio Patagonia 105.5","publisher":{"@id":"https:\/\/fmpatagoniamadryn.com.ar\/#organization"},"potentialAction":[{"@type":"SearchAction","target":{"@type":"EntryPoint","urlTemplate":"https:\/\/fmpatagoniamadryn.com.ar\/?s={search_term_string}"},"query-input":{"@type":"PropertyValueSpecification","valueRequired":true,"valueName":"search_term_string"}}],"inLanguage":"es"},{"@type":"Organization","@id":"https:\/\/fmpatagoniamadryn.com.ar\/#organization","name":"FM Patagonia Madryn","url":"https:\/\/fmpatagoniamadryn.com.ar\/","logo":{"@type":"ImageObject","inLanguage":"es","@id":"https:\/\/fmpatagoniamadryn.com.ar\/#\/schema\/logo\/image\/","url":"https:\/\/fmpatagoniamadryn.com.ar\/wp-content\/uploads\/2023\/01\/cropped-Diseno-sin-titulo.png","contentUrl":"https:\/\/fmpatagoniamadryn.com.ar\/wp-content\/uploads\/2023\/01\/cropped-Diseno-sin-titulo.png","width":6911,"height":2657,"caption":"FM Patagonia Madryn"},"image":{"@id":"https:\/\/fmpatagoniamadryn.com.ar\/#\/schema\/logo\/image\/"}},{"@type":"Person","@id":"https:\/\/fmpatagoniamadryn.com.ar\/#\/schema\/person\/1d968ec613613768e14b4e6420a2b125","name":"FM Patagonia","url":"https:\/\/fmpatagoniamadryn.com.ar\/?author=3"}]}},"jetpack_featured_media_url":"https:\/\/fmpatagoniamadryn.com.ar\/wp-content\/uploads\/2023\/03\/Turismo-Chubut-participara-en-la-feria-de-sustentabilidad-mas-grande-de-Latinoamerica.jpeg","_links":{"self":[{"href":"https:\/\/fmpatagoniamadryn.com.ar\/index.php?rest_route=\/wp\/v2\/posts\/1150","targetHints":{"allow":["GET"]}}],"collection":[{"href":"https:\/\/fmpatagoniamadryn.com.ar\/index.php?rest_route=\/wp\/v2\/posts"}],"about":[{"href":"https:\/\/fmpatagoniamadryn.com.ar\/index.php?rest_route=\/wp\/v2\/types\/post"}],"author":[{"embeddable":true,"href":"https:\/\/fmpatagoniamadryn.com.ar\/index.php?rest_route=\/wp\/v2\/users\/3"}],"replies":[{"embeddable":true,"href":"https:\/\/fmpatagoniamadryn.com.ar\/index.php?rest_route=%2Fwp%2Fv2%2Fcomments&post=1150"}],"version-history":[{"count":1,"href":"https:\/\/fmpatagoniamadryn.com.ar\/index.php?rest_route=\/wp\/v2\/posts\/1150\/revisions"}],"predecessor-version":[{"id":1151,"href":"https:\/\/fmpatagoniamadryn.com.ar\/index.php?rest_route=\/wp\/v2\/posts\/1150\/revisions\/1151"}],"wp:featuredmedia":[{"embeddable":true,"href":"https:\/\/fmpatagoniamadryn.com.ar\/index.php?rest_route=\/wp\/v2\/media\/1149"}],"wp:attachment":[{"href":"https:\/\/fmpatagoniamadryn.com.ar\/index.php?rest_route=%2Fwp%2Fv2%2Fmedia&parent=1150"}],"wp:term":[{"taxonomy":"category","embeddable":true,"href":"https:\/\/fmpatagoniamadryn.com.ar\/index.php?rest_route=%2Fwp%2Fv2%2Fcategories&post=1150"},{"taxonomy":"post_tag","embeddable":true,"href":"https:\/\/fmpatagoniamadryn.com.ar\/index.php?rest_route=%2Fwp%2Fv2%2Ftags&post=1150"}],"curies":[{"name":"wp","href":"https:\/\/api.w.org\/{rel}","templated":true}]}}