{"id":11732,"date":"2024-08-15T09:22:00","date_gmt":"2024-08-15T12:22:00","guid":{"rendered":"https:\/\/fmpatagoniamadryn.com.ar\/?p=11732"},"modified":"2024-08-15T09:22:35","modified_gmt":"2024-08-15T12:22:35","slug":"diputados-aprobo-que-las-escuelas-esten-abiertas-los-dias-de-paro","status":"publish","type":"post","link":"https:\/\/fmpatagoniamadryn.com.ar\/?p=11732","title":{"rendered":"Diputados aprob\u00f3 que las escuelas est\u00e9n abiertas los d\u00edas de paro"},"content":{"rendered":"\n<p>La C\u00e1mara de Diputados aprob\u00f3 el proyecto que declara a la educaci\u00f3n como \u00abServicio Estrat\u00e9gico Esencial\u00bb, con el fin de garantizar 180 d\u00edas de clases en las escuelas p\u00fablicas del pa\u00eds y evitar que los alumnos pierdan d\u00edas de clases por los paros docentes. La iniciativa recibi\u00f3 131 votos afirmativos, 95 negativos y dos abstenciones.<br> <br>El proyecto tuvo el respaldo de La Libertad Avanza, el PRO, la UCR y bloques aliados del oficialismo como el MID, CREO, Independencia, Producci\u00f3n y Trabajo, y Buenos Aires Libre, en tanto que fue rechazado por el grueso de Uni\u00f3n por la Patria y el Frente de Izquierda.<br> <br>El documento, que ahora se debatir\u00e1 en la C\u00e1mara de Senadores, estipula un sistema de guardias m\u00ednimas educativas obligatorias que garantice un 30% de presencialidad del personal docente y no docente en los escenarios de paro o cese de actividades.<br><br>En qu\u00e9 consiste el proyecto en Diputados para regular las huelgas docentes<br>La iniciativa declara a la Educaci\u00f3n como Servicio Estrat\u00e9gico Esencial en todos los niveles y modalidades comprendidas en la obligatoriedad escolar, para garantizar la protecci\u00f3n y promoci\u00f3n integral de los derechos de ni\u00f1os, ni\u00f1as y adolescentes en el cumplimiento efectivo del ciclo lectivo completo.<br>La iniciativa legislativa propone que, en caso de declararse paro, el 30% del personal de la escuela deber\u00e1 permanecer en sus puestos durante los dos primeros d\u00edas de huelga. De esta manera se busca garantizar la continuidad de las clases incluso en d\u00edas de manifestaci\u00f3n.<br><br>En caso de que la la medida de fuerza se prolongue por m\u00e1s de dos d\u00edas, el documento propone un cambio en el porcentaje y este se incrementa al 50%. De esta manera, si bien el proyecto no impide la realizaci\u00f3n de las protestas, si estipula reglas estrictas sobre las que las mismas deben llevarse a cabo.<br><br>En detalle, uno de los art\u00edculos tambi\u00e9n plantea que, a principios de cada a\u00f1o, los equipos de conducci\u00f3n de las escuelas deber\u00e1n informar a las autoridades sobre la \u00abn\u00f3mina anual del personal docente y no docente que estar\u00e1 afectado al cumplimiento\u00bb de esta medida.<br><br>El documento recoge aportes de otras propuestas similares presentadas por diferentes legisladores y llega al recinto luego de ser aprobada en la Comisi\u00f3n de Educaci\u00f3n. La iniciativa cuenta con un amplio consenso entre los diputados del PRO, UCR, CC, LLA, Hacemos Coalici\u00f3n Federal e Innovaci\u00f3n Federal, pero es rechazado por los diputados de Uni\u00f3n por la Patria y la Izquierda, que consideran que, de aprobarse, afectar\u00eda al derecho a huelga.<br><br>Al abrir el debate, el presidente de la comisi\u00f3n de Educaci\u00f3n, Alejandro Finocchiaro, dijo que \u00abeste proyecto beneficia a toda la sociedad\u00bb y agreg\u00f3 que \u00abpone en el centro del debate educativo a los chicos, sin los cuales no habr\u00eda sistema educativo\u00bb. \u00abTenemos que encontrar un equilibrio entre el derecho a educarse y el derecho a huelga. Claramente en nuestro pa\u00eds en los \u00faltimos a\u00f1os hay una colisi\u00f3n entre dos derechos. El derecho de los docentes a ejecutar medidas de fuerza y el derecho de los chicos a educarse\u00bb, precis\u00f3.<br><br>A\u00f1adi\u00f3 que el proyecto busca que \u00aben el caso de una medida de fuerza federal, la escuela debe estar abierta, los directivos deben ser responsables de que eso suceda\u00bb. \u00abY que debe haber una guardia de directivos docentes y no docentes que ese d\u00eda reciban a los chicos que den clase de acuerdo a la organizaci\u00f3n de la escuela y que adem\u00e1s garanticen los otros derechos que hoy garantiza la escuela, como el derecho alimentario\u00bb, remarc\u00f3.<br><br>Desde la oposici\u00f3n, la diputada kirchnerista Blanca Osuna indic\u00f3 que el proyecto lo \u00fanico que busca \u00abes regular el derecho de huelga como ya lo ha dicho claramente el informante del oficialismo\u00bb. \u00abA nosotros estamos planteando es que eso nos averg\u00fcenza\u00bb, agreg\u00f3 y se\u00f1al\u00f3: \u00abEl verdadero problema es el agravamiento de la situaci\u00f3n de hambre y de nutrici\u00f3n lo vemos en cada rinc\u00f3n, en cada centro de salud del pa\u00eds\u00bb.<br><br>Por su parte, el diputado radical Julio Cobos afirm\u00f3 que respaldaba este proyecto porque tienen que \u00abhacer todo el esfuerzo posible para que esa relaci\u00f3n se mantenga en la cantidad de d\u00edas establecidos para cumplir con un calendario acad\u00e9mico de 180 o 190 d\u00edas\u00bb.<br><br>La diputada de izquierda, Vanina Biasi, por su parte, sostuvo: \u00abNosotros vamos a defender la docencia, el derecho a la protesta. Quienes quieren prohibirlo son los verdaderos responsables de que la educaci\u00f3n no sea de calidad en la Argentina\u00bb.<\/p>\n","protected":false},"excerpt":{"rendered":"<p>La C\u00e1mara de Diputados aprob\u00f3 el proyecto que declara a la educaci\u00f3n como \u00abServicio Estrat\u00e9gico Esencial\u00bb, con el fin de garantizar 180 d\u00edas de clases en las escuelas p\u00fablicas del&hellip; <\/p>\n","protected":false},"author":2,"featured_media":11731,"comment_status":"closed","ping_status":"closed","sticky":false,"template":"","format":"standard","meta":{"footnotes":""},"categories":[13],"tags":[],"class_list":["post-11732","post","type-post","status-publish","format-standard","has-post-thumbnail","hentry","category-nacionales"],"yoast_head":"<!-- This site is optimized with the Yoast SEO plugin v27.4 - https:\/\/yoast.com\/product\/yoast-seo-wordpress\/ -->\n<title>Diputados aprob\u00f3 que las escuelas est\u00e9n abiertas los d\u00edas de paro - FM Patagonia Madryn<\/title>\n<meta name=\"robots\" content=\"index, follow, max-snippet:-1, max-image-preview:large, max-video-preview:-1\" \/>\n<link rel=\"canonical\" href=\"https:\/\/fmpatagoniamadryn.com.ar\/?p=11732\" \/>\n<meta property=\"og:locale\" content=\"es_ES\" \/>\n<meta property=\"og:type\" content=\"article\" \/>\n<meta property=\"og:title\" content=\"Diputados aprob\u00f3 que las escuelas est\u00e9n abiertas los d\u00edas de paro - FM Patagonia Madryn\" \/>\n<meta property=\"og:description\" content=\"La C\u00e1mara de Diputados aprob\u00f3 el proyecto que declara a la educaci\u00f3n como \u00abServicio Estrat\u00e9gico Esencial\u00bb, con el fin de garantizar 180 d\u00edas de clases en las escuelas p\u00fablicas del&hellip;\" \/>\n<meta property=\"og:url\" content=\"https:\/\/fmpatagoniamadryn.com.ar\/?p=11732\" \/>\n<meta property=\"og:site_name\" content=\"FM Patagonia Madryn\" \/>\n<meta property=\"article:published_time\" content=\"2024-08-15T12:22:00+00:00\" \/>\n<meta property=\"article:modified_time\" content=\"2024-08-15T12:22:35+00:00\" \/>\n<meta property=\"og:image\" content=\"https:\/\/fmpatagoniamadryn.com.ar\/wp-content\/uploads\/2024\/08\/67210w440h247c.webp.webp\" \/>\n\t<meta property=\"og:image:width\" content=\"440\" \/>\n\t<meta property=\"og:image:height\" content=\"247\" \/>\n\t<meta property=\"og:image:type\" content=\"image\/webp\" \/>\n<meta name=\"author\" content=\"FM Patagonia\" \/>\n<meta name=\"twitter:card\" content=\"summary_large_image\" \/>\n<meta name=\"twitter:label1\" content=\"Escrito por\" \/>\n\t<meta name=\"twitter:data1\" content=\"FM Patagonia\" \/>\n\t<meta name=\"twitter:label2\" content=\"Tiempo de lectura\" \/>\n\t<meta name=\"twitter:data2\" content=\"4 minutos\" \/>\n<script type=\"application\/ld+json\" class=\"yoast-schema-graph\">{\"@context\":\"https:\\\/\\\/schema.org\",\"@graph\":[{\"@type\":\"Article\",\"@id\":\"https:\\\/\\\/fmpatagoniamadryn.com.ar\\\/?p=11732#article\",\"isPartOf\":{\"@id\":\"https:\\\/\\\/fmpatagoniamadryn.com.ar\\\/?p=11732\"},\"author\":{\"name\":\"FM Patagonia\",\"@id\":\"https:\\\/\\\/fmpatagoniamadryn.com.ar\\\/#\\\/schema\\\/person\\\/8a3de4ad7efceacab06c1641c50303b7\"},\"headline\":\"Diputados aprob\u00f3 que las escuelas est\u00e9n abiertas los d\u00edas de paro\",\"datePublished\":\"2024-08-15T12:22:00+00:00\",\"dateModified\":\"2024-08-15T12:22:35+00:00\",\"mainEntityOfPage\":{\"@id\":\"https:\\\/\\\/fmpatagoniamadryn.com.ar\\\/?p=11732\"},\"wordCount\":795,\"publisher\":{\"@id\":\"https:\\\/\\\/fmpatagoniamadryn.com.ar\\\/#organization\"},\"image\":{\"@id\":\"https:\\\/\\\/fmpatagoniamadryn.com.ar\\\/?p=11732#primaryimage\"},\"thumbnailUrl\":\"https:\\\/\\\/fmpatagoniamadryn.com.ar\\\/wp-content\\\/uploads\\\/2024\\\/08\\\/67210w440h247c.webp.webp\",\"articleSection\":[\"Nacionales\"],\"inLanguage\":\"es\"},{\"@type\":\"WebPage\",\"@id\":\"https:\\\/\\\/fmpatagoniamadryn.com.ar\\\/?p=11732\",\"url\":\"https:\\\/\\\/fmpatagoniamadryn.com.ar\\\/?p=11732\",\"name\":\"Diputados aprob\u00f3 que las escuelas est\u00e9n abiertas los d\u00edas de paro - FM Patagonia Madryn\",\"isPartOf\":{\"@id\":\"https:\\\/\\\/fmpatagoniamadryn.com.ar\\\/#website\"},\"primaryImageOfPage\":{\"@id\":\"https:\\\/\\\/fmpatagoniamadryn.com.ar\\\/?p=11732#primaryimage\"},\"image\":{\"@id\":\"https:\\\/\\\/fmpatagoniamadryn.com.ar\\\/?p=11732#primaryimage\"},\"thumbnailUrl\":\"https:\\\/\\\/fmpatagoniamadryn.com.ar\\\/wp-content\\\/uploads\\\/2024\\\/08\\\/67210w440h247c.webp.webp\",\"datePublished\":\"2024-08-15T12:22:00+00:00\",\"dateModified\":\"2024-08-15T12:22:35+00:00\",\"breadcrumb\":{\"@id\":\"https:\\\/\\\/fmpatagoniamadryn.com.ar\\\/?p=11732#breadcrumb\"},\"inLanguage\":\"es\",\"potentialAction\":[{\"@type\":\"ReadAction\",\"target\":[\"https:\\\/\\\/fmpatagoniamadryn.com.ar\\\/?p=11732\"]}]},{\"@type\":\"ImageObject\",\"inLanguage\":\"es\",\"@id\":\"https:\\\/\\\/fmpatagoniamadryn.com.ar\\\/?p=11732#primaryimage\",\"url\":\"https:\\\/\\\/fmpatagoniamadryn.com.ar\\\/wp-content\\\/uploads\\\/2024\\\/08\\\/67210w440h247c.webp.webp\",\"contentUrl\":\"https:\\\/\\\/fmpatagoniamadryn.com.ar\\\/wp-content\\\/uploads\\\/2024\\\/08\\\/67210w440h247c.webp.webp\",\"width\":440,\"height\":247},{\"@type\":\"BreadcrumbList\",\"@id\":\"https:\\\/\\\/fmpatagoniamadryn.com.ar\\\/?p=11732#breadcrumb\",\"itemListElement\":[{\"@type\":\"ListItem\",\"position\":1,\"name\":\"Portada\",\"item\":\"https:\\\/\\\/fmpatagoniamadryn.com.ar\\\/\"},{\"@type\":\"ListItem\",\"position\":2,\"name\":\"Diputados aprob\u00f3 que las escuelas est\u00e9n abiertas los d\u00edas de paro\"}]},{\"@type\":\"WebSite\",\"@id\":\"https:\\\/\\\/fmpatagoniamadryn.com.ar\\\/#website\",\"url\":\"https:\\\/\\\/fmpatagoniamadryn.com.ar\\\/\",\"name\":\"FM Patagonia Madryn\",\"description\":\"Radio Patagonia 105.5\",\"publisher\":{\"@id\":\"https:\\\/\\\/fmpatagoniamadryn.com.ar\\\/#organization\"},\"potentialAction\":[{\"@type\":\"SearchAction\",\"target\":{\"@type\":\"EntryPoint\",\"urlTemplate\":\"https:\\\/\\\/fmpatagoniamadryn.com.ar\\\/?s={search_term_string}\"},\"query-input\":{\"@type\":\"PropertyValueSpecification\",\"valueRequired\":true,\"valueName\":\"search_term_string\"}}],\"inLanguage\":\"es\"},{\"@type\":\"Organization\",\"@id\":\"https:\\\/\\\/fmpatagoniamadryn.com.ar\\\/#organization\",\"name\":\"FM Patagonia Madryn\",\"url\":\"https:\\\/\\\/fmpatagoniamadryn.com.ar\\\/\",\"logo\":{\"@type\":\"ImageObject\",\"inLanguage\":\"es\",\"@id\":\"https:\\\/\\\/fmpatagoniamadryn.com.ar\\\/#\\\/schema\\\/logo\\\/image\\\/\",\"url\":\"https:\\\/\\\/fmpatagoniamadryn.com.ar\\\/wp-content\\\/uploads\\\/2023\\\/01\\\/cropped-Diseno-sin-titulo.png\",\"contentUrl\":\"https:\\\/\\\/fmpatagoniamadryn.com.ar\\\/wp-content\\\/uploads\\\/2023\\\/01\\\/cropped-Diseno-sin-titulo.png\",\"width\":6911,\"height\":2657,\"caption\":\"FM Patagonia Madryn\"},\"image\":{\"@id\":\"https:\\\/\\\/fmpatagoniamadryn.com.ar\\\/#\\\/schema\\\/logo\\\/image\\\/\"}},{\"@type\":\"Person\",\"@id\":\"https:\\\/\\\/fmpatagoniamadryn.com.ar\\\/#\\\/schema\\\/person\\\/8a3de4ad7efceacab06c1641c50303b7\",\"name\":\"FM Patagonia\",\"url\":\"https:\\\/\\\/fmpatagoniamadryn.com.ar\\\/?author=2\"}]}<\/script>\n<!-- \/ Yoast SEO plugin. -->","yoast_head_json":{"title":"Diputados aprob\u00f3 que las escuelas est\u00e9n abiertas los d\u00edas de paro - FM Patagonia Madryn","robots":{"index":"index","follow":"follow","max-snippet":"max-snippet:-1","max-image-preview":"max-image-preview:large","max-video-preview":"max-video-preview:-1"},"canonical":"https:\/\/fmpatagoniamadryn.com.ar\/?p=11732","og_locale":"es_ES","og_type":"article","og_title":"Diputados aprob\u00f3 que las escuelas est\u00e9n abiertas los d\u00edas de paro - FM Patagonia Madryn","og_description":"La C\u00e1mara de Diputados aprob\u00f3 el proyecto que declara a la educaci\u00f3n como \u00abServicio Estrat\u00e9gico Esencial\u00bb, con el fin de garantizar 180 d\u00edas de clases en las escuelas p\u00fablicas del&hellip;","og_url":"https:\/\/fmpatagoniamadryn.com.ar\/?p=11732","og_site_name":"FM Patagonia Madryn","article_published_time":"2024-08-15T12:22:00+00:00","article_modified_time":"2024-08-15T12:22:35+00:00","og_image":[{"width":440,"height":247,"url":"https:\/\/fmpatagoniamadryn.com.ar\/wp-content\/uploads\/2024\/08\/67210w440h247c.webp.webp","type":"image\/webp"}],"author":"FM Patagonia","twitter_card":"summary_large_image","twitter_misc":{"Escrito por":"FM Patagonia","Tiempo de lectura":"4 minutos"},"schema":{"@context":"https:\/\/schema.org","@graph":[{"@type":"Article","@id":"https:\/\/fmpatagoniamadryn.com.ar\/?p=11732#article","isPartOf":{"@id":"https:\/\/fmpatagoniamadryn.com.ar\/?p=11732"},"author":{"name":"FM Patagonia","@id":"https:\/\/fmpatagoniamadryn.com.ar\/#\/schema\/person\/8a3de4ad7efceacab06c1641c50303b7"},"headline":"Diputados aprob\u00f3 que las escuelas est\u00e9n abiertas los d\u00edas de paro","datePublished":"2024-08-15T12:22:00+00:00","dateModified":"2024-08-15T12:22:35+00:00","mainEntityOfPage":{"@id":"https:\/\/fmpatagoniamadryn.com.ar\/?p=11732"},"wordCount":795,"publisher":{"@id":"https:\/\/fmpatagoniamadryn.com.ar\/#organization"},"image":{"@id":"https:\/\/fmpatagoniamadryn.com.ar\/?p=11732#primaryimage"},"thumbnailUrl":"https:\/\/fmpatagoniamadryn.com.ar\/wp-content\/uploads\/2024\/08\/67210w440h247c.webp.webp","articleSection":["Nacionales"],"inLanguage":"es"},{"@type":"WebPage","@id":"https:\/\/fmpatagoniamadryn.com.ar\/?p=11732","url":"https:\/\/fmpatagoniamadryn.com.ar\/?p=11732","name":"Diputados aprob\u00f3 que las escuelas est\u00e9n abiertas los d\u00edas de paro - FM Patagonia Madryn","isPartOf":{"@id":"https:\/\/fmpatagoniamadryn.com.ar\/#website"},"primaryImageOfPage":{"@id":"https:\/\/fmpatagoniamadryn.com.ar\/?p=11732#primaryimage"},"image":{"@id":"https:\/\/fmpatagoniamadryn.com.ar\/?p=11732#primaryimage"},"thumbnailUrl":"https:\/\/fmpatagoniamadryn.com.ar\/wp-content\/uploads\/2024\/08\/67210w440h247c.webp.webp","datePublished":"2024-08-15T12:22:00+00:00","dateModified":"2024-08-15T12:22:35+00:00","breadcrumb":{"@id":"https:\/\/fmpatagoniamadryn.com.ar\/?p=11732#breadcrumb"},"inLanguage":"es","potentialAction":[{"@type":"ReadAction","target":["https:\/\/fmpatagoniamadryn.com.ar\/?p=11732"]}]},{"@type":"ImageObject","inLanguage":"es","@id":"https:\/\/fmpatagoniamadryn.com.ar\/?p=11732#primaryimage","url":"https:\/\/fmpatagoniamadryn.com.ar\/wp-content\/uploads\/2024\/08\/67210w440h247c.webp.webp","contentUrl":"https:\/\/fmpatagoniamadryn.com.ar\/wp-content\/uploads\/2024\/08\/67210w440h247c.webp.webp","width":440,"height":247},{"@type":"BreadcrumbList","@id":"https:\/\/fmpatagoniamadryn.com.ar\/?p=11732#breadcrumb","itemListElement":[{"@type":"ListItem","position":1,"name":"Portada","item":"https:\/\/fmpatagoniamadryn.com.ar\/"},{"@type":"ListItem","position":2,"name":"Diputados aprob\u00f3 que las escuelas est\u00e9n abiertas los d\u00edas de paro"}]},{"@type":"WebSite","@id":"https:\/\/fmpatagoniamadryn.com.ar\/#website","url":"https:\/\/fmpatagoniamadryn.com.ar\/","name":"FM Patagonia Madryn","description":"Radio Patagonia 105.5","publisher":{"@id":"https:\/\/fmpatagoniamadryn.com.ar\/#organization"},"potentialAction":[{"@type":"SearchAction","target":{"@type":"EntryPoint","urlTemplate":"https:\/\/fmpatagoniamadryn.com.ar\/?s={search_term_string}"},"query-input":{"@type":"PropertyValueSpecification","valueRequired":true,"valueName":"search_term_string"}}],"inLanguage":"es"},{"@type":"Organization","@id":"https:\/\/fmpatagoniamadryn.com.ar\/#organization","name":"FM Patagonia Madryn","url":"https:\/\/fmpatagoniamadryn.com.ar\/","logo":{"@type":"ImageObject","inLanguage":"es","@id":"https:\/\/fmpatagoniamadryn.com.ar\/#\/schema\/logo\/image\/","url":"https:\/\/fmpatagoniamadryn.com.ar\/wp-content\/uploads\/2023\/01\/cropped-Diseno-sin-titulo.png","contentUrl":"https:\/\/fmpatagoniamadryn.com.ar\/wp-content\/uploads\/2023\/01\/cropped-Diseno-sin-titulo.png","width":6911,"height":2657,"caption":"FM Patagonia Madryn"},"image":{"@id":"https:\/\/fmpatagoniamadryn.com.ar\/#\/schema\/logo\/image\/"}},{"@type":"Person","@id":"https:\/\/fmpatagoniamadryn.com.ar\/#\/schema\/person\/8a3de4ad7efceacab06c1641c50303b7","name":"FM Patagonia","url":"https:\/\/fmpatagoniamadryn.com.ar\/?author=2"}]}},"jetpack_featured_media_url":"https:\/\/fmpatagoniamadryn.com.ar\/wp-content\/uploads\/2024\/08\/67210w440h247c.webp.webp","_links":{"self":[{"href":"https:\/\/fmpatagoniamadryn.com.ar\/index.php?rest_route=\/wp\/v2\/posts\/11732","targetHints":{"allow":["GET"]}}],"collection":[{"href":"https:\/\/fmpatagoniamadryn.com.ar\/index.php?rest_route=\/wp\/v2\/posts"}],"about":[{"href":"https:\/\/fmpatagoniamadryn.com.ar\/index.php?rest_route=\/wp\/v2\/types\/post"}],"author":[{"embeddable":true,"href":"https:\/\/fmpatagoniamadryn.com.ar\/index.php?rest_route=\/wp\/v2\/users\/2"}],"replies":[{"embeddable":true,"href":"https:\/\/fmpatagoniamadryn.com.ar\/index.php?rest_route=%2Fwp%2Fv2%2Fcomments&post=11732"}],"version-history":[{"count":1,"href":"https:\/\/fmpatagoniamadryn.com.ar\/index.php?rest_route=\/wp\/v2\/posts\/11732\/revisions"}],"predecessor-version":[{"id":11733,"href":"https:\/\/fmpatagoniamadryn.com.ar\/index.php?rest_route=\/wp\/v2\/posts\/11732\/revisions\/11733"}],"wp:featuredmedia":[{"embeddable":true,"href":"https:\/\/fmpatagoniamadryn.com.ar\/index.php?rest_route=\/wp\/v2\/media\/11731"}],"wp:attachment":[{"href":"https:\/\/fmpatagoniamadryn.com.ar\/index.php?rest_route=%2Fwp%2Fv2%2Fmedia&parent=11732"}],"wp:term":[{"taxonomy":"category","embeddable":true,"href":"https:\/\/fmpatagoniamadryn.com.ar\/index.php?rest_route=%2Fwp%2Fv2%2Fcategories&post=11732"},{"taxonomy":"post_tag","embeddable":true,"href":"https:\/\/fmpatagoniamadryn.com.ar\/index.php?rest_route=%2Fwp%2Fv2%2Ftags&post=11732"}],"curies":[{"name":"wp","href":"https:\/\/api.w.org\/{rel}","templated":true}]}}