{"id":11735,"date":"2024-08-15T11:16:16","date_gmt":"2024-08-15T14:16:16","guid":{"rendered":"https:\/\/fmpatagoniamadryn.com.ar\/?p=11735"},"modified":"2024-08-15T11:16:37","modified_gmt":"2024-08-15T14:16:37","slug":"concierto-de-la-orquesta-municipal-en-el-mes-de-las-infancias","status":"publish","type":"post","link":"https:\/\/fmpatagoniamadryn.com.ar\/?p=11735","title":{"rendered":"CONCIERTO DE LA ORQUESTA MUNICIPAL EN EL MES DE LAS INFANCIAS"},"content":{"rendered":"\n<p><br><br><br>Se trata de la Infantil y Preinfantil del barrio Per\u00f3n que se presentar\u00e1 el s\u00e1bado 17 de agosto a las 11.30 horas en el Shopping Portal de Madryn. Tambi\u00e9n brindar\u00e1n su actuaci\u00f3n las ni\u00f1as del taller de Danzas Cl\u00e1sicas dirigido por Patricia Rodr\u00edguez Tosti y el Coro Infantil que dirige In\u00e9s Arce<br><br> <br><br>La Municipalidad de Puerto Madryn, a trav\u00e9s de la Subsecretar\u00eda de Cultura, invita a la comunidad a disfrutar de un concierto que ofrecer\u00e1 la Orquesta Infantil y Pre Infantil Municipal del Barrio Per\u00f3n en el marco del mes de las infancias. La presentaci\u00f3n ser\u00e1 el s\u00e1bado 17 de agosto a las 11.30 en el Shopping Portal de Madryn.<br><br>Cabe destacar que en esta oportunidad, participar\u00e1n las ni\u00f1as del taller de Danzas Cl\u00e1sicas dirigido por Patricia Rodr\u00edguez Tosti, bailando peque\u00f1as coreograf\u00edas. Adem\u00e1s, se presentar\u00e1 el Coro Infantil que dirige In\u00e9s Arce con un variado repertorio.<br><br>Cabe recordar que con el apoyo de la Subsecretar\u00eda de Cultura de la Municipalidad, hace 2 a\u00f1os se cre\u00f3 una nueva experiencia de orquesta infantil al que asisten mayormente ni\u00f1os y ni\u00f1as del jard\u00edn 487, y de la Escuela 222 del Barrio Per\u00f3n. La particularidad de esta propuesta es que pueden ingresar a aprender viol\u00edn y violoncellos desde los 3 a\u00f1os de edad. Al d\u00eda de hoy la orquesta cuenta en total con unos 35 integrantes, que van hasta 11 a\u00f1os.<br><br>El equipo de profesores de la Orquesta Infantil y Pre infantil del Barrio Per\u00f3n est\u00e1 constituido por Ana Mar\u00eda Pomar, Milena Jaranillo, Naara Herrera y Jerem\u00edas Millalonco en viol\u00edn; Silvina Selzer y Sol Latini en violoncello; Vanessa Fern\u00e1ndes Garuzi como bedel y Silvina Selzer en direcci\u00f3n y coordinaci\u00f3n.<br><br>Por \u00faltimo es importante mencionar que varios de ellos provienen de la misma Orquesta Infanto Juvenil en la que se formaron, y hoy se encuentran ya ense\u00f1ando, iniciando su camino como docentes en estos instrumentos<\/p>\n","protected":false},"excerpt":{"rendered":"<p>Se trata de la Infantil y Preinfantil del barrio Per\u00f3n que se presentar\u00e1 el s\u00e1bado 17 de agosto a las 11.30 horas en el Shopping Portal de Madryn. Tambi\u00e9n brindar\u00e1n&hellip; <\/p>\n","protected":false},"author":2,"featured_media":11734,"comment_status":"closed","ping_status":"closed","sticky":false,"template":"","format":"standard","meta":{"footnotes":""},"categories":[15],"tags":[],"class_list":["post-11735","post","type-post","status-publish","format-standard","has-post-thumbnail","hentry","category-locales"],"yoast_head":"<!-- This site is optimized with the Yoast SEO plugin v27.4 - https:\/\/yoast.com\/product\/yoast-seo-wordpress\/ -->\n<title>CONCIERTO DE LA ORQUESTA MUNICIPAL EN EL MES DE LAS INFANCIAS - FM Patagonia Madryn<\/title>\n<meta name=\"robots\" content=\"index, follow, max-snippet:-1, max-image-preview:large, max-video-preview:-1\" \/>\n<link rel=\"canonical\" href=\"https:\/\/fmpatagoniamadryn.com.ar\/?p=11735\" \/>\n<meta property=\"og:locale\" content=\"es_ES\" \/>\n<meta property=\"og:type\" content=\"article\" \/>\n<meta property=\"og:title\" content=\"CONCIERTO DE LA ORQUESTA MUNICIPAL EN EL MES DE LAS INFANCIAS - FM Patagonia Madryn\" \/>\n<meta property=\"og:description\" content=\"Se trata de la Infantil y Preinfantil del barrio Per\u00f3n que se presentar\u00e1 el s\u00e1bado 17 de agosto a las 11.30 horas en el Shopping Portal de Madryn. Tambi\u00e9n brindar\u00e1n&hellip;\" \/>\n<meta property=\"og:url\" content=\"https:\/\/fmpatagoniamadryn.com.ar\/?p=11735\" \/>\n<meta property=\"og:site_name\" content=\"FM Patagonia Madryn\" \/>\n<meta property=\"article:published_time\" content=\"2024-08-15T14:16:16+00:00\" \/>\n<meta property=\"article:modified_time\" content=\"2024-08-15T14:16:37+00:00\" \/>\n<meta property=\"og:image\" content=\"https:\/\/fmpatagoniamadryn.com.ar\/wp-content\/uploads\/2024\/08\/449320143_862899472527736_8966628258846965568_n-1.jpg\" \/>\n\t<meta property=\"og:image:width\" content=\"1600\" \/>\n\t<meta property=\"og:image:height\" content=\"1066\" \/>\n\t<meta property=\"og:image:type\" content=\"image\/jpeg\" \/>\n<meta name=\"author\" content=\"FM Patagonia\" \/>\n<meta name=\"twitter:card\" content=\"summary_large_image\" \/>\n<meta name=\"twitter:label1\" content=\"Escrito por\" \/>\n\t<meta name=\"twitter:data1\" content=\"FM Patagonia\" \/>\n\t<meta name=\"twitter:label2\" content=\"Tiempo de lectura\" \/>\n\t<meta name=\"twitter:data2\" content=\"2 minutos\" \/>\n<script type=\"application\/ld+json\" class=\"yoast-schema-graph\">{\"@context\":\"https:\\\/\\\/schema.org\",\"@graph\":[{\"@type\":\"Article\",\"@id\":\"https:\\\/\\\/fmpatagoniamadryn.com.ar\\\/?p=11735#article\",\"isPartOf\":{\"@id\":\"https:\\\/\\\/fmpatagoniamadryn.com.ar\\\/?p=11735\"},\"author\":{\"name\":\"FM Patagonia\",\"@id\":\"https:\\\/\\\/fmpatagoniamadryn.com.ar\\\/#\\\/schema\\\/person\\\/8a3de4ad7efceacab06c1641c50303b7\"},\"headline\":\"CONCIERTO DE LA ORQUESTA MUNICIPAL EN EL MES DE LAS INFANCIAS\",\"datePublished\":\"2024-08-15T14:16:16+00:00\",\"dateModified\":\"2024-08-15T14:16:37+00:00\",\"mainEntityOfPage\":{\"@id\":\"https:\\\/\\\/fmpatagoniamadryn.com.ar\\\/?p=11735\"},\"wordCount\":351,\"publisher\":{\"@id\":\"https:\\\/\\\/fmpatagoniamadryn.com.ar\\\/#organization\"},\"image\":{\"@id\":\"https:\\\/\\\/fmpatagoniamadryn.com.ar\\\/?p=11735#primaryimage\"},\"thumbnailUrl\":\"https:\\\/\\\/fmpatagoniamadryn.com.ar\\\/wp-content\\\/uploads\\\/2024\\\/08\\\/449320143_862899472527736_8966628258846965568_n-1.jpg\",\"articleSection\":[\"Locales\"],\"inLanguage\":\"es\"},{\"@type\":\"WebPage\",\"@id\":\"https:\\\/\\\/fmpatagoniamadryn.com.ar\\\/?p=11735\",\"url\":\"https:\\\/\\\/fmpatagoniamadryn.com.ar\\\/?p=11735\",\"name\":\"CONCIERTO DE LA ORQUESTA MUNICIPAL EN EL MES DE LAS INFANCIAS - FM Patagonia Madryn\",\"isPartOf\":{\"@id\":\"https:\\\/\\\/fmpatagoniamadryn.com.ar\\\/#website\"},\"primaryImageOfPage\":{\"@id\":\"https:\\\/\\\/fmpatagoniamadryn.com.ar\\\/?p=11735#primaryimage\"},\"image\":{\"@id\":\"https:\\\/\\\/fmpatagoniamadryn.com.ar\\\/?p=11735#primaryimage\"},\"thumbnailUrl\":\"https:\\\/\\\/fmpatagoniamadryn.com.ar\\\/wp-content\\\/uploads\\\/2024\\\/08\\\/449320143_862899472527736_8966628258846965568_n-1.jpg\",\"datePublished\":\"2024-08-15T14:16:16+00:00\",\"dateModified\":\"2024-08-15T14:16:37+00:00\",\"breadcrumb\":{\"@id\":\"https:\\\/\\\/fmpatagoniamadryn.com.ar\\\/?p=11735#breadcrumb\"},\"inLanguage\":\"es\",\"potentialAction\":[{\"@type\":\"ReadAction\",\"target\":[\"https:\\\/\\\/fmpatagoniamadryn.com.ar\\\/?p=11735\"]}]},{\"@type\":\"ImageObject\",\"inLanguage\":\"es\",\"@id\":\"https:\\\/\\\/fmpatagoniamadryn.com.ar\\\/?p=11735#primaryimage\",\"url\":\"https:\\\/\\\/fmpatagoniamadryn.com.ar\\\/wp-content\\\/uploads\\\/2024\\\/08\\\/449320143_862899472527736_8966628258846965568_n-1.jpg\",\"contentUrl\":\"https:\\\/\\\/fmpatagoniamadryn.com.ar\\\/wp-content\\\/uploads\\\/2024\\\/08\\\/449320143_862899472527736_8966628258846965568_n-1.jpg\",\"width\":1600,\"height\":1066},{\"@type\":\"BreadcrumbList\",\"@id\":\"https:\\\/\\\/fmpatagoniamadryn.com.ar\\\/?p=11735#breadcrumb\",\"itemListElement\":[{\"@type\":\"ListItem\",\"position\":1,\"name\":\"Portada\",\"item\":\"https:\\\/\\\/fmpatagoniamadryn.com.ar\\\/\"},{\"@type\":\"ListItem\",\"position\":2,\"name\":\"CONCIERTO DE LA ORQUESTA MUNICIPAL EN EL MES DE LAS INFANCIAS\"}]},{\"@type\":\"WebSite\",\"@id\":\"https:\\\/\\\/fmpatagoniamadryn.com.ar\\\/#website\",\"url\":\"https:\\\/\\\/fmpatagoniamadryn.com.ar\\\/\",\"name\":\"FM Patagonia Madryn\",\"description\":\"Radio Patagonia 105.5\",\"publisher\":{\"@id\":\"https:\\\/\\\/fmpatagoniamadryn.com.ar\\\/#organization\"},\"potentialAction\":[{\"@type\":\"SearchAction\",\"target\":{\"@type\":\"EntryPoint\",\"urlTemplate\":\"https:\\\/\\\/fmpatagoniamadryn.com.ar\\\/?s={search_term_string}\"},\"query-input\":{\"@type\":\"PropertyValueSpecification\",\"valueRequired\":true,\"valueName\":\"search_term_string\"}}],\"inLanguage\":\"es\"},{\"@type\":\"Organization\",\"@id\":\"https:\\\/\\\/fmpatagoniamadryn.com.ar\\\/#organization\",\"name\":\"FM Patagonia Madryn\",\"url\":\"https:\\\/\\\/fmpatagoniamadryn.com.ar\\\/\",\"logo\":{\"@type\":\"ImageObject\",\"inLanguage\":\"es\",\"@id\":\"https:\\\/\\\/fmpatagoniamadryn.com.ar\\\/#\\\/schema\\\/logo\\\/image\\\/\",\"url\":\"https:\\\/\\\/fmpatagoniamadryn.com.ar\\\/wp-content\\\/uploads\\\/2023\\\/01\\\/cropped-Diseno-sin-titulo.png\",\"contentUrl\":\"https:\\\/\\\/fmpatagoniamadryn.com.ar\\\/wp-content\\\/uploads\\\/2023\\\/01\\\/cropped-Diseno-sin-titulo.png\",\"width\":6911,\"height\":2657,\"caption\":\"FM Patagonia Madryn\"},\"image\":{\"@id\":\"https:\\\/\\\/fmpatagoniamadryn.com.ar\\\/#\\\/schema\\\/logo\\\/image\\\/\"}},{\"@type\":\"Person\",\"@id\":\"https:\\\/\\\/fmpatagoniamadryn.com.ar\\\/#\\\/schema\\\/person\\\/8a3de4ad7efceacab06c1641c50303b7\",\"name\":\"FM Patagonia\",\"url\":\"https:\\\/\\\/fmpatagoniamadryn.com.ar\\\/?author=2\"}]}<\/script>\n<!-- \/ Yoast SEO plugin. -->","yoast_head_json":{"title":"CONCIERTO DE LA ORQUESTA MUNICIPAL EN EL MES DE LAS INFANCIAS - FM Patagonia Madryn","robots":{"index":"index","follow":"follow","max-snippet":"max-snippet:-1","max-image-preview":"max-image-preview:large","max-video-preview":"max-video-preview:-1"},"canonical":"https:\/\/fmpatagoniamadryn.com.ar\/?p=11735","og_locale":"es_ES","og_type":"article","og_title":"CONCIERTO DE LA ORQUESTA MUNICIPAL EN EL MES DE LAS INFANCIAS - FM Patagonia Madryn","og_description":"Se trata de la Infantil y Preinfantil del barrio Per\u00f3n que se presentar\u00e1 el s\u00e1bado 17 de agosto a las 11.30 horas en el Shopping Portal de Madryn. Tambi\u00e9n brindar\u00e1n&hellip;","og_url":"https:\/\/fmpatagoniamadryn.com.ar\/?p=11735","og_site_name":"FM Patagonia Madryn","article_published_time":"2024-08-15T14:16:16+00:00","article_modified_time":"2024-08-15T14:16:37+00:00","og_image":[{"width":1600,"height":1066,"url":"https:\/\/fmpatagoniamadryn.com.ar\/wp-content\/uploads\/2024\/08\/449320143_862899472527736_8966628258846965568_n-1.jpg","type":"image\/jpeg"}],"author":"FM Patagonia","twitter_card":"summary_large_image","twitter_misc":{"Escrito por":"FM Patagonia","Tiempo de lectura":"2 minutos"},"schema":{"@context":"https:\/\/schema.org","@graph":[{"@type":"Article","@id":"https:\/\/fmpatagoniamadryn.com.ar\/?p=11735#article","isPartOf":{"@id":"https:\/\/fmpatagoniamadryn.com.ar\/?p=11735"},"author":{"name":"FM Patagonia","@id":"https:\/\/fmpatagoniamadryn.com.ar\/#\/schema\/person\/8a3de4ad7efceacab06c1641c50303b7"},"headline":"CONCIERTO DE LA ORQUESTA MUNICIPAL EN EL MES DE LAS INFANCIAS","datePublished":"2024-08-15T14:16:16+00:00","dateModified":"2024-08-15T14:16:37+00:00","mainEntityOfPage":{"@id":"https:\/\/fmpatagoniamadryn.com.ar\/?p=11735"},"wordCount":351,"publisher":{"@id":"https:\/\/fmpatagoniamadryn.com.ar\/#organization"},"image":{"@id":"https:\/\/fmpatagoniamadryn.com.ar\/?p=11735#primaryimage"},"thumbnailUrl":"https:\/\/fmpatagoniamadryn.com.ar\/wp-content\/uploads\/2024\/08\/449320143_862899472527736_8966628258846965568_n-1.jpg","articleSection":["Locales"],"inLanguage":"es"},{"@type":"WebPage","@id":"https:\/\/fmpatagoniamadryn.com.ar\/?p=11735","url":"https:\/\/fmpatagoniamadryn.com.ar\/?p=11735","name":"CONCIERTO DE LA ORQUESTA MUNICIPAL EN EL MES DE LAS INFANCIAS - FM Patagonia Madryn","isPartOf":{"@id":"https:\/\/fmpatagoniamadryn.com.ar\/#website"},"primaryImageOfPage":{"@id":"https:\/\/fmpatagoniamadryn.com.ar\/?p=11735#primaryimage"},"image":{"@id":"https:\/\/fmpatagoniamadryn.com.ar\/?p=11735#primaryimage"},"thumbnailUrl":"https:\/\/fmpatagoniamadryn.com.ar\/wp-content\/uploads\/2024\/08\/449320143_862899472527736_8966628258846965568_n-1.jpg","datePublished":"2024-08-15T14:16:16+00:00","dateModified":"2024-08-15T14:16:37+00:00","breadcrumb":{"@id":"https:\/\/fmpatagoniamadryn.com.ar\/?p=11735#breadcrumb"},"inLanguage":"es","potentialAction":[{"@type":"ReadAction","target":["https:\/\/fmpatagoniamadryn.com.ar\/?p=11735"]}]},{"@type":"ImageObject","inLanguage":"es","@id":"https:\/\/fmpatagoniamadryn.com.ar\/?p=11735#primaryimage","url":"https:\/\/fmpatagoniamadryn.com.ar\/wp-content\/uploads\/2024\/08\/449320143_862899472527736_8966628258846965568_n-1.jpg","contentUrl":"https:\/\/fmpatagoniamadryn.com.ar\/wp-content\/uploads\/2024\/08\/449320143_862899472527736_8966628258846965568_n-1.jpg","width":1600,"height":1066},{"@type":"BreadcrumbList","@id":"https:\/\/fmpatagoniamadryn.com.ar\/?p=11735#breadcrumb","itemListElement":[{"@type":"ListItem","position":1,"name":"Portada","item":"https:\/\/fmpatagoniamadryn.com.ar\/"},{"@type":"ListItem","position":2,"name":"CONCIERTO DE LA ORQUESTA MUNICIPAL EN EL MES DE LAS INFANCIAS"}]},{"@type":"WebSite","@id":"https:\/\/fmpatagoniamadryn.com.ar\/#website","url":"https:\/\/fmpatagoniamadryn.com.ar\/","name":"FM Patagonia Madryn","description":"Radio Patagonia 105.5","publisher":{"@id":"https:\/\/fmpatagoniamadryn.com.ar\/#organization"},"potentialAction":[{"@type":"SearchAction","target":{"@type":"EntryPoint","urlTemplate":"https:\/\/fmpatagoniamadryn.com.ar\/?s={search_term_string}"},"query-input":{"@type":"PropertyValueSpecification","valueRequired":true,"valueName":"search_term_string"}}],"inLanguage":"es"},{"@type":"Organization","@id":"https:\/\/fmpatagoniamadryn.com.ar\/#organization","name":"FM Patagonia Madryn","url":"https:\/\/fmpatagoniamadryn.com.ar\/","logo":{"@type":"ImageObject","inLanguage":"es","@id":"https:\/\/fmpatagoniamadryn.com.ar\/#\/schema\/logo\/image\/","url":"https:\/\/fmpatagoniamadryn.com.ar\/wp-content\/uploads\/2023\/01\/cropped-Diseno-sin-titulo.png","contentUrl":"https:\/\/fmpatagoniamadryn.com.ar\/wp-content\/uploads\/2023\/01\/cropped-Diseno-sin-titulo.png","width":6911,"height":2657,"caption":"FM Patagonia Madryn"},"image":{"@id":"https:\/\/fmpatagoniamadryn.com.ar\/#\/schema\/logo\/image\/"}},{"@type":"Person","@id":"https:\/\/fmpatagoniamadryn.com.ar\/#\/schema\/person\/8a3de4ad7efceacab06c1641c50303b7","name":"FM Patagonia","url":"https:\/\/fmpatagoniamadryn.com.ar\/?author=2"}]}},"jetpack_featured_media_url":"https:\/\/fmpatagoniamadryn.com.ar\/wp-content\/uploads\/2024\/08\/449320143_862899472527736_8966628258846965568_n-1.jpg","_links":{"self":[{"href":"https:\/\/fmpatagoniamadryn.com.ar\/index.php?rest_route=\/wp\/v2\/posts\/11735","targetHints":{"allow":["GET"]}}],"collection":[{"href":"https:\/\/fmpatagoniamadryn.com.ar\/index.php?rest_route=\/wp\/v2\/posts"}],"about":[{"href":"https:\/\/fmpatagoniamadryn.com.ar\/index.php?rest_route=\/wp\/v2\/types\/post"}],"author":[{"embeddable":true,"href":"https:\/\/fmpatagoniamadryn.com.ar\/index.php?rest_route=\/wp\/v2\/users\/2"}],"replies":[{"embeddable":true,"href":"https:\/\/fmpatagoniamadryn.com.ar\/index.php?rest_route=%2Fwp%2Fv2%2Fcomments&post=11735"}],"version-history":[{"count":1,"href":"https:\/\/fmpatagoniamadryn.com.ar\/index.php?rest_route=\/wp\/v2\/posts\/11735\/revisions"}],"predecessor-version":[{"id":11736,"href":"https:\/\/fmpatagoniamadryn.com.ar\/index.php?rest_route=\/wp\/v2\/posts\/11735\/revisions\/11736"}],"wp:featuredmedia":[{"embeddable":true,"href":"https:\/\/fmpatagoniamadryn.com.ar\/index.php?rest_route=\/wp\/v2\/media\/11734"}],"wp:attachment":[{"href":"https:\/\/fmpatagoniamadryn.com.ar\/index.php?rest_route=%2Fwp%2Fv2%2Fmedia&parent=11735"}],"wp:term":[{"taxonomy":"category","embeddable":true,"href":"https:\/\/fmpatagoniamadryn.com.ar\/index.php?rest_route=%2Fwp%2Fv2%2Fcategories&post=11735"},{"taxonomy":"post_tag","embeddable":true,"href":"https:\/\/fmpatagoniamadryn.com.ar\/index.php?rest_route=%2Fwp%2Fv2%2Ftags&post=11735"}],"curies":[{"name":"wp","href":"https:\/\/api.w.org\/{rel}","templated":true}]}}