{"id":11738,"date":"2024-08-15T13:18:40","date_gmt":"2024-08-15T16:18:40","guid":{"rendered":"https:\/\/fmpatagoniamadryn.com.ar\/?p=11738"},"modified":"2024-08-15T13:18:53","modified_gmt":"2024-08-15T16:18:53","slug":"el-gobierno-del-chubut-informa-nuevos-horarios-y-frecuencias-de-colectivos-en-el-virch","status":"publish","type":"post","link":"https:\/\/fmpatagoniamadryn.com.ar\/?p=11738","title":{"rendered":"<br>El Gobierno del Chubut informa nuevos horarios y frecuencias de colectivos en el VIRCh"},"content":{"rendered":"\n<p> <br><br><br>Se incorporar\u00e1n a partir del pr\u00f3ximo lunes 19 de agosto y est\u00e1n dise\u00f1ados para atender las necesidades de estudiantes, trabajadores y otros usuarios que dependen del transporte p\u00fablico en su vida diaria.<br><br>Con el objetivo promovido por el gobernador Ignacio \u201cNacho\u201d Torres, de fortalecer la conectividad en la provincia, el Gobierno del Chubut, a trav\u00e9s de la Subsecretar\u00eda de Autotransporte, junto con las l\u00edneas de colectivos que operan en el Valle Inferior del R\u00edo Chubut (VIRCh), pondr\u00e1n en marcha nuevas frecuencias horarias en los recorridos que comprenden las localidades de Trelew, Gaiman, Dolavon y 28 de Julio.<br><br><br>En ese sentido, a partir del pr\u00f3ximo lunes 19 de agosto se incorporar\u00e1n nuevas frecuencias dentro del servicio de Autotransporte Ceferino. Esta oferta ampliar\u00e1 la cobertura horaria, permitiendo a los usuarios contar con un servicio de transporte m\u00e1s accesible desde las primeras horas de la ma\u00f1ana hasta altas horas de la noche.<br><br><br>Estos nuevos horarios, est\u00e1n dise\u00f1ados para atender las necesidades de estudiantes, trabajadores y otros usuarios que dependen del transporte p\u00fablico en su vida diaria.<br><br><br>Finalmente, la Subsecretar\u00eda de Autotransporte inform\u00f3 a los usuarios que para obtener m\u00e1s detalles sobre los horarios de las l\u00edneas de colectivo que operan en el Valle, pueden visitar las v\u00edas de comunicaci\u00f3n oficiales del Ministerio de Gobierno o acceder al siguiente enlace:&nbsp; https:\/\/www.gobierno.chubut.gov.ar\/ssat\/<br><br>&#8212;<\/p>\n","protected":false},"excerpt":{"rendered":"<p>Se incorporar\u00e1n a partir del pr\u00f3ximo lunes 19 de agosto y est\u00e1n dise\u00f1ados para atender las necesidades de estudiantes, trabajadores y otros usuarios que dependen del transporte p\u00fablico en su&hellip; <\/p>\n","protected":false},"author":2,"featured_media":11737,"comment_status":"closed","ping_status":"closed","sticky":false,"template":"","format":"standard","meta":{"footnotes":""},"categories":[15],"tags":[],"class_list":["post-11738","post","type-post","status-publish","format-standard","has-post-thumbnail","hentry","category-locales"],"yoast_head":"<!-- This site is optimized with the Yoast SEO plugin v27.4 - https:\/\/yoast.com\/product\/yoast-seo-wordpress\/ -->\n<title>El Gobierno del Chubut informa nuevos horarios y frecuencias de colectivos en el VIRCh - FM Patagonia Madryn<\/title>\n<meta name=\"robots\" content=\"index, follow, max-snippet:-1, max-image-preview:large, max-video-preview:-1\" \/>\n<link rel=\"canonical\" href=\"https:\/\/fmpatagoniamadryn.com.ar\/?p=11738\" \/>\n<meta property=\"og:locale\" content=\"es_ES\" \/>\n<meta property=\"og:type\" content=\"article\" \/>\n<meta property=\"og:title\" content=\"El Gobierno del Chubut informa nuevos horarios y frecuencias de colectivos en el VIRCh - FM Patagonia Madryn\" \/>\n<meta property=\"og:description\" content=\"Se incorporar\u00e1n a partir del pr\u00f3ximo lunes 19 de agosto y est\u00e1n dise\u00f1ados para atender las necesidades de estudiantes, trabajadores y otros usuarios que dependen del transporte p\u00fablico en su&hellip;\" \/>\n<meta property=\"og:url\" content=\"https:\/\/fmpatagoniamadryn.com.ar\/?p=11738\" \/>\n<meta property=\"og:site_name\" content=\"FM Patagonia Madryn\" \/>\n<meta property=\"article:published_time\" content=\"2024-08-15T16:18:40+00:00\" \/>\n<meta property=\"article:modified_time\" content=\"2024-08-15T16:18:53+00:00\" \/>\n<meta property=\"og:image\" content=\"https:\/\/fmpatagoniamadryn.com.ar\/wp-content\/uploads\/2024\/08\/Nuevas-frecuencias.jpeg\" \/>\n\t<meta property=\"og:image:width\" content=\"960\" \/>\n\t<meta property=\"og:image:height\" content=\"1280\" \/>\n\t<meta property=\"og:image:type\" content=\"image\/jpeg\" \/>\n<meta name=\"author\" content=\"FM Patagonia\" \/>\n<meta name=\"twitter:card\" content=\"summary_large_image\" \/>\n<meta name=\"twitter:label1\" content=\"Escrito por\" \/>\n\t<meta name=\"twitter:data1\" content=\"FM Patagonia\" \/>\n\t<meta name=\"twitter:label2\" content=\"Tiempo de lectura\" \/>\n\t<meta name=\"twitter:data2\" content=\"1 minuto\" \/>\n<script type=\"application\/ld+json\" class=\"yoast-schema-graph\">{\"@context\":\"https:\\\/\\\/schema.org\",\"@graph\":[{\"@type\":\"Article\",\"@id\":\"https:\\\/\\\/fmpatagoniamadryn.com.ar\\\/?p=11738#article\",\"isPartOf\":{\"@id\":\"https:\\\/\\\/fmpatagoniamadryn.com.ar\\\/?p=11738\"},\"author\":{\"name\":\"FM Patagonia\",\"@id\":\"https:\\\/\\\/fmpatagoniamadryn.com.ar\\\/#\\\/schema\\\/person\\\/8a3de4ad7efceacab06c1641c50303b7\"},\"headline\":\"El Gobierno del Chubut informa nuevos horarios y frecuencias de colectivos en el VIRCh\",\"datePublished\":\"2024-08-15T16:18:40+00:00\",\"dateModified\":\"2024-08-15T16:18:53+00:00\",\"mainEntityOfPage\":{\"@id\":\"https:\\\/\\\/fmpatagoniamadryn.com.ar\\\/?p=11738\"},\"wordCount\":258,\"publisher\":{\"@id\":\"https:\\\/\\\/fmpatagoniamadryn.com.ar\\\/#organization\"},\"image\":{\"@id\":\"https:\\\/\\\/fmpatagoniamadryn.com.ar\\\/?p=11738#primaryimage\"},\"thumbnailUrl\":\"https:\\\/\\\/fmpatagoniamadryn.com.ar\\\/wp-content\\\/uploads\\\/2024\\\/08\\\/Nuevas-frecuencias.jpeg\",\"articleSection\":[\"Locales\"],\"inLanguage\":\"es\"},{\"@type\":\"WebPage\",\"@id\":\"https:\\\/\\\/fmpatagoniamadryn.com.ar\\\/?p=11738\",\"url\":\"https:\\\/\\\/fmpatagoniamadryn.com.ar\\\/?p=11738\",\"name\":\"El Gobierno del Chubut informa nuevos horarios y frecuencias de colectivos en el VIRCh - FM Patagonia Madryn\",\"isPartOf\":{\"@id\":\"https:\\\/\\\/fmpatagoniamadryn.com.ar\\\/#website\"},\"primaryImageOfPage\":{\"@id\":\"https:\\\/\\\/fmpatagoniamadryn.com.ar\\\/?p=11738#primaryimage\"},\"image\":{\"@id\":\"https:\\\/\\\/fmpatagoniamadryn.com.ar\\\/?p=11738#primaryimage\"},\"thumbnailUrl\":\"https:\\\/\\\/fmpatagoniamadryn.com.ar\\\/wp-content\\\/uploads\\\/2024\\\/08\\\/Nuevas-frecuencias.jpeg\",\"datePublished\":\"2024-08-15T16:18:40+00:00\",\"dateModified\":\"2024-08-15T16:18:53+00:00\",\"breadcrumb\":{\"@id\":\"https:\\\/\\\/fmpatagoniamadryn.com.ar\\\/?p=11738#breadcrumb\"},\"inLanguage\":\"es\",\"potentialAction\":[{\"@type\":\"ReadAction\",\"target\":[\"https:\\\/\\\/fmpatagoniamadryn.com.ar\\\/?p=11738\"]}]},{\"@type\":\"ImageObject\",\"inLanguage\":\"es\",\"@id\":\"https:\\\/\\\/fmpatagoniamadryn.com.ar\\\/?p=11738#primaryimage\",\"url\":\"https:\\\/\\\/fmpatagoniamadryn.com.ar\\\/wp-content\\\/uploads\\\/2024\\\/08\\\/Nuevas-frecuencias.jpeg\",\"contentUrl\":\"https:\\\/\\\/fmpatagoniamadryn.com.ar\\\/wp-content\\\/uploads\\\/2024\\\/08\\\/Nuevas-frecuencias.jpeg\",\"width\":960,\"height\":1280},{\"@type\":\"BreadcrumbList\",\"@id\":\"https:\\\/\\\/fmpatagoniamadryn.com.ar\\\/?p=11738#breadcrumb\",\"itemListElement\":[{\"@type\":\"ListItem\",\"position\":1,\"name\":\"Portada\",\"item\":\"https:\\\/\\\/fmpatagoniamadryn.com.ar\\\/\"},{\"@type\":\"ListItem\",\"position\":2,\"name\":\"El Gobierno del Chubut informa nuevos horarios y frecuencias de colectivos en el VIRCh\"}]},{\"@type\":\"WebSite\",\"@id\":\"https:\\\/\\\/fmpatagoniamadryn.com.ar\\\/#website\",\"url\":\"https:\\\/\\\/fmpatagoniamadryn.com.ar\\\/\",\"name\":\"FM Patagonia Madryn\",\"description\":\"Radio Patagonia 105.5\",\"publisher\":{\"@id\":\"https:\\\/\\\/fmpatagoniamadryn.com.ar\\\/#organization\"},\"potentialAction\":[{\"@type\":\"SearchAction\",\"target\":{\"@type\":\"EntryPoint\",\"urlTemplate\":\"https:\\\/\\\/fmpatagoniamadryn.com.ar\\\/?s={search_term_string}\"},\"query-input\":{\"@type\":\"PropertyValueSpecification\",\"valueRequired\":true,\"valueName\":\"search_term_string\"}}],\"inLanguage\":\"es\"},{\"@type\":\"Organization\",\"@id\":\"https:\\\/\\\/fmpatagoniamadryn.com.ar\\\/#organization\",\"name\":\"FM Patagonia Madryn\",\"url\":\"https:\\\/\\\/fmpatagoniamadryn.com.ar\\\/\",\"logo\":{\"@type\":\"ImageObject\",\"inLanguage\":\"es\",\"@id\":\"https:\\\/\\\/fmpatagoniamadryn.com.ar\\\/#\\\/schema\\\/logo\\\/image\\\/\",\"url\":\"https:\\\/\\\/fmpatagoniamadryn.com.ar\\\/wp-content\\\/uploads\\\/2023\\\/01\\\/cropped-Diseno-sin-titulo.png\",\"contentUrl\":\"https:\\\/\\\/fmpatagoniamadryn.com.ar\\\/wp-content\\\/uploads\\\/2023\\\/01\\\/cropped-Diseno-sin-titulo.png\",\"width\":6911,\"height\":2657,\"caption\":\"FM Patagonia Madryn\"},\"image\":{\"@id\":\"https:\\\/\\\/fmpatagoniamadryn.com.ar\\\/#\\\/schema\\\/logo\\\/image\\\/\"}},{\"@type\":\"Person\",\"@id\":\"https:\\\/\\\/fmpatagoniamadryn.com.ar\\\/#\\\/schema\\\/person\\\/8a3de4ad7efceacab06c1641c50303b7\",\"name\":\"FM Patagonia\",\"url\":\"https:\\\/\\\/fmpatagoniamadryn.com.ar\\\/?author=2\"}]}<\/script>\n<!-- \/ Yoast SEO plugin. -->","yoast_head_json":{"title":"El Gobierno del Chubut informa nuevos horarios y frecuencias de colectivos en el VIRCh - FM Patagonia Madryn","robots":{"index":"index","follow":"follow","max-snippet":"max-snippet:-1","max-image-preview":"max-image-preview:large","max-video-preview":"max-video-preview:-1"},"canonical":"https:\/\/fmpatagoniamadryn.com.ar\/?p=11738","og_locale":"es_ES","og_type":"article","og_title":"El Gobierno del Chubut informa nuevos horarios y frecuencias de colectivos en el VIRCh - FM Patagonia Madryn","og_description":"Se incorporar\u00e1n a partir del pr\u00f3ximo lunes 19 de agosto y est\u00e1n dise\u00f1ados para atender las necesidades de estudiantes, trabajadores y otros usuarios que dependen del transporte p\u00fablico en su&hellip;","og_url":"https:\/\/fmpatagoniamadryn.com.ar\/?p=11738","og_site_name":"FM Patagonia Madryn","article_published_time":"2024-08-15T16:18:40+00:00","article_modified_time":"2024-08-15T16:18:53+00:00","og_image":[{"width":960,"height":1280,"url":"https:\/\/fmpatagoniamadryn.com.ar\/wp-content\/uploads\/2024\/08\/Nuevas-frecuencias.jpeg","type":"image\/jpeg"}],"author":"FM Patagonia","twitter_card":"summary_large_image","twitter_misc":{"Escrito por":"FM Patagonia","Tiempo de lectura":"1 minuto"},"schema":{"@context":"https:\/\/schema.org","@graph":[{"@type":"Article","@id":"https:\/\/fmpatagoniamadryn.com.ar\/?p=11738#article","isPartOf":{"@id":"https:\/\/fmpatagoniamadryn.com.ar\/?p=11738"},"author":{"name":"FM Patagonia","@id":"https:\/\/fmpatagoniamadryn.com.ar\/#\/schema\/person\/8a3de4ad7efceacab06c1641c50303b7"},"headline":"El Gobierno del Chubut informa nuevos horarios y frecuencias de colectivos en el VIRCh","datePublished":"2024-08-15T16:18:40+00:00","dateModified":"2024-08-15T16:18:53+00:00","mainEntityOfPage":{"@id":"https:\/\/fmpatagoniamadryn.com.ar\/?p=11738"},"wordCount":258,"publisher":{"@id":"https:\/\/fmpatagoniamadryn.com.ar\/#organization"},"image":{"@id":"https:\/\/fmpatagoniamadryn.com.ar\/?p=11738#primaryimage"},"thumbnailUrl":"https:\/\/fmpatagoniamadryn.com.ar\/wp-content\/uploads\/2024\/08\/Nuevas-frecuencias.jpeg","articleSection":["Locales"],"inLanguage":"es"},{"@type":"WebPage","@id":"https:\/\/fmpatagoniamadryn.com.ar\/?p=11738","url":"https:\/\/fmpatagoniamadryn.com.ar\/?p=11738","name":"El Gobierno del Chubut informa nuevos horarios y frecuencias de colectivos en el VIRCh - FM Patagonia Madryn","isPartOf":{"@id":"https:\/\/fmpatagoniamadryn.com.ar\/#website"},"primaryImageOfPage":{"@id":"https:\/\/fmpatagoniamadryn.com.ar\/?p=11738#primaryimage"},"image":{"@id":"https:\/\/fmpatagoniamadryn.com.ar\/?p=11738#primaryimage"},"thumbnailUrl":"https:\/\/fmpatagoniamadryn.com.ar\/wp-content\/uploads\/2024\/08\/Nuevas-frecuencias.jpeg","datePublished":"2024-08-15T16:18:40+00:00","dateModified":"2024-08-15T16:18:53+00:00","breadcrumb":{"@id":"https:\/\/fmpatagoniamadryn.com.ar\/?p=11738#breadcrumb"},"inLanguage":"es","potentialAction":[{"@type":"ReadAction","target":["https:\/\/fmpatagoniamadryn.com.ar\/?p=11738"]}]},{"@type":"ImageObject","inLanguage":"es","@id":"https:\/\/fmpatagoniamadryn.com.ar\/?p=11738#primaryimage","url":"https:\/\/fmpatagoniamadryn.com.ar\/wp-content\/uploads\/2024\/08\/Nuevas-frecuencias.jpeg","contentUrl":"https:\/\/fmpatagoniamadryn.com.ar\/wp-content\/uploads\/2024\/08\/Nuevas-frecuencias.jpeg","width":960,"height":1280},{"@type":"BreadcrumbList","@id":"https:\/\/fmpatagoniamadryn.com.ar\/?p=11738#breadcrumb","itemListElement":[{"@type":"ListItem","position":1,"name":"Portada","item":"https:\/\/fmpatagoniamadryn.com.ar\/"},{"@type":"ListItem","position":2,"name":"El Gobierno del Chubut informa nuevos horarios y frecuencias de colectivos en el VIRCh"}]},{"@type":"WebSite","@id":"https:\/\/fmpatagoniamadryn.com.ar\/#website","url":"https:\/\/fmpatagoniamadryn.com.ar\/","name":"FM Patagonia Madryn","description":"Radio Patagonia 105.5","publisher":{"@id":"https:\/\/fmpatagoniamadryn.com.ar\/#organization"},"potentialAction":[{"@type":"SearchAction","target":{"@type":"EntryPoint","urlTemplate":"https:\/\/fmpatagoniamadryn.com.ar\/?s={search_term_string}"},"query-input":{"@type":"PropertyValueSpecification","valueRequired":true,"valueName":"search_term_string"}}],"inLanguage":"es"},{"@type":"Organization","@id":"https:\/\/fmpatagoniamadryn.com.ar\/#organization","name":"FM Patagonia Madryn","url":"https:\/\/fmpatagoniamadryn.com.ar\/","logo":{"@type":"ImageObject","inLanguage":"es","@id":"https:\/\/fmpatagoniamadryn.com.ar\/#\/schema\/logo\/image\/","url":"https:\/\/fmpatagoniamadryn.com.ar\/wp-content\/uploads\/2023\/01\/cropped-Diseno-sin-titulo.png","contentUrl":"https:\/\/fmpatagoniamadryn.com.ar\/wp-content\/uploads\/2023\/01\/cropped-Diseno-sin-titulo.png","width":6911,"height":2657,"caption":"FM Patagonia Madryn"},"image":{"@id":"https:\/\/fmpatagoniamadryn.com.ar\/#\/schema\/logo\/image\/"}},{"@type":"Person","@id":"https:\/\/fmpatagoniamadryn.com.ar\/#\/schema\/person\/8a3de4ad7efceacab06c1641c50303b7","name":"FM Patagonia","url":"https:\/\/fmpatagoniamadryn.com.ar\/?author=2"}]}},"jetpack_featured_media_url":"https:\/\/fmpatagoniamadryn.com.ar\/wp-content\/uploads\/2024\/08\/Nuevas-frecuencias.jpeg","_links":{"self":[{"href":"https:\/\/fmpatagoniamadryn.com.ar\/index.php?rest_route=\/wp\/v2\/posts\/11738","targetHints":{"allow":["GET"]}}],"collection":[{"href":"https:\/\/fmpatagoniamadryn.com.ar\/index.php?rest_route=\/wp\/v2\/posts"}],"about":[{"href":"https:\/\/fmpatagoniamadryn.com.ar\/index.php?rest_route=\/wp\/v2\/types\/post"}],"author":[{"embeddable":true,"href":"https:\/\/fmpatagoniamadryn.com.ar\/index.php?rest_route=\/wp\/v2\/users\/2"}],"replies":[{"embeddable":true,"href":"https:\/\/fmpatagoniamadryn.com.ar\/index.php?rest_route=%2Fwp%2Fv2%2Fcomments&post=11738"}],"version-history":[{"count":1,"href":"https:\/\/fmpatagoniamadryn.com.ar\/index.php?rest_route=\/wp\/v2\/posts\/11738\/revisions"}],"predecessor-version":[{"id":11739,"href":"https:\/\/fmpatagoniamadryn.com.ar\/index.php?rest_route=\/wp\/v2\/posts\/11738\/revisions\/11739"}],"wp:featuredmedia":[{"embeddable":true,"href":"https:\/\/fmpatagoniamadryn.com.ar\/index.php?rest_route=\/wp\/v2\/media\/11737"}],"wp:attachment":[{"href":"https:\/\/fmpatagoniamadryn.com.ar\/index.php?rest_route=%2Fwp%2Fv2%2Fmedia&parent=11738"}],"wp:term":[{"taxonomy":"category","embeddable":true,"href":"https:\/\/fmpatagoniamadryn.com.ar\/index.php?rest_route=%2Fwp%2Fv2%2Fcategories&post=11738"},{"taxonomy":"post_tag","embeddable":true,"href":"https:\/\/fmpatagoniamadryn.com.ar\/index.php?rest_route=%2Fwp%2Fv2%2Ftags&post=11738"}],"curies":[{"name":"wp","href":"https:\/\/api.w.org\/{rel}","templated":true}]}}