{"id":11753,"date":"2024-08-15T16:52:32","date_gmt":"2024-08-15T19:52:32","guid":{"rendered":"https:\/\/fmpatagoniamadryn.com.ar\/?p=11753"},"modified":"2024-08-15T16:52:54","modified_gmt":"2024-08-15T19:52:54","slug":"por-unanimidad-chubut-fue-elegida-para-la-presidencia-del-ente-cultural-patagonia","status":"publish","type":"post","link":"https:\/\/fmpatagoniamadryn.com.ar\/?p=11753","title":{"rendered":"<br>Por unanimidad Chubut fue elegida para la presidencia del Ente Cultural Patagonia"},"content":{"rendered":"\n<p><br><br>El organismo tiene como principal objetivo la preservaci\u00f3n y valorizaci\u00f3n del patrimonio cultural y la integraci\u00f3n de las industrias culturales en toda la regi\u00f3n.<br><br>En forma un\u00e1nime, el Gobierno del Chubut, que conduce Ignacio \u201cNacho\u201d Torres, a trav\u00e9s de la Subsecretar\u00eda de Cultura, fue elegido para presidir el Ente Cultural Patagonia, que tiene como principal objetivo la preservaci\u00f3n y valorizaci\u00f3n del patrimonio cultural, junto a la promoci\u00f3n de la diversidad e integraci\u00f3n de las industrias culturales en toda la regi\u00f3n.<br><br>Luego de una reuni\u00f3n en la que las autoridades de los organismos de Cultura de cada provincia patag\u00f3nica formalizaron su normalizaci\u00f3n, el subsecretario de Cultura del Chubut, Osvaldo Labasti\u00e9, fue electo como titular del organismo, quedando en la vicepresidencia Adriel Ramos (Santa Cruz) y Aureliano Rodr\u00edguez G\u00f3mez (Tierra del Fuego) como coordinador.<br><br> <br>Del encuentro tambi\u00e9n participaron los representantes culturales de Neuqu\u00e9n, Oscar Sarhan; de La Pampa, Pablo Lucero \u00c1lvarez; y de R\u00edo Negro, Mart\u00edn Fraile Milstein.<br><br><br>El Ente se centra en tres ejes de acci\u00f3n: la creaci\u00f3n de corredores culturales que faciliten la circulaci\u00f3n de productos culturales y artistas de cada provincia en la regi\u00f3n; la implementaci\u00f3n de pol\u00edticas para proteger el patrimonio cultural; y la promoci\u00f3n de la diversidad cultural, garantizando accesibilidad y participaci\u00f3n para todas las comunidades patag\u00f3nicas.<br><br><br>Proyectos<br><br><br>Uno de los primeros proyectos que impulsa el Ente es \u00abPianistas del Sur\u00bb, una iniciativa que une a la Patagonia a trav\u00e9s del piano, con la participaci\u00f3n de pianistas de todas las provincias.<br><br> <br>El proyecto ya ha tenido fechas previas en las provincias de R\u00edo Negro, Neuqu\u00e9n y Chubut, y tendr\u00e1 su lanzamiento oficial el pr\u00f3ximo 17 de agosto en la Provincia de Santa Cruz, marcando un hito en la integraci\u00f3n cultural de la regi\u00f3n.<br><br><br>Por otra parte, en un encuentro con Carlos Pirovano, presidente del INCAA, tambi\u00e9n se acord\u00f3 el apoyo para un plan de desarrollo de la industria audiovisual en la regi\u00f3n, que incluye el fortalecimiento de los festivales de cine.<br><br><br>Finalmente, en una reuni\u00f3n con el CFI, se abordaron temas como la formaci\u00f3n en tr\u00e1fico il\u00edcito de bienes culturales, la postulaci\u00f3n de ciudades patag\u00f3nicas a la Red de Ciudades Creativas de la UNESCO, y la implementaci\u00f3n de programas de formaci\u00f3n cultural para las localidades de la regi\u00f3n<\/p>\n","protected":false},"excerpt":{"rendered":"<p>El organismo tiene como principal objetivo la preservaci\u00f3n y valorizaci\u00f3n del patrimonio cultural y la integraci\u00f3n de las industrias culturales en toda la regi\u00f3n. En forma un\u00e1nime, el Gobierno del&hellip; <\/p>\n","protected":false},"author":2,"featured_media":11752,"comment_status":"closed","ping_status":"closed","sticky":false,"template":"","format":"standard","meta":{"footnotes":""},"categories":[14],"tags":[],"class_list":["post-11753","post","type-post","status-publish","format-standard","has-post-thumbnail","hentry","category-provinciales"],"yoast_head":"<!-- This site is optimized with the Yoast SEO plugin v27.4 - https:\/\/yoast.com\/product\/yoast-seo-wordpress\/ -->\n<title>Por unanimidad Chubut fue elegida para la presidencia del Ente Cultural Patagonia - FM Patagonia Madryn<\/title>\n<meta name=\"robots\" content=\"index, follow, max-snippet:-1, max-image-preview:large, max-video-preview:-1\" \/>\n<link rel=\"canonical\" href=\"https:\/\/fmpatagoniamadryn.com.ar\/?p=11753\" \/>\n<meta property=\"og:locale\" content=\"es_ES\" \/>\n<meta property=\"og:type\" content=\"article\" \/>\n<meta property=\"og:title\" content=\"Por unanimidad Chubut fue elegida para la presidencia del Ente Cultural Patagonia - FM Patagonia Madryn\" \/>\n<meta property=\"og:description\" content=\"El organismo tiene como principal objetivo la preservaci\u00f3n y valorizaci\u00f3n del patrimonio cultural y la integraci\u00f3n de las industrias culturales en toda la regi\u00f3n. En forma un\u00e1nime, el Gobierno del&hellip;\" \/>\n<meta property=\"og:url\" content=\"https:\/\/fmpatagoniamadryn.com.ar\/?p=11753\" \/>\n<meta property=\"og:site_name\" content=\"FM Patagonia Madryn\" \/>\n<meta property=\"article:published_time\" content=\"2024-08-15T19:52:32+00:00\" \/>\n<meta property=\"article:modified_time\" content=\"2024-08-15T19:52:54+00:00\" \/>\n<meta property=\"og:image\" content=\"https:\/\/fmpatagoniamadryn.com.ar\/wp-content\/uploads\/2024\/08\/ENTE-CULTURAL-PATAGONIA.jpeg\" \/>\n\t<meta property=\"og:image:width\" content=\"1600\" \/>\n\t<meta property=\"og:image:height\" content=\"994\" \/>\n\t<meta property=\"og:image:type\" content=\"image\/jpeg\" \/>\n<meta name=\"author\" content=\"FM Patagonia\" \/>\n<meta name=\"twitter:card\" content=\"summary_large_image\" \/>\n<meta name=\"twitter:label1\" content=\"Escrito por\" \/>\n\t<meta name=\"twitter:data1\" content=\"FM Patagonia\" \/>\n\t<meta name=\"twitter:label2\" content=\"Tiempo de lectura\" \/>\n\t<meta name=\"twitter:data2\" content=\"2 minutos\" \/>\n<script type=\"application\/ld+json\" class=\"yoast-schema-graph\">{\"@context\":\"https:\\\/\\\/schema.org\",\"@graph\":[{\"@type\":\"Article\",\"@id\":\"https:\\\/\\\/fmpatagoniamadryn.com.ar\\\/?p=11753#article\",\"isPartOf\":{\"@id\":\"https:\\\/\\\/fmpatagoniamadryn.com.ar\\\/?p=11753\"},\"author\":{\"name\":\"FM Patagonia\",\"@id\":\"https:\\\/\\\/fmpatagoniamadryn.com.ar\\\/#\\\/schema\\\/person\\\/8a3de4ad7efceacab06c1641c50303b7\"},\"headline\":\"Por unanimidad Chubut fue elegida para la presidencia del Ente Cultural Patagonia\",\"datePublished\":\"2024-08-15T19:52:32+00:00\",\"dateModified\":\"2024-08-15T19:52:54+00:00\",\"mainEntityOfPage\":{\"@id\":\"https:\\\/\\\/fmpatagoniamadryn.com.ar\\\/?p=11753\"},\"wordCount\":430,\"publisher\":{\"@id\":\"https:\\\/\\\/fmpatagoniamadryn.com.ar\\\/#organization\"},\"image\":{\"@id\":\"https:\\\/\\\/fmpatagoniamadryn.com.ar\\\/?p=11753#primaryimage\"},\"thumbnailUrl\":\"https:\\\/\\\/fmpatagoniamadryn.com.ar\\\/wp-content\\\/uploads\\\/2024\\\/08\\\/ENTE-CULTURAL-PATAGONIA.jpeg\",\"articleSection\":[\"Provinciales\"],\"inLanguage\":\"es\"},{\"@type\":\"WebPage\",\"@id\":\"https:\\\/\\\/fmpatagoniamadryn.com.ar\\\/?p=11753\",\"url\":\"https:\\\/\\\/fmpatagoniamadryn.com.ar\\\/?p=11753\",\"name\":\"Por unanimidad Chubut fue elegida para la presidencia del Ente Cultural Patagonia - FM Patagonia Madryn\",\"isPartOf\":{\"@id\":\"https:\\\/\\\/fmpatagoniamadryn.com.ar\\\/#website\"},\"primaryImageOfPage\":{\"@id\":\"https:\\\/\\\/fmpatagoniamadryn.com.ar\\\/?p=11753#primaryimage\"},\"image\":{\"@id\":\"https:\\\/\\\/fmpatagoniamadryn.com.ar\\\/?p=11753#primaryimage\"},\"thumbnailUrl\":\"https:\\\/\\\/fmpatagoniamadryn.com.ar\\\/wp-content\\\/uploads\\\/2024\\\/08\\\/ENTE-CULTURAL-PATAGONIA.jpeg\",\"datePublished\":\"2024-08-15T19:52:32+00:00\",\"dateModified\":\"2024-08-15T19:52:54+00:00\",\"breadcrumb\":{\"@id\":\"https:\\\/\\\/fmpatagoniamadryn.com.ar\\\/?p=11753#breadcrumb\"},\"inLanguage\":\"es\",\"potentialAction\":[{\"@type\":\"ReadAction\",\"target\":[\"https:\\\/\\\/fmpatagoniamadryn.com.ar\\\/?p=11753\"]}]},{\"@type\":\"ImageObject\",\"inLanguage\":\"es\",\"@id\":\"https:\\\/\\\/fmpatagoniamadryn.com.ar\\\/?p=11753#primaryimage\",\"url\":\"https:\\\/\\\/fmpatagoniamadryn.com.ar\\\/wp-content\\\/uploads\\\/2024\\\/08\\\/ENTE-CULTURAL-PATAGONIA.jpeg\",\"contentUrl\":\"https:\\\/\\\/fmpatagoniamadryn.com.ar\\\/wp-content\\\/uploads\\\/2024\\\/08\\\/ENTE-CULTURAL-PATAGONIA.jpeg\",\"width\":1600,\"height\":994},{\"@type\":\"BreadcrumbList\",\"@id\":\"https:\\\/\\\/fmpatagoniamadryn.com.ar\\\/?p=11753#breadcrumb\",\"itemListElement\":[{\"@type\":\"ListItem\",\"position\":1,\"name\":\"Portada\",\"item\":\"https:\\\/\\\/fmpatagoniamadryn.com.ar\\\/\"},{\"@type\":\"ListItem\",\"position\":2,\"name\":\"Por unanimidad Chubut fue elegida para la presidencia del Ente Cultural Patagonia\"}]},{\"@type\":\"WebSite\",\"@id\":\"https:\\\/\\\/fmpatagoniamadryn.com.ar\\\/#website\",\"url\":\"https:\\\/\\\/fmpatagoniamadryn.com.ar\\\/\",\"name\":\"FM Patagonia Madryn\",\"description\":\"Radio Patagonia 105.5\",\"publisher\":{\"@id\":\"https:\\\/\\\/fmpatagoniamadryn.com.ar\\\/#organization\"},\"potentialAction\":[{\"@type\":\"SearchAction\",\"target\":{\"@type\":\"EntryPoint\",\"urlTemplate\":\"https:\\\/\\\/fmpatagoniamadryn.com.ar\\\/?s={search_term_string}\"},\"query-input\":{\"@type\":\"PropertyValueSpecification\",\"valueRequired\":true,\"valueName\":\"search_term_string\"}}],\"inLanguage\":\"es\"},{\"@type\":\"Organization\",\"@id\":\"https:\\\/\\\/fmpatagoniamadryn.com.ar\\\/#organization\",\"name\":\"FM Patagonia Madryn\",\"url\":\"https:\\\/\\\/fmpatagoniamadryn.com.ar\\\/\",\"logo\":{\"@type\":\"ImageObject\",\"inLanguage\":\"es\",\"@id\":\"https:\\\/\\\/fmpatagoniamadryn.com.ar\\\/#\\\/schema\\\/logo\\\/image\\\/\",\"url\":\"https:\\\/\\\/fmpatagoniamadryn.com.ar\\\/wp-content\\\/uploads\\\/2023\\\/01\\\/cropped-Diseno-sin-titulo.png\",\"contentUrl\":\"https:\\\/\\\/fmpatagoniamadryn.com.ar\\\/wp-content\\\/uploads\\\/2023\\\/01\\\/cropped-Diseno-sin-titulo.png\",\"width\":6911,\"height\":2657,\"caption\":\"FM Patagonia Madryn\"},\"image\":{\"@id\":\"https:\\\/\\\/fmpatagoniamadryn.com.ar\\\/#\\\/schema\\\/logo\\\/image\\\/\"}},{\"@type\":\"Person\",\"@id\":\"https:\\\/\\\/fmpatagoniamadryn.com.ar\\\/#\\\/schema\\\/person\\\/8a3de4ad7efceacab06c1641c50303b7\",\"name\":\"FM Patagonia\",\"url\":\"https:\\\/\\\/fmpatagoniamadryn.com.ar\\\/?author=2\"}]}<\/script>\n<!-- \/ Yoast SEO plugin. -->","yoast_head_json":{"title":"Por unanimidad Chubut fue elegida para la presidencia del Ente Cultural Patagonia - FM Patagonia Madryn","robots":{"index":"index","follow":"follow","max-snippet":"max-snippet:-1","max-image-preview":"max-image-preview:large","max-video-preview":"max-video-preview:-1"},"canonical":"https:\/\/fmpatagoniamadryn.com.ar\/?p=11753","og_locale":"es_ES","og_type":"article","og_title":"Por unanimidad Chubut fue elegida para la presidencia del Ente Cultural Patagonia - FM Patagonia Madryn","og_description":"El organismo tiene como principal objetivo la preservaci\u00f3n y valorizaci\u00f3n del patrimonio cultural y la integraci\u00f3n de las industrias culturales en toda la regi\u00f3n. En forma un\u00e1nime, el Gobierno del&hellip;","og_url":"https:\/\/fmpatagoniamadryn.com.ar\/?p=11753","og_site_name":"FM Patagonia Madryn","article_published_time":"2024-08-15T19:52:32+00:00","article_modified_time":"2024-08-15T19:52:54+00:00","og_image":[{"width":1600,"height":994,"url":"https:\/\/fmpatagoniamadryn.com.ar\/wp-content\/uploads\/2024\/08\/ENTE-CULTURAL-PATAGONIA.jpeg","type":"image\/jpeg"}],"author":"FM Patagonia","twitter_card":"summary_large_image","twitter_misc":{"Escrito por":"FM Patagonia","Tiempo de lectura":"2 minutos"},"schema":{"@context":"https:\/\/schema.org","@graph":[{"@type":"Article","@id":"https:\/\/fmpatagoniamadryn.com.ar\/?p=11753#article","isPartOf":{"@id":"https:\/\/fmpatagoniamadryn.com.ar\/?p=11753"},"author":{"name":"FM Patagonia","@id":"https:\/\/fmpatagoniamadryn.com.ar\/#\/schema\/person\/8a3de4ad7efceacab06c1641c50303b7"},"headline":"Por unanimidad Chubut fue elegida para la presidencia del Ente Cultural Patagonia","datePublished":"2024-08-15T19:52:32+00:00","dateModified":"2024-08-15T19:52:54+00:00","mainEntityOfPage":{"@id":"https:\/\/fmpatagoniamadryn.com.ar\/?p=11753"},"wordCount":430,"publisher":{"@id":"https:\/\/fmpatagoniamadryn.com.ar\/#organization"},"image":{"@id":"https:\/\/fmpatagoniamadryn.com.ar\/?p=11753#primaryimage"},"thumbnailUrl":"https:\/\/fmpatagoniamadryn.com.ar\/wp-content\/uploads\/2024\/08\/ENTE-CULTURAL-PATAGONIA.jpeg","articleSection":["Provinciales"],"inLanguage":"es"},{"@type":"WebPage","@id":"https:\/\/fmpatagoniamadryn.com.ar\/?p=11753","url":"https:\/\/fmpatagoniamadryn.com.ar\/?p=11753","name":"Por unanimidad Chubut fue elegida para la presidencia del Ente Cultural Patagonia - FM Patagonia Madryn","isPartOf":{"@id":"https:\/\/fmpatagoniamadryn.com.ar\/#website"},"primaryImageOfPage":{"@id":"https:\/\/fmpatagoniamadryn.com.ar\/?p=11753#primaryimage"},"image":{"@id":"https:\/\/fmpatagoniamadryn.com.ar\/?p=11753#primaryimage"},"thumbnailUrl":"https:\/\/fmpatagoniamadryn.com.ar\/wp-content\/uploads\/2024\/08\/ENTE-CULTURAL-PATAGONIA.jpeg","datePublished":"2024-08-15T19:52:32+00:00","dateModified":"2024-08-15T19:52:54+00:00","breadcrumb":{"@id":"https:\/\/fmpatagoniamadryn.com.ar\/?p=11753#breadcrumb"},"inLanguage":"es","potentialAction":[{"@type":"ReadAction","target":["https:\/\/fmpatagoniamadryn.com.ar\/?p=11753"]}]},{"@type":"ImageObject","inLanguage":"es","@id":"https:\/\/fmpatagoniamadryn.com.ar\/?p=11753#primaryimage","url":"https:\/\/fmpatagoniamadryn.com.ar\/wp-content\/uploads\/2024\/08\/ENTE-CULTURAL-PATAGONIA.jpeg","contentUrl":"https:\/\/fmpatagoniamadryn.com.ar\/wp-content\/uploads\/2024\/08\/ENTE-CULTURAL-PATAGONIA.jpeg","width":1600,"height":994},{"@type":"BreadcrumbList","@id":"https:\/\/fmpatagoniamadryn.com.ar\/?p=11753#breadcrumb","itemListElement":[{"@type":"ListItem","position":1,"name":"Portada","item":"https:\/\/fmpatagoniamadryn.com.ar\/"},{"@type":"ListItem","position":2,"name":"Por unanimidad Chubut fue elegida para la presidencia del Ente Cultural Patagonia"}]},{"@type":"WebSite","@id":"https:\/\/fmpatagoniamadryn.com.ar\/#website","url":"https:\/\/fmpatagoniamadryn.com.ar\/","name":"FM Patagonia Madryn","description":"Radio Patagonia 105.5","publisher":{"@id":"https:\/\/fmpatagoniamadryn.com.ar\/#organization"},"potentialAction":[{"@type":"SearchAction","target":{"@type":"EntryPoint","urlTemplate":"https:\/\/fmpatagoniamadryn.com.ar\/?s={search_term_string}"},"query-input":{"@type":"PropertyValueSpecification","valueRequired":true,"valueName":"search_term_string"}}],"inLanguage":"es"},{"@type":"Organization","@id":"https:\/\/fmpatagoniamadryn.com.ar\/#organization","name":"FM Patagonia Madryn","url":"https:\/\/fmpatagoniamadryn.com.ar\/","logo":{"@type":"ImageObject","inLanguage":"es","@id":"https:\/\/fmpatagoniamadryn.com.ar\/#\/schema\/logo\/image\/","url":"https:\/\/fmpatagoniamadryn.com.ar\/wp-content\/uploads\/2023\/01\/cropped-Diseno-sin-titulo.png","contentUrl":"https:\/\/fmpatagoniamadryn.com.ar\/wp-content\/uploads\/2023\/01\/cropped-Diseno-sin-titulo.png","width":6911,"height":2657,"caption":"FM Patagonia Madryn"},"image":{"@id":"https:\/\/fmpatagoniamadryn.com.ar\/#\/schema\/logo\/image\/"}},{"@type":"Person","@id":"https:\/\/fmpatagoniamadryn.com.ar\/#\/schema\/person\/8a3de4ad7efceacab06c1641c50303b7","name":"FM Patagonia","url":"https:\/\/fmpatagoniamadryn.com.ar\/?author=2"}]}},"jetpack_featured_media_url":"https:\/\/fmpatagoniamadryn.com.ar\/wp-content\/uploads\/2024\/08\/ENTE-CULTURAL-PATAGONIA.jpeg","_links":{"self":[{"href":"https:\/\/fmpatagoniamadryn.com.ar\/index.php?rest_route=\/wp\/v2\/posts\/11753","targetHints":{"allow":["GET"]}}],"collection":[{"href":"https:\/\/fmpatagoniamadryn.com.ar\/index.php?rest_route=\/wp\/v2\/posts"}],"about":[{"href":"https:\/\/fmpatagoniamadryn.com.ar\/index.php?rest_route=\/wp\/v2\/types\/post"}],"author":[{"embeddable":true,"href":"https:\/\/fmpatagoniamadryn.com.ar\/index.php?rest_route=\/wp\/v2\/users\/2"}],"replies":[{"embeddable":true,"href":"https:\/\/fmpatagoniamadryn.com.ar\/index.php?rest_route=%2Fwp%2Fv2%2Fcomments&post=11753"}],"version-history":[{"count":1,"href":"https:\/\/fmpatagoniamadryn.com.ar\/index.php?rest_route=\/wp\/v2\/posts\/11753\/revisions"}],"predecessor-version":[{"id":11754,"href":"https:\/\/fmpatagoniamadryn.com.ar\/index.php?rest_route=\/wp\/v2\/posts\/11753\/revisions\/11754"}],"wp:featuredmedia":[{"embeddable":true,"href":"https:\/\/fmpatagoniamadryn.com.ar\/index.php?rest_route=\/wp\/v2\/media\/11752"}],"wp:attachment":[{"href":"https:\/\/fmpatagoniamadryn.com.ar\/index.php?rest_route=%2Fwp%2Fv2%2Fmedia&parent=11753"}],"wp:term":[{"taxonomy":"category","embeddable":true,"href":"https:\/\/fmpatagoniamadryn.com.ar\/index.php?rest_route=%2Fwp%2Fv2%2Fcategories&post=11753"},{"taxonomy":"post_tag","embeddable":true,"href":"https:\/\/fmpatagoniamadryn.com.ar\/index.php?rest_route=%2Fwp%2Fv2%2Ftags&post=11753"}],"curies":[{"name":"wp","href":"https:\/\/api.w.org\/{rel}","templated":true}]}}