{"id":11800,"date":"2024-08-17T11:29:49","date_gmt":"2024-08-17T14:29:49","guid":{"rendered":"https:\/\/fmpatagoniamadryn.com.ar\/?p=11800"},"modified":"2024-08-17T11:29:57","modified_gmt":"2024-08-17T14:29:57","slug":"continuan-abiertas-las-inscripciones-para-participar-del-simposio-de-ciencias-aplicadas-al-deporte-que-la-provincia-organiza-en-esquel","status":"publish","type":"post","link":"https:\/\/fmpatagoniamadryn.com.ar\/?p=11800","title":{"rendered":"Contin\u00faan abiertas las inscripciones para participar del \u00abSimposio de Ciencias Aplicadas al Deporte\u00bb que la Provincia organiza en Esquel"},"content":{"rendered":"\n<p><br><br>Ser\u00e1 del 20 al 22 de septiembre con disertaciones de destacados especialistas de todo el pa\u00eds. Tambi\u00e9n se desarrollar\u00e1 el \u00abXIII Congreso de Educaci\u00f3n F\u00edsica y Deporte Escolar\u00bb. Las actividades son acompa\u00f1adas por la Subsecretar\u00eda de Deportes de la Naci\u00f3n.<br><br>Potenciando el rol estrat\u00e9gico que la educaci\u00f3n y la capacitaci\u00f3n ocupan en la gesti\u00f3n que encabeza el gobernador del Chubut, Ignacio \u00abNacho\u00bb Torres, el Gobierno de la Provincia contin\u00faa con la organizaci\u00f3n del \u00abX Simposio de Ciencias Aplicadas al Deporte\u00bb y el \u00abXIII Congreso de Educaci\u00f3n F\u00edsica y Deporte Escolar\u00bb, que se desarrollar\u00e1n en Esquel entre el 20 y el 22 de septiembre reuniendo a destacados especialistas de todo el pa\u00eds.<br><br>Con el acompa\u00f1amiento de la Subsecretar\u00eda de Deportes de la Naci\u00f3n, y el trabajo conjunto entre el Ministerio de Educaci\u00f3n de la Provincia, Chubut Deportes y la Municipalidad de Esquel, las inscripciones para participar de ambos eventos contin\u00faan abiertas.<br><br><br>Las actividades, que tendr\u00e1n como epicentro a la ciudad cordillerana, contemplan un amplio programa que incluye disertaciones a cargo de reconocidos especialistas de diferentes puntos del pa\u00eds y conferencias que reunir\u00e1 a m\u00e1s de medio millar de profesores de educaci\u00f3n f\u00edsica, adem\u00e1s de interesados en la tem\u00e1tica.<br><br><br>La propuesta de capacitaci\u00f3n, impulsada por el Gobierno del Chubut, estar\u00e1 atravesada por distintos lineamientos, entre ellos el entrenamiento deportivo, deporte y salud, deporte adaptado y alfabetizaci\u00f3n y pr\u00e1cticas corporales en ambientes naturales.<br><br><br>Los temas que se abordar\u00e1n a lo largo de las exposiciones ser\u00e1n variados e ir\u00e1n desde la ense\u00f1anza de la educaci\u00f3n f\u00edsica, la importancia de la buena nutrici\u00f3n diaria, la gesti\u00f3n deportiva, la medicina y el rendimiento, por ejemplo.<br><br><br>Sedes y puntaje<br><br><br>Ante la gran cantidad de interesados, las sedes escogidas para los d\u00edas de intensa actividad son tres: el gimnasio municipal ubicado en la Avenida Alvear, las instalaciones de la Escuela N\u00b0 713 y el Lago Futalaufquen.<br><br> <br>Vale indicar que este Simposio otorga puntaje docente.<br><br><br><br> <\/p>\n","protected":false},"excerpt":{"rendered":"<p>Ser\u00e1 del 20 al 22 de septiembre con disertaciones de destacados especialistas de todo el pa\u00eds. Tambi\u00e9n se desarrollar\u00e1 el \u00abXIII Congreso de Educaci\u00f3n F\u00edsica y Deporte Escolar\u00bb. Las actividades&hellip; <\/p>\n","protected":false},"author":2,"featured_media":11799,"comment_status":"closed","ping_status":"closed","sticky":false,"template":"","format":"standard","meta":{"footnotes":""},"categories":[15],"tags":[],"class_list":["post-11800","post","type-post","status-publish","format-standard","has-post-thumbnail","hentry","category-locales"],"yoast_head":"<!-- This site is optimized with the Yoast SEO plugin v27.5 - https:\/\/yoast.com\/product\/yoast-seo-wordpress\/ -->\n<title>Contin\u00faan abiertas las inscripciones para participar del &quot;Simposio de Ciencias Aplicadas al Deporte&quot; que la Provincia organiza en Esquel - FM Patagonia Madryn<\/title>\n<meta name=\"robots\" content=\"index, follow, max-snippet:-1, max-image-preview:large, max-video-preview:-1\" \/>\n<link rel=\"canonical\" href=\"https:\/\/fmpatagoniamadryn.com.ar\/?p=11800\" \/>\n<meta property=\"og:locale\" content=\"es_ES\" \/>\n<meta property=\"og:type\" content=\"article\" \/>\n<meta property=\"og:title\" content=\"Contin\u00faan abiertas las inscripciones para participar del &quot;Simposio de Ciencias Aplicadas al Deporte&quot; que la Provincia organiza en Esquel - FM Patagonia Madryn\" \/>\n<meta property=\"og:description\" content=\"Ser\u00e1 del 20 al 22 de septiembre con disertaciones de destacados especialistas de todo el pa\u00eds. Tambi\u00e9n se desarrollar\u00e1 el \u00abXIII Congreso de Educaci\u00f3n F\u00edsica y Deporte Escolar\u00bb. Las actividades&hellip;\" \/>\n<meta property=\"og:url\" content=\"https:\/\/fmpatagoniamadryn.com.ar\/?p=11800\" \/>\n<meta property=\"og:site_name\" content=\"FM Patagonia Madryn\" \/>\n<meta property=\"article:published_time\" content=\"2024-08-17T14:29:49+00:00\" \/>\n<meta property=\"article:modified_time\" content=\"2024-08-17T14:29:57+00:00\" \/>\n<meta property=\"og:image\" content=\"https:\/\/fmpatagoniamadryn.com.ar\/wp-content\/uploads\/2024\/08\/Placa-Simposio-de-Ciencias-Aplicadas-al-Deporte.jpg\" \/>\n\t<meta property=\"og:image:width\" content=\"2048\" \/>\n\t<meta property=\"og:image:height\" content=\"2047\" \/>\n\t<meta property=\"og:image:type\" content=\"image\/jpeg\" \/>\n<meta name=\"author\" content=\"FM Patagonia\" \/>\n<meta name=\"twitter:card\" content=\"summary_large_image\" \/>\n<meta name=\"twitter:label1\" content=\"Escrito por\" \/>\n\t<meta name=\"twitter:data1\" content=\"FM Patagonia\" \/>\n\t<meta name=\"twitter:label2\" content=\"Tiempo de lectura\" \/>\n\t<meta name=\"twitter:data2\" content=\"2 minutos\" \/>\n<script type=\"application\/ld+json\" class=\"yoast-schema-graph\">{\"@context\":\"https:\\\/\\\/schema.org\",\"@graph\":[{\"@type\":\"Article\",\"@id\":\"https:\\\/\\\/fmpatagoniamadryn.com.ar\\\/?p=11800#article\",\"isPartOf\":{\"@id\":\"https:\\\/\\\/fmpatagoniamadryn.com.ar\\\/?p=11800\"},\"author\":{\"name\":\"FM Patagonia\",\"@id\":\"https:\\\/\\\/fmpatagoniamadryn.com.ar\\\/#\\\/schema\\\/person\\\/8a3de4ad7efceacab06c1641c50303b7\"},\"headline\":\"Contin\u00faan abiertas las inscripciones para participar del \u00abSimposio de Ciencias Aplicadas al Deporte\u00bb que la Provincia organiza en Esquel\",\"datePublished\":\"2024-08-17T14:29:49+00:00\",\"dateModified\":\"2024-08-17T14:29:57+00:00\",\"mainEntityOfPage\":{\"@id\":\"https:\\\/\\\/fmpatagoniamadryn.com.ar\\\/?p=11800\"},\"wordCount\":372,\"publisher\":{\"@id\":\"https:\\\/\\\/fmpatagoniamadryn.com.ar\\\/#organization\"},\"image\":{\"@id\":\"https:\\\/\\\/fmpatagoniamadryn.com.ar\\\/?p=11800#primaryimage\"},\"thumbnailUrl\":\"https:\\\/\\\/fmpatagoniamadryn.com.ar\\\/wp-content\\\/uploads\\\/2024\\\/08\\\/Placa-Simposio-de-Ciencias-Aplicadas-al-Deporte.jpg\",\"articleSection\":[\"Locales\"],\"inLanguage\":\"es\"},{\"@type\":\"WebPage\",\"@id\":\"https:\\\/\\\/fmpatagoniamadryn.com.ar\\\/?p=11800\",\"url\":\"https:\\\/\\\/fmpatagoniamadryn.com.ar\\\/?p=11800\",\"name\":\"Contin\u00faan abiertas las inscripciones para participar del \\\"Simposio de Ciencias Aplicadas al Deporte\\\" que la Provincia organiza en Esquel - FM Patagonia Madryn\",\"isPartOf\":{\"@id\":\"https:\\\/\\\/fmpatagoniamadryn.com.ar\\\/#website\"},\"primaryImageOfPage\":{\"@id\":\"https:\\\/\\\/fmpatagoniamadryn.com.ar\\\/?p=11800#primaryimage\"},\"image\":{\"@id\":\"https:\\\/\\\/fmpatagoniamadryn.com.ar\\\/?p=11800#primaryimage\"},\"thumbnailUrl\":\"https:\\\/\\\/fmpatagoniamadryn.com.ar\\\/wp-content\\\/uploads\\\/2024\\\/08\\\/Placa-Simposio-de-Ciencias-Aplicadas-al-Deporte.jpg\",\"datePublished\":\"2024-08-17T14:29:49+00:00\",\"dateModified\":\"2024-08-17T14:29:57+00:00\",\"breadcrumb\":{\"@id\":\"https:\\\/\\\/fmpatagoniamadryn.com.ar\\\/?p=11800#breadcrumb\"},\"inLanguage\":\"es\",\"potentialAction\":[{\"@type\":\"ReadAction\",\"target\":[\"https:\\\/\\\/fmpatagoniamadryn.com.ar\\\/?p=11800\"]}]},{\"@type\":\"ImageObject\",\"inLanguage\":\"es\",\"@id\":\"https:\\\/\\\/fmpatagoniamadryn.com.ar\\\/?p=11800#primaryimage\",\"url\":\"https:\\\/\\\/fmpatagoniamadryn.com.ar\\\/wp-content\\\/uploads\\\/2024\\\/08\\\/Placa-Simposio-de-Ciencias-Aplicadas-al-Deporte.jpg\",\"contentUrl\":\"https:\\\/\\\/fmpatagoniamadryn.com.ar\\\/wp-content\\\/uploads\\\/2024\\\/08\\\/Placa-Simposio-de-Ciencias-Aplicadas-al-Deporte.jpg\",\"width\":2048,\"height\":2047},{\"@type\":\"BreadcrumbList\",\"@id\":\"https:\\\/\\\/fmpatagoniamadryn.com.ar\\\/?p=11800#breadcrumb\",\"itemListElement\":[{\"@type\":\"ListItem\",\"position\":1,\"name\":\"Portada\",\"item\":\"https:\\\/\\\/fmpatagoniamadryn.com.ar\\\/\"},{\"@type\":\"ListItem\",\"position\":2,\"name\":\"Contin\u00faan abiertas las inscripciones para participar del \u00abSimposio de Ciencias Aplicadas al Deporte\u00bb que la Provincia organiza en Esquel\"}]},{\"@type\":\"WebSite\",\"@id\":\"https:\\\/\\\/fmpatagoniamadryn.com.ar\\\/#website\",\"url\":\"https:\\\/\\\/fmpatagoniamadryn.com.ar\\\/\",\"name\":\"FM Patagonia Madryn\",\"description\":\"Radio Patagonia 105.5\",\"publisher\":{\"@id\":\"https:\\\/\\\/fmpatagoniamadryn.com.ar\\\/#organization\"},\"potentialAction\":[{\"@type\":\"SearchAction\",\"target\":{\"@type\":\"EntryPoint\",\"urlTemplate\":\"https:\\\/\\\/fmpatagoniamadryn.com.ar\\\/?s={search_term_string}\"},\"query-input\":{\"@type\":\"PropertyValueSpecification\",\"valueRequired\":true,\"valueName\":\"search_term_string\"}}],\"inLanguage\":\"es\"},{\"@type\":\"Organization\",\"@id\":\"https:\\\/\\\/fmpatagoniamadryn.com.ar\\\/#organization\",\"name\":\"FM Patagonia Madryn\",\"url\":\"https:\\\/\\\/fmpatagoniamadryn.com.ar\\\/\",\"logo\":{\"@type\":\"ImageObject\",\"inLanguage\":\"es\",\"@id\":\"https:\\\/\\\/fmpatagoniamadryn.com.ar\\\/#\\\/schema\\\/logo\\\/image\\\/\",\"url\":\"https:\\\/\\\/fmpatagoniamadryn.com.ar\\\/wp-content\\\/uploads\\\/2023\\\/01\\\/cropped-Diseno-sin-titulo.png\",\"contentUrl\":\"https:\\\/\\\/fmpatagoniamadryn.com.ar\\\/wp-content\\\/uploads\\\/2023\\\/01\\\/cropped-Diseno-sin-titulo.png\",\"width\":6911,\"height\":2657,\"caption\":\"FM Patagonia Madryn\"},\"image\":{\"@id\":\"https:\\\/\\\/fmpatagoniamadryn.com.ar\\\/#\\\/schema\\\/logo\\\/image\\\/\"}},{\"@type\":\"Person\",\"@id\":\"https:\\\/\\\/fmpatagoniamadryn.com.ar\\\/#\\\/schema\\\/person\\\/8a3de4ad7efceacab06c1641c50303b7\",\"name\":\"FM Patagonia\",\"url\":\"https:\\\/\\\/fmpatagoniamadryn.com.ar\\\/?author=2\"}]}<\/script>\n<!-- \/ Yoast SEO plugin. -->","yoast_head_json":{"title":"Contin\u00faan abiertas las inscripciones para participar del \"Simposio de Ciencias Aplicadas al Deporte\" que la Provincia organiza en Esquel - FM Patagonia Madryn","robots":{"index":"index","follow":"follow","max-snippet":"max-snippet:-1","max-image-preview":"max-image-preview:large","max-video-preview":"max-video-preview:-1"},"canonical":"https:\/\/fmpatagoniamadryn.com.ar\/?p=11800","og_locale":"es_ES","og_type":"article","og_title":"Contin\u00faan abiertas las inscripciones para participar del \"Simposio de Ciencias Aplicadas al Deporte\" que la Provincia organiza en Esquel - FM Patagonia Madryn","og_description":"Ser\u00e1 del 20 al 22 de septiembre con disertaciones de destacados especialistas de todo el pa\u00eds. Tambi\u00e9n se desarrollar\u00e1 el \u00abXIII Congreso de Educaci\u00f3n F\u00edsica y Deporte Escolar\u00bb. Las actividades&hellip;","og_url":"https:\/\/fmpatagoniamadryn.com.ar\/?p=11800","og_site_name":"FM Patagonia Madryn","article_published_time":"2024-08-17T14:29:49+00:00","article_modified_time":"2024-08-17T14:29:57+00:00","og_image":[{"width":2048,"height":2047,"url":"https:\/\/fmpatagoniamadryn.com.ar\/wp-content\/uploads\/2024\/08\/Placa-Simposio-de-Ciencias-Aplicadas-al-Deporte.jpg","type":"image\/jpeg"}],"author":"FM Patagonia","twitter_card":"summary_large_image","twitter_misc":{"Escrito por":"FM Patagonia","Tiempo de lectura":"2 minutos"},"schema":{"@context":"https:\/\/schema.org","@graph":[{"@type":"Article","@id":"https:\/\/fmpatagoniamadryn.com.ar\/?p=11800#article","isPartOf":{"@id":"https:\/\/fmpatagoniamadryn.com.ar\/?p=11800"},"author":{"name":"FM Patagonia","@id":"https:\/\/fmpatagoniamadryn.com.ar\/#\/schema\/person\/8a3de4ad7efceacab06c1641c50303b7"},"headline":"Contin\u00faan abiertas las inscripciones para participar del \u00abSimposio de Ciencias Aplicadas al Deporte\u00bb que la Provincia organiza en Esquel","datePublished":"2024-08-17T14:29:49+00:00","dateModified":"2024-08-17T14:29:57+00:00","mainEntityOfPage":{"@id":"https:\/\/fmpatagoniamadryn.com.ar\/?p=11800"},"wordCount":372,"publisher":{"@id":"https:\/\/fmpatagoniamadryn.com.ar\/#organization"},"image":{"@id":"https:\/\/fmpatagoniamadryn.com.ar\/?p=11800#primaryimage"},"thumbnailUrl":"https:\/\/fmpatagoniamadryn.com.ar\/wp-content\/uploads\/2024\/08\/Placa-Simposio-de-Ciencias-Aplicadas-al-Deporte.jpg","articleSection":["Locales"],"inLanguage":"es"},{"@type":"WebPage","@id":"https:\/\/fmpatagoniamadryn.com.ar\/?p=11800","url":"https:\/\/fmpatagoniamadryn.com.ar\/?p=11800","name":"Contin\u00faan abiertas las inscripciones para participar del \"Simposio de Ciencias Aplicadas al Deporte\" que la Provincia organiza en Esquel - FM Patagonia Madryn","isPartOf":{"@id":"https:\/\/fmpatagoniamadryn.com.ar\/#website"},"primaryImageOfPage":{"@id":"https:\/\/fmpatagoniamadryn.com.ar\/?p=11800#primaryimage"},"image":{"@id":"https:\/\/fmpatagoniamadryn.com.ar\/?p=11800#primaryimage"},"thumbnailUrl":"https:\/\/fmpatagoniamadryn.com.ar\/wp-content\/uploads\/2024\/08\/Placa-Simposio-de-Ciencias-Aplicadas-al-Deporte.jpg","datePublished":"2024-08-17T14:29:49+00:00","dateModified":"2024-08-17T14:29:57+00:00","breadcrumb":{"@id":"https:\/\/fmpatagoniamadryn.com.ar\/?p=11800#breadcrumb"},"inLanguage":"es","potentialAction":[{"@type":"ReadAction","target":["https:\/\/fmpatagoniamadryn.com.ar\/?p=11800"]}]},{"@type":"ImageObject","inLanguage":"es","@id":"https:\/\/fmpatagoniamadryn.com.ar\/?p=11800#primaryimage","url":"https:\/\/fmpatagoniamadryn.com.ar\/wp-content\/uploads\/2024\/08\/Placa-Simposio-de-Ciencias-Aplicadas-al-Deporte.jpg","contentUrl":"https:\/\/fmpatagoniamadryn.com.ar\/wp-content\/uploads\/2024\/08\/Placa-Simposio-de-Ciencias-Aplicadas-al-Deporte.jpg","width":2048,"height":2047},{"@type":"BreadcrumbList","@id":"https:\/\/fmpatagoniamadryn.com.ar\/?p=11800#breadcrumb","itemListElement":[{"@type":"ListItem","position":1,"name":"Portada","item":"https:\/\/fmpatagoniamadryn.com.ar\/"},{"@type":"ListItem","position":2,"name":"Contin\u00faan abiertas las inscripciones para participar del \u00abSimposio de Ciencias Aplicadas al Deporte\u00bb que la Provincia organiza en Esquel"}]},{"@type":"WebSite","@id":"https:\/\/fmpatagoniamadryn.com.ar\/#website","url":"https:\/\/fmpatagoniamadryn.com.ar\/","name":"FM Patagonia Madryn","description":"Radio Patagonia 105.5","publisher":{"@id":"https:\/\/fmpatagoniamadryn.com.ar\/#organization"},"potentialAction":[{"@type":"SearchAction","target":{"@type":"EntryPoint","urlTemplate":"https:\/\/fmpatagoniamadryn.com.ar\/?s={search_term_string}"},"query-input":{"@type":"PropertyValueSpecification","valueRequired":true,"valueName":"search_term_string"}}],"inLanguage":"es"},{"@type":"Organization","@id":"https:\/\/fmpatagoniamadryn.com.ar\/#organization","name":"FM Patagonia Madryn","url":"https:\/\/fmpatagoniamadryn.com.ar\/","logo":{"@type":"ImageObject","inLanguage":"es","@id":"https:\/\/fmpatagoniamadryn.com.ar\/#\/schema\/logo\/image\/","url":"https:\/\/fmpatagoniamadryn.com.ar\/wp-content\/uploads\/2023\/01\/cropped-Diseno-sin-titulo.png","contentUrl":"https:\/\/fmpatagoniamadryn.com.ar\/wp-content\/uploads\/2023\/01\/cropped-Diseno-sin-titulo.png","width":6911,"height":2657,"caption":"FM Patagonia Madryn"},"image":{"@id":"https:\/\/fmpatagoniamadryn.com.ar\/#\/schema\/logo\/image\/"}},{"@type":"Person","@id":"https:\/\/fmpatagoniamadryn.com.ar\/#\/schema\/person\/8a3de4ad7efceacab06c1641c50303b7","name":"FM Patagonia","url":"https:\/\/fmpatagoniamadryn.com.ar\/?author=2"}]}},"jetpack_featured_media_url":"https:\/\/fmpatagoniamadryn.com.ar\/wp-content\/uploads\/2024\/08\/Placa-Simposio-de-Ciencias-Aplicadas-al-Deporte.jpg","_links":{"self":[{"href":"https:\/\/fmpatagoniamadryn.com.ar\/index.php?rest_route=\/wp\/v2\/posts\/11800","targetHints":{"allow":["GET"]}}],"collection":[{"href":"https:\/\/fmpatagoniamadryn.com.ar\/index.php?rest_route=\/wp\/v2\/posts"}],"about":[{"href":"https:\/\/fmpatagoniamadryn.com.ar\/index.php?rest_route=\/wp\/v2\/types\/post"}],"author":[{"embeddable":true,"href":"https:\/\/fmpatagoniamadryn.com.ar\/index.php?rest_route=\/wp\/v2\/users\/2"}],"replies":[{"embeddable":true,"href":"https:\/\/fmpatagoniamadryn.com.ar\/index.php?rest_route=%2Fwp%2Fv2%2Fcomments&post=11800"}],"version-history":[{"count":1,"href":"https:\/\/fmpatagoniamadryn.com.ar\/index.php?rest_route=\/wp\/v2\/posts\/11800\/revisions"}],"predecessor-version":[{"id":11801,"href":"https:\/\/fmpatagoniamadryn.com.ar\/index.php?rest_route=\/wp\/v2\/posts\/11800\/revisions\/11801"}],"wp:featuredmedia":[{"embeddable":true,"href":"https:\/\/fmpatagoniamadryn.com.ar\/index.php?rest_route=\/wp\/v2\/media\/11799"}],"wp:attachment":[{"href":"https:\/\/fmpatagoniamadryn.com.ar\/index.php?rest_route=%2Fwp%2Fv2%2Fmedia&parent=11800"}],"wp:term":[{"taxonomy":"category","embeddable":true,"href":"https:\/\/fmpatagoniamadryn.com.ar\/index.php?rest_route=%2Fwp%2Fv2%2Fcategories&post=11800"},{"taxonomy":"post_tag","embeddable":true,"href":"https:\/\/fmpatagoniamadryn.com.ar\/index.php?rest_route=%2Fwp%2Fv2%2Ftags&post=11800"}],"curies":[{"name":"wp","href":"https:\/\/api.w.org\/{rel}","templated":true}]}}