{"id":11803,"date":"2024-08-17T11:38:26","date_gmt":"2024-08-17T14:38:26","guid":{"rendered":"https:\/\/fmpatagoniamadryn.com.ar\/?p=11803"},"modified":"2024-08-17T11:39:35","modified_gmt":"2024-08-17T14:39:35","slug":"universidad-del-chubut-invita-al-festival-provincial-para-la-conservacion-de-aves-y-su-entorno","status":"publish","type":"post","link":"https:\/\/fmpatagoniamadryn.com.ar\/?p=11803","title":{"rendered":"<br>Universidad del Chubut invita al festival provincial para la conservaci\u00f3n de aves y su entorno"},"content":{"rendered":"\n<p><br><br>Se realizar\u00e1 el 18 y 19 de octubre en Puerto Madryn con el objetivo de poner en valor la riqueza ornitol\u00f3gica de la provincia.<br><br>La Universidad del Chubut llevar\u00e1 adelante el \u201cFestival Provincial para la Conservaci\u00f3n de las Aves y su Entorno\u201d, que bajo la organizaci\u00f3n de la carrera Licenciatura en Administraci\u00f3n de \u00c1reas Naturales se desarrolla en Puerto Madryn los d\u00edas 18 y 19 de octubre, junto con la colaboraci\u00f3n de la Municipalidad de esa ciudad.<br><br>El objetivo principal del festival es poner en valor el rol de las aves para sostener el equilibrio de los ecosistemas, involucrando a la sociedad en general, y a las personas interesadas en aves en particular, para informar sobre el impacto que poseen estos seres en aspectos relacionados con el progreso econ\u00f3mico, social y cultural.<br><br><br>Este tipo de encuentros, de participaci\u00f3n masiva y popular, no solo refleja pol\u00edticas activas de conservaci\u00f3n ambiental y del patrimonio integral, sino que tambi\u00e9n beneficia a las econom\u00edas locales directa e indirectamente.<br><br><br>El festival se desarrollar\u00e1 durante los d\u00edas 18 y 19 de octubre a trav\u00e9s de m\u00faltiples actividades de participaci\u00f3n orientadas a distintos grupos etarios, dentro de la Extensi\u00f3n \u00c1ulica de la UDC Puerto Madryn, ubicada en Leandro N. Alem 1573.<br><br><br>All\u00ed se ofrecer\u00e1n actividades como debates, exposiciones, talleres, entre otras, acompa\u00f1adas por profesionales relacionados a la tem\u00e1tica.<br><br><br>La doctora M\u00f3nica Kozykariski, directora de la Escuela de Producci\u00f3n, Ambiente y Desarrollo Sostenible de la UDC, se\u00f1al\u00f3 que desde la Licenciatura en Administraci\u00f3n de \u00c1reas Naturales, carrera que ofrece la Universidad del Chubut, \u201cse pone en valor esta propuesta que pone \u00e9nfasis en la comprensi\u00f3n y preservaci\u00f3n de los ecosistemas, enfatizando el rol que juega el ser humano como parte de la biodiversidad del planeta a trav\u00e9s de diferentes acciones\u201d.<br><br><br>\u201cEsta carrera cuenta con un plantel docente con experiencia en las tem\u00e1ticas y en este tipo de eventos y para las y los estudiantes, la participaci\u00f3n activa en estos encuentros es fundamental para fortalecer su formaci\u00f3n profesional, ya que contribuye al desarrollo de sus habilidades de comunicaci\u00f3n y sensibilizaci\u00f3n ambiental, fortalece su capacidad para abordar problem\u00e1ticas ambientales de manera integral\u201d, puntualiz\u00f3 Kozykariski.<br><br><br>Riqueza ornitol\u00f3gica en Chubut<br><br><br>La directora de la Escuela de Producci\u00f3n, Ambiente y Desarrollo Sostenible, explic\u00f3 que \u201cdentro de las provincias patag\u00f3nicas, Chubut posee una gran riqueza ornitol\u00f3gica. Algunos estudios indican que el 90,7% de las familias y 70,3% de las especies respecto del total de aves citadas para Patagonia se encuentran en esta provincia, lo que representa un total de 49 familias y 249 especies\u201d.<br><br><br>\u201cS\u00f3lo se encuentran tres especies ex\u00f3ticas agrupadas en tres familias diferentes (la paloma casera, la codorniz californiana y el gorri\u00f3n) mientras que tres especies de chorlos presentes en Chubut no se encuentran en ninguna otra provincia patag\u00f3nica. El 16,1% de las aves (40 especies) corresponden al grupo estrictamente marino, con baja interacci\u00f3n con el sistema terrestre\u201d.<br><br> <br>\u201cCabe destacar que las aves poseen gran importancia para el desarrollo de la econom\u00eda regional dada su valoraci\u00f3n positiva para actividades recreativas, tur\u00edsticas y comerciales, sin dejar de mencionar su valor simb\u00f3lico en el arte, la religi\u00f3n, la educaci\u00f3n y otros andamiajes culturales esenciales para el hombre\u201d.<br><br><br>Recuperando un legado hist\u00f3rico<br><br><br>Por \u00faltimo, Kozykariski destac\u00f3 que \u201ces oportuno recuperar a los actores de nuestra rica y reciente historia poni\u00e9ndolos en valor por su trayectoria y legado. Es por esto que se&nbsp; recuper\u00f3 la figura Eduardo Botello para identificar el Festival Provincial para la Conservaci\u00f3n de las Aves y su Entorno, creado en la presente\u201d.<br><br> <br>Eduardo Botello fue un ornit\u00f3logo argentino, nacido en Curuz\u00fa Cuati\u00e1 provincia de Corrientes que se radic\u00f3 en Chubut en el a\u00f1o 1884 y vivi\u00f3 en Chubut hasta su fallecimiento en el a\u00f1o 1908. Es considerado por los historiadores uno de los tres primeros colonos del sur del Chubut (y del actual Departamento R\u00edo Senguer), y el primer colono de la colonia Ensanche Sarmiento<\/p>\n","protected":false},"excerpt":{"rendered":"<p>Se realizar\u00e1 el 18 y 19 de octubre en Puerto Madryn con el objetivo de poner en valor la riqueza ornitol\u00f3gica de la provincia. La Universidad del Chubut llevar\u00e1 adelante&hellip; <\/p>\n","protected":false},"author":2,"featured_media":11802,"comment_status":"closed","ping_status":"closed","sticky":false,"template":"","format":"standard","meta":{"footnotes":""},"categories":[14],"tags":[],"class_list":["post-11803","post","type-post","status-publish","format-standard","has-post-thumbnail","hentry","category-provinciales"],"yoast_head":"<!-- This site is optimized with the Yoast SEO plugin v27.5 - https:\/\/yoast.com\/product\/yoast-seo-wordpress\/ -->\n<title>Universidad del Chubut invita al festival provincial para la conservaci\u00f3n de aves y su entorno - FM Patagonia Madryn<\/title>\n<meta name=\"robots\" content=\"index, follow, max-snippet:-1, max-image-preview:large, max-video-preview:-1\" \/>\n<link rel=\"canonical\" href=\"https:\/\/fmpatagoniamadryn.com.ar\/?p=11803\" \/>\n<meta property=\"og:locale\" content=\"es_ES\" \/>\n<meta property=\"og:type\" content=\"article\" \/>\n<meta property=\"og:title\" content=\"Universidad del Chubut invita al festival provincial para la conservaci\u00f3n de aves y su entorno - FM Patagonia Madryn\" \/>\n<meta property=\"og:description\" content=\"Se realizar\u00e1 el 18 y 19 de octubre en Puerto Madryn con el objetivo de poner en valor la riqueza ornitol\u00f3gica de la provincia. La Universidad del Chubut llevar\u00e1 adelante&hellip;\" \/>\n<meta property=\"og:url\" content=\"https:\/\/fmpatagoniamadryn.com.ar\/?p=11803\" \/>\n<meta property=\"og:site_name\" content=\"FM Patagonia Madryn\" \/>\n<meta property=\"article:published_time\" content=\"2024-08-17T14:38:26+00:00\" \/>\n<meta property=\"article:modified_time\" content=\"2024-08-17T14:39:35+00:00\" \/>\n<meta property=\"og:image\" content=\"https:\/\/fmpatagoniamadryn.com.ar\/wp-content\/uploads\/2024\/08\/Festival-de-Aves-Gacetilla.jpg\" \/>\n\t<meta property=\"og:image:width\" content=\"1280\" \/>\n\t<meta property=\"og:image:height\" content=\"800\" \/>\n\t<meta property=\"og:image:type\" content=\"image\/jpeg\" \/>\n<meta name=\"author\" content=\"FM Patagonia\" \/>\n<meta name=\"twitter:card\" content=\"summary_large_image\" \/>\n<meta name=\"twitter:label1\" content=\"Escrito por\" \/>\n\t<meta name=\"twitter:data1\" content=\"FM Patagonia\" \/>\n\t<meta name=\"twitter:label2\" content=\"Tiempo de lectura\" \/>\n\t<meta name=\"twitter:data2\" content=\"3 minutos\" \/>\n<script type=\"application\/ld+json\" class=\"yoast-schema-graph\">{\"@context\":\"https:\\\/\\\/schema.org\",\"@graph\":[{\"@type\":\"Article\",\"@id\":\"https:\\\/\\\/fmpatagoniamadryn.com.ar\\\/?p=11803#article\",\"isPartOf\":{\"@id\":\"https:\\\/\\\/fmpatagoniamadryn.com.ar\\\/?p=11803\"},\"author\":{\"name\":\"FM Patagonia\",\"@id\":\"https:\\\/\\\/fmpatagoniamadryn.com.ar\\\/#\\\/schema\\\/person\\\/8a3de4ad7efceacab06c1641c50303b7\"},\"headline\":\"Universidad del Chubut invita al festival provincial para la conservaci\u00f3n de aves y su entorno\",\"datePublished\":\"2024-08-17T14:38:26+00:00\",\"dateModified\":\"2024-08-17T14:39:35+00:00\",\"mainEntityOfPage\":{\"@id\":\"https:\\\/\\\/fmpatagoniamadryn.com.ar\\\/?p=11803\"},\"wordCount\":700,\"publisher\":{\"@id\":\"https:\\\/\\\/fmpatagoniamadryn.com.ar\\\/#organization\"},\"image\":{\"@id\":\"https:\\\/\\\/fmpatagoniamadryn.com.ar\\\/?p=11803#primaryimage\"},\"thumbnailUrl\":\"https:\\\/\\\/fmpatagoniamadryn.com.ar\\\/wp-content\\\/uploads\\\/2024\\\/08\\\/Festival-de-Aves-Gacetilla.jpg\",\"articleSection\":[\"Provinciales\"],\"inLanguage\":\"es\"},{\"@type\":\"WebPage\",\"@id\":\"https:\\\/\\\/fmpatagoniamadryn.com.ar\\\/?p=11803\",\"url\":\"https:\\\/\\\/fmpatagoniamadryn.com.ar\\\/?p=11803\",\"name\":\"Universidad del Chubut invita al festival provincial para la conservaci\u00f3n de aves y su entorno - FM Patagonia Madryn\",\"isPartOf\":{\"@id\":\"https:\\\/\\\/fmpatagoniamadryn.com.ar\\\/#website\"},\"primaryImageOfPage\":{\"@id\":\"https:\\\/\\\/fmpatagoniamadryn.com.ar\\\/?p=11803#primaryimage\"},\"image\":{\"@id\":\"https:\\\/\\\/fmpatagoniamadryn.com.ar\\\/?p=11803#primaryimage\"},\"thumbnailUrl\":\"https:\\\/\\\/fmpatagoniamadryn.com.ar\\\/wp-content\\\/uploads\\\/2024\\\/08\\\/Festival-de-Aves-Gacetilla.jpg\",\"datePublished\":\"2024-08-17T14:38:26+00:00\",\"dateModified\":\"2024-08-17T14:39:35+00:00\",\"breadcrumb\":{\"@id\":\"https:\\\/\\\/fmpatagoniamadryn.com.ar\\\/?p=11803#breadcrumb\"},\"inLanguage\":\"es\",\"potentialAction\":[{\"@type\":\"ReadAction\",\"target\":[\"https:\\\/\\\/fmpatagoniamadryn.com.ar\\\/?p=11803\"]}]},{\"@type\":\"ImageObject\",\"inLanguage\":\"es\",\"@id\":\"https:\\\/\\\/fmpatagoniamadryn.com.ar\\\/?p=11803#primaryimage\",\"url\":\"https:\\\/\\\/fmpatagoniamadryn.com.ar\\\/wp-content\\\/uploads\\\/2024\\\/08\\\/Festival-de-Aves-Gacetilla.jpg\",\"contentUrl\":\"https:\\\/\\\/fmpatagoniamadryn.com.ar\\\/wp-content\\\/uploads\\\/2024\\\/08\\\/Festival-de-Aves-Gacetilla.jpg\",\"width\":1280,\"height\":800},{\"@type\":\"BreadcrumbList\",\"@id\":\"https:\\\/\\\/fmpatagoniamadryn.com.ar\\\/?p=11803#breadcrumb\",\"itemListElement\":[{\"@type\":\"ListItem\",\"position\":1,\"name\":\"Portada\",\"item\":\"https:\\\/\\\/fmpatagoniamadryn.com.ar\\\/\"},{\"@type\":\"ListItem\",\"position\":2,\"name\":\"Universidad del Chubut invita al festival provincial para la conservaci\u00f3n de aves y su entorno\"}]},{\"@type\":\"WebSite\",\"@id\":\"https:\\\/\\\/fmpatagoniamadryn.com.ar\\\/#website\",\"url\":\"https:\\\/\\\/fmpatagoniamadryn.com.ar\\\/\",\"name\":\"FM Patagonia Madryn\",\"description\":\"Radio Patagonia 105.5\",\"publisher\":{\"@id\":\"https:\\\/\\\/fmpatagoniamadryn.com.ar\\\/#organization\"},\"potentialAction\":[{\"@type\":\"SearchAction\",\"target\":{\"@type\":\"EntryPoint\",\"urlTemplate\":\"https:\\\/\\\/fmpatagoniamadryn.com.ar\\\/?s={search_term_string}\"},\"query-input\":{\"@type\":\"PropertyValueSpecification\",\"valueRequired\":true,\"valueName\":\"search_term_string\"}}],\"inLanguage\":\"es\"},{\"@type\":\"Organization\",\"@id\":\"https:\\\/\\\/fmpatagoniamadryn.com.ar\\\/#organization\",\"name\":\"FM Patagonia Madryn\",\"url\":\"https:\\\/\\\/fmpatagoniamadryn.com.ar\\\/\",\"logo\":{\"@type\":\"ImageObject\",\"inLanguage\":\"es\",\"@id\":\"https:\\\/\\\/fmpatagoniamadryn.com.ar\\\/#\\\/schema\\\/logo\\\/image\\\/\",\"url\":\"https:\\\/\\\/fmpatagoniamadryn.com.ar\\\/wp-content\\\/uploads\\\/2023\\\/01\\\/cropped-Diseno-sin-titulo.png\",\"contentUrl\":\"https:\\\/\\\/fmpatagoniamadryn.com.ar\\\/wp-content\\\/uploads\\\/2023\\\/01\\\/cropped-Diseno-sin-titulo.png\",\"width\":6911,\"height\":2657,\"caption\":\"FM Patagonia Madryn\"},\"image\":{\"@id\":\"https:\\\/\\\/fmpatagoniamadryn.com.ar\\\/#\\\/schema\\\/logo\\\/image\\\/\"}},{\"@type\":\"Person\",\"@id\":\"https:\\\/\\\/fmpatagoniamadryn.com.ar\\\/#\\\/schema\\\/person\\\/8a3de4ad7efceacab06c1641c50303b7\",\"name\":\"FM Patagonia\",\"url\":\"https:\\\/\\\/fmpatagoniamadryn.com.ar\\\/?author=2\"}]}<\/script>\n<!-- \/ Yoast SEO plugin. -->","yoast_head_json":{"title":"Universidad del Chubut invita al festival provincial para la conservaci\u00f3n de aves y su entorno - FM Patagonia Madryn","robots":{"index":"index","follow":"follow","max-snippet":"max-snippet:-1","max-image-preview":"max-image-preview:large","max-video-preview":"max-video-preview:-1"},"canonical":"https:\/\/fmpatagoniamadryn.com.ar\/?p=11803","og_locale":"es_ES","og_type":"article","og_title":"Universidad del Chubut invita al festival provincial para la conservaci\u00f3n de aves y su entorno - FM Patagonia Madryn","og_description":"Se realizar\u00e1 el 18 y 19 de octubre en Puerto Madryn con el objetivo de poner en valor la riqueza ornitol\u00f3gica de la provincia. La Universidad del Chubut llevar\u00e1 adelante&hellip;","og_url":"https:\/\/fmpatagoniamadryn.com.ar\/?p=11803","og_site_name":"FM Patagonia Madryn","article_published_time":"2024-08-17T14:38:26+00:00","article_modified_time":"2024-08-17T14:39:35+00:00","og_image":[{"width":1280,"height":800,"url":"https:\/\/fmpatagoniamadryn.com.ar\/wp-content\/uploads\/2024\/08\/Festival-de-Aves-Gacetilla.jpg","type":"image\/jpeg"}],"author":"FM Patagonia","twitter_card":"summary_large_image","twitter_misc":{"Escrito por":"FM Patagonia","Tiempo de lectura":"3 minutos"},"schema":{"@context":"https:\/\/schema.org","@graph":[{"@type":"Article","@id":"https:\/\/fmpatagoniamadryn.com.ar\/?p=11803#article","isPartOf":{"@id":"https:\/\/fmpatagoniamadryn.com.ar\/?p=11803"},"author":{"name":"FM Patagonia","@id":"https:\/\/fmpatagoniamadryn.com.ar\/#\/schema\/person\/8a3de4ad7efceacab06c1641c50303b7"},"headline":"Universidad del Chubut invita al festival provincial para la conservaci\u00f3n de aves y su entorno","datePublished":"2024-08-17T14:38:26+00:00","dateModified":"2024-08-17T14:39:35+00:00","mainEntityOfPage":{"@id":"https:\/\/fmpatagoniamadryn.com.ar\/?p=11803"},"wordCount":700,"publisher":{"@id":"https:\/\/fmpatagoniamadryn.com.ar\/#organization"},"image":{"@id":"https:\/\/fmpatagoniamadryn.com.ar\/?p=11803#primaryimage"},"thumbnailUrl":"https:\/\/fmpatagoniamadryn.com.ar\/wp-content\/uploads\/2024\/08\/Festival-de-Aves-Gacetilla.jpg","articleSection":["Provinciales"],"inLanguage":"es"},{"@type":"WebPage","@id":"https:\/\/fmpatagoniamadryn.com.ar\/?p=11803","url":"https:\/\/fmpatagoniamadryn.com.ar\/?p=11803","name":"Universidad del Chubut invita al festival provincial para la conservaci\u00f3n de aves y su entorno - FM Patagonia Madryn","isPartOf":{"@id":"https:\/\/fmpatagoniamadryn.com.ar\/#website"},"primaryImageOfPage":{"@id":"https:\/\/fmpatagoniamadryn.com.ar\/?p=11803#primaryimage"},"image":{"@id":"https:\/\/fmpatagoniamadryn.com.ar\/?p=11803#primaryimage"},"thumbnailUrl":"https:\/\/fmpatagoniamadryn.com.ar\/wp-content\/uploads\/2024\/08\/Festival-de-Aves-Gacetilla.jpg","datePublished":"2024-08-17T14:38:26+00:00","dateModified":"2024-08-17T14:39:35+00:00","breadcrumb":{"@id":"https:\/\/fmpatagoniamadryn.com.ar\/?p=11803#breadcrumb"},"inLanguage":"es","potentialAction":[{"@type":"ReadAction","target":["https:\/\/fmpatagoniamadryn.com.ar\/?p=11803"]}]},{"@type":"ImageObject","inLanguage":"es","@id":"https:\/\/fmpatagoniamadryn.com.ar\/?p=11803#primaryimage","url":"https:\/\/fmpatagoniamadryn.com.ar\/wp-content\/uploads\/2024\/08\/Festival-de-Aves-Gacetilla.jpg","contentUrl":"https:\/\/fmpatagoniamadryn.com.ar\/wp-content\/uploads\/2024\/08\/Festival-de-Aves-Gacetilla.jpg","width":1280,"height":800},{"@type":"BreadcrumbList","@id":"https:\/\/fmpatagoniamadryn.com.ar\/?p=11803#breadcrumb","itemListElement":[{"@type":"ListItem","position":1,"name":"Portada","item":"https:\/\/fmpatagoniamadryn.com.ar\/"},{"@type":"ListItem","position":2,"name":"Universidad del Chubut invita al festival provincial para la conservaci\u00f3n de aves y su entorno"}]},{"@type":"WebSite","@id":"https:\/\/fmpatagoniamadryn.com.ar\/#website","url":"https:\/\/fmpatagoniamadryn.com.ar\/","name":"FM Patagonia Madryn","description":"Radio Patagonia 105.5","publisher":{"@id":"https:\/\/fmpatagoniamadryn.com.ar\/#organization"},"potentialAction":[{"@type":"SearchAction","target":{"@type":"EntryPoint","urlTemplate":"https:\/\/fmpatagoniamadryn.com.ar\/?s={search_term_string}"},"query-input":{"@type":"PropertyValueSpecification","valueRequired":true,"valueName":"search_term_string"}}],"inLanguage":"es"},{"@type":"Organization","@id":"https:\/\/fmpatagoniamadryn.com.ar\/#organization","name":"FM Patagonia Madryn","url":"https:\/\/fmpatagoniamadryn.com.ar\/","logo":{"@type":"ImageObject","inLanguage":"es","@id":"https:\/\/fmpatagoniamadryn.com.ar\/#\/schema\/logo\/image\/","url":"https:\/\/fmpatagoniamadryn.com.ar\/wp-content\/uploads\/2023\/01\/cropped-Diseno-sin-titulo.png","contentUrl":"https:\/\/fmpatagoniamadryn.com.ar\/wp-content\/uploads\/2023\/01\/cropped-Diseno-sin-titulo.png","width":6911,"height":2657,"caption":"FM Patagonia Madryn"},"image":{"@id":"https:\/\/fmpatagoniamadryn.com.ar\/#\/schema\/logo\/image\/"}},{"@type":"Person","@id":"https:\/\/fmpatagoniamadryn.com.ar\/#\/schema\/person\/8a3de4ad7efceacab06c1641c50303b7","name":"FM Patagonia","url":"https:\/\/fmpatagoniamadryn.com.ar\/?author=2"}]}},"jetpack_featured_media_url":"https:\/\/fmpatagoniamadryn.com.ar\/wp-content\/uploads\/2024\/08\/Festival-de-Aves-Gacetilla.jpg","_links":{"self":[{"href":"https:\/\/fmpatagoniamadryn.com.ar\/index.php?rest_route=\/wp\/v2\/posts\/11803","targetHints":{"allow":["GET"]}}],"collection":[{"href":"https:\/\/fmpatagoniamadryn.com.ar\/index.php?rest_route=\/wp\/v2\/posts"}],"about":[{"href":"https:\/\/fmpatagoniamadryn.com.ar\/index.php?rest_route=\/wp\/v2\/types\/post"}],"author":[{"embeddable":true,"href":"https:\/\/fmpatagoniamadryn.com.ar\/index.php?rest_route=\/wp\/v2\/users\/2"}],"replies":[{"embeddable":true,"href":"https:\/\/fmpatagoniamadryn.com.ar\/index.php?rest_route=%2Fwp%2Fv2%2Fcomments&post=11803"}],"version-history":[{"count":1,"href":"https:\/\/fmpatagoniamadryn.com.ar\/index.php?rest_route=\/wp\/v2\/posts\/11803\/revisions"}],"predecessor-version":[{"id":11804,"href":"https:\/\/fmpatagoniamadryn.com.ar\/index.php?rest_route=\/wp\/v2\/posts\/11803\/revisions\/11804"}],"wp:featuredmedia":[{"embeddable":true,"href":"https:\/\/fmpatagoniamadryn.com.ar\/index.php?rest_route=\/wp\/v2\/media\/11802"}],"wp:attachment":[{"href":"https:\/\/fmpatagoniamadryn.com.ar\/index.php?rest_route=%2Fwp%2Fv2%2Fmedia&parent=11803"}],"wp:term":[{"taxonomy":"category","embeddable":true,"href":"https:\/\/fmpatagoniamadryn.com.ar\/index.php?rest_route=%2Fwp%2Fv2%2Fcategories&post=11803"},{"taxonomy":"post_tag","embeddable":true,"href":"https:\/\/fmpatagoniamadryn.com.ar\/index.php?rest_route=%2Fwp%2Fv2%2Ftags&post=11803"}],"curies":[{"name":"wp","href":"https:\/\/api.w.org\/{rel}","templated":true}]}}