{"id":11812,"date":"2024-08-17T19:36:43","date_gmt":"2024-08-17T22:36:43","guid":{"rendered":"https:\/\/fmpatagoniamadryn.com.ar\/?p=11812"},"modified":"2024-08-17T19:37:16","modified_gmt":"2024-08-17T22:37:16","slug":"con-amplia-participacion-sesiono-en-dolavon-el-consejo-provincial-de-discapacidad","status":"publish","type":"post","link":"https:\/\/fmpatagoniamadryn.com.ar\/?p=11812","title":{"rendered":"<br>Con amplia participaci\u00f3n, sesion\u00f3 en Dolavon el Consejo Provincial de Discapacidad"},"content":{"rendered":"\n<p><br><br>Fueron dos jornadas de trabajo con referentes en la tem\u00e1tica de distintas regiones de la provincia. La pr\u00f3xima asamblea ser\u00e1 en Comodoro Rivadavia y Rada Tilly a fines de octubre.<br><br>Con una amplia convocatoria de representantes de distintas localidades, el Gobierno del Chubut, que conduce Ignacio \u00abNacho\u00bb Torres, a trav\u00e9s de la Secretar\u00eda de Salud, realiz\u00f3 en Dolavon la \u00ab56\u00b0 Asamblea del Consejo Provincial de Discapacidad\u00bb (COPRODIS).<br><br><br>El encuentro se desarroll\u00f3 durante dos jornadas en La Mercante, y cont\u00f3 con la asistencia de autoridades provinciales, entre ellos la ministra de Desarrollo Humano, Florencia Papaiani; funcionarios municipales, concejales, representantes de instituciones educativas, sanitarias y sociales, y miembros de organizaciones no gubernamentales de la zona Sur, Pen\u00ednsula Vald\u00e9s, la Meseta y el Valle.<br><br><br>Durante la asamblea se realizaron charlas, espacios de debate, presentaci\u00f3n de talleres productivos y laborales, y se conformaron mesas de trabajo, con el fin de abordar distintas tem\u00e1ticas y fortalecer el abordaje integral e inclusivo de las personas con discapacidad.<br><br><br>Gran participaci\u00f3n<br><br><br>Las jornadas en las que sesion\u00f3 el Consejo fueron coordinadas por la Direcci\u00f3n Provincial de Atenci\u00f3n Integral de la Discapacidad, a cargo de Paula Baud\u00e9s, quien valor\u00f3 la importante convocatoria que tuvo esta 56\u00b0 Asamblea porque \u00abcontamos con referentes de diversas localidades de toda la provincia: cordillera, zona sur, el valle y Puerto Madryn\u00bb.<br><br><br>En ese marco, la funcionaria detall\u00f3 que \u00abfue un encuentro donde dialogamos y debatimos, ofrecimos espacios de escucha a personas con discapacidad, conformamos comisiones para elaborar propuestas y proyectos\u00bb.<br><br><br>De ese modo, Baud\u00e9s destac\u00f3 que durante la Asamblea \u00abpresentamos formalmente el Consejo Municipal de Discapacidad de Dolavon, que se conform\u00f3 recientemente, porque eso es lo que estamos impulsando en todas las localidades de la provincia\u00bb.<br><br><br>\u00abEs muy importante que haya Consejos locales porque se puede trabajar de manera m\u00e1s directa los distintos casos y solicitudes, y se puede llegar mejor con el asesoramiento para diversos tr\u00e1mites\u00bb, agreg\u00f3.<br><br><br>Asimismo, manifest\u00f3 que \u00aben esta asamblea realizada en Dolavon tambi\u00e9n mostraron su experiencia talleres productivos inclusivos, que ofrecen una salida laboral y sustento econ\u00f3mico a muchos j\u00f3venes\u00bb.<br><br><br>Por otra parte, la directora provincial se\u00f1al\u00f3 que \u00ablas integrantes de la Coordinaci\u00f3n de Juntas Evaluadoras realizaron una exposici\u00f3n sobre el Certificado \u00danico de Discapacidad (CUD), las caracter\u00edsticas del mismo, tr\u00e1mites para solicitarlo, y vigencia\u00bb.<br><br><br>En ese contexto, consider\u00f3 que \u00abfue un encuentro muy positivo por los temas abordados y la gran participaci\u00f3n\u00bb, y agradeci\u00f3 al municipio de Dolavon \u00abpor la importante colaboraci\u00f3n para la organizaci\u00f3n, y a la artista Leila Guzm\u00e1n, quien nos deleit\u00f3 brindando un emotivo espect\u00e1culo musical\u00bb.<br><br><br>Pr\u00f3xima sesi\u00f3n<br><br><br>Al finalizar, Baud\u00e9s adelant\u00f3 que la pr\u00f3xima sesi\u00f3n del Consejo se llevar\u00e1 a cabo \u00aba fines de octubre en Comodoro Rivadavia y Rada Tilly\u00bb.<br><br><br>\u00abEso fue acordado en conjunto porque buscamos tener presencia en todo el territorio provincial, y continuar trabajando por la inclusi\u00f3n en cada una de las localidades\u00bb, concluy\u00f3<\/p>\n\n\n\n<p><\/p>\n","protected":false},"excerpt":{"rendered":"<p>Fueron dos jornadas de trabajo con referentes en la tem\u00e1tica de distintas regiones de la provincia. La pr\u00f3xima asamblea ser\u00e1 en Comodoro Rivadavia y Rada Tilly a fines de octubre.&hellip; <\/p>\n","protected":false},"author":2,"featured_media":11811,"comment_status":"closed","ping_status":"closed","sticky":false,"template":"","format":"standard","meta":{"footnotes":""},"categories":[14],"tags":[],"class_list":["post-11812","post","type-post","status-publish","format-standard","has-post-thumbnail","hentry","category-provinciales"],"yoast_head":"<!-- This site is optimized with the Yoast SEO plugin v27.5 - https:\/\/yoast.com\/product\/yoast-seo-wordpress\/ -->\n<title>Con amplia participaci\u00f3n, sesion\u00f3 en Dolavon el Consejo Provincial de Discapacidad - FM Patagonia Madryn<\/title>\n<meta name=\"robots\" content=\"index, follow, max-snippet:-1, max-image-preview:large, max-video-preview:-1\" \/>\n<link rel=\"canonical\" href=\"https:\/\/fmpatagoniamadryn.com.ar\/?p=11812\" \/>\n<meta property=\"og:locale\" content=\"es_ES\" \/>\n<meta property=\"og:type\" content=\"article\" \/>\n<meta property=\"og:title\" content=\"Con amplia participaci\u00f3n, sesion\u00f3 en Dolavon el Consejo Provincial de Discapacidad - FM Patagonia Madryn\" \/>\n<meta property=\"og:description\" content=\"Fueron dos jornadas de trabajo con referentes en la tem\u00e1tica de distintas regiones de la provincia. La pr\u00f3xima asamblea ser\u00e1 en Comodoro Rivadavia y Rada Tilly a fines de octubre.&hellip;\" \/>\n<meta property=\"og:url\" content=\"https:\/\/fmpatagoniamadryn.com.ar\/?p=11812\" \/>\n<meta property=\"og:site_name\" content=\"FM Patagonia Madryn\" \/>\n<meta property=\"article:published_time\" content=\"2024-08-17T22:36:43+00:00\" \/>\n<meta property=\"article:modified_time\" content=\"2024-08-17T22:37:16+00:00\" \/>\n<meta property=\"og:image\" content=\"https:\/\/fmpatagoniamadryn.com.ar\/wp-content\/uploads\/2024\/08\/consejo-provincial-discapacidad-dolavon-1.jpg\" \/>\n\t<meta property=\"og:image:width\" content=\"1092\" \/>\n\t<meta property=\"og:image:height\" content=\"534\" \/>\n\t<meta property=\"og:image:type\" content=\"image\/jpeg\" \/>\n<meta name=\"author\" content=\"FM Patagonia\" \/>\n<meta name=\"twitter:card\" content=\"summary_large_image\" \/>\n<meta name=\"twitter:label1\" content=\"Escrito por\" \/>\n\t<meta name=\"twitter:data1\" content=\"FM Patagonia\" \/>\n\t<meta name=\"twitter:label2\" content=\"Tiempo de lectura\" \/>\n\t<meta name=\"twitter:data2\" content=\"3 minutos\" \/>\n<script type=\"application\/ld+json\" class=\"yoast-schema-graph\">{\"@context\":\"https:\\\/\\\/schema.org\",\"@graph\":[{\"@type\":\"Article\",\"@id\":\"https:\\\/\\\/fmpatagoniamadryn.com.ar\\\/?p=11812#article\",\"isPartOf\":{\"@id\":\"https:\\\/\\\/fmpatagoniamadryn.com.ar\\\/?p=11812\"},\"author\":{\"name\":\"FM Patagonia\",\"@id\":\"https:\\\/\\\/fmpatagoniamadryn.com.ar\\\/#\\\/schema\\\/person\\\/8a3de4ad7efceacab06c1641c50303b7\"},\"headline\":\"Con amplia participaci\u00f3n, sesion\u00f3 en Dolavon el Consejo Provincial de Discapacidad\",\"datePublished\":\"2024-08-17T22:36:43+00:00\",\"dateModified\":\"2024-08-17T22:37:16+00:00\",\"mainEntityOfPage\":{\"@id\":\"https:\\\/\\\/fmpatagoniamadryn.com.ar\\\/?p=11812\"},\"wordCount\":518,\"publisher\":{\"@id\":\"https:\\\/\\\/fmpatagoniamadryn.com.ar\\\/#organization\"},\"image\":{\"@id\":\"https:\\\/\\\/fmpatagoniamadryn.com.ar\\\/?p=11812#primaryimage\"},\"thumbnailUrl\":\"https:\\\/\\\/fmpatagoniamadryn.com.ar\\\/wp-content\\\/uploads\\\/2024\\\/08\\\/consejo-provincial-discapacidad-dolavon-1.jpg\",\"articleSection\":[\"Provinciales\"],\"inLanguage\":\"es\"},{\"@type\":\"WebPage\",\"@id\":\"https:\\\/\\\/fmpatagoniamadryn.com.ar\\\/?p=11812\",\"url\":\"https:\\\/\\\/fmpatagoniamadryn.com.ar\\\/?p=11812\",\"name\":\"Con amplia participaci\u00f3n, sesion\u00f3 en Dolavon el Consejo Provincial de Discapacidad - FM Patagonia Madryn\",\"isPartOf\":{\"@id\":\"https:\\\/\\\/fmpatagoniamadryn.com.ar\\\/#website\"},\"primaryImageOfPage\":{\"@id\":\"https:\\\/\\\/fmpatagoniamadryn.com.ar\\\/?p=11812#primaryimage\"},\"image\":{\"@id\":\"https:\\\/\\\/fmpatagoniamadryn.com.ar\\\/?p=11812#primaryimage\"},\"thumbnailUrl\":\"https:\\\/\\\/fmpatagoniamadryn.com.ar\\\/wp-content\\\/uploads\\\/2024\\\/08\\\/consejo-provincial-discapacidad-dolavon-1.jpg\",\"datePublished\":\"2024-08-17T22:36:43+00:00\",\"dateModified\":\"2024-08-17T22:37:16+00:00\",\"breadcrumb\":{\"@id\":\"https:\\\/\\\/fmpatagoniamadryn.com.ar\\\/?p=11812#breadcrumb\"},\"inLanguage\":\"es\",\"potentialAction\":[{\"@type\":\"ReadAction\",\"target\":[\"https:\\\/\\\/fmpatagoniamadryn.com.ar\\\/?p=11812\"]}]},{\"@type\":\"ImageObject\",\"inLanguage\":\"es\",\"@id\":\"https:\\\/\\\/fmpatagoniamadryn.com.ar\\\/?p=11812#primaryimage\",\"url\":\"https:\\\/\\\/fmpatagoniamadryn.com.ar\\\/wp-content\\\/uploads\\\/2024\\\/08\\\/consejo-provincial-discapacidad-dolavon-1.jpg\",\"contentUrl\":\"https:\\\/\\\/fmpatagoniamadryn.com.ar\\\/wp-content\\\/uploads\\\/2024\\\/08\\\/consejo-provincial-discapacidad-dolavon-1.jpg\",\"width\":1092,\"height\":534},{\"@type\":\"BreadcrumbList\",\"@id\":\"https:\\\/\\\/fmpatagoniamadryn.com.ar\\\/?p=11812#breadcrumb\",\"itemListElement\":[{\"@type\":\"ListItem\",\"position\":1,\"name\":\"Portada\",\"item\":\"https:\\\/\\\/fmpatagoniamadryn.com.ar\\\/\"},{\"@type\":\"ListItem\",\"position\":2,\"name\":\"Con amplia participaci\u00f3n, sesion\u00f3 en Dolavon el Consejo Provincial de Discapacidad\"}]},{\"@type\":\"WebSite\",\"@id\":\"https:\\\/\\\/fmpatagoniamadryn.com.ar\\\/#website\",\"url\":\"https:\\\/\\\/fmpatagoniamadryn.com.ar\\\/\",\"name\":\"FM Patagonia Madryn\",\"description\":\"Radio Patagonia 105.5\",\"publisher\":{\"@id\":\"https:\\\/\\\/fmpatagoniamadryn.com.ar\\\/#organization\"},\"potentialAction\":[{\"@type\":\"SearchAction\",\"target\":{\"@type\":\"EntryPoint\",\"urlTemplate\":\"https:\\\/\\\/fmpatagoniamadryn.com.ar\\\/?s={search_term_string}\"},\"query-input\":{\"@type\":\"PropertyValueSpecification\",\"valueRequired\":true,\"valueName\":\"search_term_string\"}}],\"inLanguage\":\"es\"},{\"@type\":\"Organization\",\"@id\":\"https:\\\/\\\/fmpatagoniamadryn.com.ar\\\/#organization\",\"name\":\"FM Patagonia Madryn\",\"url\":\"https:\\\/\\\/fmpatagoniamadryn.com.ar\\\/\",\"logo\":{\"@type\":\"ImageObject\",\"inLanguage\":\"es\",\"@id\":\"https:\\\/\\\/fmpatagoniamadryn.com.ar\\\/#\\\/schema\\\/logo\\\/image\\\/\",\"url\":\"https:\\\/\\\/fmpatagoniamadryn.com.ar\\\/wp-content\\\/uploads\\\/2023\\\/01\\\/cropped-Diseno-sin-titulo.png\",\"contentUrl\":\"https:\\\/\\\/fmpatagoniamadryn.com.ar\\\/wp-content\\\/uploads\\\/2023\\\/01\\\/cropped-Diseno-sin-titulo.png\",\"width\":6911,\"height\":2657,\"caption\":\"FM Patagonia Madryn\"},\"image\":{\"@id\":\"https:\\\/\\\/fmpatagoniamadryn.com.ar\\\/#\\\/schema\\\/logo\\\/image\\\/\"}},{\"@type\":\"Person\",\"@id\":\"https:\\\/\\\/fmpatagoniamadryn.com.ar\\\/#\\\/schema\\\/person\\\/8a3de4ad7efceacab06c1641c50303b7\",\"name\":\"FM Patagonia\",\"url\":\"https:\\\/\\\/fmpatagoniamadryn.com.ar\\\/?author=2\"}]}<\/script>\n<!-- \/ Yoast SEO plugin. -->","yoast_head_json":{"title":"Con amplia participaci\u00f3n, sesion\u00f3 en Dolavon el Consejo Provincial de Discapacidad - FM Patagonia Madryn","robots":{"index":"index","follow":"follow","max-snippet":"max-snippet:-1","max-image-preview":"max-image-preview:large","max-video-preview":"max-video-preview:-1"},"canonical":"https:\/\/fmpatagoniamadryn.com.ar\/?p=11812","og_locale":"es_ES","og_type":"article","og_title":"Con amplia participaci\u00f3n, sesion\u00f3 en Dolavon el Consejo Provincial de Discapacidad - FM Patagonia Madryn","og_description":"Fueron dos jornadas de trabajo con referentes en la tem\u00e1tica de distintas regiones de la provincia. La pr\u00f3xima asamblea ser\u00e1 en Comodoro Rivadavia y Rada Tilly a fines de octubre.&hellip;","og_url":"https:\/\/fmpatagoniamadryn.com.ar\/?p=11812","og_site_name":"FM Patagonia Madryn","article_published_time":"2024-08-17T22:36:43+00:00","article_modified_time":"2024-08-17T22:37:16+00:00","og_image":[{"width":1092,"height":534,"url":"https:\/\/fmpatagoniamadryn.com.ar\/wp-content\/uploads\/2024\/08\/consejo-provincial-discapacidad-dolavon-1.jpg","type":"image\/jpeg"}],"author":"FM Patagonia","twitter_card":"summary_large_image","twitter_misc":{"Escrito por":"FM Patagonia","Tiempo de lectura":"3 minutos"},"schema":{"@context":"https:\/\/schema.org","@graph":[{"@type":"Article","@id":"https:\/\/fmpatagoniamadryn.com.ar\/?p=11812#article","isPartOf":{"@id":"https:\/\/fmpatagoniamadryn.com.ar\/?p=11812"},"author":{"name":"FM Patagonia","@id":"https:\/\/fmpatagoniamadryn.com.ar\/#\/schema\/person\/8a3de4ad7efceacab06c1641c50303b7"},"headline":"Con amplia participaci\u00f3n, sesion\u00f3 en Dolavon el Consejo Provincial de Discapacidad","datePublished":"2024-08-17T22:36:43+00:00","dateModified":"2024-08-17T22:37:16+00:00","mainEntityOfPage":{"@id":"https:\/\/fmpatagoniamadryn.com.ar\/?p=11812"},"wordCount":518,"publisher":{"@id":"https:\/\/fmpatagoniamadryn.com.ar\/#organization"},"image":{"@id":"https:\/\/fmpatagoniamadryn.com.ar\/?p=11812#primaryimage"},"thumbnailUrl":"https:\/\/fmpatagoniamadryn.com.ar\/wp-content\/uploads\/2024\/08\/consejo-provincial-discapacidad-dolavon-1.jpg","articleSection":["Provinciales"],"inLanguage":"es"},{"@type":"WebPage","@id":"https:\/\/fmpatagoniamadryn.com.ar\/?p=11812","url":"https:\/\/fmpatagoniamadryn.com.ar\/?p=11812","name":"Con amplia participaci\u00f3n, sesion\u00f3 en Dolavon el Consejo Provincial de Discapacidad - FM Patagonia Madryn","isPartOf":{"@id":"https:\/\/fmpatagoniamadryn.com.ar\/#website"},"primaryImageOfPage":{"@id":"https:\/\/fmpatagoniamadryn.com.ar\/?p=11812#primaryimage"},"image":{"@id":"https:\/\/fmpatagoniamadryn.com.ar\/?p=11812#primaryimage"},"thumbnailUrl":"https:\/\/fmpatagoniamadryn.com.ar\/wp-content\/uploads\/2024\/08\/consejo-provincial-discapacidad-dolavon-1.jpg","datePublished":"2024-08-17T22:36:43+00:00","dateModified":"2024-08-17T22:37:16+00:00","breadcrumb":{"@id":"https:\/\/fmpatagoniamadryn.com.ar\/?p=11812#breadcrumb"},"inLanguage":"es","potentialAction":[{"@type":"ReadAction","target":["https:\/\/fmpatagoniamadryn.com.ar\/?p=11812"]}]},{"@type":"ImageObject","inLanguage":"es","@id":"https:\/\/fmpatagoniamadryn.com.ar\/?p=11812#primaryimage","url":"https:\/\/fmpatagoniamadryn.com.ar\/wp-content\/uploads\/2024\/08\/consejo-provincial-discapacidad-dolavon-1.jpg","contentUrl":"https:\/\/fmpatagoniamadryn.com.ar\/wp-content\/uploads\/2024\/08\/consejo-provincial-discapacidad-dolavon-1.jpg","width":1092,"height":534},{"@type":"BreadcrumbList","@id":"https:\/\/fmpatagoniamadryn.com.ar\/?p=11812#breadcrumb","itemListElement":[{"@type":"ListItem","position":1,"name":"Portada","item":"https:\/\/fmpatagoniamadryn.com.ar\/"},{"@type":"ListItem","position":2,"name":"Con amplia participaci\u00f3n, sesion\u00f3 en Dolavon el Consejo Provincial de Discapacidad"}]},{"@type":"WebSite","@id":"https:\/\/fmpatagoniamadryn.com.ar\/#website","url":"https:\/\/fmpatagoniamadryn.com.ar\/","name":"FM Patagonia Madryn","description":"Radio Patagonia 105.5","publisher":{"@id":"https:\/\/fmpatagoniamadryn.com.ar\/#organization"},"potentialAction":[{"@type":"SearchAction","target":{"@type":"EntryPoint","urlTemplate":"https:\/\/fmpatagoniamadryn.com.ar\/?s={search_term_string}"},"query-input":{"@type":"PropertyValueSpecification","valueRequired":true,"valueName":"search_term_string"}}],"inLanguage":"es"},{"@type":"Organization","@id":"https:\/\/fmpatagoniamadryn.com.ar\/#organization","name":"FM Patagonia Madryn","url":"https:\/\/fmpatagoniamadryn.com.ar\/","logo":{"@type":"ImageObject","inLanguage":"es","@id":"https:\/\/fmpatagoniamadryn.com.ar\/#\/schema\/logo\/image\/","url":"https:\/\/fmpatagoniamadryn.com.ar\/wp-content\/uploads\/2023\/01\/cropped-Diseno-sin-titulo.png","contentUrl":"https:\/\/fmpatagoniamadryn.com.ar\/wp-content\/uploads\/2023\/01\/cropped-Diseno-sin-titulo.png","width":6911,"height":2657,"caption":"FM Patagonia Madryn"},"image":{"@id":"https:\/\/fmpatagoniamadryn.com.ar\/#\/schema\/logo\/image\/"}},{"@type":"Person","@id":"https:\/\/fmpatagoniamadryn.com.ar\/#\/schema\/person\/8a3de4ad7efceacab06c1641c50303b7","name":"FM Patagonia","url":"https:\/\/fmpatagoniamadryn.com.ar\/?author=2"}]}},"jetpack_featured_media_url":"https:\/\/fmpatagoniamadryn.com.ar\/wp-content\/uploads\/2024\/08\/consejo-provincial-discapacidad-dolavon-1.jpg","_links":{"self":[{"href":"https:\/\/fmpatagoniamadryn.com.ar\/index.php?rest_route=\/wp\/v2\/posts\/11812","targetHints":{"allow":["GET"]}}],"collection":[{"href":"https:\/\/fmpatagoniamadryn.com.ar\/index.php?rest_route=\/wp\/v2\/posts"}],"about":[{"href":"https:\/\/fmpatagoniamadryn.com.ar\/index.php?rest_route=\/wp\/v2\/types\/post"}],"author":[{"embeddable":true,"href":"https:\/\/fmpatagoniamadryn.com.ar\/index.php?rest_route=\/wp\/v2\/users\/2"}],"replies":[{"embeddable":true,"href":"https:\/\/fmpatagoniamadryn.com.ar\/index.php?rest_route=%2Fwp%2Fv2%2Fcomments&post=11812"}],"version-history":[{"count":1,"href":"https:\/\/fmpatagoniamadryn.com.ar\/index.php?rest_route=\/wp\/v2\/posts\/11812\/revisions"}],"predecessor-version":[{"id":11813,"href":"https:\/\/fmpatagoniamadryn.com.ar\/index.php?rest_route=\/wp\/v2\/posts\/11812\/revisions\/11813"}],"wp:featuredmedia":[{"embeddable":true,"href":"https:\/\/fmpatagoniamadryn.com.ar\/index.php?rest_route=\/wp\/v2\/media\/11811"}],"wp:attachment":[{"href":"https:\/\/fmpatagoniamadryn.com.ar\/index.php?rest_route=%2Fwp%2Fv2%2Fmedia&parent=11812"}],"wp:term":[{"taxonomy":"category","embeddable":true,"href":"https:\/\/fmpatagoniamadryn.com.ar\/index.php?rest_route=%2Fwp%2Fv2%2Fcategories&post=11812"},{"taxonomy":"post_tag","embeddable":true,"href":"https:\/\/fmpatagoniamadryn.com.ar\/index.php?rest_route=%2Fwp%2Fv2%2Ftags&post=11812"}],"curies":[{"name":"wp","href":"https:\/\/api.w.org\/{rel}","templated":true}]}}