{"id":11815,"date":"2024-08-19T07:06:33","date_gmt":"2024-08-19T10:06:33","guid":{"rendered":"https:\/\/fmpatagoniamadryn.com.ar\/?p=11815"},"modified":"2024-08-19T07:06:47","modified_gmt":"2024-08-19T10:06:47","slug":"cuanto-sale-el-avistaje-de-ballenas-en-puerto-madryn-en-agosto-2024","status":"publish","type":"post","link":"https:\/\/fmpatagoniamadryn.com.ar\/?p=11815","title":{"rendered":"Cu\u00e1nto sale el avistaje de ballenas en Puerto Madryn en agosto 2024<br>"},"content":{"rendered":"\n<p>El avistamiento de ballenas es una experiencia singular e inolvidable.<\/p>\n\n\n\n<p>Puerto Madryn, situado en la Pen\u00ednsula Vald\u00e9s, se considera uno de los destinos m\u00e1s destacados del mundo para el avistamiento de ballenas. Cada a\u00f1o, entre mediados de junio y finales de noviembre, miles de ballenas francas australes migran hacia las aguas c\u00e1lidas del Golfo Nuevo para reproducirse y criar a sus cr\u00edas.<br><br><\/p>\n\n\n\n<p>Durante el avistamiento, los visitantes tienen la oportunidad de observar de cerca a estos asombrosos mam\u00edferos en su h\u00e1bitat natural. Las embarcaciones se acercan a una distancia segura, permitiendo apreciar el tama\u00f1o, el comportamiento y la interacci\u00f3n entre madres y cr\u00edas. Los gu\u00edas especializados proporcionan informaci\u00f3n sobre la biolog\u00eda de las ballenas y comparten curiosidades sobre estos fascinantes animales.<\/p>\n\n\n\n<p>En resumen, el avistamiento de ballenas en Puerto Madryn ofrece una experiencia \u00fanica que combina aventura, educaci\u00f3n y respeto por la naturaleza. Es una oportunidad que merece ser vivida para conectar con la belleza de estos magn\u00edficos mam\u00edferos<\/p>\n\n\n\n<p><strong>Precio del avistaje de ballenas en Puerto Madryn en agosto 2024<\/strong><\/p>\n\n\n\n<p><br>Los precios del avistamiento de ballenas en Puerto Madryn pueden variar considerablemente seg\u00fan la empresa que ofrezca el servicio, el tipo de embarcaci\u00f3n, la duraci\u00f3n del recorrido y los servicios adicionales incluidos. Para proporcionar una referencia general, el costo promedio para un adulto ronda los $95.000 pesos argentinos. Los ni\u00f1os, generalmente de entre 4 y 12 a\u00f1os, suelen pagar un precio reducido, aproximadamente la mitad del valor para adultos.<\/p>\n\n\n\n<p>Las tarifas del avistamiento pueden fluctuar en funci\u00f3n de la empresa operadora, el tipo de embarcaci\u00f3n, la duraci\u00f3n del recorrido y los servicios adicionales ofrecidos. Se recomienda consultar directamente con cada empresa para obtener un presupuesto actualizado.<br><br>En general, el precio del avistamiento suele incluir:<br><br>Traslado al puerto: Desde un punto de encuentro c\u00e9ntrico en Puerto Madryn.<br>Embarcaci\u00f3n: Equipadas con todas las comodidades necesarias para disfrutar de la navegaci\u00f3n.<br>Gu\u00eda especializado: Que proporciona informaci\u00f3n sobre las ballenas y la regi\u00f3n.<br>Equipamiento de seguridad: Incluyendo chalecos salvavidas y otros elementos necesarios.<br>Observaci\u00f3n de ballenas: Desde una distancia segura, respetando las normas de conservaci\u00f3n<\/p>\n","protected":false},"excerpt":{"rendered":"<p>El avistamiento de ballenas es una experiencia singular e inolvidable. Puerto Madryn, situado en la Pen\u00ednsula Vald\u00e9s, se considera uno de los destinos m\u00e1s destacados del mundo para el avistamiento&hellip; <\/p>\n","protected":false},"author":2,"featured_media":11814,"comment_status":"closed","ping_status":"closed","sticky":false,"template":"","format":"standard","meta":{"footnotes":""},"categories":[15],"tags":[],"class_list":["post-11815","post","type-post","status-publish","format-standard","has-post-thumbnail","hentry","category-locales"],"yoast_head":"<!-- This site is optimized with the Yoast SEO plugin v27.5 - https:\/\/yoast.com\/product\/yoast-seo-wordpress\/ -->\n<title>Cu\u00e1nto sale el avistaje de ballenas en Puerto Madryn en agosto 2024 - FM Patagonia Madryn<\/title>\n<meta name=\"robots\" content=\"index, follow, max-snippet:-1, max-image-preview:large, max-video-preview:-1\" \/>\n<link rel=\"canonical\" href=\"https:\/\/fmpatagoniamadryn.com.ar\/?p=11815\" \/>\n<meta property=\"og:locale\" content=\"es_ES\" \/>\n<meta property=\"og:type\" content=\"article\" \/>\n<meta property=\"og:title\" content=\"Cu\u00e1nto sale el avistaje de ballenas en Puerto Madryn en agosto 2024 - FM Patagonia Madryn\" \/>\n<meta property=\"og:description\" content=\"El avistamiento de ballenas es una experiencia singular e inolvidable. Puerto Madryn, situado en la Pen\u00ednsula Vald\u00e9s, se considera uno de los destinos m\u00e1s destacados del mundo para el avistamiento&hellip;\" \/>\n<meta property=\"og:url\" content=\"https:\/\/fmpatagoniamadryn.com.ar\/?p=11815\" \/>\n<meta property=\"og:site_name\" content=\"FM Patagonia Madryn\" \/>\n<meta property=\"article:published_time\" content=\"2024-08-19T10:06:33+00:00\" \/>\n<meta property=\"article:modified_time\" content=\"2024-08-19T10:06:47+00:00\" \/>\n<meta property=\"og:image\" content=\"https:\/\/fmpatagoniamadryn.com.ar\/wp-content\/uploads\/2024\/08\/avistaje-ballenas.jpg\" \/>\n\t<meta property=\"og:image:width\" content=\"790\" \/>\n\t<meta property=\"og:image:height\" content=\"444\" \/>\n\t<meta property=\"og:image:type\" content=\"image\/jpeg\" \/>\n<meta name=\"author\" content=\"FM Patagonia\" \/>\n<meta name=\"twitter:card\" content=\"summary_large_image\" \/>\n<meta name=\"twitter:label1\" content=\"Escrito por\" \/>\n\t<meta name=\"twitter:data1\" content=\"FM Patagonia\" \/>\n\t<meta name=\"twitter:label2\" content=\"Tiempo de lectura\" \/>\n\t<meta name=\"twitter:data2\" content=\"2 minutos\" \/>\n<script type=\"application\/ld+json\" class=\"yoast-schema-graph\">{\"@context\":\"https:\\\/\\\/schema.org\",\"@graph\":[{\"@type\":\"Article\",\"@id\":\"https:\\\/\\\/fmpatagoniamadryn.com.ar\\\/?p=11815#article\",\"isPartOf\":{\"@id\":\"https:\\\/\\\/fmpatagoniamadryn.com.ar\\\/?p=11815\"},\"author\":{\"name\":\"FM Patagonia\",\"@id\":\"https:\\\/\\\/fmpatagoniamadryn.com.ar\\\/#\\\/schema\\\/person\\\/8a3de4ad7efceacab06c1641c50303b7\"},\"headline\":\"Cu\u00e1nto sale el avistaje de ballenas en Puerto Madryn en agosto 2024\",\"datePublished\":\"2024-08-19T10:06:33+00:00\",\"dateModified\":\"2024-08-19T10:06:47+00:00\",\"mainEntityOfPage\":{\"@id\":\"https:\\\/\\\/fmpatagoniamadryn.com.ar\\\/?p=11815\"},\"wordCount\":382,\"publisher\":{\"@id\":\"https:\\\/\\\/fmpatagoniamadryn.com.ar\\\/#organization\"},\"image\":{\"@id\":\"https:\\\/\\\/fmpatagoniamadryn.com.ar\\\/?p=11815#primaryimage\"},\"thumbnailUrl\":\"https:\\\/\\\/fmpatagoniamadryn.com.ar\\\/wp-content\\\/uploads\\\/2024\\\/08\\\/avistaje-ballenas.jpg\",\"articleSection\":[\"Locales\"],\"inLanguage\":\"es\"},{\"@type\":\"WebPage\",\"@id\":\"https:\\\/\\\/fmpatagoniamadryn.com.ar\\\/?p=11815\",\"url\":\"https:\\\/\\\/fmpatagoniamadryn.com.ar\\\/?p=11815\",\"name\":\"Cu\u00e1nto sale el avistaje de ballenas en Puerto Madryn en agosto 2024 - FM Patagonia Madryn\",\"isPartOf\":{\"@id\":\"https:\\\/\\\/fmpatagoniamadryn.com.ar\\\/#website\"},\"primaryImageOfPage\":{\"@id\":\"https:\\\/\\\/fmpatagoniamadryn.com.ar\\\/?p=11815#primaryimage\"},\"image\":{\"@id\":\"https:\\\/\\\/fmpatagoniamadryn.com.ar\\\/?p=11815#primaryimage\"},\"thumbnailUrl\":\"https:\\\/\\\/fmpatagoniamadryn.com.ar\\\/wp-content\\\/uploads\\\/2024\\\/08\\\/avistaje-ballenas.jpg\",\"datePublished\":\"2024-08-19T10:06:33+00:00\",\"dateModified\":\"2024-08-19T10:06:47+00:00\",\"breadcrumb\":{\"@id\":\"https:\\\/\\\/fmpatagoniamadryn.com.ar\\\/?p=11815#breadcrumb\"},\"inLanguage\":\"es\",\"potentialAction\":[{\"@type\":\"ReadAction\",\"target\":[\"https:\\\/\\\/fmpatagoniamadryn.com.ar\\\/?p=11815\"]}]},{\"@type\":\"ImageObject\",\"inLanguage\":\"es\",\"@id\":\"https:\\\/\\\/fmpatagoniamadryn.com.ar\\\/?p=11815#primaryimage\",\"url\":\"https:\\\/\\\/fmpatagoniamadryn.com.ar\\\/wp-content\\\/uploads\\\/2024\\\/08\\\/avistaje-ballenas.jpg\",\"contentUrl\":\"https:\\\/\\\/fmpatagoniamadryn.com.ar\\\/wp-content\\\/uploads\\\/2024\\\/08\\\/avistaje-ballenas.jpg\",\"width\":790,\"height\":444},{\"@type\":\"BreadcrumbList\",\"@id\":\"https:\\\/\\\/fmpatagoniamadryn.com.ar\\\/?p=11815#breadcrumb\",\"itemListElement\":[{\"@type\":\"ListItem\",\"position\":1,\"name\":\"Portada\",\"item\":\"https:\\\/\\\/fmpatagoniamadryn.com.ar\\\/\"},{\"@type\":\"ListItem\",\"position\":2,\"name\":\"Cu\u00e1nto sale el avistaje de ballenas en Puerto Madryn en agosto 2024\"}]},{\"@type\":\"WebSite\",\"@id\":\"https:\\\/\\\/fmpatagoniamadryn.com.ar\\\/#website\",\"url\":\"https:\\\/\\\/fmpatagoniamadryn.com.ar\\\/\",\"name\":\"FM Patagonia Madryn\",\"description\":\"Radio Patagonia 105.5\",\"publisher\":{\"@id\":\"https:\\\/\\\/fmpatagoniamadryn.com.ar\\\/#organization\"},\"potentialAction\":[{\"@type\":\"SearchAction\",\"target\":{\"@type\":\"EntryPoint\",\"urlTemplate\":\"https:\\\/\\\/fmpatagoniamadryn.com.ar\\\/?s={search_term_string}\"},\"query-input\":{\"@type\":\"PropertyValueSpecification\",\"valueRequired\":true,\"valueName\":\"search_term_string\"}}],\"inLanguage\":\"es\"},{\"@type\":\"Organization\",\"@id\":\"https:\\\/\\\/fmpatagoniamadryn.com.ar\\\/#organization\",\"name\":\"FM Patagonia Madryn\",\"url\":\"https:\\\/\\\/fmpatagoniamadryn.com.ar\\\/\",\"logo\":{\"@type\":\"ImageObject\",\"inLanguage\":\"es\",\"@id\":\"https:\\\/\\\/fmpatagoniamadryn.com.ar\\\/#\\\/schema\\\/logo\\\/image\\\/\",\"url\":\"https:\\\/\\\/fmpatagoniamadryn.com.ar\\\/wp-content\\\/uploads\\\/2023\\\/01\\\/cropped-Diseno-sin-titulo.png\",\"contentUrl\":\"https:\\\/\\\/fmpatagoniamadryn.com.ar\\\/wp-content\\\/uploads\\\/2023\\\/01\\\/cropped-Diseno-sin-titulo.png\",\"width\":6911,\"height\":2657,\"caption\":\"FM Patagonia Madryn\"},\"image\":{\"@id\":\"https:\\\/\\\/fmpatagoniamadryn.com.ar\\\/#\\\/schema\\\/logo\\\/image\\\/\"}},{\"@type\":\"Person\",\"@id\":\"https:\\\/\\\/fmpatagoniamadryn.com.ar\\\/#\\\/schema\\\/person\\\/8a3de4ad7efceacab06c1641c50303b7\",\"name\":\"FM Patagonia\",\"url\":\"https:\\\/\\\/fmpatagoniamadryn.com.ar\\\/?author=2\"}]}<\/script>\n<!-- \/ Yoast SEO plugin. -->","yoast_head_json":{"title":"Cu\u00e1nto sale el avistaje de ballenas en Puerto Madryn en agosto 2024 - FM Patagonia Madryn","robots":{"index":"index","follow":"follow","max-snippet":"max-snippet:-1","max-image-preview":"max-image-preview:large","max-video-preview":"max-video-preview:-1"},"canonical":"https:\/\/fmpatagoniamadryn.com.ar\/?p=11815","og_locale":"es_ES","og_type":"article","og_title":"Cu\u00e1nto sale el avistaje de ballenas en Puerto Madryn en agosto 2024 - FM Patagonia Madryn","og_description":"El avistamiento de ballenas es una experiencia singular e inolvidable. Puerto Madryn, situado en la Pen\u00ednsula Vald\u00e9s, se considera uno de los destinos m\u00e1s destacados del mundo para el avistamiento&hellip;","og_url":"https:\/\/fmpatagoniamadryn.com.ar\/?p=11815","og_site_name":"FM Patagonia Madryn","article_published_time":"2024-08-19T10:06:33+00:00","article_modified_time":"2024-08-19T10:06:47+00:00","og_image":[{"width":790,"height":444,"url":"https:\/\/fmpatagoniamadryn.com.ar\/wp-content\/uploads\/2024\/08\/avistaje-ballenas.jpg","type":"image\/jpeg"}],"author":"FM Patagonia","twitter_card":"summary_large_image","twitter_misc":{"Escrito por":"FM Patagonia","Tiempo de lectura":"2 minutos"},"schema":{"@context":"https:\/\/schema.org","@graph":[{"@type":"Article","@id":"https:\/\/fmpatagoniamadryn.com.ar\/?p=11815#article","isPartOf":{"@id":"https:\/\/fmpatagoniamadryn.com.ar\/?p=11815"},"author":{"name":"FM Patagonia","@id":"https:\/\/fmpatagoniamadryn.com.ar\/#\/schema\/person\/8a3de4ad7efceacab06c1641c50303b7"},"headline":"Cu\u00e1nto sale el avistaje de ballenas en Puerto Madryn en agosto 2024","datePublished":"2024-08-19T10:06:33+00:00","dateModified":"2024-08-19T10:06:47+00:00","mainEntityOfPage":{"@id":"https:\/\/fmpatagoniamadryn.com.ar\/?p=11815"},"wordCount":382,"publisher":{"@id":"https:\/\/fmpatagoniamadryn.com.ar\/#organization"},"image":{"@id":"https:\/\/fmpatagoniamadryn.com.ar\/?p=11815#primaryimage"},"thumbnailUrl":"https:\/\/fmpatagoniamadryn.com.ar\/wp-content\/uploads\/2024\/08\/avistaje-ballenas.jpg","articleSection":["Locales"],"inLanguage":"es"},{"@type":"WebPage","@id":"https:\/\/fmpatagoniamadryn.com.ar\/?p=11815","url":"https:\/\/fmpatagoniamadryn.com.ar\/?p=11815","name":"Cu\u00e1nto sale el avistaje de ballenas en Puerto Madryn en agosto 2024 - FM Patagonia Madryn","isPartOf":{"@id":"https:\/\/fmpatagoniamadryn.com.ar\/#website"},"primaryImageOfPage":{"@id":"https:\/\/fmpatagoniamadryn.com.ar\/?p=11815#primaryimage"},"image":{"@id":"https:\/\/fmpatagoniamadryn.com.ar\/?p=11815#primaryimage"},"thumbnailUrl":"https:\/\/fmpatagoniamadryn.com.ar\/wp-content\/uploads\/2024\/08\/avistaje-ballenas.jpg","datePublished":"2024-08-19T10:06:33+00:00","dateModified":"2024-08-19T10:06:47+00:00","breadcrumb":{"@id":"https:\/\/fmpatagoniamadryn.com.ar\/?p=11815#breadcrumb"},"inLanguage":"es","potentialAction":[{"@type":"ReadAction","target":["https:\/\/fmpatagoniamadryn.com.ar\/?p=11815"]}]},{"@type":"ImageObject","inLanguage":"es","@id":"https:\/\/fmpatagoniamadryn.com.ar\/?p=11815#primaryimage","url":"https:\/\/fmpatagoniamadryn.com.ar\/wp-content\/uploads\/2024\/08\/avistaje-ballenas.jpg","contentUrl":"https:\/\/fmpatagoniamadryn.com.ar\/wp-content\/uploads\/2024\/08\/avistaje-ballenas.jpg","width":790,"height":444},{"@type":"BreadcrumbList","@id":"https:\/\/fmpatagoniamadryn.com.ar\/?p=11815#breadcrumb","itemListElement":[{"@type":"ListItem","position":1,"name":"Portada","item":"https:\/\/fmpatagoniamadryn.com.ar\/"},{"@type":"ListItem","position":2,"name":"Cu\u00e1nto sale el avistaje de ballenas en Puerto Madryn en agosto 2024"}]},{"@type":"WebSite","@id":"https:\/\/fmpatagoniamadryn.com.ar\/#website","url":"https:\/\/fmpatagoniamadryn.com.ar\/","name":"FM Patagonia Madryn","description":"Radio Patagonia 105.5","publisher":{"@id":"https:\/\/fmpatagoniamadryn.com.ar\/#organization"},"potentialAction":[{"@type":"SearchAction","target":{"@type":"EntryPoint","urlTemplate":"https:\/\/fmpatagoniamadryn.com.ar\/?s={search_term_string}"},"query-input":{"@type":"PropertyValueSpecification","valueRequired":true,"valueName":"search_term_string"}}],"inLanguage":"es"},{"@type":"Organization","@id":"https:\/\/fmpatagoniamadryn.com.ar\/#organization","name":"FM Patagonia Madryn","url":"https:\/\/fmpatagoniamadryn.com.ar\/","logo":{"@type":"ImageObject","inLanguage":"es","@id":"https:\/\/fmpatagoniamadryn.com.ar\/#\/schema\/logo\/image\/","url":"https:\/\/fmpatagoniamadryn.com.ar\/wp-content\/uploads\/2023\/01\/cropped-Diseno-sin-titulo.png","contentUrl":"https:\/\/fmpatagoniamadryn.com.ar\/wp-content\/uploads\/2023\/01\/cropped-Diseno-sin-titulo.png","width":6911,"height":2657,"caption":"FM Patagonia Madryn"},"image":{"@id":"https:\/\/fmpatagoniamadryn.com.ar\/#\/schema\/logo\/image\/"}},{"@type":"Person","@id":"https:\/\/fmpatagoniamadryn.com.ar\/#\/schema\/person\/8a3de4ad7efceacab06c1641c50303b7","name":"FM Patagonia","url":"https:\/\/fmpatagoniamadryn.com.ar\/?author=2"}]}},"jetpack_featured_media_url":"https:\/\/fmpatagoniamadryn.com.ar\/wp-content\/uploads\/2024\/08\/avistaje-ballenas.jpg","_links":{"self":[{"href":"https:\/\/fmpatagoniamadryn.com.ar\/index.php?rest_route=\/wp\/v2\/posts\/11815","targetHints":{"allow":["GET"]}}],"collection":[{"href":"https:\/\/fmpatagoniamadryn.com.ar\/index.php?rest_route=\/wp\/v2\/posts"}],"about":[{"href":"https:\/\/fmpatagoniamadryn.com.ar\/index.php?rest_route=\/wp\/v2\/types\/post"}],"author":[{"embeddable":true,"href":"https:\/\/fmpatagoniamadryn.com.ar\/index.php?rest_route=\/wp\/v2\/users\/2"}],"replies":[{"embeddable":true,"href":"https:\/\/fmpatagoniamadryn.com.ar\/index.php?rest_route=%2Fwp%2Fv2%2Fcomments&post=11815"}],"version-history":[{"count":1,"href":"https:\/\/fmpatagoniamadryn.com.ar\/index.php?rest_route=\/wp\/v2\/posts\/11815\/revisions"}],"predecessor-version":[{"id":11816,"href":"https:\/\/fmpatagoniamadryn.com.ar\/index.php?rest_route=\/wp\/v2\/posts\/11815\/revisions\/11816"}],"wp:featuredmedia":[{"embeddable":true,"href":"https:\/\/fmpatagoniamadryn.com.ar\/index.php?rest_route=\/wp\/v2\/media\/11814"}],"wp:attachment":[{"href":"https:\/\/fmpatagoniamadryn.com.ar\/index.php?rest_route=%2Fwp%2Fv2%2Fmedia&parent=11815"}],"wp:term":[{"taxonomy":"category","embeddable":true,"href":"https:\/\/fmpatagoniamadryn.com.ar\/index.php?rest_route=%2Fwp%2Fv2%2Fcategories&post=11815"},{"taxonomy":"post_tag","embeddable":true,"href":"https:\/\/fmpatagoniamadryn.com.ar\/index.php?rest_route=%2Fwp%2Fv2%2Ftags&post=11815"}],"curies":[{"name":"wp","href":"https:\/\/api.w.org\/{rel}","templated":true}]}}