{"id":11818,"date":"2024-08-19T11:03:40","date_gmt":"2024-08-19T14:03:40","guid":{"rendered":"https:\/\/fmpatagoniamadryn.com.ar\/?p=11818"},"modified":"2024-08-19T11:04:11","modified_gmt":"2024-08-19T14:04:11","slug":"chubut-refuerza-su-compromiso-con-el-fortalecimiento-de-la-actividad-portuaria","status":"publish","type":"post","link":"https:\/\/fmpatagoniamadryn.com.ar\/?p=11818","title":{"rendered":"<br>Chubut refuerza su compromiso con el fortalecimiento de la actividad portuaria"},"content":{"rendered":"\n<p><br><br>Fue durante la participaci\u00f3n de la Provincia en la primera reuni\u00f3n del Consejo Federal Portuario realizada en Buenos Aires.<br><br>En un paso significativo hacia la consolidaci\u00f3n de una red portuaria federal, y asegurando que los puertos de Chubut sigan siendo protagonistas en el crecimiento y desarrollo de la econom\u00eda regional y nacional como lo impulsa el gobernador Ignacio \u00abNacho\u00bb Torres, el Gobierno de la Provincia tuvo una activa participaci\u00f3n durante la primera reuni\u00f3n del Consejo Federal Portuario, que se realiz\u00f3 en la Casa de la Provincia de Santa Fe en la Ciudad Aut\u00f3noma de Buenos Aires.<br><br>El encuentro fue encabezado por el subsecretario de Puertos de Naci\u00f3n, y reuni\u00f3 a autoridades portuarias de todo el pa\u00eds, asistiendo en representaci\u00f3n de Chubut la administradora del puerto de Comodoro Rivadavia, Digna Hernando; el titular de la Administraci\u00f3n Portuaria de Puerto Madryn, Diego P\u00e9rez; y la directora general de Puertos de Explotaci\u00f3n Directa, Gisela Silva.<br><br><br>Diego P\u00e9rez, como representante de la Administraci\u00f3n Portuaria de Puerto Madryn, destac\u00f3 la relevancia de este tipo de reuniones para articular esfuerzos que beneficien a los puertos del pa\u00eds y, en particular, a los de la provincia del Chubut, asegurando que \u00abla integraci\u00f3n de nuestros puertos a esta red federal es fundamental para potenciar la actividad productiva y fortalecer nuestra competitividad log\u00edstica\u00bb.<br><br> <br>Temario del encuentro<br><br><br>Con un enfoque orientado al federalismo y un esp\u00edritu ejecutivo, el Consejo Federal Portuario se convirti\u00f3 en un espacio clave para abordar las problem\u00e1ticas y oportunidades que enfrentan los puertos de Argentina, y para trabajar de manera conjunta en la b\u00fasqueda de soluciones concretas.<br><br> <br>Durante la reuni\u00f3n, se avanz\u00f3 en la agilizaci\u00f3n de tr\u00e1mites y habilitaciones, as\u00ed como en la planificaci\u00f3n del futuro de las v\u00edas navegables del pa\u00eds, con el objetivo de reducir los costos log\u00edsticos e impulsar la producci\u00f3n nacional.<br><br><br>La participaci\u00f3n de los puertos chubutenses en este foro es una muestra del firme compromiso del Gobierno Provincial, encabezado por Ignacio \u00abNacho\u00bb Torres, en acompa\u00f1ar pol\u00edticas que promuevan la integraci\u00f3n de los puertos provinciales en esta red federal.<br><br><br>Desarrollo provincial y nacional<br><br><br>\u00abLa visi\u00f3n estrat\u00e9gica del gobernador Torres, orientada a fortalecer la actividad portuaria, refuerza la importancia de estos encuentros y la voluntad que tenemos de contribuir activamente al desarrollo de la infraestructura portuaria en todo el territorio nacional\u00bb, manifest\u00f3 por su parte la administradora del puerto de Comodoro Rivadavia, Digna Hernando<\/p>\n","protected":false},"excerpt":{"rendered":"<p>Fue durante la participaci\u00f3n de la Provincia en la primera reuni\u00f3n del Consejo Federal Portuario realizada en Buenos Aires. En un paso significativo hacia la consolidaci\u00f3n de una red portuaria&hellip; <\/p>\n","protected":false},"author":2,"featured_media":11817,"comment_status":"closed","ping_status":"closed","sticky":false,"template":"","format":"standard","meta":{"footnotes":""},"categories":[14],"tags":[],"class_list":["post-11818","post","type-post","status-publish","format-standard","has-post-thumbnail","hentry","category-provinciales"],"yoast_head":"<!-- This site is optimized with the Yoast SEO plugin v27.5 - https:\/\/yoast.com\/product\/yoast-seo-wordpress\/ -->\n<title>Chubut refuerza su compromiso con el fortalecimiento de la actividad portuaria - FM Patagonia Madryn<\/title>\n<meta name=\"robots\" content=\"index, follow, max-snippet:-1, max-image-preview:large, max-video-preview:-1\" \/>\n<link rel=\"canonical\" href=\"https:\/\/fmpatagoniamadryn.com.ar\/?p=11818\" \/>\n<meta property=\"og:locale\" content=\"es_ES\" \/>\n<meta property=\"og:type\" content=\"article\" \/>\n<meta property=\"og:title\" content=\"Chubut refuerza su compromiso con el fortalecimiento de la actividad portuaria - FM Patagonia Madryn\" \/>\n<meta property=\"og:description\" content=\"Fue durante la participaci\u00f3n de la Provincia en la primera reuni\u00f3n del Consejo Federal Portuario realizada en Buenos Aires. En un paso significativo hacia la consolidaci\u00f3n de una red portuaria&hellip;\" \/>\n<meta property=\"og:url\" content=\"https:\/\/fmpatagoniamadryn.com.ar\/?p=11818\" \/>\n<meta property=\"og:site_name\" content=\"FM Patagonia Madryn\" \/>\n<meta property=\"article:published_time\" content=\"2024-08-19T14:03:40+00:00\" \/>\n<meta property=\"article:modified_time\" content=\"2024-08-19T14:04:11+00:00\" \/>\n<meta property=\"og:image\" content=\"https:\/\/fmpatagoniamadryn.com.ar\/wp-content\/uploads\/2024\/08\/2024-08-15-Consejo-Federal-Portuario-001.jpg\" \/>\n\t<meta property=\"og:image:width\" content=\"1600\" \/>\n\t<meta property=\"og:image:height\" content=\"888\" \/>\n\t<meta property=\"og:image:type\" content=\"image\/jpeg\" \/>\n<meta name=\"author\" content=\"FM Patagonia\" \/>\n<meta name=\"twitter:card\" content=\"summary_large_image\" \/>\n<meta name=\"twitter:label1\" content=\"Escrito por\" \/>\n\t<meta name=\"twitter:data1\" content=\"FM Patagonia\" \/>\n\t<meta name=\"twitter:label2\" content=\"Tiempo de lectura\" \/>\n\t<meta name=\"twitter:data2\" content=\"2 minutos\" \/>\n<script type=\"application\/ld+json\" class=\"yoast-schema-graph\">{\"@context\":\"https:\\\/\\\/schema.org\",\"@graph\":[{\"@type\":\"Article\",\"@id\":\"https:\\\/\\\/fmpatagoniamadryn.com.ar\\\/?p=11818#article\",\"isPartOf\":{\"@id\":\"https:\\\/\\\/fmpatagoniamadryn.com.ar\\\/?p=11818\"},\"author\":{\"name\":\"FM Patagonia\",\"@id\":\"https:\\\/\\\/fmpatagoniamadryn.com.ar\\\/#\\\/schema\\\/person\\\/8a3de4ad7efceacab06c1641c50303b7\"},\"headline\":\"Chubut refuerza su compromiso con el fortalecimiento de la actividad portuaria\",\"datePublished\":\"2024-08-19T14:03:40+00:00\",\"dateModified\":\"2024-08-19T14:04:11+00:00\",\"mainEntityOfPage\":{\"@id\":\"https:\\\/\\\/fmpatagoniamadryn.com.ar\\\/?p=11818\"},\"wordCount\":437,\"publisher\":{\"@id\":\"https:\\\/\\\/fmpatagoniamadryn.com.ar\\\/#organization\"},\"image\":{\"@id\":\"https:\\\/\\\/fmpatagoniamadryn.com.ar\\\/?p=11818#primaryimage\"},\"thumbnailUrl\":\"https:\\\/\\\/fmpatagoniamadryn.com.ar\\\/wp-content\\\/uploads\\\/2024\\\/08\\\/2024-08-15-Consejo-Federal-Portuario-001.jpg\",\"articleSection\":[\"Provinciales\"],\"inLanguage\":\"es\"},{\"@type\":\"WebPage\",\"@id\":\"https:\\\/\\\/fmpatagoniamadryn.com.ar\\\/?p=11818\",\"url\":\"https:\\\/\\\/fmpatagoniamadryn.com.ar\\\/?p=11818\",\"name\":\"Chubut refuerza su compromiso con el fortalecimiento de la actividad portuaria - FM Patagonia Madryn\",\"isPartOf\":{\"@id\":\"https:\\\/\\\/fmpatagoniamadryn.com.ar\\\/#website\"},\"primaryImageOfPage\":{\"@id\":\"https:\\\/\\\/fmpatagoniamadryn.com.ar\\\/?p=11818#primaryimage\"},\"image\":{\"@id\":\"https:\\\/\\\/fmpatagoniamadryn.com.ar\\\/?p=11818#primaryimage\"},\"thumbnailUrl\":\"https:\\\/\\\/fmpatagoniamadryn.com.ar\\\/wp-content\\\/uploads\\\/2024\\\/08\\\/2024-08-15-Consejo-Federal-Portuario-001.jpg\",\"datePublished\":\"2024-08-19T14:03:40+00:00\",\"dateModified\":\"2024-08-19T14:04:11+00:00\",\"breadcrumb\":{\"@id\":\"https:\\\/\\\/fmpatagoniamadryn.com.ar\\\/?p=11818#breadcrumb\"},\"inLanguage\":\"es\",\"potentialAction\":[{\"@type\":\"ReadAction\",\"target\":[\"https:\\\/\\\/fmpatagoniamadryn.com.ar\\\/?p=11818\"]}]},{\"@type\":\"ImageObject\",\"inLanguage\":\"es\",\"@id\":\"https:\\\/\\\/fmpatagoniamadryn.com.ar\\\/?p=11818#primaryimage\",\"url\":\"https:\\\/\\\/fmpatagoniamadryn.com.ar\\\/wp-content\\\/uploads\\\/2024\\\/08\\\/2024-08-15-Consejo-Federal-Portuario-001.jpg\",\"contentUrl\":\"https:\\\/\\\/fmpatagoniamadryn.com.ar\\\/wp-content\\\/uploads\\\/2024\\\/08\\\/2024-08-15-Consejo-Federal-Portuario-001.jpg\",\"width\":1600,\"height\":888},{\"@type\":\"BreadcrumbList\",\"@id\":\"https:\\\/\\\/fmpatagoniamadryn.com.ar\\\/?p=11818#breadcrumb\",\"itemListElement\":[{\"@type\":\"ListItem\",\"position\":1,\"name\":\"Portada\",\"item\":\"https:\\\/\\\/fmpatagoniamadryn.com.ar\\\/\"},{\"@type\":\"ListItem\",\"position\":2,\"name\":\"Chubut refuerza su compromiso con el fortalecimiento de la actividad portuaria\"}]},{\"@type\":\"WebSite\",\"@id\":\"https:\\\/\\\/fmpatagoniamadryn.com.ar\\\/#website\",\"url\":\"https:\\\/\\\/fmpatagoniamadryn.com.ar\\\/\",\"name\":\"FM Patagonia Madryn\",\"description\":\"Radio Patagonia 105.5\",\"publisher\":{\"@id\":\"https:\\\/\\\/fmpatagoniamadryn.com.ar\\\/#organization\"},\"potentialAction\":[{\"@type\":\"SearchAction\",\"target\":{\"@type\":\"EntryPoint\",\"urlTemplate\":\"https:\\\/\\\/fmpatagoniamadryn.com.ar\\\/?s={search_term_string}\"},\"query-input\":{\"@type\":\"PropertyValueSpecification\",\"valueRequired\":true,\"valueName\":\"search_term_string\"}}],\"inLanguage\":\"es\"},{\"@type\":\"Organization\",\"@id\":\"https:\\\/\\\/fmpatagoniamadryn.com.ar\\\/#organization\",\"name\":\"FM Patagonia Madryn\",\"url\":\"https:\\\/\\\/fmpatagoniamadryn.com.ar\\\/\",\"logo\":{\"@type\":\"ImageObject\",\"inLanguage\":\"es\",\"@id\":\"https:\\\/\\\/fmpatagoniamadryn.com.ar\\\/#\\\/schema\\\/logo\\\/image\\\/\",\"url\":\"https:\\\/\\\/fmpatagoniamadryn.com.ar\\\/wp-content\\\/uploads\\\/2023\\\/01\\\/cropped-Diseno-sin-titulo.png\",\"contentUrl\":\"https:\\\/\\\/fmpatagoniamadryn.com.ar\\\/wp-content\\\/uploads\\\/2023\\\/01\\\/cropped-Diseno-sin-titulo.png\",\"width\":6911,\"height\":2657,\"caption\":\"FM Patagonia Madryn\"},\"image\":{\"@id\":\"https:\\\/\\\/fmpatagoniamadryn.com.ar\\\/#\\\/schema\\\/logo\\\/image\\\/\"}},{\"@type\":\"Person\",\"@id\":\"https:\\\/\\\/fmpatagoniamadryn.com.ar\\\/#\\\/schema\\\/person\\\/8a3de4ad7efceacab06c1641c50303b7\",\"name\":\"FM Patagonia\",\"url\":\"https:\\\/\\\/fmpatagoniamadryn.com.ar\\\/?author=2\"}]}<\/script>\n<!-- \/ Yoast SEO plugin. -->","yoast_head_json":{"title":"Chubut refuerza su compromiso con el fortalecimiento de la actividad portuaria - FM Patagonia Madryn","robots":{"index":"index","follow":"follow","max-snippet":"max-snippet:-1","max-image-preview":"max-image-preview:large","max-video-preview":"max-video-preview:-1"},"canonical":"https:\/\/fmpatagoniamadryn.com.ar\/?p=11818","og_locale":"es_ES","og_type":"article","og_title":"Chubut refuerza su compromiso con el fortalecimiento de la actividad portuaria - FM Patagonia Madryn","og_description":"Fue durante la participaci\u00f3n de la Provincia en la primera reuni\u00f3n del Consejo Federal Portuario realizada en Buenos Aires. En un paso significativo hacia la consolidaci\u00f3n de una red portuaria&hellip;","og_url":"https:\/\/fmpatagoniamadryn.com.ar\/?p=11818","og_site_name":"FM Patagonia Madryn","article_published_time":"2024-08-19T14:03:40+00:00","article_modified_time":"2024-08-19T14:04:11+00:00","og_image":[{"width":1600,"height":888,"url":"https:\/\/fmpatagoniamadryn.com.ar\/wp-content\/uploads\/2024\/08\/2024-08-15-Consejo-Federal-Portuario-001.jpg","type":"image\/jpeg"}],"author":"FM Patagonia","twitter_card":"summary_large_image","twitter_misc":{"Escrito por":"FM Patagonia","Tiempo de lectura":"2 minutos"},"schema":{"@context":"https:\/\/schema.org","@graph":[{"@type":"Article","@id":"https:\/\/fmpatagoniamadryn.com.ar\/?p=11818#article","isPartOf":{"@id":"https:\/\/fmpatagoniamadryn.com.ar\/?p=11818"},"author":{"name":"FM Patagonia","@id":"https:\/\/fmpatagoniamadryn.com.ar\/#\/schema\/person\/8a3de4ad7efceacab06c1641c50303b7"},"headline":"Chubut refuerza su compromiso con el fortalecimiento de la actividad portuaria","datePublished":"2024-08-19T14:03:40+00:00","dateModified":"2024-08-19T14:04:11+00:00","mainEntityOfPage":{"@id":"https:\/\/fmpatagoniamadryn.com.ar\/?p=11818"},"wordCount":437,"publisher":{"@id":"https:\/\/fmpatagoniamadryn.com.ar\/#organization"},"image":{"@id":"https:\/\/fmpatagoniamadryn.com.ar\/?p=11818#primaryimage"},"thumbnailUrl":"https:\/\/fmpatagoniamadryn.com.ar\/wp-content\/uploads\/2024\/08\/2024-08-15-Consejo-Federal-Portuario-001.jpg","articleSection":["Provinciales"],"inLanguage":"es"},{"@type":"WebPage","@id":"https:\/\/fmpatagoniamadryn.com.ar\/?p=11818","url":"https:\/\/fmpatagoniamadryn.com.ar\/?p=11818","name":"Chubut refuerza su compromiso con el fortalecimiento de la actividad portuaria - FM Patagonia Madryn","isPartOf":{"@id":"https:\/\/fmpatagoniamadryn.com.ar\/#website"},"primaryImageOfPage":{"@id":"https:\/\/fmpatagoniamadryn.com.ar\/?p=11818#primaryimage"},"image":{"@id":"https:\/\/fmpatagoniamadryn.com.ar\/?p=11818#primaryimage"},"thumbnailUrl":"https:\/\/fmpatagoniamadryn.com.ar\/wp-content\/uploads\/2024\/08\/2024-08-15-Consejo-Federal-Portuario-001.jpg","datePublished":"2024-08-19T14:03:40+00:00","dateModified":"2024-08-19T14:04:11+00:00","breadcrumb":{"@id":"https:\/\/fmpatagoniamadryn.com.ar\/?p=11818#breadcrumb"},"inLanguage":"es","potentialAction":[{"@type":"ReadAction","target":["https:\/\/fmpatagoniamadryn.com.ar\/?p=11818"]}]},{"@type":"ImageObject","inLanguage":"es","@id":"https:\/\/fmpatagoniamadryn.com.ar\/?p=11818#primaryimage","url":"https:\/\/fmpatagoniamadryn.com.ar\/wp-content\/uploads\/2024\/08\/2024-08-15-Consejo-Federal-Portuario-001.jpg","contentUrl":"https:\/\/fmpatagoniamadryn.com.ar\/wp-content\/uploads\/2024\/08\/2024-08-15-Consejo-Federal-Portuario-001.jpg","width":1600,"height":888},{"@type":"BreadcrumbList","@id":"https:\/\/fmpatagoniamadryn.com.ar\/?p=11818#breadcrumb","itemListElement":[{"@type":"ListItem","position":1,"name":"Portada","item":"https:\/\/fmpatagoniamadryn.com.ar\/"},{"@type":"ListItem","position":2,"name":"Chubut refuerza su compromiso con el fortalecimiento de la actividad portuaria"}]},{"@type":"WebSite","@id":"https:\/\/fmpatagoniamadryn.com.ar\/#website","url":"https:\/\/fmpatagoniamadryn.com.ar\/","name":"FM Patagonia Madryn","description":"Radio Patagonia 105.5","publisher":{"@id":"https:\/\/fmpatagoniamadryn.com.ar\/#organization"},"potentialAction":[{"@type":"SearchAction","target":{"@type":"EntryPoint","urlTemplate":"https:\/\/fmpatagoniamadryn.com.ar\/?s={search_term_string}"},"query-input":{"@type":"PropertyValueSpecification","valueRequired":true,"valueName":"search_term_string"}}],"inLanguage":"es"},{"@type":"Organization","@id":"https:\/\/fmpatagoniamadryn.com.ar\/#organization","name":"FM Patagonia Madryn","url":"https:\/\/fmpatagoniamadryn.com.ar\/","logo":{"@type":"ImageObject","inLanguage":"es","@id":"https:\/\/fmpatagoniamadryn.com.ar\/#\/schema\/logo\/image\/","url":"https:\/\/fmpatagoniamadryn.com.ar\/wp-content\/uploads\/2023\/01\/cropped-Diseno-sin-titulo.png","contentUrl":"https:\/\/fmpatagoniamadryn.com.ar\/wp-content\/uploads\/2023\/01\/cropped-Diseno-sin-titulo.png","width":6911,"height":2657,"caption":"FM Patagonia Madryn"},"image":{"@id":"https:\/\/fmpatagoniamadryn.com.ar\/#\/schema\/logo\/image\/"}},{"@type":"Person","@id":"https:\/\/fmpatagoniamadryn.com.ar\/#\/schema\/person\/8a3de4ad7efceacab06c1641c50303b7","name":"FM Patagonia","url":"https:\/\/fmpatagoniamadryn.com.ar\/?author=2"}]}},"jetpack_featured_media_url":"https:\/\/fmpatagoniamadryn.com.ar\/wp-content\/uploads\/2024\/08\/2024-08-15-Consejo-Federal-Portuario-001.jpg","_links":{"self":[{"href":"https:\/\/fmpatagoniamadryn.com.ar\/index.php?rest_route=\/wp\/v2\/posts\/11818","targetHints":{"allow":["GET"]}}],"collection":[{"href":"https:\/\/fmpatagoniamadryn.com.ar\/index.php?rest_route=\/wp\/v2\/posts"}],"about":[{"href":"https:\/\/fmpatagoniamadryn.com.ar\/index.php?rest_route=\/wp\/v2\/types\/post"}],"author":[{"embeddable":true,"href":"https:\/\/fmpatagoniamadryn.com.ar\/index.php?rest_route=\/wp\/v2\/users\/2"}],"replies":[{"embeddable":true,"href":"https:\/\/fmpatagoniamadryn.com.ar\/index.php?rest_route=%2Fwp%2Fv2%2Fcomments&post=11818"}],"version-history":[{"count":1,"href":"https:\/\/fmpatagoniamadryn.com.ar\/index.php?rest_route=\/wp\/v2\/posts\/11818\/revisions"}],"predecessor-version":[{"id":11819,"href":"https:\/\/fmpatagoniamadryn.com.ar\/index.php?rest_route=\/wp\/v2\/posts\/11818\/revisions\/11819"}],"wp:featuredmedia":[{"embeddable":true,"href":"https:\/\/fmpatagoniamadryn.com.ar\/index.php?rest_route=\/wp\/v2\/media\/11817"}],"wp:attachment":[{"href":"https:\/\/fmpatagoniamadryn.com.ar\/index.php?rest_route=%2Fwp%2Fv2%2Fmedia&parent=11818"}],"wp:term":[{"taxonomy":"category","embeddable":true,"href":"https:\/\/fmpatagoniamadryn.com.ar\/index.php?rest_route=%2Fwp%2Fv2%2Fcategories&post=11818"},{"taxonomy":"post_tag","embeddable":true,"href":"https:\/\/fmpatagoniamadryn.com.ar\/index.php?rest_route=%2Fwp%2Fv2%2Ftags&post=11818"}],"curies":[{"name":"wp","href":"https:\/\/api.w.org\/{rel}","templated":true}]}}