{"id":11830,"date":"2024-08-19T12:03:05","date_gmt":"2024-08-19T15:03:05","guid":{"rendered":"https:\/\/fmpatagoniamadryn.com.ar\/?p=11830"},"modified":"2024-08-19T12:04:20","modified_gmt":"2024-08-19T15:04:20","slug":"causa-lia-vasquez-la-corte-chubutense-ratifico-la-perpetua-para-el-femicida-gabriel-orellana","status":"publish","type":"post","link":"https:\/\/fmpatagoniamadryn.com.ar\/?p=11830","title":{"rendered":"Causa L\u00eda V\u00e1squez: la Corte chubutense ratific\u00f3 la perpetua para el femicida Gabriel Orellana"},"content":{"rendered":"\n<p><br>Los jueces del Superior Tribunal de Justicia confirmaron que el sujeto fue hallado culpable de asesinar a su ex cu\u00f1ada, de 14 a\u00f1os, con la intenci\u00f3n de infligir dolor a su ex pareja, lo que constituye un hito en la jurisprudencia de Chubut<\/p>\n\n\n\n<p>El Superior Tribunal de Justicia de Chubut ratific\u00f3 la condena a prisi\u00f3n perpetua de Gabriel Orellana por el femicidio transversal de L\u00eda V\u00e1zquez, rechazando as\u00ed los recursos presentados por la defensa. Esta sentencia marca un precedente en la provincia, siendo el primer caso de este tipo en la regi\u00f3n.<br><br>Los jueces confirmaron que Orellana fue hallado culpable de asesinar a su excu\u00f1ada, L\u00eda V\u00e1zquez, con la intenci\u00f3n de infligir dolor a su expareja, lo que constituye un hito en la jurisprudencia de Chubut.<br><br>El penalista Carlos del M\u00e1rmol, representante legal de Orellana, hab\u00eda solicitado que se modifique la calificaci\u00f3n a \u201chomicidio simple con hurto\u201d a trav\u00e9s de un recurso de apelaci\u00f3n. Sin embargo, el tribunal consider\u00f3 que no exist\u00edan fundamentos suficientes para modificar la actual calificaci\u00f3n, que prev\u00e9 prisi\u00f3n perpetua.<br><br><br>El fiscal Jorge Bugue\u00f1o, a cargo de la investigaci\u00f3n y la acusaci\u00f3n en el juicio, expres\u00f3 su satisfacci\u00f3n con la resoluci\u00f3n: \u201cEstamos muy conformes con el trabajo realizado. Desde el primer momento en que se conoci\u00f3 la muerte de L\u00eda, el equipo investigador actu\u00f3 con plena conciencia, lo que permiti\u00f3 lograr esta condena\u201d<br><br>La Corte Chubutense Ratific\u00f3 La Perpetua Para El Femicida Gabriel Orellana<br>El femicidio de L\u00eda V\u00e1zquez, ocurrido el 13 de noviembre de 2020, conmocion\u00f3 a la comunidad de Madryn. La joven, de tan solo 14 a\u00f1os, fue encontrada sin vida en una vivienda del barrio Pujol, con m\u00faltiples heridas de arma blanca en el cuello.<br><br>Tras cometer el crimen, Orellana rob\u00f3 30.000 pesos y se dio a la fuga, siendo aprendido a las pocas horas en una serie de allanamientos. En los d\u00edas previos al asesinato, hab\u00eda amenazado a su expareja con causarle da\u00f1o.<br><br>Actualmente, cumple su condena en el Instituto Penitenciario Provincial de Trelew.<\/p>\n","protected":false},"excerpt":{"rendered":"<p>Los jueces del Superior Tribunal de Justicia confirmaron que el sujeto fue hallado culpable de asesinar a su ex cu\u00f1ada, de 14 a\u00f1os, con la intenci\u00f3n de infligir dolor a&hellip; <\/p>\n","protected":false},"author":2,"featured_media":11829,"comment_status":"closed","ping_status":"closed","sticky":false,"template":"","format":"standard","meta":{"footnotes":""},"categories":[11],"tags":[],"class_list":["post-11830","post","type-post","status-publish","format-standard","has-post-thumbnail","hentry","category-policiales"],"yoast_head":"<!-- This site is optimized with the Yoast SEO plugin v27.5 - https:\/\/yoast.com\/product\/yoast-seo-wordpress\/ -->\n<title>Causa L\u00eda V\u00e1squez: la Corte chubutense ratific\u00f3 la perpetua para el femicida Gabriel Orellana - FM Patagonia Madryn<\/title>\n<meta name=\"robots\" content=\"index, follow, max-snippet:-1, max-image-preview:large, max-video-preview:-1\" \/>\n<link rel=\"canonical\" href=\"https:\/\/fmpatagoniamadryn.com.ar\/?p=11830\" \/>\n<meta property=\"og:locale\" content=\"es_ES\" \/>\n<meta property=\"og:type\" content=\"article\" \/>\n<meta property=\"og:title\" content=\"Causa L\u00eda V\u00e1squez: la Corte chubutense ratific\u00f3 la perpetua para el femicida Gabriel Orellana - FM Patagonia Madryn\" \/>\n<meta property=\"og:description\" content=\"Los jueces del Superior Tribunal de Justicia confirmaron que el sujeto fue hallado culpable de asesinar a su ex cu\u00f1ada, de 14 a\u00f1os, con la intenci\u00f3n de infligir dolor a&hellip;\" \/>\n<meta property=\"og:url\" content=\"https:\/\/fmpatagoniamadryn.com.ar\/?p=11830\" \/>\n<meta property=\"og:site_name\" content=\"FM Patagonia Madryn\" \/>\n<meta property=\"article:published_time\" content=\"2024-08-19T15:03:05+00:00\" \/>\n<meta property=\"article:modified_time\" content=\"2024-08-19T15:04:20+00:00\" \/>\n<meta property=\"og:image\" content=\"https:\/\/fmpatagoniamadryn.com.ar\/wp-content\/uploads\/2024\/08\/orellana-1024x487-1.jpg\" \/>\n\t<meta property=\"og:image:width\" content=\"1024\" \/>\n\t<meta property=\"og:image:height\" content=\"487\" \/>\n\t<meta property=\"og:image:type\" content=\"image\/jpeg\" \/>\n<meta name=\"author\" content=\"FM Patagonia\" \/>\n<meta name=\"twitter:card\" content=\"summary_large_image\" \/>\n<meta name=\"twitter:label1\" content=\"Escrito por\" \/>\n\t<meta name=\"twitter:data1\" content=\"FM Patagonia\" \/>\n\t<meta name=\"twitter:label2\" content=\"Tiempo de lectura\" \/>\n\t<meta name=\"twitter:data2\" content=\"2 minutos\" \/>\n<script type=\"application\/ld+json\" class=\"yoast-schema-graph\">{\"@context\":\"https:\\\/\\\/schema.org\",\"@graph\":[{\"@type\":\"Article\",\"@id\":\"https:\\\/\\\/fmpatagoniamadryn.com.ar\\\/?p=11830#article\",\"isPartOf\":{\"@id\":\"https:\\\/\\\/fmpatagoniamadryn.com.ar\\\/?p=11830\"},\"author\":{\"name\":\"FM Patagonia\",\"@id\":\"https:\\\/\\\/fmpatagoniamadryn.com.ar\\\/#\\\/schema\\\/person\\\/8a3de4ad7efceacab06c1641c50303b7\"},\"headline\":\"Causa L\u00eda V\u00e1squez: la Corte chubutense ratific\u00f3 la perpetua para el femicida Gabriel Orellana\",\"datePublished\":\"2024-08-19T15:03:05+00:00\",\"dateModified\":\"2024-08-19T15:04:20+00:00\",\"mainEntityOfPage\":{\"@id\":\"https:\\\/\\\/fmpatagoniamadryn.com.ar\\\/?p=11830\"},\"wordCount\":373,\"publisher\":{\"@id\":\"https:\\\/\\\/fmpatagoniamadryn.com.ar\\\/#organization\"},\"image\":{\"@id\":\"https:\\\/\\\/fmpatagoniamadryn.com.ar\\\/?p=11830#primaryimage\"},\"thumbnailUrl\":\"https:\\\/\\\/fmpatagoniamadryn.com.ar\\\/wp-content\\\/uploads\\\/2024\\\/08\\\/orellana-1024x487-1.jpg\",\"articleSection\":[\"Policiales\"],\"inLanguage\":\"es\"},{\"@type\":\"WebPage\",\"@id\":\"https:\\\/\\\/fmpatagoniamadryn.com.ar\\\/?p=11830\",\"url\":\"https:\\\/\\\/fmpatagoniamadryn.com.ar\\\/?p=11830\",\"name\":\"Causa L\u00eda V\u00e1squez: la Corte chubutense ratific\u00f3 la perpetua para el femicida Gabriel Orellana - FM Patagonia Madryn\",\"isPartOf\":{\"@id\":\"https:\\\/\\\/fmpatagoniamadryn.com.ar\\\/#website\"},\"primaryImageOfPage\":{\"@id\":\"https:\\\/\\\/fmpatagoniamadryn.com.ar\\\/?p=11830#primaryimage\"},\"image\":{\"@id\":\"https:\\\/\\\/fmpatagoniamadryn.com.ar\\\/?p=11830#primaryimage\"},\"thumbnailUrl\":\"https:\\\/\\\/fmpatagoniamadryn.com.ar\\\/wp-content\\\/uploads\\\/2024\\\/08\\\/orellana-1024x487-1.jpg\",\"datePublished\":\"2024-08-19T15:03:05+00:00\",\"dateModified\":\"2024-08-19T15:04:20+00:00\",\"breadcrumb\":{\"@id\":\"https:\\\/\\\/fmpatagoniamadryn.com.ar\\\/?p=11830#breadcrumb\"},\"inLanguage\":\"es\",\"potentialAction\":[{\"@type\":\"ReadAction\",\"target\":[\"https:\\\/\\\/fmpatagoniamadryn.com.ar\\\/?p=11830\"]}]},{\"@type\":\"ImageObject\",\"inLanguage\":\"es\",\"@id\":\"https:\\\/\\\/fmpatagoniamadryn.com.ar\\\/?p=11830#primaryimage\",\"url\":\"https:\\\/\\\/fmpatagoniamadryn.com.ar\\\/wp-content\\\/uploads\\\/2024\\\/08\\\/orellana-1024x487-1.jpg\",\"contentUrl\":\"https:\\\/\\\/fmpatagoniamadryn.com.ar\\\/wp-content\\\/uploads\\\/2024\\\/08\\\/orellana-1024x487-1.jpg\",\"width\":1024,\"height\":487},{\"@type\":\"BreadcrumbList\",\"@id\":\"https:\\\/\\\/fmpatagoniamadryn.com.ar\\\/?p=11830#breadcrumb\",\"itemListElement\":[{\"@type\":\"ListItem\",\"position\":1,\"name\":\"Portada\",\"item\":\"https:\\\/\\\/fmpatagoniamadryn.com.ar\\\/\"},{\"@type\":\"ListItem\",\"position\":2,\"name\":\"Causa L\u00eda V\u00e1squez: la Corte chubutense ratific\u00f3 la perpetua para el femicida Gabriel Orellana\"}]},{\"@type\":\"WebSite\",\"@id\":\"https:\\\/\\\/fmpatagoniamadryn.com.ar\\\/#website\",\"url\":\"https:\\\/\\\/fmpatagoniamadryn.com.ar\\\/\",\"name\":\"FM Patagonia Madryn\",\"description\":\"Radio Patagonia 105.5\",\"publisher\":{\"@id\":\"https:\\\/\\\/fmpatagoniamadryn.com.ar\\\/#organization\"},\"potentialAction\":[{\"@type\":\"SearchAction\",\"target\":{\"@type\":\"EntryPoint\",\"urlTemplate\":\"https:\\\/\\\/fmpatagoniamadryn.com.ar\\\/?s={search_term_string}\"},\"query-input\":{\"@type\":\"PropertyValueSpecification\",\"valueRequired\":true,\"valueName\":\"search_term_string\"}}],\"inLanguage\":\"es\"},{\"@type\":\"Organization\",\"@id\":\"https:\\\/\\\/fmpatagoniamadryn.com.ar\\\/#organization\",\"name\":\"FM Patagonia Madryn\",\"url\":\"https:\\\/\\\/fmpatagoniamadryn.com.ar\\\/\",\"logo\":{\"@type\":\"ImageObject\",\"inLanguage\":\"es\",\"@id\":\"https:\\\/\\\/fmpatagoniamadryn.com.ar\\\/#\\\/schema\\\/logo\\\/image\\\/\",\"url\":\"https:\\\/\\\/fmpatagoniamadryn.com.ar\\\/wp-content\\\/uploads\\\/2023\\\/01\\\/cropped-Diseno-sin-titulo.png\",\"contentUrl\":\"https:\\\/\\\/fmpatagoniamadryn.com.ar\\\/wp-content\\\/uploads\\\/2023\\\/01\\\/cropped-Diseno-sin-titulo.png\",\"width\":6911,\"height\":2657,\"caption\":\"FM Patagonia Madryn\"},\"image\":{\"@id\":\"https:\\\/\\\/fmpatagoniamadryn.com.ar\\\/#\\\/schema\\\/logo\\\/image\\\/\"}},{\"@type\":\"Person\",\"@id\":\"https:\\\/\\\/fmpatagoniamadryn.com.ar\\\/#\\\/schema\\\/person\\\/8a3de4ad7efceacab06c1641c50303b7\",\"name\":\"FM Patagonia\",\"url\":\"https:\\\/\\\/fmpatagoniamadryn.com.ar\\\/?author=2\"}]}<\/script>\n<!-- \/ Yoast SEO plugin. -->","yoast_head_json":{"title":"Causa L\u00eda V\u00e1squez: la Corte chubutense ratific\u00f3 la perpetua para el femicida Gabriel Orellana - FM Patagonia Madryn","robots":{"index":"index","follow":"follow","max-snippet":"max-snippet:-1","max-image-preview":"max-image-preview:large","max-video-preview":"max-video-preview:-1"},"canonical":"https:\/\/fmpatagoniamadryn.com.ar\/?p=11830","og_locale":"es_ES","og_type":"article","og_title":"Causa L\u00eda V\u00e1squez: la Corte chubutense ratific\u00f3 la perpetua para el femicida Gabriel Orellana - FM Patagonia Madryn","og_description":"Los jueces del Superior Tribunal de Justicia confirmaron que el sujeto fue hallado culpable de asesinar a su ex cu\u00f1ada, de 14 a\u00f1os, con la intenci\u00f3n de infligir dolor a&hellip;","og_url":"https:\/\/fmpatagoniamadryn.com.ar\/?p=11830","og_site_name":"FM Patagonia Madryn","article_published_time":"2024-08-19T15:03:05+00:00","article_modified_time":"2024-08-19T15:04:20+00:00","og_image":[{"width":1024,"height":487,"url":"https:\/\/fmpatagoniamadryn.com.ar\/wp-content\/uploads\/2024\/08\/orellana-1024x487-1.jpg","type":"image\/jpeg"}],"author":"FM Patagonia","twitter_card":"summary_large_image","twitter_misc":{"Escrito por":"FM Patagonia","Tiempo de lectura":"2 minutos"},"schema":{"@context":"https:\/\/schema.org","@graph":[{"@type":"Article","@id":"https:\/\/fmpatagoniamadryn.com.ar\/?p=11830#article","isPartOf":{"@id":"https:\/\/fmpatagoniamadryn.com.ar\/?p=11830"},"author":{"name":"FM Patagonia","@id":"https:\/\/fmpatagoniamadryn.com.ar\/#\/schema\/person\/8a3de4ad7efceacab06c1641c50303b7"},"headline":"Causa L\u00eda V\u00e1squez: la Corte chubutense ratific\u00f3 la perpetua para el femicida Gabriel Orellana","datePublished":"2024-08-19T15:03:05+00:00","dateModified":"2024-08-19T15:04:20+00:00","mainEntityOfPage":{"@id":"https:\/\/fmpatagoniamadryn.com.ar\/?p=11830"},"wordCount":373,"publisher":{"@id":"https:\/\/fmpatagoniamadryn.com.ar\/#organization"},"image":{"@id":"https:\/\/fmpatagoniamadryn.com.ar\/?p=11830#primaryimage"},"thumbnailUrl":"https:\/\/fmpatagoniamadryn.com.ar\/wp-content\/uploads\/2024\/08\/orellana-1024x487-1.jpg","articleSection":["Policiales"],"inLanguage":"es"},{"@type":"WebPage","@id":"https:\/\/fmpatagoniamadryn.com.ar\/?p=11830","url":"https:\/\/fmpatagoniamadryn.com.ar\/?p=11830","name":"Causa L\u00eda V\u00e1squez: la Corte chubutense ratific\u00f3 la perpetua para el femicida Gabriel Orellana - FM Patagonia Madryn","isPartOf":{"@id":"https:\/\/fmpatagoniamadryn.com.ar\/#website"},"primaryImageOfPage":{"@id":"https:\/\/fmpatagoniamadryn.com.ar\/?p=11830#primaryimage"},"image":{"@id":"https:\/\/fmpatagoniamadryn.com.ar\/?p=11830#primaryimage"},"thumbnailUrl":"https:\/\/fmpatagoniamadryn.com.ar\/wp-content\/uploads\/2024\/08\/orellana-1024x487-1.jpg","datePublished":"2024-08-19T15:03:05+00:00","dateModified":"2024-08-19T15:04:20+00:00","breadcrumb":{"@id":"https:\/\/fmpatagoniamadryn.com.ar\/?p=11830#breadcrumb"},"inLanguage":"es","potentialAction":[{"@type":"ReadAction","target":["https:\/\/fmpatagoniamadryn.com.ar\/?p=11830"]}]},{"@type":"ImageObject","inLanguage":"es","@id":"https:\/\/fmpatagoniamadryn.com.ar\/?p=11830#primaryimage","url":"https:\/\/fmpatagoniamadryn.com.ar\/wp-content\/uploads\/2024\/08\/orellana-1024x487-1.jpg","contentUrl":"https:\/\/fmpatagoniamadryn.com.ar\/wp-content\/uploads\/2024\/08\/orellana-1024x487-1.jpg","width":1024,"height":487},{"@type":"BreadcrumbList","@id":"https:\/\/fmpatagoniamadryn.com.ar\/?p=11830#breadcrumb","itemListElement":[{"@type":"ListItem","position":1,"name":"Portada","item":"https:\/\/fmpatagoniamadryn.com.ar\/"},{"@type":"ListItem","position":2,"name":"Causa L\u00eda V\u00e1squez: la Corte chubutense ratific\u00f3 la perpetua para el femicida Gabriel Orellana"}]},{"@type":"WebSite","@id":"https:\/\/fmpatagoniamadryn.com.ar\/#website","url":"https:\/\/fmpatagoniamadryn.com.ar\/","name":"FM Patagonia Madryn","description":"Radio Patagonia 105.5","publisher":{"@id":"https:\/\/fmpatagoniamadryn.com.ar\/#organization"},"potentialAction":[{"@type":"SearchAction","target":{"@type":"EntryPoint","urlTemplate":"https:\/\/fmpatagoniamadryn.com.ar\/?s={search_term_string}"},"query-input":{"@type":"PropertyValueSpecification","valueRequired":true,"valueName":"search_term_string"}}],"inLanguage":"es"},{"@type":"Organization","@id":"https:\/\/fmpatagoniamadryn.com.ar\/#organization","name":"FM Patagonia Madryn","url":"https:\/\/fmpatagoniamadryn.com.ar\/","logo":{"@type":"ImageObject","inLanguage":"es","@id":"https:\/\/fmpatagoniamadryn.com.ar\/#\/schema\/logo\/image\/","url":"https:\/\/fmpatagoniamadryn.com.ar\/wp-content\/uploads\/2023\/01\/cropped-Diseno-sin-titulo.png","contentUrl":"https:\/\/fmpatagoniamadryn.com.ar\/wp-content\/uploads\/2023\/01\/cropped-Diseno-sin-titulo.png","width":6911,"height":2657,"caption":"FM Patagonia Madryn"},"image":{"@id":"https:\/\/fmpatagoniamadryn.com.ar\/#\/schema\/logo\/image\/"}},{"@type":"Person","@id":"https:\/\/fmpatagoniamadryn.com.ar\/#\/schema\/person\/8a3de4ad7efceacab06c1641c50303b7","name":"FM Patagonia","url":"https:\/\/fmpatagoniamadryn.com.ar\/?author=2"}]}},"jetpack_featured_media_url":"https:\/\/fmpatagoniamadryn.com.ar\/wp-content\/uploads\/2024\/08\/orellana-1024x487-1.jpg","_links":{"self":[{"href":"https:\/\/fmpatagoniamadryn.com.ar\/index.php?rest_route=\/wp\/v2\/posts\/11830","targetHints":{"allow":["GET"]}}],"collection":[{"href":"https:\/\/fmpatagoniamadryn.com.ar\/index.php?rest_route=\/wp\/v2\/posts"}],"about":[{"href":"https:\/\/fmpatagoniamadryn.com.ar\/index.php?rest_route=\/wp\/v2\/types\/post"}],"author":[{"embeddable":true,"href":"https:\/\/fmpatagoniamadryn.com.ar\/index.php?rest_route=\/wp\/v2\/users\/2"}],"replies":[{"embeddable":true,"href":"https:\/\/fmpatagoniamadryn.com.ar\/index.php?rest_route=%2Fwp%2Fv2%2Fcomments&post=11830"}],"version-history":[{"count":1,"href":"https:\/\/fmpatagoniamadryn.com.ar\/index.php?rest_route=\/wp\/v2\/posts\/11830\/revisions"}],"predecessor-version":[{"id":11831,"href":"https:\/\/fmpatagoniamadryn.com.ar\/index.php?rest_route=\/wp\/v2\/posts\/11830\/revisions\/11831"}],"wp:featuredmedia":[{"embeddable":true,"href":"https:\/\/fmpatagoniamadryn.com.ar\/index.php?rest_route=\/wp\/v2\/media\/11829"}],"wp:attachment":[{"href":"https:\/\/fmpatagoniamadryn.com.ar\/index.php?rest_route=%2Fwp%2Fv2%2Fmedia&parent=11830"}],"wp:term":[{"taxonomy":"category","embeddable":true,"href":"https:\/\/fmpatagoniamadryn.com.ar\/index.php?rest_route=%2Fwp%2Fv2%2Fcategories&post=11830"},{"taxonomy":"post_tag","embeddable":true,"href":"https:\/\/fmpatagoniamadryn.com.ar\/index.php?rest_route=%2Fwp%2Fv2%2Ftags&post=11830"}],"curies":[{"name":"wp","href":"https:\/\/api.w.org\/{rel}","templated":true}]}}