{"id":12474,"date":"2024-09-23T19:35:18","date_gmt":"2024-09-23T22:35:18","guid":{"rendered":"https:\/\/fmpatagoniamadryn.com.ar\/?p=12474"},"modified":"2024-09-23T19:35:30","modified_gmt":"2024-09-23T22:35:30","slug":"se-abre-una-nueva-convocatoria-para-participar-en-el-madryn-comestible","status":"publish","type":"post","link":"https:\/\/fmpatagoniamadryn.com.ar\/?p=12474","title":{"rendered":"<br>SE ABRE UNA NUEVA CONVOCATORIA PARA PARTICIPAR EN EL MADRYN COMESTIBLE"},"content":{"rendered":"\n<p><br><br>La feria gastron\u00f3mica y cervecera se desarrollar\u00e1 desde el viernes 11 hasta el domingo 13 de octubre. La inscripci\u00f3n cierra el 3 de octubre a las 12.30 horas. Ser\u00e1 la edici\u00f3n del fin de semana largo de octubre<br> <br><br>La Secretar\u00eda de Turismo de la Municipalidad de Puerto Madryn pone en marcha la convocatoria para la edici\u00f3n n\u00famero 40\u00ba de la Feria Gastron\u00f3mica y Cervecera \u201cMadryn Comestible, Un paseo de Sabores\u201d que, en esta oportunidad, se realizar\u00e1 en el marco del fin de semana largo de octubre 2024, del viernes 11 al domingo 13 en el Play\u00f3n Recreativo del Muelle Piedra Buena.<br><br>A trav\u00e9s de la Resoluci\u00f3n N\u00b0 1.365\/2024 se abre la convocatoria para cubrir 13 espacios de veh\u00edculos gastron\u00f3micos, 9 con expendio de comida y 4 de bebidas. A la vez, habr\u00e1 5 lugares de carpas con productos relacionados a la gastronom\u00eda que no requieran manipulaci\u00f3n de alimentos en el lugar y productos envasados que no necesiten cocci\u00f3n ni armado en dicho espacio.<br>Tambi\u00e9n, en esta oportunidad, se dispondr\u00e1 de 4 espacios gastron\u00f3micos especialmente destinados a Colectividades Inmigrantes de Puerto Madryn.<br><br>La convocatoria se mantendr\u00e1 abierta hasta el 3 de octubre a las 12.30 horas inclusive. Las personas interesadas deber\u00e1n completar los formularios publicados en www.madryn.gob.ar y presentarlos en Mesa de Entradas de la Municipalidad de Puerto Madryn con la documentaci\u00f3n requerida, sin excepci\u00f3n. La Comisi\u00f3n Organizadora del evento evaluar\u00e1 cada propuesta.<br><br>Cabe destacar que ser\u00e1 una edici\u00f3n de tres jornadas, se inaugurar\u00e1 el viernes 11 de octubre a las 18 horas y permanecer\u00e1 en el play\u00f3n hasta el domingo 13 a las 00 horas con horarios extendidos tanto s\u00e1bado como domingo, a partir de las 12 horas y hasta la medianoche. Habr\u00e1 gastronom\u00eda local, postres, cerveza artesanal, actividades recreativas, productores locales y estar\u00e1 presente el Mercado Cultural.<br><br>CONVOCATORIA A BANDAS Y ARTISTAS LOCALES<br><br>Se convoca a bandas locales y DJ`s a presentar su propuesta para el cierre de cada una de las noches. Los shows ser\u00e1n en el escenario que se monta ante cada edici\u00f3n en el Play\u00f3n Recreativo del Muelle Piedra Buena a partir de las 21.30 horas aproximadamente.<br><br><br>Las personas interesadas deber\u00e1n completar los formularios publicados en www.madryn.gob.ar y presentarlos en la Secretar\u00eda de Turismo, ubicada en Avenida Roca 223, hasta el 3 de octubre de 8 a 14 horas.<\/p>\n","protected":false},"excerpt":{"rendered":"<p>La feria gastron\u00f3mica y cervecera se desarrollar\u00e1 desde el viernes 11 hasta el domingo 13 de octubre. La inscripci\u00f3n cierra el 3 de octubre a las 12.30 horas. Ser\u00e1 la&hellip; <\/p>\n","protected":false},"author":2,"featured_media":12473,"comment_status":"closed","ping_status":"closed","sticky":false,"template":"","format":"standard","meta":{"footnotes":""},"categories":[15],"tags":[],"class_list":["post-12474","post","type-post","status-publish","format-standard","has-post-thumbnail","hentry","category-locales"],"yoast_head":"<!-- This site is optimized with the Yoast SEO plugin v27.4 - https:\/\/yoast.com\/product\/yoast-seo-wordpress\/ -->\n<title>SE ABRE UNA NUEVA CONVOCATORIA PARA PARTICIPAR EN EL MADRYN COMESTIBLE - FM Patagonia Madryn<\/title>\n<meta name=\"robots\" content=\"index, follow, max-snippet:-1, max-image-preview:large, max-video-preview:-1\" \/>\n<link rel=\"canonical\" href=\"https:\/\/fmpatagoniamadryn.com.ar\/?p=12474\" \/>\n<meta property=\"og:locale\" content=\"es_ES\" \/>\n<meta property=\"og:type\" content=\"article\" \/>\n<meta property=\"og:title\" content=\"SE ABRE UNA NUEVA CONVOCATORIA PARA PARTICIPAR EN EL MADRYN COMESTIBLE - FM Patagonia Madryn\" \/>\n<meta property=\"og:description\" content=\"La feria gastron\u00f3mica y cervecera se desarrollar\u00e1 desde el viernes 11 hasta el domingo 13 de octubre. La inscripci\u00f3n cierra el 3 de octubre a las 12.30 horas. Ser\u00e1 la&hellip;\" \/>\n<meta property=\"og:url\" content=\"https:\/\/fmpatagoniamadryn.com.ar\/?p=12474\" \/>\n<meta property=\"og:site_name\" content=\"FM Patagonia Madryn\" \/>\n<meta property=\"article:published_time\" content=\"2024-09-23T22:35:18+00:00\" \/>\n<meta property=\"article:modified_time\" content=\"2024-09-23T22:35:30+00:00\" \/>\n<meta property=\"og:image\" content=\"https:\/\/fmpatagoniamadryn.com.ar\/wp-content\/uploads\/2024\/09\/427699354_779278970889787_3767726982307741302_n.jpg\" \/>\n\t<meta property=\"og:image:width\" content=\"1280\" \/>\n\t<meta property=\"og:image:height\" content=\"853\" \/>\n\t<meta property=\"og:image:type\" content=\"image\/jpeg\" \/>\n<meta name=\"author\" content=\"FM Patagonia\" \/>\n<meta name=\"twitter:card\" content=\"summary_large_image\" \/>\n<meta name=\"twitter:label1\" content=\"Escrito por\" \/>\n\t<meta name=\"twitter:data1\" content=\"FM Patagonia\" \/>\n\t<meta name=\"twitter:label2\" content=\"Tiempo de lectura\" \/>\n\t<meta name=\"twitter:data2\" content=\"2 minutos\" \/>\n<script type=\"application\/ld+json\" class=\"yoast-schema-graph\">{\"@context\":\"https:\\\/\\\/schema.org\",\"@graph\":[{\"@type\":\"Article\",\"@id\":\"https:\\\/\\\/fmpatagoniamadryn.com.ar\\\/?p=12474#article\",\"isPartOf\":{\"@id\":\"https:\\\/\\\/fmpatagoniamadryn.com.ar\\\/?p=12474\"},\"author\":{\"name\":\"FM Patagonia\",\"@id\":\"https:\\\/\\\/fmpatagoniamadryn.com.ar\\\/#\\\/schema\\\/person\\\/8a3de4ad7efceacab06c1641c50303b7\"},\"headline\":\"SE ABRE UNA NUEVA CONVOCATORIA PARA PARTICIPAR EN EL MADRYN COMESTIBLE\",\"datePublished\":\"2024-09-23T22:35:18+00:00\",\"dateModified\":\"2024-09-23T22:35:30+00:00\",\"mainEntityOfPage\":{\"@id\":\"https:\\\/\\\/fmpatagoniamadryn.com.ar\\\/?p=12474\"},\"wordCount\":405,\"publisher\":{\"@id\":\"https:\\\/\\\/fmpatagoniamadryn.com.ar\\\/#organization\"},\"image\":{\"@id\":\"https:\\\/\\\/fmpatagoniamadryn.com.ar\\\/?p=12474#primaryimage\"},\"thumbnailUrl\":\"https:\\\/\\\/fmpatagoniamadryn.com.ar\\\/wp-content\\\/uploads\\\/2024\\\/09\\\/427699354_779278970889787_3767726982307741302_n.jpg\",\"articleSection\":[\"Locales\"],\"inLanguage\":\"es\"},{\"@type\":\"WebPage\",\"@id\":\"https:\\\/\\\/fmpatagoniamadryn.com.ar\\\/?p=12474\",\"url\":\"https:\\\/\\\/fmpatagoniamadryn.com.ar\\\/?p=12474\",\"name\":\"SE ABRE UNA NUEVA CONVOCATORIA PARA PARTICIPAR EN EL MADRYN COMESTIBLE - FM Patagonia Madryn\",\"isPartOf\":{\"@id\":\"https:\\\/\\\/fmpatagoniamadryn.com.ar\\\/#website\"},\"primaryImageOfPage\":{\"@id\":\"https:\\\/\\\/fmpatagoniamadryn.com.ar\\\/?p=12474#primaryimage\"},\"image\":{\"@id\":\"https:\\\/\\\/fmpatagoniamadryn.com.ar\\\/?p=12474#primaryimage\"},\"thumbnailUrl\":\"https:\\\/\\\/fmpatagoniamadryn.com.ar\\\/wp-content\\\/uploads\\\/2024\\\/09\\\/427699354_779278970889787_3767726982307741302_n.jpg\",\"datePublished\":\"2024-09-23T22:35:18+00:00\",\"dateModified\":\"2024-09-23T22:35:30+00:00\",\"breadcrumb\":{\"@id\":\"https:\\\/\\\/fmpatagoniamadryn.com.ar\\\/?p=12474#breadcrumb\"},\"inLanguage\":\"es\",\"potentialAction\":[{\"@type\":\"ReadAction\",\"target\":[\"https:\\\/\\\/fmpatagoniamadryn.com.ar\\\/?p=12474\"]}]},{\"@type\":\"ImageObject\",\"inLanguage\":\"es\",\"@id\":\"https:\\\/\\\/fmpatagoniamadryn.com.ar\\\/?p=12474#primaryimage\",\"url\":\"https:\\\/\\\/fmpatagoniamadryn.com.ar\\\/wp-content\\\/uploads\\\/2024\\\/09\\\/427699354_779278970889787_3767726982307741302_n.jpg\",\"contentUrl\":\"https:\\\/\\\/fmpatagoniamadryn.com.ar\\\/wp-content\\\/uploads\\\/2024\\\/09\\\/427699354_779278970889787_3767726982307741302_n.jpg\",\"width\":1280,\"height\":853},{\"@type\":\"BreadcrumbList\",\"@id\":\"https:\\\/\\\/fmpatagoniamadryn.com.ar\\\/?p=12474#breadcrumb\",\"itemListElement\":[{\"@type\":\"ListItem\",\"position\":1,\"name\":\"Portada\",\"item\":\"https:\\\/\\\/fmpatagoniamadryn.com.ar\\\/\"},{\"@type\":\"ListItem\",\"position\":2,\"name\":\"SE ABRE UNA NUEVA CONVOCATORIA PARA PARTICIPAR EN EL MADRYN COMESTIBLE\"}]},{\"@type\":\"WebSite\",\"@id\":\"https:\\\/\\\/fmpatagoniamadryn.com.ar\\\/#website\",\"url\":\"https:\\\/\\\/fmpatagoniamadryn.com.ar\\\/\",\"name\":\"FM Patagonia Madryn\",\"description\":\"Radio Patagonia 105.5\",\"publisher\":{\"@id\":\"https:\\\/\\\/fmpatagoniamadryn.com.ar\\\/#organization\"},\"potentialAction\":[{\"@type\":\"SearchAction\",\"target\":{\"@type\":\"EntryPoint\",\"urlTemplate\":\"https:\\\/\\\/fmpatagoniamadryn.com.ar\\\/?s={search_term_string}\"},\"query-input\":{\"@type\":\"PropertyValueSpecification\",\"valueRequired\":true,\"valueName\":\"search_term_string\"}}],\"inLanguage\":\"es\"},{\"@type\":\"Organization\",\"@id\":\"https:\\\/\\\/fmpatagoniamadryn.com.ar\\\/#organization\",\"name\":\"FM Patagonia Madryn\",\"url\":\"https:\\\/\\\/fmpatagoniamadryn.com.ar\\\/\",\"logo\":{\"@type\":\"ImageObject\",\"inLanguage\":\"es\",\"@id\":\"https:\\\/\\\/fmpatagoniamadryn.com.ar\\\/#\\\/schema\\\/logo\\\/image\\\/\",\"url\":\"https:\\\/\\\/fmpatagoniamadryn.com.ar\\\/wp-content\\\/uploads\\\/2023\\\/01\\\/cropped-Diseno-sin-titulo.png\",\"contentUrl\":\"https:\\\/\\\/fmpatagoniamadryn.com.ar\\\/wp-content\\\/uploads\\\/2023\\\/01\\\/cropped-Diseno-sin-titulo.png\",\"width\":6911,\"height\":2657,\"caption\":\"FM Patagonia Madryn\"},\"image\":{\"@id\":\"https:\\\/\\\/fmpatagoniamadryn.com.ar\\\/#\\\/schema\\\/logo\\\/image\\\/\"}},{\"@type\":\"Person\",\"@id\":\"https:\\\/\\\/fmpatagoniamadryn.com.ar\\\/#\\\/schema\\\/person\\\/8a3de4ad7efceacab06c1641c50303b7\",\"name\":\"FM Patagonia\",\"url\":\"https:\\\/\\\/fmpatagoniamadryn.com.ar\\\/?author=2\"}]}<\/script>\n<!-- \/ Yoast SEO plugin. -->","yoast_head_json":{"title":"SE ABRE UNA NUEVA CONVOCATORIA PARA PARTICIPAR EN EL MADRYN COMESTIBLE - FM Patagonia Madryn","robots":{"index":"index","follow":"follow","max-snippet":"max-snippet:-1","max-image-preview":"max-image-preview:large","max-video-preview":"max-video-preview:-1"},"canonical":"https:\/\/fmpatagoniamadryn.com.ar\/?p=12474","og_locale":"es_ES","og_type":"article","og_title":"SE ABRE UNA NUEVA CONVOCATORIA PARA PARTICIPAR EN EL MADRYN COMESTIBLE - FM Patagonia Madryn","og_description":"La feria gastron\u00f3mica y cervecera se desarrollar\u00e1 desde el viernes 11 hasta el domingo 13 de octubre. La inscripci\u00f3n cierra el 3 de octubre a las 12.30 horas. Ser\u00e1 la&hellip;","og_url":"https:\/\/fmpatagoniamadryn.com.ar\/?p=12474","og_site_name":"FM Patagonia Madryn","article_published_time":"2024-09-23T22:35:18+00:00","article_modified_time":"2024-09-23T22:35:30+00:00","og_image":[{"width":1280,"height":853,"url":"https:\/\/fmpatagoniamadryn.com.ar\/wp-content\/uploads\/2024\/09\/427699354_779278970889787_3767726982307741302_n.jpg","type":"image\/jpeg"}],"author":"FM Patagonia","twitter_card":"summary_large_image","twitter_misc":{"Escrito por":"FM Patagonia","Tiempo de lectura":"2 minutos"},"schema":{"@context":"https:\/\/schema.org","@graph":[{"@type":"Article","@id":"https:\/\/fmpatagoniamadryn.com.ar\/?p=12474#article","isPartOf":{"@id":"https:\/\/fmpatagoniamadryn.com.ar\/?p=12474"},"author":{"name":"FM Patagonia","@id":"https:\/\/fmpatagoniamadryn.com.ar\/#\/schema\/person\/8a3de4ad7efceacab06c1641c50303b7"},"headline":"SE ABRE UNA NUEVA CONVOCATORIA PARA PARTICIPAR EN EL MADRYN COMESTIBLE","datePublished":"2024-09-23T22:35:18+00:00","dateModified":"2024-09-23T22:35:30+00:00","mainEntityOfPage":{"@id":"https:\/\/fmpatagoniamadryn.com.ar\/?p=12474"},"wordCount":405,"publisher":{"@id":"https:\/\/fmpatagoniamadryn.com.ar\/#organization"},"image":{"@id":"https:\/\/fmpatagoniamadryn.com.ar\/?p=12474#primaryimage"},"thumbnailUrl":"https:\/\/fmpatagoniamadryn.com.ar\/wp-content\/uploads\/2024\/09\/427699354_779278970889787_3767726982307741302_n.jpg","articleSection":["Locales"],"inLanguage":"es"},{"@type":"WebPage","@id":"https:\/\/fmpatagoniamadryn.com.ar\/?p=12474","url":"https:\/\/fmpatagoniamadryn.com.ar\/?p=12474","name":"SE ABRE UNA NUEVA CONVOCATORIA PARA PARTICIPAR EN EL MADRYN COMESTIBLE - FM Patagonia Madryn","isPartOf":{"@id":"https:\/\/fmpatagoniamadryn.com.ar\/#website"},"primaryImageOfPage":{"@id":"https:\/\/fmpatagoniamadryn.com.ar\/?p=12474#primaryimage"},"image":{"@id":"https:\/\/fmpatagoniamadryn.com.ar\/?p=12474#primaryimage"},"thumbnailUrl":"https:\/\/fmpatagoniamadryn.com.ar\/wp-content\/uploads\/2024\/09\/427699354_779278970889787_3767726982307741302_n.jpg","datePublished":"2024-09-23T22:35:18+00:00","dateModified":"2024-09-23T22:35:30+00:00","breadcrumb":{"@id":"https:\/\/fmpatagoniamadryn.com.ar\/?p=12474#breadcrumb"},"inLanguage":"es","potentialAction":[{"@type":"ReadAction","target":["https:\/\/fmpatagoniamadryn.com.ar\/?p=12474"]}]},{"@type":"ImageObject","inLanguage":"es","@id":"https:\/\/fmpatagoniamadryn.com.ar\/?p=12474#primaryimage","url":"https:\/\/fmpatagoniamadryn.com.ar\/wp-content\/uploads\/2024\/09\/427699354_779278970889787_3767726982307741302_n.jpg","contentUrl":"https:\/\/fmpatagoniamadryn.com.ar\/wp-content\/uploads\/2024\/09\/427699354_779278970889787_3767726982307741302_n.jpg","width":1280,"height":853},{"@type":"BreadcrumbList","@id":"https:\/\/fmpatagoniamadryn.com.ar\/?p=12474#breadcrumb","itemListElement":[{"@type":"ListItem","position":1,"name":"Portada","item":"https:\/\/fmpatagoniamadryn.com.ar\/"},{"@type":"ListItem","position":2,"name":"SE ABRE UNA NUEVA CONVOCATORIA PARA PARTICIPAR EN EL MADRYN COMESTIBLE"}]},{"@type":"WebSite","@id":"https:\/\/fmpatagoniamadryn.com.ar\/#website","url":"https:\/\/fmpatagoniamadryn.com.ar\/","name":"FM Patagonia Madryn","description":"Radio Patagonia 105.5","publisher":{"@id":"https:\/\/fmpatagoniamadryn.com.ar\/#organization"},"potentialAction":[{"@type":"SearchAction","target":{"@type":"EntryPoint","urlTemplate":"https:\/\/fmpatagoniamadryn.com.ar\/?s={search_term_string}"},"query-input":{"@type":"PropertyValueSpecification","valueRequired":true,"valueName":"search_term_string"}}],"inLanguage":"es"},{"@type":"Organization","@id":"https:\/\/fmpatagoniamadryn.com.ar\/#organization","name":"FM Patagonia Madryn","url":"https:\/\/fmpatagoniamadryn.com.ar\/","logo":{"@type":"ImageObject","inLanguage":"es","@id":"https:\/\/fmpatagoniamadryn.com.ar\/#\/schema\/logo\/image\/","url":"https:\/\/fmpatagoniamadryn.com.ar\/wp-content\/uploads\/2023\/01\/cropped-Diseno-sin-titulo.png","contentUrl":"https:\/\/fmpatagoniamadryn.com.ar\/wp-content\/uploads\/2023\/01\/cropped-Diseno-sin-titulo.png","width":6911,"height":2657,"caption":"FM Patagonia Madryn"},"image":{"@id":"https:\/\/fmpatagoniamadryn.com.ar\/#\/schema\/logo\/image\/"}},{"@type":"Person","@id":"https:\/\/fmpatagoniamadryn.com.ar\/#\/schema\/person\/8a3de4ad7efceacab06c1641c50303b7","name":"FM Patagonia","url":"https:\/\/fmpatagoniamadryn.com.ar\/?author=2"}]}},"jetpack_featured_media_url":"https:\/\/fmpatagoniamadryn.com.ar\/wp-content\/uploads\/2024\/09\/427699354_779278970889787_3767726982307741302_n.jpg","_links":{"self":[{"href":"https:\/\/fmpatagoniamadryn.com.ar\/index.php?rest_route=\/wp\/v2\/posts\/12474","targetHints":{"allow":["GET"]}}],"collection":[{"href":"https:\/\/fmpatagoniamadryn.com.ar\/index.php?rest_route=\/wp\/v2\/posts"}],"about":[{"href":"https:\/\/fmpatagoniamadryn.com.ar\/index.php?rest_route=\/wp\/v2\/types\/post"}],"author":[{"embeddable":true,"href":"https:\/\/fmpatagoniamadryn.com.ar\/index.php?rest_route=\/wp\/v2\/users\/2"}],"replies":[{"embeddable":true,"href":"https:\/\/fmpatagoniamadryn.com.ar\/index.php?rest_route=%2Fwp%2Fv2%2Fcomments&post=12474"}],"version-history":[{"count":1,"href":"https:\/\/fmpatagoniamadryn.com.ar\/index.php?rest_route=\/wp\/v2\/posts\/12474\/revisions"}],"predecessor-version":[{"id":12475,"href":"https:\/\/fmpatagoniamadryn.com.ar\/index.php?rest_route=\/wp\/v2\/posts\/12474\/revisions\/12475"}],"wp:featuredmedia":[{"embeddable":true,"href":"https:\/\/fmpatagoniamadryn.com.ar\/index.php?rest_route=\/wp\/v2\/media\/12473"}],"wp:attachment":[{"href":"https:\/\/fmpatagoniamadryn.com.ar\/index.php?rest_route=%2Fwp%2Fv2%2Fmedia&parent=12474"}],"wp:term":[{"taxonomy":"category","embeddable":true,"href":"https:\/\/fmpatagoniamadryn.com.ar\/index.php?rest_route=%2Fwp%2Fv2%2Fcategories&post=12474"},{"taxonomy":"post_tag","embeddable":true,"href":"https:\/\/fmpatagoniamadryn.com.ar\/index.php?rest_route=%2Fwp%2Fv2%2Ftags&post=12474"}],"curies":[{"name":"wp","href":"https:\/\/api.w.org\/{rel}","templated":true}]}}