{"id":1252,"date":"2023-03-28T12:55:47","date_gmt":"2023-03-28T15:55:47","guid":{"rendered":"https:\/\/fmpatagoniamadryn.com.ar\/?p=1252"},"modified":"2023-03-28T12:55:57","modified_gmt":"2023-03-28T15:55:57","slug":"chubut-participo-de-la-1o-asamblea-federal-del-incaa-en-misiones","status":"publish","type":"post","link":"https:\/\/fmpatagoniamadryn.com.ar\/?p=1252","title":{"rendered":"Chubut particip\u00f3 de la 1\u00ba Asamblea Federal del INCAA en Misiones"},"content":{"rendered":"\n<p>Se debatieron pol\u00edticas p\u00fablicas federales en materia audiovisual, el lanzamiento del nuevo Plan de auspicio institucional y econ\u00f3mico a festivales y muestras de cine; la conformaci\u00f3n del nuevo Programa Fernando Birri, entre otros.<br><br>El Gobierno del Chubut, a trav\u00e9s de la Secretar\u00eda de Ciencia, Tecnolog\u00eda, Innovaci\u00f3n Productiva y Cultura, particip\u00f3 de la 1\u00ba Asamblea Federal del Instituto Nacional de Cine y Artes Audiovisuales (INCAA) del a\u00f1o, encuentro que incluy\u00f3 cuestiones vinculadas a la copresidencia de Ibermedia, a cargo de Argentina y Colombia.<br><br>En representaci\u00f3n del Ejecutivo del Chubut asisti\u00f3 la subsecretaria de Cultura, Carla Olivet, en un evento que cont\u00f3 con la asistencia de representantes de todas las jurisdicciones provinciales.<br><br>Por el INCAA expusieron la gerenta de Fomento a la Producci\u00f3n Audiovisual, Gabriela Marocco; el gerente de Exhibici\u00f3n y Audiencias, Rodrigo de Echeand\u00eda; el subgerente de Desarrollo Federal, Juan Pablo Zaffanella; y por el CFI, la jefa de Departamento de Promoci\u00f3n y Desarrollo de Turismo e Industrias Culturales, Marcela Cardillo.<br><br>Apertura<br><br>El vicepresidente del Instituto Nacional de Cine y Artes Audiovisuales (INCAA), Nicol\u00e1s Batlle, presidi\u00f3 la jornada de reuniones y en la apertura del encuentro expres\u00f3: \u201cEn primer lugar, quiero agradecer a los anfitriones por recibirnos aqu\u00ed en Misiones y remarcar la presencia plena de las y los asamble\u00edstas\u201d.<br><br>A continuaci\u00f3n, manifest\u00f3 su entusiasmo por continuar con la descentralizaci\u00f3n de las reuniones presenciales de la Asamblea Federal y, finalmente, manifest\u00f3: \u201cEs oportuno destacar el car\u00e1cter federal e inclusivo de la agenda de actividades del INCAA, y estoy convencido de que el aporte de todas y todos aqu\u00ed presentes ser\u00e1 fundamental para trabajar en la construcci\u00f3n de pol\u00edticas audiovisuales que respondan a las necesidades de la industria en todas las regiones del pa\u00eds\u201d.<br><br>Desarrollo<br><br>El temario incluy\u00f3 el lanzamiento del nuevo Plan de auspicio institucional y econ\u00f3mico a festivales y muestras de cine; la conformaci\u00f3n del nuevo Programa Fernando Birri -para el fortalecimiento del cine comunitario- y asuntos referidos a subsidios audiovisuales a las provincias.<br><br>El orden del d\u00eda tambi\u00e9n incorpor\u00f3 presentaciones y puestas en com\u00fan sobre las l\u00edneas de fomento a la producci\u00f3n; estado y optimizaci\u00f3n de la Ventanilla Federal; informaci\u00f3n sobre concursos regionales; asistencia y creaci\u00f3n de nuevos mercados por parte de la Red Federal de Comisiones de Filmaci\u00f3n; y actualizaciones sobre las solicitudes al Consejo Federal de Inversiones (CFI).<\/p>\n","protected":false},"excerpt":{"rendered":"<p>Se debatieron pol\u00edticas p\u00fablicas federales en materia audiovisual, el lanzamiento del nuevo Plan de auspicio institucional y econ\u00f3mico a festivales y muestras de cine; la conformaci\u00f3n del nuevo Programa Fernando&hellip; <\/p>\n","protected":false},"author":3,"featured_media":1251,"comment_status":"closed","ping_status":"closed","sticky":false,"template":"","format":"standard","meta":{"footnotes":""},"categories":[14],"tags":[],"class_list":["post-1252","post","type-post","status-publish","format-standard","has-post-thumbnail","hentry","category-provinciales"],"yoast_head":"<!-- This site is optimized with the Yoast SEO plugin v27.5 - https:\/\/yoast.com\/product\/yoast-seo-wordpress\/ -->\n<title>Chubut particip\u00f3 de la 1\u00ba Asamblea Federal del INCAA en Misiones - FM Patagonia Madryn<\/title>\n<meta name=\"robots\" content=\"index, follow, max-snippet:-1, max-image-preview:large, max-video-preview:-1\" \/>\n<link rel=\"canonical\" href=\"https:\/\/fmpatagoniamadryn.com.ar\/?p=1252\" \/>\n<meta property=\"og:locale\" content=\"es_ES\" \/>\n<meta property=\"og:type\" content=\"article\" \/>\n<meta property=\"og:title\" content=\"Chubut particip\u00f3 de la 1\u00ba Asamblea Federal del INCAA en Misiones - FM Patagonia Madryn\" \/>\n<meta property=\"og:description\" content=\"Se debatieron pol\u00edticas p\u00fablicas federales en materia audiovisual, el lanzamiento del nuevo Plan de auspicio institucional y econ\u00f3mico a festivales y muestras de cine; la conformaci\u00f3n del nuevo Programa Fernando&hellip;\" \/>\n<meta property=\"og:url\" content=\"https:\/\/fmpatagoniamadryn.com.ar\/?p=1252\" \/>\n<meta property=\"og:site_name\" content=\"FM Patagonia Madryn\" \/>\n<meta property=\"article:published_time\" content=\"2023-03-28T15:55:47+00:00\" \/>\n<meta property=\"article:modified_time\" content=\"2023-03-28T15:55:57+00:00\" \/>\n<meta property=\"og:image\" content=\"https:\/\/fmpatagoniamadryn.com.ar\/wp-content\/uploads\/2023\/03\/Chubut-participo-de-la-1o-Asamblea-Federal-del-INCAA-en-Misiones.jpg\" \/>\n\t<meta property=\"og:image:width\" content=\"1600\" \/>\n\t<meta property=\"og:image:height\" content=\"1200\" \/>\n\t<meta property=\"og:image:type\" content=\"image\/jpeg\" \/>\n<meta name=\"author\" content=\"FM Patagonia\" \/>\n<meta name=\"twitter:card\" content=\"summary_large_image\" \/>\n<meta name=\"twitter:label1\" content=\"Escrito por\" \/>\n\t<meta name=\"twitter:data1\" content=\"FM Patagonia\" \/>\n\t<meta name=\"twitter:label2\" content=\"Tiempo de lectura\" \/>\n\t<meta name=\"twitter:data2\" content=\"2 minutos\" \/>\n<script type=\"application\/ld+json\" class=\"yoast-schema-graph\">{\"@context\":\"https:\\\/\\\/schema.org\",\"@graph\":[{\"@type\":\"Article\",\"@id\":\"https:\\\/\\\/fmpatagoniamadryn.com.ar\\\/?p=1252#article\",\"isPartOf\":{\"@id\":\"https:\\\/\\\/fmpatagoniamadryn.com.ar\\\/?p=1252\"},\"author\":{\"name\":\"FM Patagonia\",\"@id\":\"https:\\\/\\\/fmpatagoniamadryn.com.ar\\\/#\\\/schema\\\/person\\\/1d968ec613613768e14b4e6420a2b125\"},\"headline\":\"Chubut particip\u00f3 de la 1\u00ba Asamblea Federal del INCAA en Misiones\",\"datePublished\":\"2023-03-28T15:55:47+00:00\",\"dateModified\":\"2023-03-28T15:55:57+00:00\",\"mainEntityOfPage\":{\"@id\":\"https:\\\/\\\/fmpatagoniamadryn.com.ar\\\/?p=1252\"},\"wordCount\":423,\"publisher\":{\"@id\":\"https:\\\/\\\/fmpatagoniamadryn.com.ar\\\/#organization\"},\"image\":{\"@id\":\"https:\\\/\\\/fmpatagoniamadryn.com.ar\\\/?p=1252#primaryimage\"},\"thumbnailUrl\":\"https:\\\/\\\/fmpatagoniamadryn.com.ar\\\/wp-content\\\/uploads\\\/2023\\\/03\\\/Chubut-participo-de-la-1o-Asamblea-Federal-del-INCAA-en-Misiones.jpg\",\"articleSection\":[\"Provinciales\"],\"inLanguage\":\"es\"},{\"@type\":\"WebPage\",\"@id\":\"https:\\\/\\\/fmpatagoniamadryn.com.ar\\\/?p=1252\",\"url\":\"https:\\\/\\\/fmpatagoniamadryn.com.ar\\\/?p=1252\",\"name\":\"Chubut particip\u00f3 de la 1\u00ba Asamblea Federal del INCAA en Misiones - FM Patagonia Madryn\",\"isPartOf\":{\"@id\":\"https:\\\/\\\/fmpatagoniamadryn.com.ar\\\/#website\"},\"primaryImageOfPage\":{\"@id\":\"https:\\\/\\\/fmpatagoniamadryn.com.ar\\\/?p=1252#primaryimage\"},\"image\":{\"@id\":\"https:\\\/\\\/fmpatagoniamadryn.com.ar\\\/?p=1252#primaryimage\"},\"thumbnailUrl\":\"https:\\\/\\\/fmpatagoniamadryn.com.ar\\\/wp-content\\\/uploads\\\/2023\\\/03\\\/Chubut-participo-de-la-1o-Asamblea-Federal-del-INCAA-en-Misiones.jpg\",\"datePublished\":\"2023-03-28T15:55:47+00:00\",\"dateModified\":\"2023-03-28T15:55:57+00:00\",\"breadcrumb\":{\"@id\":\"https:\\\/\\\/fmpatagoniamadryn.com.ar\\\/?p=1252#breadcrumb\"},\"inLanguage\":\"es\",\"potentialAction\":[{\"@type\":\"ReadAction\",\"target\":[\"https:\\\/\\\/fmpatagoniamadryn.com.ar\\\/?p=1252\"]}]},{\"@type\":\"ImageObject\",\"inLanguage\":\"es\",\"@id\":\"https:\\\/\\\/fmpatagoniamadryn.com.ar\\\/?p=1252#primaryimage\",\"url\":\"https:\\\/\\\/fmpatagoniamadryn.com.ar\\\/wp-content\\\/uploads\\\/2023\\\/03\\\/Chubut-participo-de-la-1o-Asamblea-Federal-del-INCAA-en-Misiones.jpg\",\"contentUrl\":\"https:\\\/\\\/fmpatagoniamadryn.com.ar\\\/wp-content\\\/uploads\\\/2023\\\/03\\\/Chubut-participo-de-la-1o-Asamblea-Federal-del-INCAA-en-Misiones.jpg\",\"width\":1600,\"height\":1200},{\"@type\":\"BreadcrumbList\",\"@id\":\"https:\\\/\\\/fmpatagoniamadryn.com.ar\\\/?p=1252#breadcrumb\",\"itemListElement\":[{\"@type\":\"ListItem\",\"position\":1,\"name\":\"Portada\",\"item\":\"https:\\\/\\\/fmpatagoniamadryn.com.ar\\\/\"},{\"@type\":\"ListItem\",\"position\":2,\"name\":\"Chubut particip\u00f3 de la 1\u00ba Asamblea Federal del INCAA en Misiones\"}]},{\"@type\":\"WebSite\",\"@id\":\"https:\\\/\\\/fmpatagoniamadryn.com.ar\\\/#website\",\"url\":\"https:\\\/\\\/fmpatagoniamadryn.com.ar\\\/\",\"name\":\"FM Patagonia Madryn\",\"description\":\"Radio Patagonia 105.5\",\"publisher\":{\"@id\":\"https:\\\/\\\/fmpatagoniamadryn.com.ar\\\/#organization\"},\"potentialAction\":[{\"@type\":\"SearchAction\",\"target\":{\"@type\":\"EntryPoint\",\"urlTemplate\":\"https:\\\/\\\/fmpatagoniamadryn.com.ar\\\/?s={search_term_string}\"},\"query-input\":{\"@type\":\"PropertyValueSpecification\",\"valueRequired\":true,\"valueName\":\"search_term_string\"}}],\"inLanguage\":\"es\"},{\"@type\":\"Organization\",\"@id\":\"https:\\\/\\\/fmpatagoniamadryn.com.ar\\\/#organization\",\"name\":\"FM Patagonia Madryn\",\"url\":\"https:\\\/\\\/fmpatagoniamadryn.com.ar\\\/\",\"logo\":{\"@type\":\"ImageObject\",\"inLanguage\":\"es\",\"@id\":\"https:\\\/\\\/fmpatagoniamadryn.com.ar\\\/#\\\/schema\\\/logo\\\/image\\\/\",\"url\":\"https:\\\/\\\/fmpatagoniamadryn.com.ar\\\/wp-content\\\/uploads\\\/2023\\\/01\\\/cropped-Diseno-sin-titulo.png\",\"contentUrl\":\"https:\\\/\\\/fmpatagoniamadryn.com.ar\\\/wp-content\\\/uploads\\\/2023\\\/01\\\/cropped-Diseno-sin-titulo.png\",\"width\":6911,\"height\":2657,\"caption\":\"FM Patagonia Madryn\"},\"image\":{\"@id\":\"https:\\\/\\\/fmpatagoniamadryn.com.ar\\\/#\\\/schema\\\/logo\\\/image\\\/\"}},{\"@type\":\"Person\",\"@id\":\"https:\\\/\\\/fmpatagoniamadryn.com.ar\\\/#\\\/schema\\\/person\\\/1d968ec613613768e14b4e6420a2b125\",\"name\":\"FM Patagonia\",\"url\":\"https:\\\/\\\/fmpatagoniamadryn.com.ar\\\/?author=3\"}]}<\/script>\n<!-- \/ Yoast SEO plugin. -->","yoast_head_json":{"title":"Chubut particip\u00f3 de la 1\u00ba Asamblea Federal del INCAA en Misiones - FM Patagonia Madryn","robots":{"index":"index","follow":"follow","max-snippet":"max-snippet:-1","max-image-preview":"max-image-preview:large","max-video-preview":"max-video-preview:-1"},"canonical":"https:\/\/fmpatagoniamadryn.com.ar\/?p=1252","og_locale":"es_ES","og_type":"article","og_title":"Chubut particip\u00f3 de la 1\u00ba Asamblea Federal del INCAA en Misiones - FM Patagonia Madryn","og_description":"Se debatieron pol\u00edticas p\u00fablicas federales en materia audiovisual, el lanzamiento del nuevo Plan de auspicio institucional y econ\u00f3mico a festivales y muestras de cine; la conformaci\u00f3n del nuevo Programa Fernando&hellip;","og_url":"https:\/\/fmpatagoniamadryn.com.ar\/?p=1252","og_site_name":"FM Patagonia Madryn","article_published_time":"2023-03-28T15:55:47+00:00","article_modified_time":"2023-03-28T15:55:57+00:00","og_image":[{"width":1600,"height":1200,"url":"https:\/\/fmpatagoniamadryn.com.ar\/wp-content\/uploads\/2023\/03\/Chubut-participo-de-la-1o-Asamblea-Federal-del-INCAA-en-Misiones.jpg","type":"image\/jpeg"}],"author":"FM Patagonia","twitter_card":"summary_large_image","twitter_misc":{"Escrito por":"FM Patagonia","Tiempo de lectura":"2 minutos"},"schema":{"@context":"https:\/\/schema.org","@graph":[{"@type":"Article","@id":"https:\/\/fmpatagoniamadryn.com.ar\/?p=1252#article","isPartOf":{"@id":"https:\/\/fmpatagoniamadryn.com.ar\/?p=1252"},"author":{"name":"FM Patagonia","@id":"https:\/\/fmpatagoniamadryn.com.ar\/#\/schema\/person\/1d968ec613613768e14b4e6420a2b125"},"headline":"Chubut particip\u00f3 de la 1\u00ba Asamblea Federal del INCAA en Misiones","datePublished":"2023-03-28T15:55:47+00:00","dateModified":"2023-03-28T15:55:57+00:00","mainEntityOfPage":{"@id":"https:\/\/fmpatagoniamadryn.com.ar\/?p=1252"},"wordCount":423,"publisher":{"@id":"https:\/\/fmpatagoniamadryn.com.ar\/#organization"},"image":{"@id":"https:\/\/fmpatagoniamadryn.com.ar\/?p=1252#primaryimage"},"thumbnailUrl":"https:\/\/fmpatagoniamadryn.com.ar\/wp-content\/uploads\/2023\/03\/Chubut-participo-de-la-1o-Asamblea-Federal-del-INCAA-en-Misiones.jpg","articleSection":["Provinciales"],"inLanguage":"es"},{"@type":"WebPage","@id":"https:\/\/fmpatagoniamadryn.com.ar\/?p=1252","url":"https:\/\/fmpatagoniamadryn.com.ar\/?p=1252","name":"Chubut particip\u00f3 de la 1\u00ba Asamblea Federal del INCAA en Misiones - FM Patagonia Madryn","isPartOf":{"@id":"https:\/\/fmpatagoniamadryn.com.ar\/#website"},"primaryImageOfPage":{"@id":"https:\/\/fmpatagoniamadryn.com.ar\/?p=1252#primaryimage"},"image":{"@id":"https:\/\/fmpatagoniamadryn.com.ar\/?p=1252#primaryimage"},"thumbnailUrl":"https:\/\/fmpatagoniamadryn.com.ar\/wp-content\/uploads\/2023\/03\/Chubut-participo-de-la-1o-Asamblea-Federal-del-INCAA-en-Misiones.jpg","datePublished":"2023-03-28T15:55:47+00:00","dateModified":"2023-03-28T15:55:57+00:00","breadcrumb":{"@id":"https:\/\/fmpatagoniamadryn.com.ar\/?p=1252#breadcrumb"},"inLanguage":"es","potentialAction":[{"@type":"ReadAction","target":["https:\/\/fmpatagoniamadryn.com.ar\/?p=1252"]}]},{"@type":"ImageObject","inLanguage":"es","@id":"https:\/\/fmpatagoniamadryn.com.ar\/?p=1252#primaryimage","url":"https:\/\/fmpatagoniamadryn.com.ar\/wp-content\/uploads\/2023\/03\/Chubut-participo-de-la-1o-Asamblea-Federal-del-INCAA-en-Misiones.jpg","contentUrl":"https:\/\/fmpatagoniamadryn.com.ar\/wp-content\/uploads\/2023\/03\/Chubut-participo-de-la-1o-Asamblea-Federal-del-INCAA-en-Misiones.jpg","width":1600,"height":1200},{"@type":"BreadcrumbList","@id":"https:\/\/fmpatagoniamadryn.com.ar\/?p=1252#breadcrumb","itemListElement":[{"@type":"ListItem","position":1,"name":"Portada","item":"https:\/\/fmpatagoniamadryn.com.ar\/"},{"@type":"ListItem","position":2,"name":"Chubut particip\u00f3 de la 1\u00ba Asamblea Federal del INCAA en Misiones"}]},{"@type":"WebSite","@id":"https:\/\/fmpatagoniamadryn.com.ar\/#website","url":"https:\/\/fmpatagoniamadryn.com.ar\/","name":"FM Patagonia Madryn","description":"Radio Patagonia 105.5","publisher":{"@id":"https:\/\/fmpatagoniamadryn.com.ar\/#organization"},"potentialAction":[{"@type":"SearchAction","target":{"@type":"EntryPoint","urlTemplate":"https:\/\/fmpatagoniamadryn.com.ar\/?s={search_term_string}"},"query-input":{"@type":"PropertyValueSpecification","valueRequired":true,"valueName":"search_term_string"}}],"inLanguage":"es"},{"@type":"Organization","@id":"https:\/\/fmpatagoniamadryn.com.ar\/#organization","name":"FM Patagonia Madryn","url":"https:\/\/fmpatagoniamadryn.com.ar\/","logo":{"@type":"ImageObject","inLanguage":"es","@id":"https:\/\/fmpatagoniamadryn.com.ar\/#\/schema\/logo\/image\/","url":"https:\/\/fmpatagoniamadryn.com.ar\/wp-content\/uploads\/2023\/01\/cropped-Diseno-sin-titulo.png","contentUrl":"https:\/\/fmpatagoniamadryn.com.ar\/wp-content\/uploads\/2023\/01\/cropped-Diseno-sin-titulo.png","width":6911,"height":2657,"caption":"FM Patagonia Madryn"},"image":{"@id":"https:\/\/fmpatagoniamadryn.com.ar\/#\/schema\/logo\/image\/"}},{"@type":"Person","@id":"https:\/\/fmpatagoniamadryn.com.ar\/#\/schema\/person\/1d968ec613613768e14b4e6420a2b125","name":"FM Patagonia","url":"https:\/\/fmpatagoniamadryn.com.ar\/?author=3"}]}},"jetpack_featured_media_url":"https:\/\/fmpatagoniamadryn.com.ar\/wp-content\/uploads\/2023\/03\/Chubut-participo-de-la-1o-Asamblea-Federal-del-INCAA-en-Misiones.jpg","_links":{"self":[{"href":"https:\/\/fmpatagoniamadryn.com.ar\/index.php?rest_route=\/wp\/v2\/posts\/1252","targetHints":{"allow":["GET"]}}],"collection":[{"href":"https:\/\/fmpatagoniamadryn.com.ar\/index.php?rest_route=\/wp\/v2\/posts"}],"about":[{"href":"https:\/\/fmpatagoniamadryn.com.ar\/index.php?rest_route=\/wp\/v2\/types\/post"}],"author":[{"embeddable":true,"href":"https:\/\/fmpatagoniamadryn.com.ar\/index.php?rest_route=\/wp\/v2\/users\/3"}],"replies":[{"embeddable":true,"href":"https:\/\/fmpatagoniamadryn.com.ar\/index.php?rest_route=%2Fwp%2Fv2%2Fcomments&post=1252"}],"version-history":[{"count":1,"href":"https:\/\/fmpatagoniamadryn.com.ar\/index.php?rest_route=\/wp\/v2\/posts\/1252\/revisions"}],"predecessor-version":[{"id":1253,"href":"https:\/\/fmpatagoniamadryn.com.ar\/index.php?rest_route=\/wp\/v2\/posts\/1252\/revisions\/1253"}],"wp:featuredmedia":[{"embeddable":true,"href":"https:\/\/fmpatagoniamadryn.com.ar\/index.php?rest_route=\/wp\/v2\/media\/1251"}],"wp:attachment":[{"href":"https:\/\/fmpatagoniamadryn.com.ar\/index.php?rest_route=%2Fwp%2Fv2%2Fmedia&parent=1252"}],"wp:term":[{"taxonomy":"category","embeddable":true,"href":"https:\/\/fmpatagoniamadryn.com.ar\/index.php?rest_route=%2Fwp%2Fv2%2Fcategories&post=1252"},{"taxonomy":"post_tag","embeddable":true,"href":"https:\/\/fmpatagoniamadryn.com.ar\/index.php?rest_route=%2Fwp%2Fv2%2Ftags&post=1252"}],"curies":[{"name":"wp","href":"https:\/\/api.w.org\/{rel}","templated":true}]}}