{"id":12597,"date":"2024-09-30T11:24:33","date_gmt":"2024-09-30T14:24:33","guid":{"rendered":"https:\/\/fmpatagoniamadryn.com.ar\/?p=12597"},"modified":"2024-09-30T11:25:27","modified_gmt":"2024-09-30T14:25:27","slug":"la-administracion-portuaria-de-puerto-madryn-presente-en-la-feria-internacional-de-turismo","status":"publish","type":"post","link":"https:\/\/fmpatagoniamadryn.com.ar\/?p=12597","title":{"rendered":"La Administraci\u00f3n Portuaria de Puerto Madryn presente en la Feria Internacional de Turismo"},"content":{"rendered":"\n<p><br><br>Durante el evento los representantes provinciales mantuvieron encuentros de trabajo para reforzar la posici\u00f3n estrat\u00e9gica de Chubut como destino de la industria de cruceros.<br><br>En l\u00ednea con los objetivos establecidos por el gobernador Ignacio \u00abNacho\u00bb Torres para potenciar la actividad tur\u00edstica en la Provincia de Chubut, representantes de la Administraci\u00f3n Portuaria de Puerto Madryn (APPM) participan activamente de la Feria Internacional de Turismo (FIT), que se est\u00e1 desarrollando en la Ciudad Aut\u00f3noma de Buenos Aires.<br><br>La comitiva de la Administraci\u00f3n Portuaria de Puerto Madryn est\u00e1 encabezada por su titular, Diego P\u00e9rez, acompa\u00f1ado por la jefa de Operaciones del Muelle de Cruceros, Flavia Ituarte, y el asesor Comercial, Marcos Grosso.<br><br>Durante el primer d\u00eda de la feria, los representantes del puerto madrynense, junto al ministro de Turismo y \u00c1reas Protegidas del Chubut, Diego Lapenna; y la coordinadora de cruceros para FAAEVYT, Leticia Ben\u00edtez, mantuvieron una reuni\u00f3n con Juan Pablo Maglier, representante de CLIA (Cruise Lines International Association) en Argentina, que permiti\u00f3 definir una agenda de trabajo conjunto y planificar la visita de autoridades de esa asociaci\u00f3n a la provincia para el inicio de la temporada de cruceros.<br><br>El puerto de Madryn es el primer y \u00fanico puerto de Argentina en estar asociado a CLIA, la entidad que agrupa a las principales empresas de cruceros a nivel mundial, lo que busca reforzar su posici\u00f3n estrat\u00e9gica como destino para esta industria de constante crecimiento.<br><br>Tambi\u00e9n y en el marco de la Feria Internacional de Turismo, los referentes chubutenses mantuvieron una reuni\u00f3n con Mar\u00eda Laura Pierini, gerente de promoci\u00f3n del ente \u201cVisit Buenos Aires\u201d, y Fernando Amer, director de promoci\u00f3n de la misma entidad. En este encuentro se abord\u00f3 el trabajo conjunto para promover los destinos de cruceros, buscando sinergias entre la Ciudad Aut\u00f3noma de Buenos Aires y Puerto Madryn para atraer m\u00e1s turistas.<br><br>Adem\u00e1s, los representantes de la APPM, acompa\u00f1ados por Santiago Sussanich, presidente de la Asociaci\u00f3n de Agencias de Viajes y Turismo de Pen\u00ednsula Vald\u00e9s (AAVyTPV), Leticia Ben\u00edtez y Sa\u00fal Cruz, participaron de una reuni\u00f3n con el director de Turismo de la Provincia de Santa Cruz, Rub\u00e9n Mart\u00ednez, y la senadora nacional por esa provincia, Natalia Gadano; con el objetivo de fomentar la llegada de m\u00e1s cruceros a lo largo de todo el litoral patag\u00f3nico, incluyendo a la provincia vecina, para as\u00ed fortalecer el corredor de cruceros del Cono Sur.<br><br>Con estas acciones, el Gobierno del Chubut, por intermedio de la Administraci\u00f3n Portuaria de Puerto Madryn, reafirma su compromiso de posicionar a la regi\u00f3n como un destino clave para la industria tur\u00edstica y de cruceros a nivel internacional, promoviendo el crecimiento sostenible del turismo en Chubut<\/p>\n","protected":false},"excerpt":{"rendered":"<p>Durante el evento los representantes provinciales mantuvieron encuentros de trabajo para reforzar la posici\u00f3n estrat\u00e9gica de Chubut como destino de la industria de cruceros. En l\u00ednea con los objetivos establecidos&hellip; <\/p>\n","protected":false},"author":2,"featured_media":12596,"comment_status":"closed","ping_status":"closed","sticky":false,"template":"","format":"standard","meta":{"footnotes":""},"categories":[14],"tags":[],"class_list":["post-12597","post","type-post","status-publish","format-standard","has-post-thumbnail","hentry","category-provinciales"],"yoast_head":"<!-- This site is optimized with the Yoast SEO plugin v27.4 - https:\/\/yoast.com\/product\/yoast-seo-wordpress\/ -->\n<title>La Administraci\u00f3n Portuaria de Puerto Madryn presente en la Feria Internacional de Turismo - FM Patagonia Madryn<\/title>\n<meta name=\"robots\" content=\"index, follow, max-snippet:-1, max-image-preview:large, max-video-preview:-1\" \/>\n<link rel=\"canonical\" href=\"https:\/\/fmpatagoniamadryn.com.ar\/?p=12597\" \/>\n<meta property=\"og:locale\" content=\"es_ES\" \/>\n<meta property=\"og:type\" content=\"article\" \/>\n<meta property=\"og:title\" content=\"La Administraci\u00f3n Portuaria de Puerto Madryn presente en la Feria Internacional de Turismo - FM Patagonia Madryn\" \/>\n<meta property=\"og:description\" content=\"Durante el evento los representantes provinciales mantuvieron encuentros de trabajo para reforzar la posici\u00f3n estrat\u00e9gica de Chubut como destino de la industria de cruceros. En l\u00ednea con los objetivos establecidos&hellip;\" \/>\n<meta property=\"og:url\" content=\"https:\/\/fmpatagoniamadryn.com.ar\/?p=12597\" \/>\n<meta property=\"og:site_name\" content=\"FM Patagonia Madryn\" \/>\n<meta property=\"article:published_time\" content=\"2024-09-30T14:24:33+00:00\" \/>\n<meta property=\"article:modified_time\" content=\"2024-09-30T14:25:27+00:00\" \/>\n<meta property=\"og:image\" content=\"https:\/\/fmpatagoniamadryn.com.ar\/wp-content\/uploads\/2024\/09\/La-Administracion-Portuaria-de-Puerto-Madryn-presente-en-la-Feria-Internacional-de-Turismo-1-scaled.jpeg\" \/>\n\t<meta property=\"og:image:width\" content=\"2560\" \/>\n\t<meta property=\"og:image:height\" content=\"1920\" \/>\n\t<meta property=\"og:image:type\" content=\"image\/jpeg\" \/>\n<meta name=\"author\" content=\"FM Patagonia\" \/>\n<meta name=\"twitter:card\" content=\"summary_large_image\" \/>\n<meta name=\"twitter:label1\" content=\"Escrito por\" \/>\n\t<meta name=\"twitter:data1\" content=\"FM Patagonia\" \/>\n\t<meta name=\"twitter:label2\" content=\"Tiempo de lectura\" \/>\n\t<meta name=\"twitter:data2\" content=\"2 minutos\" \/>\n<script type=\"application\/ld+json\" class=\"yoast-schema-graph\">{\"@context\":\"https:\\\/\\\/schema.org\",\"@graph\":[{\"@type\":\"Article\",\"@id\":\"https:\\\/\\\/fmpatagoniamadryn.com.ar\\\/?p=12597#article\",\"isPartOf\":{\"@id\":\"https:\\\/\\\/fmpatagoniamadryn.com.ar\\\/?p=12597\"},\"author\":{\"name\":\"FM Patagonia\",\"@id\":\"https:\\\/\\\/fmpatagoniamadryn.com.ar\\\/#\\\/schema\\\/person\\\/8a3de4ad7efceacab06c1641c50303b7\"},\"headline\":\"La Administraci\u00f3n Portuaria de Puerto Madryn presente en la Feria Internacional de Turismo\",\"datePublished\":\"2024-09-30T14:24:33+00:00\",\"dateModified\":\"2024-09-30T14:25:27+00:00\",\"mainEntityOfPage\":{\"@id\":\"https:\\\/\\\/fmpatagoniamadryn.com.ar\\\/?p=12597\"},\"wordCount\":485,\"publisher\":{\"@id\":\"https:\\\/\\\/fmpatagoniamadryn.com.ar\\\/#organization\"},\"image\":{\"@id\":\"https:\\\/\\\/fmpatagoniamadryn.com.ar\\\/?p=12597#primaryimage\"},\"thumbnailUrl\":\"https:\\\/\\\/fmpatagoniamadryn.com.ar\\\/wp-content\\\/uploads\\\/2024\\\/09\\\/La-Administracion-Portuaria-de-Puerto-Madryn-presente-en-la-Feria-Internacional-de-Turismo-1-scaled.jpeg\",\"articleSection\":[\"Provinciales\"],\"inLanguage\":\"es\"},{\"@type\":\"WebPage\",\"@id\":\"https:\\\/\\\/fmpatagoniamadryn.com.ar\\\/?p=12597\",\"url\":\"https:\\\/\\\/fmpatagoniamadryn.com.ar\\\/?p=12597\",\"name\":\"La Administraci\u00f3n Portuaria de Puerto Madryn presente en la Feria Internacional de Turismo - FM Patagonia Madryn\",\"isPartOf\":{\"@id\":\"https:\\\/\\\/fmpatagoniamadryn.com.ar\\\/#website\"},\"primaryImageOfPage\":{\"@id\":\"https:\\\/\\\/fmpatagoniamadryn.com.ar\\\/?p=12597#primaryimage\"},\"image\":{\"@id\":\"https:\\\/\\\/fmpatagoniamadryn.com.ar\\\/?p=12597#primaryimage\"},\"thumbnailUrl\":\"https:\\\/\\\/fmpatagoniamadryn.com.ar\\\/wp-content\\\/uploads\\\/2024\\\/09\\\/La-Administracion-Portuaria-de-Puerto-Madryn-presente-en-la-Feria-Internacional-de-Turismo-1-scaled.jpeg\",\"datePublished\":\"2024-09-30T14:24:33+00:00\",\"dateModified\":\"2024-09-30T14:25:27+00:00\",\"breadcrumb\":{\"@id\":\"https:\\\/\\\/fmpatagoniamadryn.com.ar\\\/?p=12597#breadcrumb\"},\"inLanguage\":\"es\",\"potentialAction\":[{\"@type\":\"ReadAction\",\"target\":[\"https:\\\/\\\/fmpatagoniamadryn.com.ar\\\/?p=12597\"]}]},{\"@type\":\"ImageObject\",\"inLanguage\":\"es\",\"@id\":\"https:\\\/\\\/fmpatagoniamadryn.com.ar\\\/?p=12597#primaryimage\",\"url\":\"https:\\\/\\\/fmpatagoniamadryn.com.ar\\\/wp-content\\\/uploads\\\/2024\\\/09\\\/La-Administracion-Portuaria-de-Puerto-Madryn-presente-en-la-Feria-Internacional-de-Turismo-1-scaled.jpeg\",\"contentUrl\":\"https:\\\/\\\/fmpatagoniamadryn.com.ar\\\/wp-content\\\/uploads\\\/2024\\\/09\\\/La-Administracion-Portuaria-de-Puerto-Madryn-presente-en-la-Feria-Internacional-de-Turismo-1-scaled.jpeg\",\"width\":2560,\"height\":1920},{\"@type\":\"BreadcrumbList\",\"@id\":\"https:\\\/\\\/fmpatagoniamadryn.com.ar\\\/?p=12597#breadcrumb\",\"itemListElement\":[{\"@type\":\"ListItem\",\"position\":1,\"name\":\"Portada\",\"item\":\"https:\\\/\\\/fmpatagoniamadryn.com.ar\\\/\"},{\"@type\":\"ListItem\",\"position\":2,\"name\":\"La Administraci\u00f3n Portuaria de Puerto Madryn presente en la Feria Internacional de Turismo\"}]},{\"@type\":\"WebSite\",\"@id\":\"https:\\\/\\\/fmpatagoniamadryn.com.ar\\\/#website\",\"url\":\"https:\\\/\\\/fmpatagoniamadryn.com.ar\\\/\",\"name\":\"FM Patagonia Madryn\",\"description\":\"Radio Patagonia 105.5\",\"publisher\":{\"@id\":\"https:\\\/\\\/fmpatagoniamadryn.com.ar\\\/#organization\"},\"potentialAction\":[{\"@type\":\"SearchAction\",\"target\":{\"@type\":\"EntryPoint\",\"urlTemplate\":\"https:\\\/\\\/fmpatagoniamadryn.com.ar\\\/?s={search_term_string}\"},\"query-input\":{\"@type\":\"PropertyValueSpecification\",\"valueRequired\":true,\"valueName\":\"search_term_string\"}}],\"inLanguage\":\"es\"},{\"@type\":\"Organization\",\"@id\":\"https:\\\/\\\/fmpatagoniamadryn.com.ar\\\/#organization\",\"name\":\"FM Patagonia Madryn\",\"url\":\"https:\\\/\\\/fmpatagoniamadryn.com.ar\\\/\",\"logo\":{\"@type\":\"ImageObject\",\"inLanguage\":\"es\",\"@id\":\"https:\\\/\\\/fmpatagoniamadryn.com.ar\\\/#\\\/schema\\\/logo\\\/image\\\/\",\"url\":\"https:\\\/\\\/fmpatagoniamadryn.com.ar\\\/wp-content\\\/uploads\\\/2023\\\/01\\\/cropped-Diseno-sin-titulo.png\",\"contentUrl\":\"https:\\\/\\\/fmpatagoniamadryn.com.ar\\\/wp-content\\\/uploads\\\/2023\\\/01\\\/cropped-Diseno-sin-titulo.png\",\"width\":6911,\"height\":2657,\"caption\":\"FM Patagonia Madryn\"},\"image\":{\"@id\":\"https:\\\/\\\/fmpatagoniamadryn.com.ar\\\/#\\\/schema\\\/logo\\\/image\\\/\"}},{\"@type\":\"Person\",\"@id\":\"https:\\\/\\\/fmpatagoniamadryn.com.ar\\\/#\\\/schema\\\/person\\\/8a3de4ad7efceacab06c1641c50303b7\",\"name\":\"FM Patagonia\",\"url\":\"https:\\\/\\\/fmpatagoniamadryn.com.ar\\\/?author=2\"}]}<\/script>\n<!-- \/ Yoast SEO plugin. -->","yoast_head_json":{"title":"La Administraci\u00f3n Portuaria de Puerto Madryn presente en la Feria Internacional de Turismo - FM Patagonia Madryn","robots":{"index":"index","follow":"follow","max-snippet":"max-snippet:-1","max-image-preview":"max-image-preview:large","max-video-preview":"max-video-preview:-1"},"canonical":"https:\/\/fmpatagoniamadryn.com.ar\/?p=12597","og_locale":"es_ES","og_type":"article","og_title":"La Administraci\u00f3n Portuaria de Puerto Madryn presente en la Feria Internacional de Turismo - FM Patagonia Madryn","og_description":"Durante el evento los representantes provinciales mantuvieron encuentros de trabajo para reforzar la posici\u00f3n estrat\u00e9gica de Chubut como destino de la industria de cruceros. En l\u00ednea con los objetivos establecidos&hellip;","og_url":"https:\/\/fmpatagoniamadryn.com.ar\/?p=12597","og_site_name":"FM Patagonia Madryn","article_published_time":"2024-09-30T14:24:33+00:00","article_modified_time":"2024-09-30T14:25:27+00:00","og_image":[{"width":2560,"height":1920,"url":"https:\/\/fmpatagoniamadryn.com.ar\/wp-content\/uploads\/2024\/09\/La-Administracion-Portuaria-de-Puerto-Madryn-presente-en-la-Feria-Internacional-de-Turismo-1-scaled.jpeg","type":"image\/jpeg"}],"author":"FM Patagonia","twitter_card":"summary_large_image","twitter_misc":{"Escrito por":"FM Patagonia","Tiempo de lectura":"2 minutos"},"schema":{"@context":"https:\/\/schema.org","@graph":[{"@type":"Article","@id":"https:\/\/fmpatagoniamadryn.com.ar\/?p=12597#article","isPartOf":{"@id":"https:\/\/fmpatagoniamadryn.com.ar\/?p=12597"},"author":{"name":"FM Patagonia","@id":"https:\/\/fmpatagoniamadryn.com.ar\/#\/schema\/person\/8a3de4ad7efceacab06c1641c50303b7"},"headline":"La Administraci\u00f3n Portuaria de Puerto Madryn presente en la Feria Internacional de Turismo","datePublished":"2024-09-30T14:24:33+00:00","dateModified":"2024-09-30T14:25:27+00:00","mainEntityOfPage":{"@id":"https:\/\/fmpatagoniamadryn.com.ar\/?p=12597"},"wordCount":485,"publisher":{"@id":"https:\/\/fmpatagoniamadryn.com.ar\/#organization"},"image":{"@id":"https:\/\/fmpatagoniamadryn.com.ar\/?p=12597#primaryimage"},"thumbnailUrl":"https:\/\/fmpatagoniamadryn.com.ar\/wp-content\/uploads\/2024\/09\/La-Administracion-Portuaria-de-Puerto-Madryn-presente-en-la-Feria-Internacional-de-Turismo-1-scaled.jpeg","articleSection":["Provinciales"],"inLanguage":"es"},{"@type":"WebPage","@id":"https:\/\/fmpatagoniamadryn.com.ar\/?p=12597","url":"https:\/\/fmpatagoniamadryn.com.ar\/?p=12597","name":"La Administraci\u00f3n Portuaria de Puerto Madryn presente en la Feria Internacional de Turismo - FM Patagonia Madryn","isPartOf":{"@id":"https:\/\/fmpatagoniamadryn.com.ar\/#website"},"primaryImageOfPage":{"@id":"https:\/\/fmpatagoniamadryn.com.ar\/?p=12597#primaryimage"},"image":{"@id":"https:\/\/fmpatagoniamadryn.com.ar\/?p=12597#primaryimage"},"thumbnailUrl":"https:\/\/fmpatagoniamadryn.com.ar\/wp-content\/uploads\/2024\/09\/La-Administracion-Portuaria-de-Puerto-Madryn-presente-en-la-Feria-Internacional-de-Turismo-1-scaled.jpeg","datePublished":"2024-09-30T14:24:33+00:00","dateModified":"2024-09-30T14:25:27+00:00","breadcrumb":{"@id":"https:\/\/fmpatagoniamadryn.com.ar\/?p=12597#breadcrumb"},"inLanguage":"es","potentialAction":[{"@type":"ReadAction","target":["https:\/\/fmpatagoniamadryn.com.ar\/?p=12597"]}]},{"@type":"ImageObject","inLanguage":"es","@id":"https:\/\/fmpatagoniamadryn.com.ar\/?p=12597#primaryimage","url":"https:\/\/fmpatagoniamadryn.com.ar\/wp-content\/uploads\/2024\/09\/La-Administracion-Portuaria-de-Puerto-Madryn-presente-en-la-Feria-Internacional-de-Turismo-1-scaled.jpeg","contentUrl":"https:\/\/fmpatagoniamadryn.com.ar\/wp-content\/uploads\/2024\/09\/La-Administracion-Portuaria-de-Puerto-Madryn-presente-en-la-Feria-Internacional-de-Turismo-1-scaled.jpeg","width":2560,"height":1920},{"@type":"BreadcrumbList","@id":"https:\/\/fmpatagoniamadryn.com.ar\/?p=12597#breadcrumb","itemListElement":[{"@type":"ListItem","position":1,"name":"Portada","item":"https:\/\/fmpatagoniamadryn.com.ar\/"},{"@type":"ListItem","position":2,"name":"La Administraci\u00f3n Portuaria de Puerto Madryn presente en la Feria Internacional de Turismo"}]},{"@type":"WebSite","@id":"https:\/\/fmpatagoniamadryn.com.ar\/#website","url":"https:\/\/fmpatagoniamadryn.com.ar\/","name":"FM Patagonia Madryn","description":"Radio Patagonia 105.5","publisher":{"@id":"https:\/\/fmpatagoniamadryn.com.ar\/#organization"},"potentialAction":[{"@type":"SearchAction","target":{"@type":"EntryPoint","urlTemplate":"https:\/\/fmpatagoniamadryn.com.ar\/?s={search_term_string}"},"query-input":{"@type":"PropertyValueSpecification","valueRequired":true,"valueName":"search_term_string"}}],"inLanguage":"es"},{"@type":"Organization","@id":"https:\/\/fmpatagoniamadryn.com.ar\/#organization","name":"FM Patagonia Madryn","url":"https:\/\/fmpatagoniamadryn.com.ar\/","logo":{"@type":"ImageObject","inLanguage":"es","@id":"https:\/\/fmpatagoniamadryn.com.ar\/#\/schema\/logo\/image\/","url":"https:\/\/fmpatagoniamadryn.com.ar\/wp-content\/uploads\/2023\/01\/cropped-Diseno-sin-titulo.png","contentUrl":"https:\/\/fmpatagoniamadryn.com.ar\/wp-content\/uploads\/2023\/01\/cropped-Diseno-sin-titulo.png","width":6911,"height":2657,"caption":"FM Patagonia Madryn"},"image":{"@id":"https:\/\/fmpatagoniamadryn.com.ar\/#\/schema\/logo\/image\/"}},{"@type":"Person","@id":"https:\/\/fmpatagoniamadryn.com.ar\/#\/schema\/person\/8a3de4ad7efceacab06c1641c50303b7","name":"FM Patagonia","url":"https:\/\/fmpatagoniamadryn.com.ar\/?author=2"}]}},"jetpack_featured_media_url":"https:\/\/fmpatagoniamadryn.com.ar\/wp-content\/uploads\/2024\/09\/La-Administracion-Portuaria-de-Puerto-Madryn-presente-en-la-Feria-Internacional-de-Turismo-1-scaled.jpeg","_links":{"self":[{"href":"https:\/\/fmpatagoniamadryn.com.ar\/index.php?rest_route=\/wp\/v2\/posts\/12597","targetHints":{"allow":["GET"]}}],"collection":[{"href":"https:\/\/fmpatagoniamadryn.com.ar\/index.php?rest_route=\/wp\/v2\/posts"}],"about":[{"href":"https:\/\/fmpatagoniamadryn.com.ar\/index.php?rest_route=\/wp\/v2\/types\/post"}],"author":[{"embeddable":true,"href":"https:\/\/fmpatagoniamadryn.com.ar\/index.php?rest_route=\/wp\/v2\/users\/2"}],"replies":[{"embeddable":true,"href":"https:\/\/fmpatagoniamadryn.com.ar\/index.php?rest_route=%2Fwp%2Fv2%2Fcomments&post=12597"}],"version-history":[{"count":1,"href":"https:\/\/fmpatagoniamadryn.com.ar\/index.php?rest_route=\/wp\/v2\/posts\/12597\/revisions"}],"predecessor-version":[{"id":12598,"href":"https:\/\/fmpatagoniamadryn.com.ar\/index.php?rest_route=\/wp\/v2\/posts\/12597\/revisions\/12598"}],"wp:featuredmedia":[{"embeddable":true,"href":"https:\/\/fmpatagoniamadryn.com.ar\/index.php?rest_route=\/wp\/v2\/media\/12596"}],"wp:attachment":[{"href":"https:\/\/fmpatagoniamadryn.com.ar\/index.php?rest_route=%2Fwp%2Fv2%2Fmedia&parent=12597"}],"wp:term":[{"taxonomy":"category","embeddable":true,"href":"https:\/\/fmpatagoniamadryn.com.ar\/index.php?rest_route=%2Fwp%2Fv2%2Fcategories&post=12597"},{"taxonomy":"post_tag","embeddable":true,"href":"https:\/\/fmpatagoniamadryn.com.ar\/index.php?rest_route=%2Fwp%2Fv2%2Ftags&post=12597"}],"curies":[{"name":"wp","href":"https:\/\/api.w.org\/{rel}","templated":true}]}}