{"id":12657,"date":"2024-10-02T11:14:33","date_gmt":"2024-10-02T14:14:33","guid":{"rendered":"https:\/\/fmpatagoniamadryn.com.ar\/?p=12657"},"modified":"2024-10-02T11:14:42","modified_gmt":"2024-10-02T14:14:42","slug":"secretaria-de-trabajo-y-casa-del-chubut-preparan-programa-de-insercion-laboral-juvenil","status":"publish","type":"post","link":"https:\/\/fmpatagoniamadryn.com.ar\/?p=12657","title":{"rendered":"Secretar\u00eda de Trabajo y Casa del Chubut preparan programa de inserci\u00f3n laboral juvenil"},"content":{"rendered":"\n<p><br><br>Ofrecer\u00e1 pasant\u00edas y capacitaciones, a trav\u00e9s de convenios con empresas, a estudiantes de la provincia que est\u00e1n cursando sus carreras universitarias en las ciudades de Buenos Aires, La Plata y C\u00f3rdoba.<br><br>Profundizando las pol\u00edticas de promoci\u00f3n de nuevas oportunidades laborales para los j\u00f3venes que viene implementando desde el inicio de su gesti\u00f3n el gobernador Ignacio \u201cNacho\u201d Torres; la Secretar\u00eda de Trabajo de la Provincia y la Casa del Chubut desarrollan un programa conjunto que ofrecer\u00e1 pasant\u00edas y capacitaciones, a trav\u00e9s de convenios con empresas, a estudiantes de la provincia que est\u00e1n cursando sus carreras universitarias en las ciudades de Buenos Aires, La Plata y C\u00f3rdoba.<br><br>El programa incluir\u00e1 a quienes ya se hayan recibido o est\u00e9n interesados en desempe\u00f1arse en \u00e1reas vinculadas con los oficios.<br><br>La novedad se dio a conocer tras una reuni\u00f3n que mantuvieron en Buenos Aires el secretario de Trabajo de la Provincia, Nicol\u00e1s Z\u00e1rate, y el director general de Casa del Chubut, Federico Puratich; en la que adem\u00e1s se analiz\u00f3 la posibilidad de abrir una oficina de Defensa al Consumidor en la sede de la representaci\u00f3n oficial del Gobierno de la Provincia, ubicada en pleno centro porte\u00f1o, para asistir de forma permanente a la gente de la provincia que reside en Buenos Aires o que deban trasladarse hacia a la Ciudad Aut\u00f3noma de Buenos Aires por razones m\u00e9dicas y\/o personales.<br><br>Ambos funcionarios destacaron, especialmente, la importancia de brindar herramientas a los j\u00f3venes chubutenses que buscan ingresar al mercado laboral; y en este sentido, se plante\u00f3 la posibilidad de desarrollar capacitaciones que ayuden a los j\u00f3venes en la confecci\u00f3n de sus curr\u00edculums vitae, la preparaci\u00f3n para entrevistas laborales, y otros aspectos esenciales para su integraci\u00f3n exitosa en el \u00e1mbito profesional.<br><br>Asimismo, Z\u00e1rate y Puratich analizaron la necesidad de fortalecer los lazos con los ciudadanos chubutenses residentes en la Ciudad Aut\u00f3noma de Buenos Aires, particularmente en relaci\u00f3n a la defensa de sus derechos como consumidores; y se abord\u00f3 la posibilidad de capacitar a los ciudadanos en temas de Defensa al Consumidor, independientemente de la ubicaci\u00f3n geogr\u00e1fica del comercio.<br><br>Este trabajo conjunto busca no s\u00f3lo ofrecer mayores oportunidades laborales a los j\u00f3venes, sino tambi\u00e9n fortalecer la protecci\u00f3n de los derechos de los ciudadanos, ampliando su acceso a la Justicia en cuestiones de consumo<\/p>\n","protected":false},"excerpt":{"rendered":"<p>Ofrecer\u00e1 pasant\u00edas y capacitaciones, a trav\u00e9s de convenios con empresas, a estudiantes de la provincia que est\u00e1n cursando sus carreras universitarias en las ciudades de Buenos Aires, La Plata y&hellip; <\/p>\n","protected":false},"author":2,"featured_media":12656,"comment_status":"closed","ping_status":"closed","sticky":false,"template":"","format":"standard","meta":{"footnotes":""},"categories":[15],"tags":[],"class_list":["post-12657","post","type-post","status-publish","format-standard","has-post-thumbnail","hentry","category-locales"],"yoast_head":"<!-- This site is optimized with the Yoast SEO plugin v27.5 - https:\/\/yoast.com\/product\/yoast-seo-wordpress\/ -->\n<title>Secretar\u00eda de Trabajo y Casa del Chubut preparan programa de inserci\u00f3n laboral juvenil - FM Patagonia Madryn<\/title>\n<meta name=\"robots\" content=\"index, follow, max-snippet:-1, max-image-preview:large, max-video-preview:-1\" \/>\n<link rel=\"canonical\" href=\"https:\/\/fmpatagoniamadryn.com.ar\/?p=12657\" \/>\n<meta property=\"og:locale\" content=\"es_ES\" \/>\n<meta property=\"og:type\" content=\"article\" \/>\n<meta property=\"og:title\" content=\"Secretar\u00eda de Trabajo y Casa del Chubut preparan programa de inserci\u00f3n laboral juvenil - FM Patagonia Madryn\" \/>\n<meta property=\"og:description\" content=\"Ofrecer\u00e1 pasant\u00edas y capacitaciones, a trav\u00e9s de convenios con empresas, a estudiantes de la provincia que est\u00e1n cursando sus carreras universitarias en las ciudades de Buenos Aires, La Plata y&hellip;\" \/>\n<meta property=\"og:url\" content=\"https:\/\/fmpatagoniamadryn.com.ar\/?p=12657\" \/>\n<meta property=\"og:site_name\" content=\"FM Patagonia Madryn\" \/>\n<meta property=\"article:published_time\" content=\"2024-10-02T14:14:33+00:00\" \/>\n<meta property=\"article:modified_time\" content=\"2024-10-02T14:14:42+00:00\" \/>\n<meta property=\"og:image\" content=\"https:\/\/fmpatagoniamadryn.com.ar\/wp-content\/uploads\/2024\/10\/Empleo-Joven-2.jpg\" \/>\n\t<meta property=\"og:image:width\" content=\"2560\" \/>\n\t<meta property=\"og:image:height\" content=\"1706\" \/>\n\t<meta property=\"og:image:type\" content=\"image\/jpeg\" \/>\n<meta name=\"author\" content=\"FM Patagonia\" \/>\n<meta name=\"twitter:card\" content=\"summary_large_image\" \/>\n<meta name=\"twitter:label1\" content=\"Escrito por\" \/>\n\t<meta name=\"twitter:data1\" content=\"FM Patagonia\" \/>\n\t<meta name=\"twitter:label2\" content=\"Tiempo de lectura\" \/>\n\t<meta name=\"twitter:data2\" content=\"2 minutos\" \/>\n<script type=\"application\/ld+json\" class=\"yoast-schema-graph\">{\"@context\":\"https:\\\/\\\/schema.org\",\"@graph\":[{\"@type\":\"Article\",\"@id\":\"https:\\\/\\\/fmpatagoniamadryn.com.ar\\\/?p=12657#article\",\"isPartOf\":{\"@id\":\"https:\\\/\\\/fmpatagoniamadryn.com.ar\\\/?p=12657\"},\"author\":{\"name\":\"FM Patagonia\",\"@id\":\"https:\\\/\\\/fmpatagoniamadryn.com.ar\\\/#\\\/schema\\\/person\\\/8a3de4ad7efceacab06c1641c50303b7\"},\"headline\":\"Secretar\u00eda de Trabajo y Casa del Chubut preparan programa de inserci\u00f3n laboral juvenil\",\"datePublished\":\"2024-10-02T14:14:33+00:00\",\"dateModified\":\"2024-10-02T14:14:42+00:00\",\"mainEntityOfPage\":{\"@id\":\"https:\\\/\\\/fmpatagoniamadryn.com.ar\\\/?p=12657\"},\"wordCount\":428,\"publisher\":{\"@id\":\"https:\\\/\\\/fmpatagoniamadryn.com.ar\\\/#organization\"},\"image\":{\"@id\":\"https:\\\/\\\/fmpatagoniamadryn.com.ar\\\/?p=12657#primaryimage\"},\"thumbnailUrl\":\"https:\\\/\\\/fmpatagoniamadryn.com.ar\\\/wp-content\\\/uploads\\\/2024\\\/10\\\/Empleo-Joven-2.jpg\",\"articleSection\":[\"Locales\"],\"inLanguage\":\"es\"},{\"@type\":\"WebPage\",\"@id\":\"https:\\\/\\\/fmpatagoniamadryn.com.ar\\\/?p=12657\",\"url\":\"https:\\\/\\\/fmpatagoniamadryn.com.ar\\\/?p=12657\",\"name\":\"Secretar\u00eda de Trabajo y Casa del Chubut preparan programa de inserci\u00f3n laboral juvenil - FM Patagonia Madryn\",\"isPartOf\":{\"@id\":\"https:\\\/\\\/fmpatagoniamadryn.com.ar\\\/#website\"},\"primaryImageOfPage\":{\"@id\":\"https:\\\/\\\/fmpatagoniamadryn.com.ar\\\/?p=12657#primaryimage\"},\"image\":{\"@id\":\"https:\\\/\\\/fmpatagoniamadryn.com.ar\\\/?p=12657#primaryimage\"},\"thumbnailUrl\":\"https:\\\/\\\/fmpatagoniamadryn.com.ar\\\/wp-content\\\/uploads\\\/2024\\\/10\\\/Empleo-Joven-2.jpg\",\"datePublished\":\"2024-10-02T14:14:33+00:00\",\"dateModified\":\"2024-10-02T14:14:42+00:00\",\"breadcrumb\":{\"@id\":\"https:\\\/\\\/fmpatagoniamadryn.com.ar\\\/?p=12657#breadcrumb\"},\"inLanguage\":\"es\",\"potentialAction\":[{\"@type\":\"ReadAction\",\"target\":[\"https:\\\/\\\/fmpatagoniamadryn.com.ar\\\/?p=12657\"]}]},{\"@type\":\"ImageObject\",\"inLanguage\":\"es\",\"@id\":\"https:\\\/\\\/fmpatagoniamadryn.com.ar\\\/?p=12657#primaryimage\",\"url\":\"https:\\\/\\\/fmpatagoniamadryn.com.ar\\\/wp-content\\\/uploads\\\/2024\\\/10\\\/Empleo-Joven-2.jpg\",\"contentUrl\":\"https:\\\/\\\/fmpatagoniamadryn.com.ar\\\/wp-content\\\/uploads\\\/2024\\\/10\\\/Empleo-Joven-2.jpg\",\"width\":2560,\"height\":1706},{\"@type\":\"BreadcrumbList\",\"@id\":\"https:\\\/\\\/fmpatagoniamadryn.com.ar\\\/?p=12657#breadcrumb\",\"itemListElement\":[{\"@type\":\"ListItem\",\"position\":1,\"name\":\"Portada\",\"item\":\"https:\\\/\\\/fmpatagoniamadryn.com.ar\\\/\"},{\"@type\":\"ListItem\",\"position\":2,\"name\":\"Secretar\u00eda de Trabajo y Casa del Chubut preparan programa de inserci\u00f3n laboral juvenil\"}]},{\"@type\":\"WebSite\",\"@id\":\"https:\\\/\\\/fmpatagoniamadryn.com.ar\\\/#website\",\"url\":\"https:\\\/\\\/fmpatagoniamadryn.com.ar\\\/\",\"name\":\"FM Patagonia Madryn\",\"description\":\"Radio Patagonia 105.5\",\"publisher\":{\"@id\":\"https:\\\/\\\/fmpatagoniamadryn.com.ar\\\/#organization\"},\"potentialAction\":[{\"@type\":\"SearchAction\",\"target\":{\"@type\":\"EntryPoint\",\"urlTemplate\":\"https:\\\/\\\/fmpatagoniamadryn.com.ar\\\/?s={search_term_string}\"},\"query-input\":{\"@type\":\"PropertyValueSpecification\",\"valueRequired\":true,\"valueName\":\"search_term_string\"}}],\"inLanguage\":\"es\"},{\"@type\":\"Organization\",\"@id\":\"https:\\\/\\\/fmpatagoniamadryn.com.ar\\\/#organization\",\"name\":\"FM Patagonia Madryn\",\"url\":\"https:\\\/\\\/fmpatagoniamadryn.com.ar\\\/\",\"logo\":{\"@type\":\"ImageObject\",\"inLanguage\":\"es\",\"@id\":\"https:\\\/\\\/fmpatagoniamadryn.com.ar\\\/#\\\/schema\\\/logo\\\/image\\\/\",\"url\":\"https:\\\/\\\/fmpatagoniamadryn.com.ar\\\/wp-content\\\/uploads\\\/2023\\\/01\\\/cropped-Diseno-sin-titulo.png\",\"contentUrl\":\"https:\\\/\\\/fmpatagoniamadryn.com.ar\\\/wp-content\\\/uploads\\\/2023\\\/01\\\/cropped-Diseno-sin-titulo.png\",\"width\":6911,\"height\":2657,\"caption\":\"FM Patagonia Madryn\"},\"image\":{\"@id\":\"https:\\\/\\\/fmpatagoniamadryn.com.ar\\\/#\\\/schema\\\/logo\\\/image\\\/\"}},{\"@type\":\"Person\",\"@id\":\"https:\\\/\\\/fmpatagoniamadryn.com.ar\\\/#\\\/schema\\\/person\\\/8a3de4ad7efceacab06c1641c50303b7\",\"name\":\"FM Patagonia\",\"url\":\"https:\\\/\\\/fmpatagoniamadryn.com.ar\\\/?author=2\"}]}<\/script>\n<!-- \/ Yoast SEO plugin. -->","yoast_head_json":{"title":"Secretar\u00eda de Trabajo y Casa del Chubut preparan programa de inserci\u00f3n laboral juvenil - FM Patagonia Madryn","robots":{"index":"index","follow":"follow","max-snippet":"max-snippet:-1","max-image-preview":"max-image-preview:large","max-video-preview":"max-video-preview:-1"},"canonical":"https:\/\/fmpatagoniamadryn.com.ar\/?p=12657","og_locale":"es_ES","og_type":"article","og_title":"Secretar\u00eda de Trabajo y Casa del Chubut preparan programa de inserci\u00f3n laboral juvenil - FM Patagonia Madryn","og_description":"Ofrecer\u00e1 pasant\u00edas y capacitaciones, a trav\u00e9s de convenios con empresas, a estudiantes de la provincia que est\u00e1n cursando sus carreras universitarias en las ciudades de Buenos Aires, La Plata y&hellip;","og_url":"https:\/\/fmpatagoniamadryn.com.ar\/?p=12657","og_site_name":"FM Patagonia Madryn","article_published_time":"2024-10-02T14:14:33+00:00","article_modified_time":"2024-10-02T14:14:42+00:00","og_image":[{"width":2560,"height":1706,"url":"https:\/\/fmpatagoniamadryn.com.ar\/wp-content\/uploads\/2024\/10\/Empleo-Joven-2.jpg","type":"image\/jpeg"}],"author":"FM Patagonia","twitter_card":"summary_large_image","twitter_misc":{"Escrito por":"FM Patagonia","Tiempo de lectura":"2 minutos"},"schema":{"@context":"https:\/\/schema.org","@graph":[{"@type":"Article","@id":"https:\/\/fmpatagoniamadryn.com.ar\/?p=12657#article","isPartOf":{"@id":"https:\/\/fmpatagoniamadryn.com.ar\/?p=12657"},"author":{"name":"FM Patagonia","@id":"https:\/\/fmpatagoniamadryn.com.ar\/#\/schema\/person\/8a3de4ad7efceacab06c1641c50303b7"},"headline":"Secretar\u00eda de Trabajo y Casa del Chubut preparan programa de inserci\u00f3n laboral juvenil","datePublished":"2024-10-02T14:14:33+00:00","dateModified":"2024-10-02T14:14:42+00:00","mainEntityOfPage":{"@id":"https:\/\/fmpatagoniamadryn.com.ar\/?p=12657"},"wordCount":428,"publisher":{"@id":"https:\/\/fmpatagoniamadryn.com.ar\/#organization"},"image":{"@id":"https:\/\/fmpatagoniamadryn.com.ar\/?p=12657#primaryimage"},"thumbnailUrl":"https:\/\/fmpatagoniamadryn.com.ar\/wp-content\/uploads\/2024\/10\/Empleo-Joven-2.jpg","articleSection":["Locales"],"inLanguage":"es"},{"@type":"WebPage","@id":"https:\/\/fmpatagoniamadryn.com.ar\/?p=12657","url":"https:\/\/fmpatagoniamadryn.com.ar\/?p=12657","name":"Secretar\u00eda de Trabajo y Casa del Chubut preparan programa de inserci\u00f3n laboral juvenil - FM Patagonia Madryn","isPartOf":{"@id":"https:\/\/fmpatagoniamadryn.com.ar\/#website"},"primaryImageOfPage":{"@id":"https:\/\/fmpatagoniamadryn.com.ar\/?p=12657#primaryimage"},"image":{"@id":"https:\/\/fmpatagoniamadryn.com.ar\/?p=12657#primaryimage"},"thumbnailUrl":"https:\/\/fmpatagoniamadryn.com.ar\/wp-content\/uploads\/2024\/10\/Empleo-Joven-2.jpg","datePublished":"2024-10-02T14:14:33+00:00","dateModified":"2024-10-02T14:14:42+00:00","breadcrumb":{"@id":"https:\/\/fmpatagoniamadryn.com.ar\/?p=12657#breadcrumb"},"inLanguage":"es","potentialAction":[{"@type":"ReadAction","target":["https:\/\/fmpatagoniamadryn.com.ar\/?p=12657"]}]},{"@type":"ImageObject","inLanguage":"es","@id":"https:\/\/fmpatagoniamadryn.com.ar\/?p=12657#primaryimage","url":"https:\/\/fmpatagoniamadryn.com.ar\/wp-content\/uploads\/2024\/10\/Empleo-Joven-2.jpg","contentUrl":"https:\/\/fmpatagoniamadryn.com.ar\/wp-content\/uploads\/2024\/10\/Empleo-Joven-2.jpg","width":2560,"height":1706},{"@type":"BreadcrumbList","@id":"https:\/\/fmpatagoniamadryn.com.ar\/?p=12657#breadcrumb","itemListElement":[{"@type":"ListItem","position":1,"name":"Portada","item":"https:\/\/fmpatagoniamadryn.com.ar\/"},{"@type":"ListItem","position":2,"name":"Secretar\u00eda de Trabajo y Casa del Chubut preparan programa de inserci\u00f3n laboral juvenil"}]},{"@type":"WebSite","@id":"https:\/\/fmpatagoniamadryn.com.ar\/#website","url":"https:\/\/fmpatagoniamadryn.com.ar\/","name":"FM Patagonia Madryn","description":"Radio Patagonia 105.5","publisher":{"@id":"https:\/\/fmpatagoniamadryn.com.ar\/#organization"},"potentialAction":[{"@type":"SearchAction","target":{"@type":"EntryPoint","urlTemplate":"https:\/\/fmpatagoniamadryn.com.ar\/?s={search_term_string}"},"query-input":{"@type":"PropertyValueSpecification","valueRequired":true,"valueName":"search_term_string"}}],"inLanguage":"es"},{"@type":"Organization","@id":"https:\/\/fmpatagoniamadryn.com.ar\/#organization","name":"FM Patagonia Madryn","url":"https:\/\/fmpatagoniamadryn.com.ar\/","logo":{"@type":"ImageObject","inLanguage":"es","@id":"https:\/\/fmpatagoniamadryn.com.ar\/#\/schema\/logo\/image\/","url":"https:\/\/fmpatagoniamadryn.com.ar\/wp-content\/uploads\/2023\/01\/cropped-Diseno-sin-titulo.png","contentUrl":"https:\/\/fmpatagoniamadryn.com.ar\/wp-content\/uploads\/2023\/01\/cropped-Diseno-sin-titulo.png","width":6911,"height":2657,"caption":"FM Patagonia Madryn"},"image":{"@id":"https:\/\/fmpatagoniamadryn.com.ar\/#\/schema\/logo\/image\/"}},{"@type":"Person","@id":"https:\/\/fmpatagoniamadryn.com.ar\/#\/schema\/person\/8a3de4ad7efceacab06c1641c50303b7","name":"FM Patagonia","url":"https:\/\/fmpatagoniamadryn.com.ar\/?author=2"}]}},"jetpack_featured_media_url":"https:\/\/fmpatagoniamadryn.com.ar\/wp-content\/uploads\/2024\/10\/Empleo-Joven-2.jpg","_links":{"self":[{"href":"https:\/\/fmpatagoniamadryn.com.ar\/index.php?rest_route=\/wp\/v2\/posts\/12657","targetHints":{"allow":["GET"]}}],"collection":[{"href":"https:\/\/fmpatagoniamadryn.com.ar\/index.php?rest_route=\/wp\/v2\/posts"}],"about":[{"href":"https:\/\/fmpatagoniamadryn.com.ar\/index.php?rest_route=\/wp\/v2\/types\/post"}],"author":[{"embeddable":true,"href":"https:\/\/fmpatagoniamadryn.com.ar\/index.php?rest_route=\/wp\/v2\/users\/2"}],"replies":[{"embeddable":true,"href":"https:\/\/fmpatagoniamadryn.com.ar\/index.php?rest_route=%2Fwp%2Fv2%2Fcomments&post=12657"}],"version-history":[{"count":1,"href":"https:\/\/fmpatagoniamadryn.com.ar\/index.php?rest_route=\/wp\/v2\/posts\/12657\/revisions"}],"predecessor-version":[{"id":12658,"href":"https:\/\/fmpatagoniamadryn.com.ar\/index.php?rest_route=\/wp\/v2\/posts\/12657\/revisions\/12658"}],"wp:featuredmedia":[{"embeddable":true,"href":"https:\/\/fmpatagoniamadryn.com.ar\/index.php?rest_route=\/wp\/v2\/media\/12656"}],"wp:attachment":[{"href":"https:\/\/fmpatagoniamadryn.com.ar\/index.php?rest_route=%2Fwp%2Fv2%2Fmedia&parent=12657"}],"wp:term":[{"taxonomy":"category","embeddable":true,"href":"https:\/\/fmpatagoniamadryn.com.ar\/index.php?rest_route=%2Fwp%2Fv2%2Fcategories&post=12657"},{"taxonomy":"post_tag","embeddable":true,"href":"https:\/\/fmpatagoniamadryn.com.ar\/index.php?rest_route=%2Fwp%2Fv2%2Ftags&post=12657"}],"curies":[{"name":"wp","href":"https:\/\/api.w.org\/{rel}","templated":true}]}}