{"id":12663,"date":"2024-10-02T16:05:25","date_gmt":"2024-10-02T19:05:25","guid":{"rendered":"https:\/\/fmpatagoniamadryn.com.ar\/?p=12663"},"modified":"2024-10-02T16:05:33","modified_gmt":"2024-10-02T19:05:33","slug":"enrique-payllalef-actuara-en-el-festival-guitarras-del-mundo","status":"publish","type":"post","link":"https:\/\/fmpatagoniamadryn.com.ar\/?p=12663","title":{"rendered":"ENRIQUE PAYLLALEF ACTUAR\u00c1 EN EL FESTIVAL \u201cGUITARRAS DEL MUNDO\u201d"},"content":{"rendered":"\n<p> <br><br><br><br>El reconocido m\u00fasico y docente de los talleres culturales municipales, participar\u00e1 por quinta vez en este evento que es uno de los m\u00e1s prestigiosos en su g\u00e9nero<br><br><br>La Municipalidad de Puerto Madryn, a trav\u00e9s de la Subsecretar\u00eda de Cultura, celebr\u00f3 que Enrique Payllalef, m\u00fasico y docente de los talleres culturales, haya sido convocado por quinta vez para participar en el Festival \u201cGuitarras del Mundo\u201d. El evento, de alcance internacional, se realiza hace 30 a\u00f1os de forma ininterrumpida.<br><br>En esta oportunidad, ser\u00e1 el domingo 6 de octubre y el m\u00fasico local se presentar\u00e1 junto a Juan Barrena en el plano comarcal y desde Buenos Aires se sumar\u00e1n Mar\u00eda Clara Mill\u00e1n y Sebasti\u00e1n Sierra. El concierto tendr\u00e1 lugar en el Teatro Espa\u00f1ol de Trelew y ser\u00e1 con entrada libre y gratuita, brindando una oportunidad \u00fanica para disfrutar de este espect\u00e1culo cultural de primer nivel.<br><br>Enrique Payllalef, adem\u00e1s de ser docente de los talleres culturales municipales, posee una vasta trayectoria que lo llev\u00f3 a presentarse en escenarios nacionales e internacionales, incluyendo pa\u00edses como Chile, Europa y Jap\u00f3n. Su participaci\u00f3n en el Festival es un reconocimiento m\u00e1s a su talento y dedicaci\u00f3n en la promoci\u00f3n de la m\u00fasica.<br><br>Cabe mencionar que esta propuesta est\u00e1 dirigida art\u00edsticamente por el reconocido Juan Fal\u00fa que ha reunido durante 30 a\u00f1os a destacados guitarristas de Argentina y el mundo. En esta edici\u00f3n, contar\u00e1 con la participaci\u00f3n de artistas de renombre internacional, como la virtuosa Anastasia Bardina y el argentino Mart\u00edn P\u00e1ez de la Torre, quienes representan lo mejor del talento internacional y nacional.<br><br>El Festival Guitarras del Mundo se distingue por su car\u00e1cter federal, realiz\u00e1ndose en diversas seccionales de UPCN en todo el pa\u00eds. A lo largo de sus 30 a\u00f1os, ha logrado llevar el arte de la guitarra a distintas comunidades, promoviendo un espacio de encuentro y enriquecimiento entre m\u00fasicos de diversas culturas y estilos<\/p>\n","protected":false},"excerpt":{"rendered":"<p>El reconocido m\u00fasico y docente de los talleres culturales municipales, participar\u00e1 por quinta vez en este evento que es uno de los m\u00e1s prestigiosos en su g\u00e9nero La Municipalidad de&hellip; <\/p>\n","protected":false},"author":2,"featured_media":12662,"comment_status":"closed","ping_status":"closed","sticky":false,"template":"","format":"standard","meta":{"footnotes":""},"categories":[15],"tags":[],"class_list":["post-12663","post","type-post","status-publish","format-standard","has-post-thumbnail","hentry","category-locales"],"yoast_head":"<!-- This site is optimized with the Yoast SEO plugin v27.5 - https:\/\/yoast.com\/product\/yoast-seo-wordpress\/ -->\n<title>ENRIQUE PAYLLALEF ACTUAR\u00c1 EN EL FESTIVAL \u201cGUITARRAS DEL MUNDO\u201d - FM Patagonia Madryn<\/title>\n<meta name=\"robots\" content=\"index, follow, max-snippet:-1, max-image-preview:large, max-video-preview:-1\" \/>\n<link rel=\"canonical\" href=\"https:\/\/fmpatagoniamadryn.com.ar\/?p=12663\" \/>\n<meta property=\"og:locale\" content=\"es_ES\" \/>\n<meta property=\"og:type\" content=\"article\" \/>\n<meta property=\"og:title\" content=\"ENRIQUE PAYLLALEF ACTUAR\u00c1 EN EL FESTIVAL \u201cGUITARRAS DEL MUNDO\u201d - FM Patagonia Madryn\" \/>\n<meta property=\"og:description\" content=\"El reconocido m\u00fasico y docente de los talleres culturales municipales, participar\u00e1 por quinta vez en este evento que es uno de los m\u00e1s prestigiosos en su g\u00e9nero La Municipalidad de&hellip;\" \/>\n<meta property=\"og:url\" content=\"https:\/\/fmpatagoniamadryn.com.ar\/?p=12663\" \/>\n<meta property=\"og:site_name\" content=\"FM Patagonia Madryn\" \/>\n<meta property=\"article:published_time\" content=\"2024-10-02T19:05:25+00:00\" \/>\n<meta property=\"article:modified_time\" content=\"2024-10-02T19:05:33+00:00\" \/>\n<meta property=\"og:image\" content=\"https:\/\/fmpatagoniamadryn.com.ar\/wp-content\/uploads\/2024\/10\/f1ba02dc-d470-400f-b189-57bda99ff274.jpeg\" \/>\n\t<meta property=\"og:image:width\" content=\"960\" \/>\n\t<meta property=\"og:image:height\" content=\"641\" \/>\n\t<meta property=\"og:image:type\" content=\"image\/jpeg\" \/>\n<meta name=\"author\" content=\"FM Patagonia\" \/>\n<meta name=\"twitter:card\" content=\"summary_large_image\" \/>\n<meta name=\"twitter:label1\" content=\"Escrito por\" \/>\n\t<meta name=\"twitter:data1\" content=\"FM Patagonia\" \/>\n\t<meta name=\"twitter:label2\" content=\"Tiempo de lectura\" \/>\n\t<meta name=\"twitter:data2\" content=\"2 minutos\" \/>\n<script type=\"application\/ld+json\" class=\"yoast-schema-graph\">{\"@context\":\"https:\\\/\\\/schema.org\",\"@graph\":[{\"@type\":\"Article\",\"@id\":\"https:\\\/\\\/fmpatagoniamadryn.com.ar\\\/?p=12663#article\",\"isPartOf\":{\"@id\":\"https:\\\/\\\/fmpatagoniamadryn.com.ar\\\/?p=12663\"},\"author\":{\"name\":\"FM Patagonia\",\"@id\":\"https:\\\/\\\/fmpatagoniamadryn.com.ar\\\/#\\\/schema\\\/person\\\/8a3de4ad7efceacab06c1641c50303b7\"},\"headline\":\"ENRIQUE PAYLLALEF ACTUAR\u00c1 EN EL FESTIVAL \u201cGUITARRAS DEL MUNDO\u201d\",\"datePublished\":\"2024-10-02T19:05:25+00:00\",\"dateModified\":\"2024-10-02T19:05:33+00:00\",\"mainEntityOfPage\":{\"@id\":\"https:\\\/\\\/fmpatagoniamadryn.com.ar\\\/?p=12663\"},\"wordCount\":346,\"publisher\":{\"@id\":\"https:\\\/\\\/fmpatagoniamadryn.com.ar\\\/#organization\"},\"image\":{\"@id\":\"https:\\\/\\\/fmpatagoniamadryn.com.ar\\\/?p=12663#primaryimage\"},\"thumbnailUrl\":\"https:\\\/\\\/fmpatagoniamadryn.com.ar\\\/wp-content\\\/uploads\\\/2024\\\/10\\\/f1ba02dc-d470-400f-b189-57bda99ff274.jpeg\",\"articleSection\":[\"Locales\"],\"inLanguage\":\"es\"},{\"@type\":\"WebPage\",\"@id\":\"https:\\\/\\\/fmpatagoniamadryn.com.ar\\\/?p=12663\",\"url\":\"https:\\\/\\\/fmpatagoniamadryn.com.ar\\\/?p=12663\",\"name\":\"ENRIQUE PAYLLALEF ACTUAR\u00c1 EN EL FESTIVAL \u201cGUITARRAS DEL MUNDO\u201d - FM Patagonia Madryn\",\"isPartOf\":{\"@id\":\"https:\\\/\\\/fmpatagoniamadryn.com.ar\\\/#website\"},\"primaryImageOfPage\":{\"@id\":\"https:\\\/\\\/fmpatagoniamadryn.com.ar\\\/?p=12663#primaryimage\"},\"image\":{\"@id\":\"https:\\\/\\\/fmpatagoniamadryn.com.ar\\\/?p=12663#primaryimage\"},\"thumbnailUrl\":\"https:\\\/\\\/fmpatagoniamadryn.com.ar\\\/wp-content\\\/uploads\\\/2024\\\/10\\\/f1ba02dc-d470-400f-b189-57bda99ff274.jpeg\",\"datePublished\":\"2024-10-02T19:05:25+00:00\",\"dateModified\":\"2024-10-02T19:05:33+00:00\",\"breadcrumb\":{\"@id\":\"https:\\\/\\\/fmpatagoniamadryn.com.ar\\\/?p=12663#breadcrumb\"},\"inLanguage\":\"es\",\"potentialAction\":[{\"@type\":\"ReadAction\",\"target\":[\"https:\\\/\\\/fmpatagoniamadryn.com.ar\\\/?p=12663\"]}]},{\"@type\":\"ImageObject\",\"inLanguage\":\"es\",\"@id\":\"https:\\\/\\\/fmpatagoniamadryn.com.ar\\\/?p=12663#primaryimage\",\"url\":\"https:\\\/\\\/fmpatagoniamadryn.com.ar\\\/wp-content\\\/uploads\\\/2024\\\/10\\\/f1ba02dc-d470-400f-b189-57bda99ff274.jpeg\",\"contentUrl\":\"https:\\\/\\\/fmpatagoniamadryn.com.ar\\\/wp-content\\\/uploads\\\/2024\\\/10\\\/f1ba02dc-d470-400f-b189-57bda99ff274.jpeg\",\"width\":960,\"height\":641},{\"@type\":\"BreadcrumbList\",\"@id\":\"https:\\\/\\\/fmpatagoniamadryn.com.ar\\\/?p=12663#breadcrumb\",\"itemListElement\":[{\"@type\":\"ListItem\",\"position\":1,\"name\":\"Portada\",\"item\":\"https:\\\/\\\/fmpatagoniamadryn.com.ar\\\/\"},{\"@type\":\"ListItem\",\"position\":2,\"name\":\"ENRIQUE PAYLLALEF ACTUAR\u00c1 EN EL FESTIVAL \u201cGUITARRAS DEL MUNDO\u201d\"}]},{\"@type\":\"WebSite\",\"@id\":\"https:\\\/\\\/fmpatagoniamadryn.com.ar\\\/#website\",\"url\":\"https:\\\/\\\/fmpatagoniamadryn.com.ar\\\/\",\"name\":\"FM Patagonia Madryn\",\"description\":\"Radio Patagonia 105.5\",\"publisher\":{\"@id\":\"https:\\\/\\\/fmpatagoniamadryn.com.ar\\\/#organization\"},\"potentialAction\":[{\"@type\":\"SearchAction\",\"target\":{\"@type\":\"EntryPoint\",\"urlTemplate\":\"https:\\\/\\\/fmpatagoniamadryn.com.ar\\\/?s={search_term_string}\"},\"query-input\":{\"@type\":\"PropertyValueSpecification\",\"valueRequired\":true,\"valueName\":\"search_term_string\"}}],\"inLanguage\":\"es\"},{\"@type\":\"Organization\",\"@id\":\"https:\\\/\\\/fmpatagoniamadryn.com.ar\\\/#organization\",\"name\":\"FM Patagonia Madryn\",\"url\":\"https:\\\/\\\/fmpatagoniamadryn.com.ar\\\/\",\"logo\":{\"@type\":\"ImageObject\",\"inLanguage\":\"es\",\"@id\":\"https:\\\/\\\/fmpatagoniamadryn.com.ar\\\/#\\\/schema\\\/logo\\\/image\\\/\",\"url\":\"https:\\\/\\\/fmpatagoniamadryn.com.ar\\\/wp-content\\\/uploads\\\/2023\\\/01\\\/cropped-Diseno-sin-titulo.png\",\"contentUrl\":\"https:\\\/\\\/fmpatagoniamadryn.com.ar\\\/wp-content\\\/uploads\\\/2023\\\/01\\\/cropped-Diseno-sin-titulo.png\",\"width\":6911,\"height\":2657,\"caption\":\"FM Patagonia Madryn\"},\"image\":{\"@id\":\"https:\\\/\\\/fmpatagoniamadryn.com.ar\\\/#\\\/schema\\\/logo\\\/image\\\/\"}},{\"@type\":\"Person\",\"@id\":\"https:\\\/\\\/fmpatagoniamadryn.com.ar\\\/#\\\/schema\\\/person\\\/8a3de4ad7efceacab06c1641c50303b7\",\"name\":\"FM Patagonia\",\"url\":\"https:\\\/\\\/fmpatagoniamadryn.com.ar\\\/?author=2\"}]}<\/script>\n<!-- \/ Yoast SEO plugin. -->","yoast_head_json":{"title":"ENRIQUE PAYLLALEF ACTUAR\u00c1 EN EL FESTIVAL \u201cGUITARRAS DEL MUNDO\u201d - FM Patagonia Madryn","robots":{"index":"index","follow":"follow","max-snippet":"max-snippet:-1","max-image-preview":"max-image-preview:large","max-video-preview":"max-video-preview:-1"},"canonical":"https:\/\/fmpatagoniamadryn.com.ar\/?p=12663","og_locale":"es_ES","og_type":"article","og_title":"ENRIQUE PAYLLALEF ACTUAR\u00c1 EN EL FESTIVAL \u201cGUITARRAS DEL MUNDO\u201d - FM Patagonia Madryn","og_description":"El reconocido m\u00fasico y docente de los talleres culturales municipales, participar\u00e1 por quinta vez en este evento que es uno de los m\u00e1s prestigiosos en su g\u00e9nero La Municipalidad de&hellip;","og_url":"https:\/\/fmpatagoniamadryn.com.ar\/?p=12663","og_site_name":"FM Patagonia Madryn","article_published_time":"2024-10-02T19:05:25+00:00","article_modified_time":"2024-10-02T19:05:33+00:00","og_image":[{"width":960,"height":641,"url":"https:\/\/fmpatagoniamadryn.com.ar\/wp-content\/uploads\/2024\/10\/f1ba02dc-d470-400f-b189-57bda99ff274.jpeg","type":"image\/jpeg"}],"author":"FM Patagonia","twitter_card":"summary_large_image","twitter_misc":{"Escrito por":"FM Patagonia","Tiempo de lectura":"2 minutos"},"schema":{"@context":"https:\/\/schema.org","@graph":[{"@type":"Article","@id":"https:\/\/fmpatagoniamadryn.com.ar\/?p=12663#article","isPartOf":{"@id":"https:\/\/fmpatagoniamadryn.com.ar\/?p=12663"},"author":{"name":"FM Patagonia","@id":"https:\/\/fmpatagoniamadryn.com.ar\/#\/schema\/person\/8a3de4ad7efceacab06c1641c50303b7"},"headline":"ENRIQUE PAYLLALEF ACTUAR\u00c1 EN EL FESTIVAL \u201cGUITARRAS DEL MUNDO\u201d","datePublished":"2024-10-02T19:05:25+00:00","dateModified":"2024-10-02T19:05:33+00:00","mainEntityOfPage":{"@id":"https:\/\/fmpatagoniamadryn.com.ar\/?p=12663"},"wordCount":346,"publisher":{"@id":"https:\/\/fmpatagoniamadryn.com.ar\/#organization"},"image":{"@id":"https:\/\/fmpatagoniamadryn.com.ar\/?p=12663#primaryimage"},"thumbnailUrl":"https:\/\/fmpatagoniamadryn.com.ar\/wp-content\/uploads\/2024\/10\/f1ba02dc-d470-400f-b189-57bda99ff274.jpeg","articleSection":["Locales"],"inLanguage":"es"},{"@type":"WebPage","@id":"https:\/\/fmpatagoniamadryn.com.ar\/?p=12663","url":"https:\/\/fmpatagoniamadryn.com.ar\/?p=12663","name":"ENRIQUE PAYLLALEF ACTUAR\u00c1 EN EL FESTIVAL \u201cGUITARRAS DEL MUNDO\u201d - FM Patagonia Madryn","isPartOf":{"@id":"https:\/\/fmpatagoniamadryn.com.ar\/#website"},"primaryImageOfPage":{"@id":"https:\/\/fmpatagoniamadryn.com.ar\/?p=12663#primaryimage"},"image":{"@id":"https:\/\/fmpatagoniamadryn.com.ar\/?p=12663#primaryimage"},"thumbnailUrl":"https:\/\/fmpatagoniamadryn.com.ar\/wp-content\/uploads\/2024\/10\/f1ba02dc-d470-400f-b189-57bda99ff274.jpeg","datePublished":"2024-10-02T19:05:25+00:00","dateModified":"2024-10-02T19:05:33+00:00","breadcrumb":{"@id":"https:\/\/fmpatagoniamadryn.com.ar\/?p=12663#breadcrumb"},"inLanguage":"es","potentialAction":[{"@type":"ReadAction","target":["https:\/\/fmpatagoniamadryn.com.ar\/?p=12663"]}]},{"@type":"ImageObject","inLanguage":"es","@id":"https:\/\/fmpatagoniamadryn.com.ar\/?p=12663#primaryimage","url":"https:\/\/fmpatagoniamadryn.com.ar\/wp-content\/uploads\/2024\/10\/f1ba02dc-d470-400f-b189-57bda99ff274.jpeg","contentUrl":"https:\/\/fmpatagoniamadryn.com.ar\/wp-content\/uploads\/2024\/10\/f1ba02dc-d470-400f-b189-57bda99ff274.jpeg","width":960,"height":641},{"@type":"BreadcrumbList","@id":"https:\/\/fmpatagoniamadryn.com.ar\/?p=12663#breadcrumb","itemListElement":[{"@type":"ListItem","position":1,"name":"Portada","item":"https:\/\/fmpatagoniamadryn.com.ar\/"},{"@type":"ListItem","position":2,"name":"ENRIQUE PAYLLALEF ACTUAR\u00c1 EN EL FESTIVAL \u201cGUITARRAS DEL MUNDO\u201d"}]},{"@type":"WebSite","@id":"https:\/\/fmpatagoniamadryn.com.ar\/#website","url":"https:\/\/fmpatagoniamadryn.com.ar\/","name":"FM Patagonia Madryn","description":"Radio Patagonia 105.5","publisher":{"@id":"https:\/\/fmpatagoniamadryn.com.ar\/#organization"},"potentialAction":[{"@type":"SearchAction","target":{"@type":"EntryPoint","urlTemplate":"https:\/\/fmpatagoniamadryn.com.ar\/?s={search_term_string}"},"query-input":{"@type":"PropertyValueSpecification","valueRequired":true,"valueName":"search_term_string"}}],"inLanguage":"es"},{"@type":"Organization","@id":"https:\/\/fmpatagoniamadryn.com.ar\/#organization","name":"FM Patagonia Madryn","url":"https:\/\/fmpatagoniamadryn.com.ar\/","logo":{"@type":"ImageObject","inLanguage":"es","@id":"https:\/\/fmpatagoniamadryn.com.ar\/#\/schema\/logo\/image\/","url":"https:\/\/fmpatagoniamadryn.com.ar\/wp-content\/uploads\/2023\/01\/cropped-Diseno-sin-titulo.png","contentUrl":"https:\/\/fmpatagoniamadryn.com.ar\/wp-content\/uploads\/2023\/01\/cropped-Diseno-sin-titulo.png","width":6911,"height":2657,"caption":"FM Patagonia Madryn"},"image":{"@id":"https:\/\/fmpatagoniamadryn.com.ar\/#\/schema\/logo\/image\/"}},{"@type":"Person","@id":"https:\/\/fmpatagoniamadryn.com.ar\/#\/schema\/person\/8a3de4ad7efceacab06c1641c50303b7","name":"FM Patagonia","url":"https:\/\/fmpatagoniamadryn.com.ar\/?author=2"}]}},"jetpack_featured_media_url":"https:\/\/fmpatagoniamadryn.com.ar\/wp-content\/uploads\/2024\/10\/f1ba02dc-d470-400f-b189-57bda99ff274.jpeg","_links":{"self":[{"href":"https:\/\/fmpatagoniamadryn.com.ar\/index.php?rest_route=\/wp\/v2\/posts\/12663","targetHints":{"allow":["GET"]}}],"collection":[{"href":"https:\/\/fmpatagoniamadryn.com.ar\/index.php?rest_route=\/wp\/v2\/posts"}],"about":[{"href":"https:\/\/fmpatagoniamadryn.com.ar\/index.php?rest_route=\/wp\/v2\/types\/post"}],"author":[{"embeddable":true,"href":"https:\/\/fmpatagoniamadryn.com.ar\/index.php?rest_route=\/wp\/v2\/users\/2"}],"replies":[{"embeddable":true,"href":"https:\/\/fmpatagoniamadryn.com.ar\/index.php?rest_route=%2Fwp%2Fv2%2Fcomments&post=12663"}],"version-history":[{"count":1,"href":"https:\/\/fmpatagoniamadryn.com.ar\/index.php?rest_route=\/wp\/v2\/posts\/12663\/revisions"}],"predecessor-version":[{"id":12664,"href":"https:\/\/fmpatagoniamadryn.com.ar\/index.php?rest_route=\/wp\/v2\/posts\/12663\/revisions\/12664"}],"wp:featuredmedia":[{"embeddable":true,"href":"https:\/\/fmpatagoniamadryn.com.ar\/index.php?rest_route=\/wp\/v2\/media\/12662"}],"wp:attachment":[{"href":"https:\/\/fmpatagoniamadryn.com.ar\/index.php?rest_route=%2Fwp%2Fv2%2Fmedia&parent=12663"}],"wp:term":[{"taxonomy":"category","embeddable":true,"href":"https:\/\/fmpatagoniamadryn.com.ar\/index.php?rest_route=%2Fwp%2Fv2%2Fcategories&post=12663"},{"taxonomy":"post_tag","embeddable":true,"href":"https:\/\/fmpatagoniamadryn.com.ar\/index.php?rest_route=%2Fwp%2Fv2%2Ftags&post=12663"}],"curies":[{"name":"wp","href":"https:\/\/api.w.org\/{rel}","templated":true}]}}