{"id":12666,"date":"2024-10-02T16:14:57","date_gmt":"2024-10-02T19:14:57","guid":{"rendered":"https:\/\/fmpatagoniamadryn.com.ar\/?p=12666"},"modified":"2024-10-02T16:15:06","modified_gmt":"2024-10-02T19:15:06","slug":"emprendedores-madrynenses-se-lucieron-en-la-fit","status":"publish","type":"post","link":"https:\/\/fmpatagoniamadryn.com.ar\/?p=12666","title":{"rendered":"<br>EMPRENDEDORES MADRYNENSES SE LUCIERON EN LA FIT"},"content":{"rendered":"\n<p><br><br>La 28\u00aa Feria Internacional de Turismo de Am\u00e9rica Latina cerr\u00f3 este martes con un nuevo r\u00e9cord de visitantes. El stand de los productores locales en el Fit Food &amp; Market fue uno de los m\u00e1s concurridos<br><br>Tras cuatro d\u00edas de promoci\u00f3n directa, acciones institucionales y rondas de negocios, cerr\u00f3 este martes la FIT 2024 que se desarrollaba desde el s\u00e1bado en el predio ferial La Rural de Buenos Aires. Puerto Madryn no s\u00f3lo dijo presente para desplegar toda su oferta tur\u00edstica durante los cuatro d\u00edas, sino que adem\u00e1s, por primera vez la ciudad cont\u00f3 con un stand en Fit Food &amp; Market, el nuevo espacio que mont\u00f3 la feria para expositores, chefs y productores locales en el que no faltaron las degustaciones, demostraciones y charlas sobre las \u00faltimas tendencias gastron\u00f3micas.<br><br>De este modo, con la coordinaci\u00f3n de la Secretar\u00eda de Producci\u00f3n, Innovaci\u00f3n y Empleo de la Municipalidad de Puerto Madryn, participaron de la feria emprendedores locales que ofrecieron sopas y bebidas deshidratadas, chocolates, conservas de langostino, pulpo y otros frutos de mar, vinos, vajilla en cer\u00e1mica artesanal, tejidos en lana merino artesanal de oveja, adornos confeccionados con descarte textil y gin. Cabe destacar que se trata de productos que cuentan con la idiosincrasia de la Patagonia y traen al presente la esencia de los primeros habitantes.<br><br>\u201cFue una gran oportunidad para que los productores locales se muestren en un mercado tan amplio como el que se genera la FIT. Sin dudas, este tipo de evento produce una sinergia muy interesante entre el sector privado y p\u00fablico, que tambi\u00e9n nos permite como municipio poner en valor a los equipos de las diferentes \u00e1reas y, por supuesto, la din\u00e1mica del emprendedurismo que siempre tiene un ritmo avasallante\u201d, se\u00f1al\u00f3 Enrique Calvo, responsable del \u00e1rea de Producci\u00f3n de la Comuna.<br><br>Cabe destacar que las cifras registradas por la organizaci\u00f3n indicaron que durante s\u00e1bado y domingo, jornadas en las que la feria apunta a la visita de p\u00fablico en general, recorrieron los puestos de informaci\u00f3n y promoci\u00f3n 92.104 personas; mientras que lunes y martes participaron de las actividades alrededor de 40.000 profesionales y emprendedores del sector tur\u00edstico.<br><br>En tal sentido, fue una gran oportunidad para que los participantes generen contactos comerciales y mantengan reuniones de trabajo y negocios orientadas a potenciar el desarrollo de sus emprendimientos. Los medios nacionales y especializados tambi\u00e9n estuvieron presentes y recorrieron el stand de Madryn que durante las degustaciones se volvi\u00f3 de los m\u00e1s concurridos.<br><br>Entre los emprendimientos se encuentran: Albor Patagonia (tejidos de lana natural artesanal), Cuenco Patagonia (cer\u00e1mica vajilla), Lo que Tram\u00f3 Aurelia (tejidos al crochet con descartable textil), Vi\u00f1edos del Golfo (bodega &#8211; vinos), Chacra Kaish (productos gourmet de alimentos deshidratados y sopas instant\u00e1neas), Conservas Puerto Madryn (conservas artesanales de mariscos de alta calidad), Bolsa Red (dise\u00f1o sustentable, accesorios de triple impacto), Br\u00fccke (cerveza artesanal), Guanaco (chocolate patag\u00f3nico artesanal), Julia Chocolates (chocolate artesanal) y Gin Magallanes (gin artesanal).<\/p>\n","protected":false},"excerpt":{"rendered":"<p>La 28\u00aa Feria Internacional de Turismo de Am\u00e9rica Latina cerr\u00f3 este martes con un nuevo r\u00e9cord de visitantes. El stand de los productores locales en el Fit Food &amp; Market&hellip; <\/p>\n","protected":false},"author":2,"featured_media":12665,"comment_status":"closed","ping_status":"closed","sticky":false,"template":"","format":"standard","meta":{"footnotes":""},"categories":[15],"tags":[],"class_list":["post-12666","post","type-post","status-publish","format-standard","has-post-thumbnail","hentry","category-locales"],"yoast_head":"<!-- This site is optimized with the Yoast SEO plugin v27.5 - https:\/\/yoast.com\/product\/yoast-seo-wordpress\/ -->\n<title>EMPRENDEDORES MADRYNENSES SE LUCIERON EN LA FIT - FM Patagonia Madryn<\/title>\n<meta name=\"robots\" content=\"index, follow, max-snippet:-1, max-image-preview:large, max-video-preview:-1\" \/>\n<link rel=\"canonical\" href=\"https:\/\/fmpatagoniamadryn.com.ar\/?p=12666\" \/>\n<meta property=\"og:locale\" content=\"es_ES\" \/>\n<meta property=\"og:type\" content=\"article\" \/>\n<meta property=\"og:title\" content=\"EMPRENDEDORES MADRYNENSES SE LUCIERON EN LA FIT - FM Patagonia Madryn\" \/>\n<meta property=\"og:description\" content=\"La 28\u00aa Feria Internacional de Turismo de Am\u00e9rica Latina cerr\u00f3 este martes con un nuevo r\u00e9cord de visitantes. El stand de los productores locales en el Fit Food &amp; Market&hellip;\" \/>\n<meta property=\"og:url\" content=\"https:\/\/fmpatagoniamadryn.com.ar\/?p=12666\" \/>\n<meta property=\"og:site_name\" content=\"FM Patagonia Madryn\" \/>\n<meta property=\"article:published_time\" content=\"2024-10-02T19:14:57+00:00\" \/>\n<meta property=\"article:modified_time\" content=\"2024-10-02T19:15:06+00:00\" \/>\n<meta property=\"og:image\" content=\"https:\/\/fmpatagoniamadryn.com.ar\/wp-content\/uploads\/2024\/10\/WhatsApp-Image-2024-10-02-at-11.28.03.jpeg\" \/>\n\t<meta property=\"og:image:width\" content=\"720\" \/>\n\t<meta property=\"og:image:height\" content=\"720\" \/>\n\t<meta property=\"og:image:type\" content=\"image\/jpeg\" \/>\n<meta name=\"author\" content=\"FM Patagonia\" \/>\n<meta name=\"twitter:card\" content=\"summary_large_image\" \/>\n<meta name=\"twitter:label1\" content=\"Escrito por\" \/>\n\t<meta name=\"twitter:data1\" content=\"FM Patagonia\" \/>\n\t<meta name=\"twitter:label2\" content=\"Tiempo de lectura\" \/>\n\t<meta name=\"twitter:data2\" content=\"3 minutos\" \/>\n<script type=\"application\/ld+json\" class=\"yoast-schema-graph\">{\"@context\":\"https:\\\/\\\/schema.org\",\"@graph\":[{\"@type\":\"Article\",\"@id\":\"https:\\\/\\\/fmpatagoniamadryn.com.ar\\\/?p=12666#article\",\"isPartOf\":{\"@id\":\"https:\\\/\\\/fmpatagoniamadryn.com.ar\\\/?p=12666\"},\"author\":{\"name\":\"FM Patagonia\",\"@id\":\"https:\\\/\\\/fmpatagoniamadryn.com.ar\\\/#\\\/schema\\\/person\\\/8a3de4ad7efceacab06c1641c50303b7\"},\"headline\":\"EMPRENDEDORES MADRYNENSES SE LUCIERON EN LA FIT\",\"datePublished\":\"2024-10-02T19:14:57+00:00\",\"dateModified\":\"2024-10-02T19:15:06+00:00\",\"mainEntityOfPage\":{\"@id\":\"https:\\\/\\\/fmpatagoniamadryn.com.ar\\\/?p=12666\"},\"wordCount\":519,\"publisher\":{\"@id\":\"https:\\\/\\\/fmpatagoniamadryn.com.ar\\\/#organization\"},\"image\":{\"@id\":\"https:\\\/\\\/fmpatagoniamadryn.com.ar\\\/?p=12666#primaryimage\"},\"thumbnailUrl\":\"https:\\\/\\\/fmpatagoniamadryn.com.ar\\\/wp-content\\\/uploads\\\/2024\\\/10\\\/WhatsApp-Image-2024-10-02-at-11.28.03.jpeg\",\"articleSection\":[\"Locales\"],\"inLanguage\":\"es\"},{\"@type\":\"WebPage\",\"@id\":\"https:\\\/\\\/fmpatagoniamadryn.com.ar\\\/?p=12666\",\"url\":\"https:\\\/\\\/fmpatagoniamadryn.com.ar\\\/?p=12666\",\"name\":\"EMPRENDEDORES MADRYNENSES SE LUCIERON EN LA FIT - FM Patagonia Madryn\",\"isPartOf\":{\"@id\":\"https:\\\/\\\/fmpatagoniamadryn.com.ar\\\/#website\"},\"primaryImageOfPage\":{\"@id\":\"https:\\\/\\\/fmpatagoniamadryn.com.ar\\\/?p=12666#primaryimage\"},\"image\":{\"@id\":\"https:\\\/\\\/fmpatagoniamadryn.com.ar\\\/?p=12666#primaryimage\"},\"thumbnailUrl\":\"https:\\\/\\\/fmpatagoniamadryn.com.ar\\\/wp-content\\\/uploads\\\/2024\\\/10\\\/WhatsApp-Image-2024-10-02-at-11.28.03.jpeg\",\"datePublished\":\"2024-10-02T19:14:57+00:00\",\"dateModified\":\"2024-10-02T19:15:06+00:00\",\"breadcrumb\":{\"@id\":\"https:\\\/\\\/fmpatagoniamadryn.com.ar\\\/?p=12666#breadcrumb\"},\"inLanguage\":\"es\",\"potentialAction\":[{\"@type\":\"ReadAction\",\"target\":[\"https:\\\/\\\/fmpatagoniamadryn.com.ar\\\/?p=12666\"]}]},{\"@type\":\"ImageObject\",\"inLanguage\":\"es\",\"@id\":\"https:\\\/\\\/fmpatagoniamadryn.com.ar\\\/?p=12666#primaryimage\",\"url\":\"https:\\\/\\\/fmpatagoniamadryn.com.ar\\\/wp-content\\\/uploads\\\/2024\\\/10\\\/WhatsApp-Image-2024-10-02-at-11.28.03.jpeg\",\"contentUrl\":\"https:\\\/\\\/fmpatagoniamadryn.com.ar\\\/wp-content\\\/uploads\\\/2024\\\/10\\\/WhatsApp-Image-2024-10-02-at-11.28.03.jpeg\",\"width\":720,\"height\":720},{\"@type\":\"BreadcrumbList\",\"@id\":\"https:\\\/\\\/fmpatagoniamadryn.com.ar\\\/?p=12666#breadcrumb\",\"itemListElement\":[{\"@type\":\"ListItem\",\"position\":1,\"name\":\"Portada\",\"item\":\"https:\\\/\\\/fmpatagoniamadryn.com.ar\\\/\"},{\"@type\":\"ListItem\",\"position\":2,\"name\":\"EMPRENDEDORES MADRYNENSES SE LUCIERON EN LA FIT\"}]},{\"@type\":\"WebSite\",\"@id\":\"https:\\\/\\\/fmpatagoniamadryn.com.ar\\\/#website\",\"url\":\"https:\\\/\\\/fmpatagoniamadryn.com.ar\\\/\",\"name\":\"FM Patagonia Madryn\",\"description\":\"Radio Patagonia 105.5\",\"publisher\":{\"@id\":\"https:\\\/\\\/fmpatagoniamadryn.com.ar\\\/#organization\"},\"potentialAction\":[{\"@type\":\"SearchAction\",\"target\":{\"@type\":\"EntryPoint\",\"urlTemplate\":\"https:\\\/\\\/fmpatagoniamadryn.com.ar\\\/?s={search_term_string}\"},\"query-input\":{\"@type\":\"PropertyValueSpecification\",\"valueRequired\":true,\"valueName\":\"search_term_string\"}}],\"inLanguage\":\"es\"},{\"@type\":\"Organization\",\"@id\":\"https:\\\/\\\/fmpatagoniamadryn.com.ar\\\/#organization\",\"name\":\"FM Patagonia Madryn\",\"url\":\"https:\\\/\\\/fmpatagoniamadryn.com.ar\\\/\",\"logo\":{\"@type\":\"ImageObject\",\"inLanguage\":\"es\",\"@id\":\"https:\\\/\\\/fmpatagoniamadryn.com.ar\\\/#\\\/schema\\\/logo\\\/image\\\/\",\"url\":\"https:\\\/\\\/fmpatagoniamadryn.com.ar\\\/wp-content\\\/uploads\\\/2023\\\/01\\\/cropped-Diseno-sin-titulo.png\",\"contentUrl\":\"https:\\\/\\\/fmpatagoniamadryn.com.ar\\\/wp-content\\\/uploads\\\/2023\\\/01\\\/cropped-Diseno-sin-titulo.png\",\"width\":6911,\"height\":2657,\"caption\":\"FM Patagonia Madryn\"},\"image\":{\"@id\":\"https:\\\/\\\/fmpatagoniamadryn.com.ar\\\/#\\\/schema\\\/logo\\\/image\\\/\"}},{\"@type\":\"Person\",\"@id\":\"https:\\\/\\\/fmpatagoniamadryn.com.ar\\\/#\\\/schema\\\/person\\\/8a3de4ad7efceacab06c1641c50303b7\",\"name\":\"FM Patagonia\",\"url\":\"https:\\\/\\\/fmpatagoniamadryn.com.ar\\\/?author=2\"}]}<\/script>\n<!-- \/ Yoast SEO plugin. -->","yoast_head_json":{"title":"EMPRENDEDORES MADRYNENSES SE LUCIERON EN LA FIT - FM Patagonia Madryn","robots":{"index":"index","follow":"follow","max-snippet":"max-snippet:-1","max-image-preview":"max-image-preview:large","max-video-preview":"max-video-preview:-1"},"canonical":"https:\/\/fmpatagoniamadryn.com.ar\/?p=12666","og_locale":"es_ES","og_type":"article","og_title":"EMPRENDEDORES MADRYNENSES SE LUCIERON EN LA FIT - FM Patagonia Madryn","og_description":"La 28\u00aa Feria Internacional de Turismo de Am\u00e9rica Latina cerr\u00f3 este martes con un nuevo r\u00e9cord de visitantes. El stand de los productores locales en el Fit Food &amp; Market&hellip;","og_url":"https:\/\/fmpatagoniamadryn.com.ar\/?p=12666","og_site_name":"FM Patagonia Madryn","article_published_time":"2024-10-02T19:14:57+00:00","article_modified_time":"2024-10-02T19:15:06+00:00","og_image":[{"width":720,"height":720,"url":"https:\/\/fmpatagoniamadryn.com.ar\/wp-content\/uploads\/2024\/10\/WhatsApp-Image-2024-10-02-at-11.28.03.jpeg","type":"image\/jpeg"}],"author":"FM Patagonia","twitter_card":"summary_large_image","twitter_misc":{"Escrito por":"FM Patagonia","Tiempo de lectura":"3 minutos"},"schema":{"@context":"https:\/\/schema.org","@graph":[{"@type":"Article","@id":"https:\/\/fmpatagoniamadryn.com.ar\/?p=12666#article","isPartOf":{"@id":"https:\/\/fmpatagoniamadryn.com.ar\/?p=12666"},"author":{"name":"FM Patagonia","@id":"https:\/\/fmpatagoniamadryn.com.ar\/#\/schema\/person\/8a3de4ad7efceacab06c1641c50303b7"},"headline":"EMPRENDEDORES MADRYNENSES SE LUCIERON EN LA FIT","datePublished":"2024-10-02T19:14:57+00:00","dateModified":"2024-10-02T19:15:06+00:00","mainEntityOfPage":{"@id":"https:\/\/fmpatagoniamadryn.com.ar\/?p=12666"},"wordCount":519,"publisher":{"@id":"https:\/\/fmpatagoniamadryn.com.ar\/#organization"},"image":{"@id":"https:\/\/fmpatagoniamadryn.com.ar\/?p=12666#primaryimage"},"thumbnailUrl":"https:\/\/fmpatagoniamadryn.com.ar\/wp-content\/uploads\/2024\/10\/WhatsApp-Image-2024-10-02-at-11.28.03.jpeg","articleSection":["Locales"],"inLanguage":"es"},{"@type":"WebPage","@id":"https:\/\/fmpatagoniamadryn.com.ar\/?p=12666","url":"https:\/\/fmpatagoniamadryn.com.ar\/?p=12666","name":"EMPRENDEDORES MADRYNENSES SE LUCIERON EN LA FIT - FM Patagonia Madryn","isPartOf":{"@id":"https:\/\/fmpatagoniamadryn.com.ar\/#website"},"primaryImageOfPage":{"@id":"https:\/\/fmpatagoniamadryn.com.ar\/?p=12666#primaryimage"},"image":{"@id":"https:\/\/fmpatagoniamadryn.com.ar\/?p=12666#primaryimage"},"thumbnailUrl":"https:\/\/fmpatagoniamadryn.com.ar\/wp-content\/uploads\/2024\/10\/WhatsApp-Image-2024-10-02-at-11.28.03.jpeg","datePublished":"2024-10-02T19:14:57+00:00","dateModified":"2024-10-02T19:15:06+00:00","breadcrumb":{"@id":"https:\/\/fmpatagoniamadryn.com.ar\/?p=12666#breadcrumb"},"inLanguage":"es","potentialAction":[{"@type":"ReadAction","target":["https:\/\/fmpatagoniamadryn.com.ar\/?p=12666"]}]},{"@type":"ImageObject","inLanguage":"es","@id":"https:\/\/fmpatagoniamadryn.com.ar\/?p=12666#primaryimage","url":"https:\/\/fmpatagoniamadryn.com.ar\/wp-content\/uploads\/2024\/10\/WhatsApp-Image-2024-10-02-at-11.28.03.jpeg","contentUrl":"https:\/\/fmpatagoniamadryn.com.ar\/wp-content\/uploads\/2024\/10\/WhatsApp-Image-2024-10-02-at-11.28.03.jpeg","width":720,"height":720},{"@type":"BreadcrumbList","@id":"https:\/\/fmpatagoniamadryn.com.ar\/?p=12666#breadcrumb","itemListElement":[{"@type":"ListItem","position":1,"name":"Portada","item":"https:\/\/fmpatagoniamadryn.com.ar\/"},{"@type":"ListItem","position":2,"name":"EMPRENDEDORES MADRYNENSES SE LUCIERON EN LA FIT"}]},{"@type":"WebSite","@id":"https:\/\/fmpatagoniamadryn.com.ar\/#website","url":"https:\/\/fmpatagoniamadryn.com.ar\/","name":"FM Patagonia Madryn","description":"Radio Patagonia 105.5","publisher":{"@id":"https:\/\/fmpatagoniamadryn.com.ar\/#organization"},"potentialAction":[{"@type":"SearchAction","target":{"@type":"EntryPoint","urlTemplate":"https:\/\/fmpatagoniamadryn.com.ar\/?s={search_term_string}"},"query-input":{"@type":"PropertyValueSpecification","valueRequired":true,"valueName":"search_term_string"}}],"inLanguage":"es"},{"@type":"Organization","@id":"https:\/\/fmpatagoniamadryn.com.ar\/#organization","name":"FM Patagonia Madryn","url":"https:\/\/fmpatagoniamadryn.com.ar\/","logo":{"@type":"ImageObject","inLanguage":"es","@id":"https:\/\/fmpatagoniamadryn.com.ar\/#\/schema\/logo\/image\/","url":"https:\/\/fmpatagoniamadryn.com.ar\/wp-content\/uploads\/2023\/01\/cropped-Diseno-sin-titulo.png","contentUrl":"https:\/\/fmpatagoniamadryn.com.ar\/wp-content\/uploads\/2023\/01\/cropped-Diseno-sin-titulo.png","width":6911,"height":2657,"caption":"FM Patagonia Madryn"},"image":{"@id":"https:\/\/fmpatagoniamadryn.com.ar\/#\/schema\/logo\/image\/"}},{"@type":"Person","@id":"https:\/\/fmpatagoniamadryn.com.ar\/#\/schema\/person\/8a3de4ad7efceacab06c1641c50303b7","name":"FM Patagonia","url":"https:\/\/fmpatagoniamadryn.com.ar\/?author=2"}]}},"jetpack_featured_media_url":"https:\/\/fmpatagoniamadryn.com.ar\/wp-content\/uploads\/2024\/10\/WhatsApp-Image-2024-10-02-at-11.28.03.jpeg","_links":{"self":[{"href":"https:\/\/fmpatagoniamadryn.com.ar\/index.php?rest_route=\/wp\/v2\/posts\/12666","targetHints":{"allow":["GET"]}}],"collection":[{"href":"https:\/\/fmpatagoniamadryn.com.ar\/index.php?rest_route=\/wp\/v2\/posts"}],"about":[{"href":"https:\/\/fmpatagoniamadryn.com.ar\/index.php?rest_route=\/wp\/v2\/types\/post"}],"author":[{"embeddable":true,"href":"https:\/\/fmpatagoniamadryn.com.ar\/index.php?rest_route=\/wp\/v2\/users\/2"}],"replies":[{"embeddable":true,"href":"https:\/\/fmpatagoniamadryn.com.ar\/index.php?rest_route=%2Fwp%2Fv2%2Fcomments&post=12666"}],"version-history":[{"count":1,"href":"https:\/\/fmpatagoniamadryn.com.ar\/index.php?rest_route=\/wp\/v2\/posts\/12666\/revisions"}],"predecessor-version":[{"id":12667,"href":"https:\/\/fmpatagoniamadryn.com.ar\/index.php?rest_route=\/wp\/v2\/posts\/12666\/revisions\/12667"}],"wp:featuredmedia":[{"embeddable":true,"href":"https:\/\/fmpatagoniamadryn.com.ar\/index.php?rest_route=\/wp\/v2\/media\/12665"}],"wp:attachment":[{"href":"https:\/\/fmpatagoniamadryn.com.ar\/index.php?rest_route=%2Fwp%2Fv2%2Fmedia&parent=12666"}],"wp:term":[{"taxonomy":"category","embeddable":true,"href":"https:\/\/fmpatagoniamadryn.com.ar\/index.php?rest_route=%2Fwp%2Fv2%2Fcategories&post=12666"},{"taxonomy":"post_tag","embeddable":true,"href":"https:\/\/fmpatagoniamadryn.com.ar\/index.php?rest_route=%2Fwp%2Fv2%2Ftags&post=12666"}],"curies":[{"name":"wp","href":"https:\/\/api.w.org\/{rel}","templated":true}]}}