{"id":1273,"date":"2023-03-28T17:55:50","date_gmt":"2023-03-28T20:55:50","guid":{"rendered":"https:\/\/fmpatagoniamadryn.com.ar\/?p=1273"},"modified":"2023-03-28T17:56:03","modified_gmt":"2023-03-28T20:56:03","slug":"nacion-destaco-las-politicas-para-generar-empleo-que-desarrolla-la-municipalidad-de-puerto-madryn","status":"publish","type":"post","link":"https:\/\/fmpatagoniamadryn.com.ar\/?p=1273","title":{"rendered":"NACI\u00d3N DESTAC\u00d3 LAS POL\u00cdTICAS PARA GENERAR EMPLEO QUE DESARROLLA LA MUNICIPALIDAD DE PUERTO MADRYN"},"content":{"rendered":"\n<p>El intendente Gustavo Sastre recibi\u00f3 al nuevo jefe de la Agencia Territorial de la regi\u00f3n del Ministerio de Trabajo, con quien coincidi\u00f3 en la necesidad de seguir gestionando mancomunadamente de cara a la comunidad<br><br> <br><br> <br><br>El intendente de Puerto Madryn, Gustavo Sastre, recibi\u00f3 al nuevo jefe de la Agencia Territorial de la regi\u00f3n del Ministerio de Trabajo de la Naci\u00f3n, Ra\u00fal Par\u00eds, con quien mantuvo una reuni\u00f3n en la que se abordaron diferentes tem\u00e1ticas. Entre todos los \u00edtems dialogados, se coincidi\u00f3 en la necesidad de seguir articulando acciones conjuntas de cara a la comunidad.<br><br> <br><br>Adem\u00e1s, se puso en valor el gran trabajo que se est\u00e1 llevando a cabo desde la Subsecretar\u00eda de Empleo de la Municipalidad de Puerto Madryn, dependiente de la Secretar\u00eda de Producci\u00f3n, Innovaci\u00f3n y Empleo. En el encuentro, tambi\u00e9n se programaron visitas para el futuro inmediato de autoridades nacionales.<br><br> <br><br>Generaci\u00f3n de empleo<br><br> <br><br>Al respecto, el Intendente dijo: \u201cRecibimos al nuevo Jefe de la Agencia Territorial del Ministerio de Trabajo de la Naci\u00f3n, con quien pudimos dialogar sobre la necesidad de seguir articulando acciones entre la cartera nacional y la Municipalidad. Estamos convencidos de que en equipo se logran siempre mejores resultados, por lo que es necesario que desde el Estado avancemos mancomunadamente con los diferentes actores\u201d.<br><br> <br><br>En este mismo sentido, el Jefe Comunal remarc\u00f3: \u201cNos llena de satisfacci\u00f3n que se ponga en valor todo lo que estamos haciendo desde la Subsecretar\u00eda de Empleo, ya que la generaci\u00f3n de mano de obra genuina dentro de nuestra ciudad siempre ha sido uno de los principales objetivos de la gesti\u00f3n. No nos vamos a conformar con lo logrado hasta el momento, sino que redoblaremos los esfuerzos para seguir creciendo\u201d.<br><br> <br><br>Los presentes<br><br> <br><br>En la reuni\u00f3n entre Sastre y Par\u00eds, tambi\u00e9n estuvieron presentes el secretario de Producci\u00f3n, Innovaci\u00f3n y Empleo, Esteban Abel, y el subsecretario de Empleo, Gast\u00f3n Medina.<br><br> <\/p>\n","protected":false},"excerpt":{"rendered":"<p>El intendente Gustavo Sastre recibi\u00f3 al nuevo jefe de la Agencia Territorial de la regi\u00f3n del Ministerio de Trabajo, con quien coincidi\u00f3 en la necesidad de seguir gestionando mancomunadamente de&hellip; <\/p>\n","protected":false},"author":3,"featured_media":1272,"comment_status":"closed","ping_status":"closed","sticky":false,"template":"","format":"standard","meta":{"footnotes":""},"categories":[15],"tags":[],"class_list":["post-1273","post","type-post","status-publish","format-standard","has-post-thumbnail","hentry","category-locales"],"yoast_head":"<!-- This site is optimized with the Yoast SEO plugin v27.5 - https:\/\/yoast.com\/product\/yoast-seo-wordpress\/ -->\n<title>NACI\u00d3N DESTAC\u00d3 LAS POL\u00cdTICAS PARA GENERAR EMPLEO QUE DESARROLLA LA MUNICIPALIDAD DE PUERTO MADRYN - FM Patagonia Madryn<\/title>\n<meta name=\"robots\" content=\"index, follow, max-snippet:-1, max-image-preview:large, max-video-preview:-1\" \/>\n<link rel=\"canonical\" href=\"https:\/\/fmpatagoniamadryn.com.ar\/?p=1273\" \/>\n<meta property=\"og:locale\" content=\"es_ES\" \/>\n<meta property=\"og:type\" content=\"article\" \/>\n<meta property=\"og:title\" content=\"NACI\u00d3N DESTAC\u00d3 LAS POL\u00cdTICAS PARA GENERAR EMPLEO QUE DESARROLLA LA MUNICIPALIDAD DE PUERTO MADRYN - FM Patagonia Madryn\" \/>\n<meta property=\"og:description\" content=\"El intendente Gustavo Sastre recibi\u00f3 al nuevo jefe de la Agencia Territorial de la regi\u00f3n del Ministerio de Trabajo, con quien coincidi\u00f3 en la necesidad de seguir gestionando mancomunadamente de&hellip;\" \/>\n<meta property=\"og:url\" content=\"https:\/\/fmpatagoniamadryn.com.ar\/?p=1273\" \/>\n<meta property=\"og:site_name\" content=\"FM Patagonia Madryn\" \/>\n<meta property=\"article:published_time\" content=\"2023-03-28T20:55:50+00:00\" \/>\n<meta property=\"article:modified_time\" content=\"2023-03-28T20:56:03+00:00\" \/>\n<meta property=\"og:image\" content=\"https:\/\/fmpatagoniamadryn.com.ar\/wp-content\/uploads\/2023\/03\/Trabajo3.jpeg\" \/>\n\t<meta property=\"og:image:width\" content=\"1600\" \/>\n\t<meta property=\"og:image:height\" content=\"1000\" \/>\n\t<meta property=\"og:image:type\" content=\"image\/jpeg\" \/>\n<meta name=\"author\" content=\"FM Patagonia\" \/>\n<meta name=\"twitter:card\" content=\"summary_large_image\" \/>\n<meta name=\"twitter:label1\" content=\"Escrito por\" \/>\n\t<meta name=\"twitter:data1\" content=\"FM Patagonia\" \/>\n\t<meta name=\"twitter:label2\" content=\"Tiempo de lectura\" \/>\n\t<meta name=\"twitter:data2\" content=\"2 minutos\" \/>\n<script type=\"application\/ld+json\" class=\"yoast-schema-graph\">{\"@context\":\"https:\\\/\\\/schema.org\",\"@graph\":[{\"@type\":\"Article\",\"@id\":\"https:\\\/\\\/fmpatagoniamadryn.com.ar\\\/?p=1273#article\",\"isPartOf\":{\"@id\":\"https:\\\/\\\/fmpatagoniamadryn.com.ar\\\/?p=1273\"},\"author\":{\"name\":\"FM Patagonia\",\"@id\":\"https:\\\/\\\/fmpatagoniamadryn.com.ar\\\/#\\\/schema\\\/person\\\/1d968ec613613768e14b4e6420a2b125\"},\"headline\":\"NACI\u00d3N DESTAC\u00d3 LAS POL\u00cdTICAS PARA GENERAR EMPLEO QUE DESARROLLA LA MUNICIPALIDAD DE PUERTO MADRYN\",\"datePublished\":\"2023-03-28T20:55:50+00:00\",\"dateModified\":\"2023-03-28T20:56:03+00:00\",\"mainEntityOfPage\":{\"@id\":\"https:\\\/\\\/fmpatagoniamadryn.com.ar\\\/?p=1273\"},\"wordCount\":347,\"publisher\":{\"@id\":\"https:\\\/\\\/fmpatagoniamadryn.com.ar\\\/#organization\"},\"image\":{\"@id\":\"https:\\\/\\\/fmpatagoniamadryn.com.ar\\\/?p=1273#primaryimage\"},\"thumbnailUrl\":\"https:\\\/\\\/fmpatagoniamadryn.com.ar\\\/wp-content\\\/uploads\\\/2023\\\/03\\\/Trabajo3.jpeg\",\"articleSection\":[\"Locales\"],\"inLanguage\":\"es\"},{\"@type\":\"WebPage\",\"@id\":\"https:\\\/\\\/fmpatagoniamadryn.com.ar\\\/?p=1273\",\"url\":\"https:\\\/\\\/fmpatagoniamadryn.com.ar\\\/?p=1273\",\"name\":\"NACI\u00d3N DESTAC\u00d3 LAS POL\u00cdTICAS PARA GENERAR EMPLEO QUE DESARROLLA LA MUNICIPALIDAD DE PUERTO MADRYN - FM Patagonia Madryn\",\"isPartOf\":{\"@id\":\"https:\\\/\\\/fmpatagoniamadryn.com.ar\\\/#website\"},\"primaryImageOfPage\":{\"@id\":\"https:\\\/\\\/fmpatagoniamadryn.com.ar\\\/?p=1273#primaryimage\"},\"image\":{\"@id\":\"https:\\\/\\\/fmpatagoniamadryn.com.ar\\\/?p=1273#primaryimage\"},\"thumbnailUrl\":\"https:\\\/\\\/fmpatagoniamadryn.com.ar\\\/wp-content\\\/uploads\\\/2023\\\/03\\\/Trabajo3.jpeg\",\"datePublished\":\"2023-03-28T20:55:50+00:00\",\"dateModified\":\"2023-03-28T20:56:03+00:00\",\"breadcrumb\":{\"@id\":\"https:\\\/\\\/fmpatagoniamadryn.com.ar\\\/?p=1273#breadcrumb\"},\"inLanguage\":\"es\",\"potentialAction\":[{\"@type\":\"ReadAction\",\"target\":[\"https:\\\/\\\/fmpatagoniamadryn.com.ar\\\/?p=1273\"]}]},{\"@type\":\"ImageObject\",\"inLanguage\":\"es\",\"@id\":\"https:\\\/\\\/fmpatagoniamadryn.com.ar\\\/?p=1273#primaryimage\",\"url\":\"https:\\\/\\\/fmpatagoniamadryn.com.ar\\\/wp-content\\\/uploads\\\/2023\\\/03\\\/Trabajo3.jpeg\",\"contentUrl\":\"https:\\\/\\\/fmpatagoniamadryn.com.ar\\\/wp-content\\\/uploads\\\/2023\\\/03\\\/Trabajo3.jpeg\",\"width\":1600,\"height\":1000},{\"@type\":\"BreadcrumbList\",\"@id\":\"https:\\\/\\\/fmpatagoniamadryn.com.ar\\\/?p=1273#breadcrumb\",\"itemListElement\":[{\"@type\":\"ListItem\",\"position\":1,\"name\":\"Portada\",\"item\":\"https:\\\/\\\/fmpatagoniamadryn.com.ar\\\/\"},{\"@type\":\"ListItem\",\"position\":2,\"name\":\"NACI\u00d3N DESTAC\u00d3 LAS POL\u00cdTICAS PARA GENERAR EMPLEO QUE DESARROLLA LA MUNICIPALIDAD DE PUERTO MADRYN\"}]},{\"@type\":\"WebSite\",\"@id\":\"https:\\\/\\\/fmpatagoniamadryn.com.ar\\\/#website\",\"url\":\"https:\\\/\\\/fmpatagoniamadryn.com.ar\\\/\",\"name\":\"FM Patagonia Madryn\",\"description\":\"Radio Patagonia 105.5\",\"publisher\":{\"@id\":\"https:\\\/\\\/fmpatagoniamadryn.com.ar\\\/#organization\"},\"potentialAction\":[{\"@type\":\"SearchAction\",\"target\":{\"@type\":\"EntryPoint\",\"urlTemplate\":\"https:\\\/\\\/fmpatagoniamadryn.com.ar\\\/?s={search_term_string}\"},\"query-input\":{\"@type\":\"PropertyValueSpecification\",\"valueRequired\":true,\"valueName\":\"search_term_string\"}}],\"inLanguage\":\"es\"},{\"@type\":\"Organization\",\"@id\":\"https:\\\/\\\/fmpatagoniamadryn.com.ar\\\/#organization\",\"name\":\"FM Patagonia Madryn\",\"url\":\"https:\\\/\\\/fmpatagoniamadryn.com.ar\\\/\",\"logo\":{\"@type\":\"ImageObject\",\"inLanguage\":\"es\",\"@id\":\"https:\\\/\\\/fmpatagoniamadryn.com.ar\\\/#\\\/schema\\\/logo\\\/image\\\/\",\"url\":\"https:\\\/\\\/fmpatagoniamadryn.com.ar\\\/wp-content\\\/uploads\\\/2023\\\/01\\\/cropped-Diseno-sin-titulo.png\",\"contentUrl\":\"https:\\\/\\\/fmpatagoniamadryn.com.ar\\\/wp-content\\\/uploads\\\/2023\\\/01\\\/cropped-Diseno-sin-titulo.png\",\"width\":6911,\"height\":2657,\"caption\":\"FM Patagonia Madryn\"},\"image\":{\"@id\":\"https:\\\/\\\/fmpatagoniamadryn.com.ar\\\/#\\\/schema\\\/logo\\\/image\\\/\"}},{\"@type\":\"Person\",\"@id\":\"https:\\\/\\\/fmpatagoniamadryn.com.ar\\\/#\\\/schema\\\/person\\\/1d968ec613613768e14b4e6420a2b125\",\"name\":\"FM Patagonia\",\"url\":\"https:\\\/\\\/fmpatagoniamadryn.com.ar\\\/?author=3\"}]}<\/script>\n<!-- \/ Yoast SEO plugin. -->","yoast_head_json":{"title":"NACI\u00d3N DESTAC\u00d3 LAS POL\u00cdTICAS PARA GENERAR EMPLEO QUE DESARROLLA LA MUNICIPALIDAD DE PUERTO MADRYN - FM Patagonia Madryn","robots":{"index":"index","follow":"follow","max-snippet":"max-snippet:-1","max-image-preview":"max-image-preview:large","max-video-preview":"max-video-preview:-1"},"canonical":"https:\/\/fmpatagoniamadryn.com.ar\/?p=1273","og_locale":"es_ES","og_type":"article","og_title":"NACI\u00d3N DESTAC\u00d3 LAS POL\u00cdTICAS PARA GENERAR EMPLEO QUE DESARROLLA LA MUNICIPALIDAD DE PUERTO MADRYN - FM Patagonia Madryn","og_description":"El intendente Gustavo Sastre recibi\u00f3 al nuevo jefe de la Agencia Territorial de la regi\u00f3n del Ministerio de Trabajo, con quien coincidi\u00f3 en la necesidad de seguir gestionando mancomunadamente de&hellip;","og_url":"https:\/\/fmpatagoniamadryn.com.ar\/?p=1273","og_site_name":"FM Patagonia Madryn","article_published_time":"2023-03-28T20:55:50+00:00","article_modified_time":"2023-03-28T20:56:03+00:00","og_image":[{"width":1600,"height":1000,"url":"https:\/\/fmpatagoniamadryn.com.ar\/wp-content\/uploads\/2023\/03\/Trabajo3.jpeg","type":"image\/jpeg"}],"author":"FM Patagonia","twitter_card":"summary_large_image","twitter_misc":{"Escrito por":"FM Patagonia","Tiempo de lectura":"2 minutos"},"schema":{"@context":"https:\/\/schema.org","@graph":[{"@type":"Article","@id":"https:\/\/fmpatagoniamadryn.com.ar\/?p=1273#article","isPartOf":{"@id":"https:\/\/fmpatagoniamadryn.com.ar\/?p=1273"},"author":{"name":"FM Patagonia","@id":"https:\/\/fmpatagoniamadryn.com.ar\/#\/schema\/person\/1d968ec613613768e14b4e6420a2b125"},"headline":"NACI\u00d3N DESTAC\u00d3 LAS POL\u00cdTICAS PARA GENERAR EMPLEO QUE DESARROLLA LA MUNICIPALIDAD DE PUERTO MADRYN","datePublished":"2023-03-28T20:55:50+00:00","dateModified":"2023-03-28T20:56:03+00:00","mainEntityOfPage":{"@id":"https:\/\/fmpatagoniamadryn.com.ar\/?p=1273"},"wordCount":347,"publisher":{"@id":"https:\/\/fmpatagoniamadryn.com.ar\/#organization"},"image":{"@id":"https:\/\/fmpatagoniamadryn.com.ar\/?p=1273#primaryimage"},"thumbnailUrl":"https:\/\/fmpatagoniamadryn.com.ar\/wp-content\/uploads\/2023\/03\/Trabajo3.jpeg","articleSection":["Locales"],"inLanguage":"es"},{"@type":"WebPage","@id":"https:\/\/fmpatagoniamadryn.com.ar\/?p=1273","url":"https:\/\/fmpatagoniamadryn.com.ar\/?p=1273","name":"NACI\u00d3N DESTAC\u00d3 LAS POL\u00cdTICAS PARA GENERAR EMPLEO QUE DESARROLLA LA MUNICIPALIDAD DE PUERTO MADRYN - FM Patagonia Madryn","isPartOf":{"@id":"https:\/\/fmpatagoniamadryn.com.ar\/#website"},"primaryImageOfPage":{"@id":"https:\/\/fmpatagoniamadryn.com.ar\/?p=1273#primaryimage"},"image":{"@id":"https:\/\/fmpatagoniamadryn.com.ar\/?p=1273#primaryimage"},"thumbnailUrl":"https:\/\/fmpatagoniamadryn.com.ar\/wp-content\/uploads\/2023\/03\/Trabajo3.jpeg","datePublished":"2023-03-28T20:55:50+00:00","dateModified":"2023-03-28T20:56:03+00:00","breadcrumb":{"@id":"https:\/\/fmpatagoniamadryn.com.ar\/?p=1273#breadcrumb"},"inLanguage":"es","potentialAction":[{"@type":"ReadAction","target":["https:\/\/fmpatagoniamadryn.com.ar\/?p=1273"]}]},{"@type":"ImageObject","inLanguage":"es","@id":"https:\/\/fmpatagoniamadryn.com.ar\/?p=1273#primaryimage","url":"https:\/\/fmpatagoniamadryn.com.ar\/wp-content\/uploads\/2023\/03\/Trabajo3.jpeg","contentUrl":"https:\/\/fmpatagoniamadryn.com.ar\/wp-content\/uploads\/2023\/03\/Trabajo3.jpeg","width":1600,"height":1000},{"@type":"BreadcrumbList","@id":"https:\/\/fmpatagoniamadryn.com.ar\/?p=1273#breadcrumb","itemListElement":[{"@type":"ListItem","position":1,"name":"Portada","item":"https:\/\/fmpatagoniamadryn.com.ar\/"},{"@type":"ListItem","position":2,"name":"NACI\u00d3N DESTAC\u00d3 LAS POL\u00cdTICAS PARA GENERAR EMPLEO QUE DESARROLLA LA MUNICIPALIDAD DE PUERTO MADRYN"}]},{"@type":"WebSite","@id":"https:\/\/fmpatagoniamadryn.com.ar\/#website","url":"https:\/\/fmpatagoniamadryn.com.ar\/","name":"FM Patagonia Madryn","description":"Radio Patagonia 105.5","publisher":{"@id":"https:\/\/fmpatagoniamadryn.com.ar\/#organization"},"potentialAction":[{"@type":"SearchAction","target":{"@type":"EntryPoint","urlTemplate":"https:\/\/fmpatagoniamadryn.com.ar\/?s={search_term_string}"},"query-input":{"@type":"PropertyValueSpecification","valueRequired":true,"valueName":"search_term_string"}}],"inLanguage":"es"},{"@type":"Organization","@id":"https:\/\/fmpatagoniamadryn.com.ar\/#organization","name":"FM Patagonia Madryn","url":"https:\/\/fmpatagoniamadryn.com.ar\/","logo":{"@type":"ImageObject","inLanguage":"es","@id":"https:\/\/fmpatagoniamadryn.com.ar\/#\/schema\/logo\/image\/","url":"https:\/\/fmpatagoniamadryn.com.ar\/wp-content\/uploads\/2023\/01\/cropped-Diseno-sin-titulo.png","contentUrl":"https:\/\/fmpatagoniamadryn.com.ar\/wp-content\/uploads\/2023\/01\/cropped-Diseno-sin-titulo.png","width":6911,"height":2657,"caption":"FM Patagonia Madryn"},"image":{"@id":"https:\/\/fmpatagoniamadryn.com.ar\/#\/schema\/logo\/image\/"}},{"@type":"Person","@id":"https:\/\/fmpatagoniamadryn.com.ar\/#\/schema\/person\/1d968ec613613768e14b4e6420a2b125","name":"FM Patagonia","url":"https:\/\/fmpatagoniamadryn.com.ar\/?author=3"}]}},"jetpack_featured_media_url":"https:\/\/fmpatagoniamadryn.com.ar\/wp-content\/uploads\/2023\/03\/Trabajo3.jpeg","_links":{"self":[{"href":"https:\/\/fmpatagoniamadryn.com.ar\/index.php?rest_route=\/wp\/v2\/posts\/1273","targetHints":{"allow":["GET"]}}],"collection":[{"href":"https:\/\/fmpatagoniamadryn.com.ar\/index.php?rest_route=\/wp\/v2\/posts"}],"about":[{"href":"https:\/\/fmpatagoniamadryn.com.ar\/index.php?rest_route=\/wp\/v2\/types\/post"}],"author":[{"embeddable":true,"href":"https:\/\/fmpatagoniamadryn.com.ar\/index.php?rest_route=\/wp\/v2\/users\/3"}],"replies":[{"embeddable":true,"href":"https:\/\/fmpatagoniamadryn.com.ar\/index.php?rest_route=%2Fwp%2Fv2%2Fcomments&post=1273"}],"version-history":[{"count":1,"href":"https:\/\/fmpatagoniamadryn.com.ar\/index.php?rest_route=\/wp\/v2\/posts\/1273\/revisions"}],"predecessor-version":[{"id":1274,"href":"https:\/\/fmpatagoniamadryn.com.ar\/index.php?rest_route=\/wp\/v2\/posts\/1273\/revisions\/1274"}],"wp:featuredmedia":[{"embeddable":true,"href":"https:\/\/fmpatagoniamadryn.com.ar\/index.php?rest_route=\/wp\/v2\/media\/1272"}],"wp:attachment":[{"href":"https:\/\/fmpatagoniamadryn.com.ar\/index.php?rest_route=%2Fwp%2Fv2%2Fmedia&parent=1273"}],"wp:term":[{"taxonomy":"category","embeddable":true,"href":"https:\/\/fmpatagoniamadryn.com.ar\/index.php?rest_route=%2Fwp%2Fv2%2Fcategories&post=1273"},{"taxonomy":"post_tag","embeddable":true,"href":"https:\/\/fmpatagoniamadryn.com.ar\/index.php?rest_route=%2Fwp%2Fv2%2Ftags&post=1273"}],"curies":[{"name":"wp","href":"https:\/\/api.w.org\/{rel}","templated":true}]}}