{"id":1288,"date":"2023-03-29T09:10:04","date_gmt":"2023-03-29T12:10:04","guid":{"rendered":"https:\/\/fmpatagoniamadryn.com.ar\/?p=1288"},"modified":"2023-03-29T09:10:15","modified_gmt":"2023-03-29T12:10:15","slug":"yhosva-montoya-estara-en-la-ciudad-junto-a-los-veteranos-de-malvinas-en-la-vigilia-del-2-de-abril","status":"publish","type":"post","link":"https:\/\/fmpatagoniamadryn.com.ar\/?p=1288","title":{"rendered":"YHOSVA MONTOYA ESTAR\u00c1 EN LA CIUDAD JUNTO A LOS VETERANOS DE MALVINAS EN LA VIGILIA DEL 2 DE ABRIL"},"content":{"rendered":"\n<p>El ganador de La Voz Argentina, cantar\u00e1 en el cierre de la ceremonia en una de las ciudades chubutenses. Convocan a todos los vecinos a acompa\u00f1ar la vigilia y seguir manteniendo la memoria junto a los excombatientes.<br><br>Trelew present\u00f3 las diversas actividades que tendr\u00e1n lugar en un nuevo aniversario de la gesta de Malvinas. El intenso itinerario se desarrollar\u00e1 en el Centro de Ex Soldados Combatientes de Malvinas.<br><br>La apertura estar\u00e1 a cargo de la profesora Sandra Liberati y luego se presentar\u00e1 el instituto Antonella, el ballet Folkl\u00f3rico Panamb\u00ed, los Ecos del Chamam\u00e9, la banda Franky Loop y se har\u00e1 la ceremonia de las velas. El gran cierre estar\u00e1 a cargo de Yhosva Montoya y tambi\u00e9n estar\u00e1n presentes los emprendedores del Paseo Trelew Primero.<br><br>El presidente de la instituci\u00f3n, Florentino Panellao, agradeci\u00f3 al Municipio por trabajar en conjunto para organizar esta importante celebraci\u00f3n y recordar a los veteranos de Malvinas. \u201cAgradezco a nuestros queridos compatriotas que hicieron que se coreara en todo el mundo la frase \u2018a los pibes de Malvinas que jam\u00e1s olvidar\u00e9\u2019. Y esto a nosotros nos llen\u00f3 de orgullo, de ganas, para seguir malvinizando\u201d, destacaron.<br><br>La Directora de Cultura, Daniela Vidal Alonso, convoc\u00f3 a todos los vecinos a acompa\u00f1ar la vigilia y seguir manteniendo la memoria junto a los excombatientes de Malvinas. Por su parte, Florencia Thomas, integrante de la Coordinaci\u00f3n de Deportes, anunci\u00f3 que el domingo 2 de abril tambi\u00e9n se realizar\u00e1 una competencia atl\u00e9tica para ni\u00f1os denominada \u2018Los Ni\u00f1os Corren por Malvinas\u2019 en el predio que los ex combatientes poseen en la Ruta 7.<br><br>Las actividades organizadas por la Municipalidad de Trelew para conmemorar un nuevo aniversario de la gesta de Malvinas prometen ser una oportunidad para recordar y homenajear a los veteranos de guerra y seguir manteniendo viva la memoria.<br><br>FUENTE: ADN SUR.<\/p>\n","protected":false},"excerpt":{"rendered":"<p>El ganador de La Voz Argentina, cantar\u00e1 en el cierre de la ceremonia en una de las ciudades chubutenses. Convocan a todos los vecinos a acompa\u00f1ar la vigilia y seguir&hellip; <\/p>\n","protected":false},"author":3,"featured_media":1287,"comment_status":"closed","ping_status":"closed","sticky":false,"template":"","format":"standard","meta":{"footnotes":""},"categories":[14],"tags":[],"class_list":["post-1288","post","type-post","status-publish","format-standard","has-post-thumbnail","hentry","category-provinciales"],"yoast_head":"<!-- This site is optimized with the Yoast SEO plugin v27.5 - https:\/\/yoast.com\/product\/yoast-seo-wordpress\/ -->\n<title>YHOSVA MONTOYA ESTAR\u00c1 EN LA CIUDAD JUNTO A LOS VETERANOS DE MALVINAS EN LA VIGILIA DEL 2 DE ABRIL - FM Patagonia Madryn<\/title>\n<meta name=\"robots\" content=\"index, follow, max-snippet:-1, max-image-preview:large, max-video-preview:-1\" \/>\n<link rel=\"canonical\" href=\"https:\/\/fmpatagoniamadryn.com.ar\/?p=1288\" \/>\n<meta property=\"og:locale\" content=\"es_ES\" \/>\n<meta property=\"og:type\" content=\"article\" \/>\n<meta property=\"og:title\" content=\"YHOSVA MONTOYA ESTAR\u00c1 EN LA CIUDAD JUNTO A LOS VETERANOS DE MALVINAS EN LA VIGILIA DEL 2 DE ABRIL - FM Patagonia Madryn\" \/>\n<meta property=\"og:description\" content=\"El ganador de La Voz Argentina, cantar\u00e1 en el cierre de la ceremonia en una de las ciudades chubutenses. Convocan a todos los vecinos a acompa\u00f1ar la vigilia y seguir&hellip;\" \/>\n<meta property=\"og:url\" content=\"https:\/\/fmpatagoniamadryn.com.ar\/?p=1288\" \/>\n<meta property=\"og:site_name\" content=\"FM Patagonia Madryn\" \/>\n<meta property=\"article:published_time\" content=\"2023-03-29T12:10:04+00:00\" \/>\n<meta property=\"article:modified_time\" content=\"2023-03-29T12:10:15+00:00\" \/>\n<meta property=\"og:image\" content=\"https:\/\/fmpatagoniamadryn.com.ar\/wp-content\/uploads\/2023\/03\/FYDOBFIGDFGMHDNBDVZNMIA26U.jpg\" \/>\n\t<meta property=\"og:image:width\" content=\"1080\" \/>\n\t<meta property=\"og:image:height\" content=\"1100\" \/>\n\t<meta property=\"og:image:type\" content=\"image\/jpeg\" \/>\n<meta name=\"author\" content=\"FM Patagonia\" \/>\n<meta name=\"twitter:card\" content=\"summary_large_image\" \/>\n<meta name=\"twitter:label1\" content=\"Escrito por\" \/>\n\t<meta name=\"twitter:data1\" content=\"FM Patagonia\" \/>\n\t<meta name=\"twitter:label2\" content=\"Tiempo de lectura\" \/>\n\t<meta name=\"twitter:data2\" content=\"2 minutos\" \/>\n<script type=\"application\/ld+json\" class=\"yoast-schema-graph\">{\"@context\":\"https:\\\/\\\/schema.org\",\"@graph\":[{\"@type\":\"Article\",\"@id\":\"https:\\\/\\\/fmpatagoniamadryn.com.ar\\\/?p=1288#article\",\"isPartOf\":{\"@id\":\"https:\\\/\\\/fmpatagoniamadryn.com.ar\\\/?p=1288\"},\"author\":{\"name\":\"FM Patagonia\",\"@id\":\"https:\\\/\\\/fmpatagoniamadryn.com.ar\\\/#\\\/schema\\\/person\\\/1d968ec613613768e14b4e6420a2b125\"},\"headline\":\"YHOSVA MONTOYA ESTAR\u00c1 EN LA CIUDAD JUNTO A LOS VETERANOS DE MALVINAS EN LA VIGILIA DEL 2 DE ABRIL\",\"datePublished\":\"2023-03-29T12:10:04+00:00\",\"dateModified\":\"2023-03-29T12:10:15+00:00\",\"mainEntityOfPage\":{\"@id\":\"https:\\\/\\\/fmpatagoniamadryn.com.ar\\\/?p=1288\"},\"wordCount\":329,\"publisher\":{\"@id\":\"https:\\\/\\\/fmpatagoniamadryn.com.ar\\\/#organization\"},\"image\":{\"@id\":\"https:\\\/\\\/fmpatagoniamadryn.com.ar\\\/?p=1288#primaryimage\"},\"thumbnailUrl\":\"https:\\\/\\\/fmpatagoniamadryn.com.ar\\\/wp-content\\\/uploads\\\/2023\\\/03\\\/FYDOBFIGDFGMHDNBDVZNMIA26U.jpg\",\"articleSection\":[\"Provinciales\"],\"inLanguage\":\"es\"},{\"@type\":\"WebPage\",\"@id\":\"https:\\\/\\\/fmpatagoniamadryn.com.ar\\\/?p=1288\",\"url\":\"https:\\\/\\\/fmpatagoniamadryn.com.ar\\\/?p=1288\",\"name\":\"YHOSVA MONTOYA ESTAR\u00c1 EN LA CIUDAD JUNTO A LOS VETERANOS DE MALVINAS EN LA VIGILIA DEL 2 DE ABRIL - FM Patagonia Madryn\",\"isPartOf\":{\"@id\":\"https:\\\/\\\/fmpatagoniamadryn.com.ar\\\/#website\"},\"primaryImageOfPage\":{\"@id\":\"https:\\\/\\\/fmpatagoniamadryn.com.ar\\\/?p=1288#primaryimage\"},\"image\":{\"@id\":\"https:\\\/\\\/fmpatagoniamadryn.com.ar\\\/?p=1288#primaryimage\"},\"thumbnailUrl\":\"https:\\\/\\\/fmpatagoniamadryn.com.ar\\\/wp-content\\\/uploads\\\/2023\\\/03\\\/FYDOBFIGDFGMHDNBDVZNMIA26U.jpg\",\"datePublished\":\"2023-03-29T12:10:04+00:00\",\"dateModified\":\"2023-03-29T12:10:15+00:00\",\"breadcrumb\":{\"@id\":\"https:\\\/\\\/fmpatagoniamadryn.com.ar\\\/?p=1288#breadcrumb\"},\"inLanguage\":\"es\",\"potentialAction\":[{\"@type\":\"ReadAction\",\"target\":[\"https:\\\/\\\/fmpatagoniamadryn.com.ar\\\/?p=1288\"]}]},{\"@type\":\"ImageObject\",\"inLanguage\":\"es\",\"@id\":\"https:\\\/\\\/fmpatagoniamadryn.com.ar\\\/?p=1288#primaryimage\",\"url\":\"https:\\\/\\\/fmpatagoniamadryn.com.ar\\\/wp-content\\\/uploads\\\/2023\\\/03\\\/FYDOBFIGDFGMHDNBDVZNMIA26U.jpg\",\"contentUrl\":\"https:\\\/\\\/fmpatagoniamadryn.com.ar\\\/wp-content\\\/uploads\\\/2023\\\/03\\\/FYDOBFIGDFGMHDNBDVZNMIA26U.jpg\",\"width\":1080,\"height\":1100},{\"@type\":\"BreadcrumbList\",\"@id\":\"https:\\\/\\\/fmpatagoniamadryn.com.ar\\\/?p=1288#breadcrumb\",\"itemListElement\":[{\"@type\":\"ListItem\",\"position\":1,\"name\":\"Portada\",\"item\":\"https:\\\/\\\/fmpatagoniamadryn.com.ar\\\/\"},{\"@type\":\"ListItem\",\"position\":2,\"name\":\"YHOSVA MONTOYA ESTAR\u00c1 EN LA CIUDAD JUNTO A LOS VETERANOS DE MALVINAS EN LA VIGILIA DEL 2 DE ABRIL\"}]},{\"@type\":\"WebSite\",\"@id\":\"https:\\\/\\\/fmpatagoniamadryn.com.ar\\\/#website\",\"url\":\"https:\\\/\\\/fmpatagoniamadryn.com.ar\\\/\",\"name\":\"FM Patagonia Madryn\",\"description\":\"Radio Patagonia 105.5\",\"publisher\":{\"@id\":\"https:\\\/\\\/fmpatagoniamadryn.com.ar\\\/#organization\"},\"potentialAction\":[{\"@type\":\"SearchAction\",\"target\":{\"@type\":\"EntryPoint\",\"urlTemplate\":\"https:\\\/\\\/fmpatagoniamadryn.com.ar\\\/?s={search_term_string}\"},\"query-input\":{\"@type\":\"PropertyValueSpecification\",\"valueRequired\":true,\"valueName\":\"search_term_string\"}}],\"inLanguage\":\"es\"},{\"@type\":\"Organization\",\"@id\":\"https:\\\/\\\/fmpatagoniamadryn.com.ar\\\/#organization\",\"name\":\"FM Patagonia Madryn\",\"url\":\"https:\\\/\\\/fmpatagoniamadryn.com.ar\\\/\",\"logo\":{\"@type\":\"ImageObject\",\"inLanguage\":\"es\",\"@id\":\"https:\\\/\\\/fmpatagoniamadryn.com.ar\\\/#\\\/schema\\\/logo\\\/image\\\/\",\"url\":\"https:\\\/\\\/fmpatagoniamadryn.com.ar\\\/wp-content\\\/uploads\\\/2023\\\/01\\\/cropped-Diseno-sin-titulo.png\",\"contentUrl\":\"https:\\\/\\\/fmpatagoniamadryn.com.ar\\\/wp-content\\\/uploads\\\/2023\\\/01\\\/cropped-Diseno-sin-titulo.png\",\"width\":6911,\"height\":2657,\"caption\":\"FM Patagonia Madryn\"},\"image\":{\"@id\":\"https:\\\/\\\/fmpatagoniamadryn.com.ar\\\/#\\\/schema\\\/logo\\\/image\\\/\"}},{\"@type\":\"Person\",\"@id\":\"https:\\\/\\\/fmpatagoniamadryn.com.ar\\\/#\\\/schema\\\/person\\\/1d968ec613613768e14b4e6420a2b125\",\"name\":\"FM Patagonia\",\"url\":\"https:\\\/\\\/fmpatagoniamadryn.com.ar\\\/?author=3\"}]}<\/script>\n<!-- \/ Yoast SEO plugin. -->","yoast_head_json":{"title":"YHOSVA MONTOYA ESTAR\u00c1 EN LA CIUDAD JUNTO A LOS VETERANOS DE MALVINAS EN LA VIGILIA DEL 2 DE ABRIL - FM Patagonia Madryn","robots":{"index":"index","follow":"follow","max-snippet":"max-snippet:-1","max-image-preview":"max-image-preview:large","max-video-preview":"max-video-preview:-1"},"canonical":"https:\/\/fmpatagoniamadryn.com.ar\/?p=1288","og_locale":"es_ES","og_type":"article","og_title":"YHOSVA MONTOYA ESTAR\u00c1 EN LA CIUDAD JUNTO A LOS VETERANOS DE MALVINAS EN LA VIGILIA DEL 2 DE ABRIL - FM Patagonia Madryn","og_description":"El ganador de La Voz Argentina, cantar\u00e1 en el cierre de la ceremonia en una de las ciudades chubutenses. Convocan a todos los vecinos a acompa\u00f1ar la vigilia y seguir&hellip;","og_url":"https:\/\/fmpatagoniamadryn.com.ar\/?p=1288","og_site_name":"FM Patagonia Madryn","article_published_time":"2023-03-29T12:10:04+00:00","article_modified_time":"2023-03-29T12:10:15+00:00","og_image":[{"width":1080,"height":1100,"url":"https:\/\/fmpatagoniamadryn.com.ar\/wp-content\/uploads\/2023\/03\/FYDOBFIGDFGMHDNBDVZNMIA26U.jpg","type":"image\/jpeg"}],"author":"FM Patagonia","twitter_card":"summary_large_image","twitter_misc":{"Escrito por":"FM Patagonia","Tiempo de lectura":"2 minutos"},"schema":{"@context":"https:\/\/schema.org","@graph":[{"@type":"Article","@id":"https:\/\/fmpatagoniamadryn.com.ar\/?p=1288#article","isPartOf":{"@id":"https:\/\/fmpatagoniamadryn.com.ar\/?p=1288"},"author":{"name":"FM Patagonia","@id":"https:\/\/fmpatagoniamadryn.com.ar\/#\/schema\/person\/1d968ec613613768e14b4e6420a2b125"},"headline":"YHOSVA MONTOYA ESTAR\u00c1 EN LA CIUDAD JUNTO A LOS VETERANOS DE MALVINAS EN LA VIGILIA DEL 2 DE ABRIL","datePublished":"2023-03-29T12:10:04+00:00","dateModified":"2023-03-29T12:10:15+00:00","mainEntityOfPage":{"@id":"https:\/\/fmpatagoniamadryn.com.ar\/?p=1288"},"wordCount":329,"publisher":{"@id":"https:\/\/fmpatagoniamadryn.com.ar\/#organization"},"image":{"@id":"https:\/\/fmpatagoniamadryn.com.ar\/?p=1288#primaryimage"},"thumbnailUrl":"https:\/\/fmpatagoniamadryn.com.ar\/wp-content\/uploads\/2023\/03\/FYDOBFIGDFGMHDNBDVZNMIA26U.jpg","articleSection":["Provinciales"],"inLanguage":"es"},{"@type":"WebPage","@id":"https:\/\/fmpatagoniamadryn.com.ar\/?p=1288","url":"https:\/\/fmpatagoniamadryn.com.ar\/?p=1288","name":"YHOSVA MONTOYA ESTAR\u00c1 EN LA CIUDAD JUNTO A LOS VETERANOS DE MALVINAS EN LA VIGILIA DEL 2 DE ABRIL - FM Patagonia Madryn","isPartOf":{"@id":"https:\/\/fmpatagoniamadryn.com.ar\/#website"},"primaryImageOfPage":{"@id":"https:\/\/fmpatagoniamadryn.com.ar\/?p=1288#primaryimage"},"image":{"@id":"https:\/\/fmpatagoniamadryn.com.ar\/?p=1288#primaryimage"},"thumbnailUrl":"https:\/\/fmpatagoniamadryn.com.ar\/wp-content\/uploads\/2023\/03\/FYDOBFIGDFGMHDNBDVZNMIA26U.jpg","datePublished":"2023-03-29T12:10:04+00:00","dateModified":"2023-03-29T12:10:15+00:00","breadcrumb":{"@id":"https:\/\/fmpatagoniamadryn.com.ar\/?p=1288#breadcrumb"},"inLanguage":"es","potentialAction":[{"@type":"ReadAction","target":["https:\/\/fmpatagoniamadryn.com.ar\/?p=1288"]}]},{"@type":"ImageObject","inLanguage":"es","@id":"https:\/\/fmpatagoniamadryn.com.ar\/?p=1288#primaryimage","url":"https:\/\/fmpatagoniamadryn.com.ar\/wp-content\/uploads\/2023\/03\/FYDOBFIGDFGMHDNBDVZNMIA26U.jpg","contentUrl":"https:\/\/fmpatagoniamadryn.com.ar\/wp-content\/uploads\/2023\/03\/FYDOBFIGDFGMHDNBDVZNMIA26U.jpg","width":1080,"height":1100},{"@type":"BreadcrumbList","@id":"https:\/\/fmpatagoniamadryn.com.ar\/?p=1288#breadcrumb","itemListElement":[{"@type":"ListItem","position":1,"name":"Portada","item":"https:\/\/fmpatagoniamadryn.com.ar\/"},{"@type":"ListItem","position":2,"name":"YHOSVA MONTOYA ESTAR\u00c1 EN LA CIUDAD JUNTO A LOS VETERANOS DE MALVINAS EN LA VIGILIA DEL 2 DE ABRIL"}]},{"@type":"WebSite","@id":"https:\/\/fmpatagoniamadryn.com.ar\/#website","url":"https:\/\/fmpatagoniamadryn.com.ar\/","name":"FM Patagonia Madryn","description":"Radio Patagonia 105.5","publisher":{"@id":"https:\/\/fmpatagoniamadryn.com.ar\/#organization"},"potentialAction":[{"@type":"SearchAction","target":{"@type":"EntryPoint","urlTemplate":"https:\/\/fmpatagoniamadryn.com.ar\/?s={search_term_string}"},"query-input":{"@type":"PropertyValueSpecification","valueRequired":true,"valueName":"search_term_string"}}],"inLanguage":"es"},{"@type":"Organization","@id":"https:\/\/fmpatagoniamadryn.com.ar\/#organization","name":"FM Patagonia Madryn","url":"https:\/\/fmpatagoniamadryn.com.ar\/","logo":{"@type":"ImageObject","inLanguage":"es","@id":"https:\/\/fmpatagoniamadryn.com.ar\/#\/schema\/logo\/image\/","url":"https:\/\/fmpatagoniamadryn.com.ar\/wp-content\/uploads\/2023\/01\/cropped-Diseno-sin-titulo.png","contentUrl":"https:\/\/fmpatagoniamadryn.com.ar\/wp-content\/uploads\/2023\/01\/cropped-Diseno-sin-titulo.png","width":6911,"height":2657,"caption":"FM Patagonia Madryn"},"image":{"@id":"https:\/\/fmpatagoniamadryn.com.ar\/#\/schema\/logo\/image\/"}},{"@type":"Person","@id":"https:\/\/fmpatagoniamadryn.com.ar\/#\/schema\/person\/1d968ec613613768e14b4e6420a2b125","name":"FM Patagonia","url":"https:\/\/fmpatagoniamadryn.com.ar\/?author=3"}]}},"jetpack_featured_media_url":"https:\/\/fmpatagoniamadryn.com.ar\/wp-content\/uploads\/2023\/03\/FYDOBFIGDFGMHDNBDVZNMIA26U.jpg","_links":{"self":[{"href":"https:\/\/fmpatagoniamadryn.com.ar\/index.php?rest_route=\/wp\/v2\/posts\/1288","targetHints":{"allow":["GET"]}}],"collection":[{"href":"https:\/\/fmpatagoniamadryn.com.ar\/index.php?rest_route=\/wp\/v2\/posts"}],"about":[{"href":"https:\/\/fmpatagoniamadryn.com.ar\/index.php?rest_route=\/wp\/v2\/types\/post"}],"author":[{"embeddable":true,"href":"https:\/\/fmpatagoniamadryn.com.ar\/index.php?rest_route=\/wp\/v2\/users\/3"}],"replies":[{"embeddable":true,"href":"https:\/\/fmpatagoniamadryn.com.ar\/index.php?rest_route=%2Fwp%2Fv2%2Fcomments&post=1288"}],"version-history":[{"count":1,"href":"https:\/\/fmpatagoniamadryn.com.ar\/index.php?rest_route=\/wp\/v2\/posts\/1288\/revisions"}],"predecessor-version":[{"id":1289,"href":"https:\/\/fmpatagoniamadryn.com.ar\/index.php?rest_route=\/wp\/v2\/posts\/1288\/revisions\/1289"}],"wp:featuredmedia":[{"embeddable":true,"href":"https:\/\/fmpatagoniamadryn.com.ar\/index.php?rest_route=\/wp\/v2\/media\/1287"}],"wp:attachment":[{"href":"https:\/\/fmpatagoniamadryn.com.ar\/index.php?rest_route=%2Fwp%2Fv2%2Fmedia&parent=1288"}],"wp:term":[{"taxonomy":"category","embeddable":true,"href":"https:\/\/fmpatagoniamadryn.com.ar\/index.php?rest_route=%2Fwp%2Fv2%2Fcategories&post=1288"},{"taxonomy":"post_tag","embeddable":true,"href":"https:\/\/fmpatagoniamadryn.com.ar\/index.php?rest_route=%2Fwp%2Fv2%2Ftags&post=1288"}],"curies":[{"name":"wp","href":"https:\/\/api.w.org\/{rel}","templated":true}]}}