{"id":12909,"date":"2024-10-14T21:34:31","date_gmt":"2024-10-15T00:34:31","guid":{"rendered":"https:\/\/fmpatagoniamadryn.com.ar\/?p=12909"},"modified":"2024-10-14T21:34:45","modified_gmt":"2024-10-15T00:34:45","slug":"martin-lousteau-respondio-las-criticas-de-milei-a-la-universidad-publica-son-un-motor-de-igualdad-de-oportunidades","status":"publish","type":"post","link":"https:\/\/fmpatagoniamadryn.com.ar\/?p=12909","title":{"rendered":"Martin Lousteau respondi\u00f3 las cr\u00edticas de Milei a la universidad p\u00fablica: \u00abSon un motor de igualdad de oportunidades\u00bb"},"content":{"rendered":"\n<p><br>\u00abLa universidad p\u00fablica es la palanca de la movilidad social en la Argentina\u00bb, escribi\u00f3 el senador radical en respuesta a las declaraciones que realiz\u00f3 el Presidente el fin de semana<\/p>\n\n\n\n<p>El presidente de la Uni\u00f3n C\u00edvica Radica (UCR) y senador nacional, Mart\u00edn Lousteau, respondi\u00f3 a los ataques estigmatizantes del presidente Javier Milei a la universidad p\u00fablica y asever\u00f3: \u00abSon un motor de igualdad de oportunidades\u00bb<\/p>\n\n\n\n<p>El s\u00e1bado pasado en el acto de cambio de nombre del \u00abCentro Cultura N\u00e9stor Kirchner\u00bb a \u00abPalacio Libertad Centro Cultural Domingo Faustino Sarmiento\u00bb, el economista libertario sostuvo que la universidad p\u00fablica \u00abno le sirve a nadie m\u00e1s que a los hijos de la clase alta y los ricos y la clase media alta\u00bb y manifest\u00f3 que dej\u00f3 \u00abde ser una herramienta de movilidad social para convertirse en un obst\u00e1culo para la misma\u00bb.<\/p>\n\n\n\n<p>Ante esa situaci\u00f3n, Lousteau realiz\u00f3 una publicaci\u00f3n en sus redes sociales en la que manifest\u00f3 que \u00abla universidad p\u00fablica es la palanca de la movilidad social en la Argentina\u00bb.<br><br>En su publicaci\u00f3n, el senador destaca que:<br><br>&#8211; El 48% de los estudiantes que asiste a las universidades nacionales es pobre.<br>&#8211; El 68% de los estudiantes de universidades p\u00fablicas es primera generaci\u00f3n de universitarios. Y en algunos municipios del conurbano bonaerense, la cifra supera el 80%.<br>&#8211; La tasa de desocupaci\u00f3n entre los egresados universitarios es consistentemente m\u00e1s baja que la del resto de los trabajadores.<br>&#8211; En 1970 solo el 2% de la poblaci\u00f3n ten\u00eda un t\u00edtulo de educaci\u00f3n superior. Hoy el 19% es graduado universitario.<br>\u00abNi un obst\u00e1culo ni un lugar para ricos: las universidad es p\u00fablicas son un motor de igualdad de oportunidades, ascenso social y progreso colectivo\u00bb, indic\u00f3 Lousteau en su publicaci\u00f3n.<\/p>\n\n\n\n<p>La comunidad universitaria debate en asambleas la continuidad del plan de lucha contra las pol\u00edticas de Milei<br>En el marco de la reacci\u00f3n estudiantil contra el veto presidencial a la Ley de Financiamiento Universitario, la comunidad educativa debate en asambleas la continuidad del plan de lucha en defensa de la educaci\u00f3n p\u00fablica.<br><br>Este lunes se celebraron m\u00e1s de 30 asambleas en todo el pa\u00eds para definir acciones concretas que se sumar\u00e1n a las tomas de facultades en curso contra el recorte de la administraci\u00f3n libertaria.<br><br>\u00abPueden ser ruidazos, cacerolazos educativos, clases p\u00fablicas en los diferentes horarios, y empezar a plantear interfacultades para unir todas las luchas, todas las facultades en un mismo plan de lucha para preparar una nueva marcha educativa\u00bb, inform\u00f3 este lunes el estudiante y secretario de la Federaci\u00f3n Universitaria Argentina (FUA), Agust\u00edn Romero, en declaraciones a Splendid 990.<\/p>\n\n\n\n<p>Fuente C5N<\/p>\n\n\n\n<p><\/p>\n","protected":false},"excerpt":{"rendered":"<p>\u00abLa universidad p\u00fablica es la palanca de la movilidad social en la Argentina\u00bb, escribi\u00f3 el senador radical en respuesta a las declaraciones que realiz\u00f3 el Presidente el fin de semana&hellip; <\/p>\n","protected":false},"author":2,"featured_media":12908,"comment_status":"closed","ping_status":"closed","sticky":false,"template":"","format":"standard","meta":{"footnotes":""},"categories":[13],"tags":[],"class_list":["post-12909","post","type-post","status-publish","format-standard","has-post-thumbnail","hentry","category-nacionales"],"yoast_head":"<!-- This site is optimized with the Yoast SEO plugin v27.4 - https:\/\/yoast.com\/product\/yoast-seo-wordpress\/ -->\n<title>Martin Lousteau respondi\u00f3 las cr\u00edticas de Milei a la universidad p\u00fablica: &quot;Son un motor de igualdad de oportunidades&quot; - FM Patagonia Madryn<\/title>\n<meta name=\"robots\" content=\"index, follow, max-snippet:-1, max-image-preview:large, max-video-preview:-1\" \/>\n<link rel=\"canonical\" href=\"https:\/\/fmpatagoniamadryn.com.ar\/?p=12909\" \/>\n<meta property=\"og:locale\" content=\"es_ES\" \/>\n<meta property=\"og:type\" content=\"article\" \/>\n<meta property=\"og:title\" content=\"Martin Lousteau respondi\u00f3 las cr\u00edticas de Milei a la universidad p\u00fablica: &quot;Son un motor de igualdad de oportunidades&quot; - FM Patagonia Madryn\" \/>\n<meta property=\"og:description\" content=\"\u00abLa universidad p\u00fablica es la palanca de la movilidad social en la Argentina\u00bb, escribi\u00f3 el senador radical en respuesta a las declaraciones que realiz\u00f3 el Presidente el fin de semana&hellip;\" \/>\n<meta property=\"og:url\" content=\"https:\/\/fmpatagoniamadryn.com.ar\/?p=12909\" \/>\n<meta property=\"og:site_name\" content=\"FM Patagonia Madryn\" \/>\n<meta property=\"article:published_time\" content=\"2024-10-15T00:34:31+00:00\" \/>\n<meta property=\"article:modified_time\" content=\"2024-10-15T00:34:45+00:00\" \/>\n<meta property=\"og:image\" content=\"https:\/\/fmpatagoniamadryn.com.ar\/wp-content\/uploads\/2024\/10\/martin-lousteau.jpg\" \/>\n\t<meta property=\"og:image:width\" content=\"790\" \/>\n\t<meta property=\"og:image:height\" content=\"444\" \/>\n\t<meta property=\"og:image:type\" content=\"image\/jpeg\" \/>\n<meta name=\"author\" content=\"FM Patagonia\" \/>\n<meta name=\"twitter:card\" content=\"summary_large_image\" \/>\n<meta name=\"twitter:label1\" content=\"Escrito por\" \/>\n\t<meta name=\"twitter:data1\" content=\"FM Patagonia\" \/>\n\t<meta name=\"twitter:label2\" content=\"Tiempo de lectura\" \/>\n\t<meta name=\"twitter:data2\" content=\"2 minutos\" \/>\n<script type=\"application\/ld+json\" class=\"yoast-schema-graph\">{\"@context\":\"https:\\\/\\\/schema.org\",\"@graph\":[{\"@type\":\"Article\",\"@id\":\"https:\\\/\\\/fmpatagoniamadryn.com.ar\\\/?p=12909#article\",\"isPartOf\":{\"@id\":\"https:\\\/\\\/fmpatagoniamadryn.com.ar\\\/?p=12909\"},\"author\":{\"name\":\"FM Patagonia\",\"@id\":\"https:\\\/\\\/fmpatagoniamadryn.com.ar\\\/#\\\/schema\\\/person\\\/8a3de4ad7efceacab06c1641c50303b7\"},\"headline\":\"Martin Lousteau respondi\u00f3 las cr\u00edticas de Milei a la universidad p\u00fablica: \u00abSon un motor de igualdad de oportunidades\u00bb\",\"datePublished\":\"2024-10-15T00:34:31+00:00\",\"dateModified\":\"2024-10-15T00:34:45+00:00\",\"mainEntityOfPage\":{\"@id\":\"https:\\\/\\\/fmpatagoniamadryn.com.ar\\\/?p=12909\"},\"wordCount\":474,\"publisher\":{\"@id\":\"https:\\\/\\\/fmpatagoniamadryn.com.ar\\\/#organization\"},\"image\":{\"@id\":\"https:\\\/\\\/fmpatagoniamadryn.com.ar\\\/?p=12909#primaryimage\"},\"thumbnailUrl\":\"https:\\\/\\\/fmpatagoniamadryn.com.ar\\\/wp-content\\\/uploads\\\/2024\\\/10\\\/martin-lousteau.jpg\",\"articleSection\":[\"Nacionales\"],\"inLanguage\":\"es\"},{\"@type\":\"WebPage\",\"@id\":\"https:\\\/\\\/fmpatagoniamadryn.com.ar\\\/?p=12909\",\"url\":\"https:\\\/\\\/fmpatagoniamadryn.com.ar\\\/?p=12909\",\"name\":\"Martin Lousteau respondi\u00f3 las cr\u00edticas de Milei a la universidad p\u00fablica: \\\"Son un motor de igualdad de oportunidades\\\" - FM Patagonia Madryn\",\"isPartOf\":{\"@id\":\"https:\\\/\\\/fmpatagoniamadryn.com.ar\\\/#website\"},\"primaryImageOfPage\":{\"@id\":\"https:\\\/\\\/fmpatagoniamadryn.com.ar\\\/?p=12909#primaryimage\"},\"image\":{\"@id\":\"https:\\\/\\\/fmpatagoniamadryn.com.ar\\\/?p=12909#primaryimage\"},\"thumbnailUrl\":\"https:\\\/\\\/fmpatagoniamadryn.com.ar\\\/wp-content\\\/uploads\\\/2024\\\/10\\\/martin-lousteau.jpg\",\"datePublished\":\"2024-10-15T00:34:31+00:00\",\"dateModified\":\"2024-10-15T00:34:45+00:00\",\"breadcrumb\":{\"@id\":\"https:\\\/\\\/fmpatagoniamadryn.com.ar\\\/?p=12909#breadcrumb\"},\"inLanguage\":\"es\",\"potentialAction\":[{\"@type\":\"ReadAction\",\"target\":[\"https:\\\/\\\/fmpatagoniamadryn.com.ar\\\/?p=12909\"]}]},{\"@type\":\"ImageObject\",\"inLanguage\":\"es\",\"@id\":\"https:\\\/\\\/fmpatagoniamadryn.com.ar\\\/?p=12909#primaryimage\",\"url\":\"https:\\\/\\\/fmpatagoniamadryn.com.ar\\\/wp-content\\\/uploads\\\/2024\\\/10\\\/martin-lousteau.jpg\",\"contentUrl\":\"https:\\\/\\\/fmpatagoniamadryn.com.ar\\\/wp-content\\\/uploads\\\/2024\\\/10\\\/martin-lousteau.jpg\",\"width\":790,\"height\":444},{\"@type\":\"BreadcrumbList\",\"@id\":\"https:\\\/\\\/fmpatagoniamadryn.com.ar\\\/?p=12909#breadcrumb\",\"itemListElement\":[{\"@type\":\"ListItem\",\"position\":1,\"name\":\"Portada\",\"item\":\"https:\\\/\\\/fmpatagoniamadryn.com.ar\\\/\"},{\"@type\":\"ListItem\",\"position\":2,\"name\":\"Martin Lousteau respondi\u00f3 las cr\u00edticas de Milei a la universidad p\u00fablica: \u00abSon un motor de igualdad de oportunidades\u00bb\"}]},{\"@type\":\"WebSite\",\"@id\":\"https:\\\/\\\/fmpatagoniamadryn.com.ar\\\/#website\",\"url\":\"https:\\\/\\\/fmpatagoniamadryn.com.ar\\\/\",\"name\":\"FM Patagonia Madryn\",\"description\":\"Radio Patagonia 105.5\",\"publisher\":{\"@id\":\"https:\\\/\\\/fmpatagoniamadryn.com.ar\\\/#organization\"},\"potentialAction\":[{\"@type\":\"SearchAction\",\"target\":{\"@type\":\"EntryPoint\",\"urlTemplate\":\"https:\\\/\\\/fmpatagoniamadryn.com.ar\\\/?s={search_term_string}\"},\"query-input\":{\"@type\":\"PropertyValueSpecification\",\"valueRequired\":true,\"valueName\":\"search_term_string\"}}],\"inLanguage\":\"es\"},{\"@type\":\"Organization\",\"@id\":\"https:\\\/\\\/fmpatagoniamadryn.com.ar\\\/#organization\",\"name\":\"FM Patagonia Madryn\",\"url\":\"https:\\\/\\\/fmpatagoniamadryn.com.ar\\\/\",\"logo\":{\"@type\":\"ImageObject\",\"inLanguage\":\"es\",\"@id\":\"https:\\\/\\\/fmpatagoniamadryn.com.ar\\\/#\\\/schema\\\/logo\\\/image\\\/\",\"url\":\"https:\\\/\\\/fmpatagoniamadryn.com.ar\\\/wp-content\\\/uploads\\\/2023\\\/01\\\/cropped-Diseno-sin-titulo.png\",\"contentUrl\":\"https:\\\/\\\/fmpatagoniamadryn.com.ar\\\/wp-content\\\/uploads\\\/2023\\\/01\\\/cropped-Diseno-sin-titulo.png\",\"width\":6911,\"height\":2657,\"caption\":\"FM Patagonia Madryn\"},\"image\":{\"@id\":\"https:\\\/\\\/fmpatagoniamadryn.com.ar\\\/#\\\/schema\\\/logo\\\/image\\\/\"}},{\"@type\":\"Person\",\"@id\":\"https:\\\/\\\/fmpatagoniamadryn.com.ar\\\/#\\\/schema\\\/person\\\/8a3de4ad7efceacab06c1641c50303b7\",\"name\":\"FM Patagonia\",\"url\":\"https:\\\/\\\/fmpatagoniamadryn.com.ar\\\/?author=2\"}]}<\/script>\n<!-- \/ Yoast SEO plugin. -->","yoast_head_json":{"title":"Martin Lousteau respondi\u00f3 las cr\u00edticas de Milei a la universidad p\u00fablica: \"Son un motor de igualdad de oportunidades\" - FM Patagonia Madryn","robots":{"index":"index","follow":"follow","max-snippet":"max-snippet:-1","max-image-preview":"max-image-preview:large","max-video-preview":"max-video-preview:-1"},"canonical":"https:\/\/fmpatagoniamadryn.com.ar\/?p=12909","og_locale":"es_ES","og_type":"article","og_title":"Martin Lousteau respondi\u00f3 las cr\u00edticas de Milei a la universidad p\u00fablica: \"Son un motor de igualdad de oportunidades\" - FM Patagonia Madryn","og_description":"\u00abLa universidad p\u00fablica es la palanca de la movilidad social en la Argentina\u00bb, escribi\u00f3 el senador radical en respuesta a las declaraciones que realiz\u00f3 el Presidente el fin de semana&hellip;","og_url":"https:\/\/fmpatagoniamadryn.com.ar\/?p=12909","og_site_name":"FM Patagonia Madryn","article_published_time":"2024-10-15T00:34:31+00:00","article_modified_time":"2024-10-15T00:34:45+00:00","og_image":[{"width":790,"height":444,"url":"https:\/\/fmpatagoniamadryn.com.ar\/wp-content\/uploads\/2024\/10\/martin-lousteau.jpg","type":"image\/jpeg"}],"author":"FM Patagonia","twitter_card":"summary_large_image","twitter_misc":{"Escrito por":"FM Patagonia","Tiempo de lectura":"2 minutos"},"schema":{"@context":"https:\/\/schema.org","@graph":[{"@type":"Article","@id":"https:\/\/fmpatagoniamadryn.com.ar\/?p=12909#article","isPartOf":{"@id":"https:\/\/fmpatagoniamadryn.com.ar\/?p=12909"},"author":{"name":"FM Patagonia","@id":"https:\/\/fmpatagoniamadryn.com.ar\/#\/schema\/person\/8a3de4ad7efceacab06c1641c50303b7"},"headline":"Martin Lousteau respondi\u00f3 las cr\u00edticas de Milei a la universidad p\u00fablica: \u00abSon un motor de igualdad de oportunidades\u00bb","datePublished":"2024-10-15T00:34:31+00:00","dateModified":"2024-10-15T00:34:45+00:00","mainEntityOfPage":{"@id":"https:\/\/fmpatagoniamadryn.com.ar\/?p=12909"},"wordCount":474,"publisher":{"@id":"https:\/\/fmpatagoniamadryn.com.ar\/#organization"},"image":{"@id":"https:\/\/fmpatagoniamadryn.com.ar\/?p=12909#primaryimage"},"thumbnailUrl":"https:\/\/fmpatagoniamadryn.com.ar\/wp-content\/uploads\/2024\/10\/martin-lousteau.jpg","articleSection":["Nacionales"],"inLanguage":"es"},{"@type":"WebPage","@id":"https:\/\/fmpatagoniamadryn.com.ar\/?p=12909","url":"https:\/\/fmpatagoniamadryn.com.ar\/?p=12909","name":"Martin Lousteau respondi\u00f3 las cr\u00edticas de Milei a la universidad p\u00fablica: \"Son un motor de igualdad de oportunidades\" - FM Patagonia Madryn","isPartOf":{"@id":"https:\/\/fmpatagoniamadryn.com.ar\/#website"},"primaryImageOfPage":{"@id":"https:\/\/fmpatagoniamadryn.com.ar\/?p=12909#primaryimage"},"image":{"@id":"https:\/\/fmpatagoniamadryn.com.ar\/?p=12909#primaryimage"},"thumbnailUrl":"https:\/\/fmpatagoniamadryn.com.ar\/wp-content\/uploads\/2024\/10\/martin-lousteau.jpg","datePublished":"2024-10-15T00:34:31+00:00","dateModified":"2024-10-15T00:34:45+00:00","breadcrumb":{"@id":"https:\/\/fmpatagoniamadryn.com.ar\/?p=12909#breadcrumb"},"inLanguage":"es","potentialAction":[{"@type":"ReadAction","target":["https:\/\/fmpatagoniamadryn.com.ar\/?p=12909"]}]},{"@type":"ImageObject","inLanguage":"es","@id":"https:\/\/fmpatagoniamadryn.com.ar\/?p=12909#primaryimage","url":"https:\/\/fmpatagoniamadryn.com.ar\/wp-content\/uploads\/2024\/10\/martin-lousteau.jpg","contentUrl":"https:\/\/fmpatagoniamadryn.com.ar\/wp-content\/uploads\/2024\/10\/martin-lousteau.jpg","width":790,"height":444},{"@type":"BreadcrumbList","@id":"https:\/\/fmpatagoniamadryn.com.ar\/?p=12909#breadcrumb","itemListElement":[{"@type":"ListItem","position":1,"name":"Portada","item":"https:\/\/fmpatagoniamadryn.com.ar\/"},{"@type":"ListItem","position":2,"name":"Martin Lousteau respondi\u00f3 las cr\u00edticas de Milei a la universidad p\u00fablica: \u00abSon un motor de igualdad de oportunidades\u00bb"}]},{"@type":"WebSite","@id":"https:\/\/fmpatagoniamadryn.com.ar\/#website","url":"https:\/\/fmpatagoniamadryn.com.ar\/","name":"FM Patagonia Madryn","description":"Radio Patagonia 105.5","publisher":{"@id":"https:\/\/fmpatagoniamadryn.com.ar\/#organization"},"potentialAction":[{"@type":"SearchAction","target":{"@type":"EntryPoint","urlTemplate":"https:\/\/fmpatagoniamadryn.com.ar\/?s={search_term_string}"},"query-input":{"@type":"PropertyValueSpecification","valueRequired":true,"valueName":"search_term_string"}}],"inLanguage":"es"},{"@type":"Organization","@id":"https:\/\/fmpatagoniamadryn.com.ar\/#organization","name":"FM Patagonia Madryn","url":"https:\/\/fmpatagoniamadryn.com.ar\/","logo":{"@type":"ImageObject","inLanguage":"es","@id":"https:\/\/fmpatagoniamadryn.com.ar\/#\/schema\/logo\/image\/","url":"https:\/\/fmpatagoniamadryn.com.ar\/wp-content\/uploads\/2023\/01\/cropped-Diseno-sin-titulo.png","contentUrl":"https:\/\/fmpatagoniamadryn.com.ar\/wp-content\/uploads\/2023\/01\/cropped-Diseno-sin-titulo.png","width":6911,"height":2657,"caption":"FM Patagonia Madryn"},"image":{"@id":"https:\/\/fmpatagoniamadryn.com.ar\/#\/schema\/logo\/image\/"}},{"@type":"Person","@id":"https:\/\/fmpatagoniamadryn.com.ar\/#\/schema\/person\/8a3de4ad7efceacab06c1641c50303b7","name":"FM Patagonia","url":"https:\/\/fmpatagoniamadryn.com.ar\/?author=2"}]}},"jetpack_featured_media_url":"https:\/\/fmpatagoniamadryn.com.ar\/wp-content\/uploads\/2024\/10\/martin-lousteau.jpg","_links":{"self":[{"href":"https:\/\/fmpatagoniamadryn.com.ar\/index.php?rest_route=\/wp\/v2\/posts\/12909","targetHints":{"allow":["GET"]}}],"collection":[{"href":"https:\/\/fmpatagoniamadryn.com.ar\/index.php?rest_route=\/wp\/v2\/posts"}],"about":[{"href":"https:\/\/fmpatagoniamadryn.com.ar\/index.php?rest_route=\/wp\/v2\/types\/post"}],"author":[{"embeddable":true,"href":"https:\/\/fmpatagoniamadryn.com.ar\/index.php?rest_route=\/wp\/v2\/users\/2"}],"replies":[{"embeddable":true,"href":"https:\/\/fmpatagoniamadryn.com.ar\/index.php?rest_route=%2Fwp%2Fv2%2Fcomments&post=12909"}],"version-history":[{"count":1,"href":"https:\/\/fmpatagoniamadryn.com.ar\/index.php?rest_route=\/wp\/v2\/posts\/12909\/revisions"}],"predecessor-version":[{"id":12910,"href":"https:\/\/fmpatagoniamadryn.com.ar\/index.php?rest_route=\/wp\/v2\/posts\/12909\/revisions\/12910"}],"wp:featuredmedia":[{"embeddable":true,"href":"https:\/\/fmpatagoniamadryn.com.ar\/index.php?rest_route=\/wp\/v2\/media\/12908"}],"wp:attachment":[{"href":"https:\/\/fmpatagoniamadryn.com.ar\/index.php?rest_route=%2Fwp%2Fv2%2Fmedia&parent=12909"}],"wp:term":[{"taxonomy":"category","embeddable":true,"href":"https:\/\/fmpatagoniamadryn.com.ar\/index.php?rest_route=%2Fwp%2Fv2%2Fcategories&post=12909"},{"taxonomy":"post_tag","embeddable":true,"href":"https:\/\/fmpatagoniamadryn.com.ar\/index.php?rest_route=%2Fwp%2Fv2%2Ftags&post=12909"}],"curies":[{"name":"wp","href":"https:\/\/api.w.org\/{rel}","templated":true}]}}