{"id":13115,"date":"2024-10-24T11:21:57","date_gmt":"2024-10-24T14:21:57","guid":{"rendered":"https:\/\/fmpatagoniamadryn.com.ar\/?p=13115"},"modified":"2024-10-24T11:22:05","modified_gmt":"2024-10-24T14:22:05","slug":"el-gobierno-del-chubut-dio-continuidad-a-la-mesa-interpoderes-de-prevencion-de-violencia-de-genero","status":"publish","type":"post","link":"https:\/\/fmpatagoniamadryn.com.ar\/?p=13115","title":{"rendered":"<br>El Gobierno del Chubut dio continuidad a la \u201cMesa Interpoderes\u201d de prevenci\u00f3n de violencia de g\u00e9nero"},"content":{"rendered":"\n<p><br><br>Representantes de los tres poderes del Estado decidieron acordar un marco de acci\u00f3n com\u00fan para promover la defensa de los derechos de las mujeres y las diversidades sexuales, acompa\u00f1ar a las v\u00edctimas y fortalecer la equidad en los organismos p\u00fablicos.<br><br>Acorde a los lineamientos de un trabajo articulado entre distintos organismos para ofrecer respuestas integrales que impulsa la gesti\u00f3n del gobernador Ignacio \u201cNacho\u201d Torres, se present\u00f3 la \u201cMesa de Enlace Interpoderes\u201d para fortalecer las pol\u00edticas de prevenci\u00f3n y erradicaci\u00f3n de la violencia de g\u00e9nero en la provincia.<br><br>La convocatoria estuvo encabezada por la ministra de Desarrollo Humano, Florencia Papaiani, y cont\u00f3 con las presencias de los subsecretarios de Seguridad, Claudio Fern\u00e1ndez, y de Justicia, Rodrigo Miquelarena, ambos dependientes del Ministerio de Seguridad y Justicia; la ministra del Superior Tribunal de Justicia del Chubut, Camila Banfi, funcionarios de la Secretar\u00eda de Salud, diputados provinciales y referentes de otros organismos.<br><br>Objetivos<br><br>La \u201cMesa de Enlace Interpoderes\u201d constituye un espacio fundamental para el intercambio de ideas y la coordinaci\u00f3n de acciones entre diferentes \u00e1reas del Gobierno provincial para desarrollar los derechos de los ciudadanos de la provincia, y la erradicaci\u00f3n de todas las manifestaciones de la violencia al interior del entramado social.<br><br>En ese contexto, se aprob\u00f3 el Reglamento General del encuentro para desarrollar l\u00edneas de acci\u00f3n en com\u00fan bajo una serie de par\u00e1metros.<br><br>Seg\u00fan el art\u00edculo 30 de la Ley provincial XV n\u00b0 26, este espacio se encuentra integrado por representantes de los tres poderes del Estado, de las Organizaciones No Gubernamentales y de la Sociedad Civil.<br><br>En este \u00e1mbito, se apunta a consolidar un espacio de participaci\u00f3n transversal y horizontal para atender las problem\u00e1ticas de cuestiones de g\u00e9nero y diversidad con miras a consolidar m\u00e1s y mejores derechos para las mujeres y el colectivo LGBTQ+; promover pol\u00edticas p\u00fablicas transversales contra la violencia familiar; propiciar un espacio de debate sobre las pr\u00e1cticas cotidianas en las instituciones p\u00fablicas; fortalecer la difusi\u00f3n de los valores de la equidad y promover la r\u00e9plica de este modelo a lo largo de los municipios y comunas rurales de todo el territorio provincial.<br><br>En tal sentido, se analizaron pol\u00edticas inclusivas que impulsen la participaci\u00f3n equitativa que incluyan el acceso al empleo, educaci\u00f3n y la toma de decisiones con el prop\u00f3sito de fortalecer los derechos de estos sectores -hist\u00f3ricamente- postergados.<br><br>Finalmente, se agend\u00f3 la pr\u00f3xima reuni\u00f3n para el jueves 28 de noviembre pero, de todos modos, los equipos t\u00e9cnicos de ambos organismos se mantendr\u00e1n en contacto para definir los temas puntuales para abordar.<br><br>\u201cMesa Interpoderes\u201d<br><br>Este espacio comenz\u00f3 su proceso de construcci\u00f3n en marzo del 2016 cuyo tema inicial fue incorporar aportes y modificaciones a la entonces Ley X N\u00b0 12 de Violencia Familiar y a su Reglamentaci\u00f3n que fue el instrumento legal para abordar la tem\u00e1tica de la \u2018violencia familiar\u2019, con la intenci\u00f3n de incorporar elementos para la prevenci\u00f3n, la asistencia, la sanci\u00f3n a las conductas violentas y el acompa\u00f1amiento posterior a las v\u00edctimas.<br><br>Durante todo este tiempo, este esfuerzo dio como resultado la creaci\u00f3n de la \u2018Mesa de Enlace Interpoderes\u2019 para prevenir y erradicar la violencia de g\u00e9nero<\/p>\n","protected":false},"excerpt":{"rendered":"<p>Representantes de los tres poderes del Estado decidieron acordar un marco de acci\u00f3n com\u00fan para promover la defensa de los derechos de las mujeres y las diversidades sexuales, acompa\u00f1ar a&hellip; <\/p>\n","protected":false},"author":2,"featured_media":13114,"comment_status":"closed","ping_status":"closed","sticky":false,"template":"","format":"standard","meta":{"footnotes":""},"categories":[14],"tags":[],"class_list":["post-13115","post","type-post","status-publish","format-standard","has-post-thumbnail","hentry","category-provinciales"],"yoast_head":"<!-- This site is optimized with the Yoast SEO plugin v27.5 - https:\/\/yoast.com\/product\/yoast-seo-wordpress\/ -->\n<title>El Gobierno del Chubut dio continuidad a la \u201cMesa Interpoderes\u201d de prevenci\u00f3n de violencia de g\u00e9nero - FM Patagonia Madryn<\/title>\n<meta name=\"robots\" content=\"index, follow, max-snippet:-1, max-image-preview:large, max-video-preview:-1\" \/>\n<link rel=\"canonical\" href=\"https:\/\/fmpatagoniamadryn.com.ar\/?p=13115\" \/>\n<meta property=\"og:locale\" content=\"es_ES\" \/>\n<meta property=\"og:type\" content=\"article\" \/>\n<meta property=\"og:title\" content=\"El Gobierno del Chubut dio continuidad a la \u201cMesa Interpoderes\u201d de prevenci\u00f3n de violencia de g\u00e9nero - FM Patagonia Madryn\" \/>\n<meta property=\"og:description\" content=\"Representantes de los tres poderes del Estado decidieron acordar un marco de acci\u00f3n com\u00fan para promover la defensa de los derechos de las mujeres y las diversidades sexuales, acompa\u00f1ar a&hellip;\" \/>\n<meta property=\"og:url\" content=\"https:\/\/fmpatagoniamadryn.com.ar\/?p=13115\" \/>\n<meta property=\"og:site_name\" content=\"FM Patagonia Madryn\" \/>\n<meta property=\"article:published_time\" content=\"2024-10-24T14:21:57+00:00\" \/>\n<meta property=\"article:modified_time\" content=\"2024-10-24T14:22:05+00:00\" \/>\n<meta property=\"og:image\" content=\"https:\/\/fmpatagoniamadryn.com.ar\/wp-content\/uploads\/2024\/10\/Mesa-de-Enlace-Interpoderes-1.jfif_.jpg\" \/>\n\t<meta property=\"og:image:width\" content=\"1554\" \/>\n\t<meta property=\"og:image:height\" content=\"872\" \/>\n\t<meta property=\"og:image:type\" content=\"image\/jpeg\" \/>\n<meta name=\"author\" content=\"FM Patagonia\" \/>\n<meta name=\"twitter:card\" content=\"summary_large_image\" \/>\n<meta name=\"twitter:label1\" content=\"Escrito por\" \/>\n\t<meta name=\"twitter:data1\" content=\"FM Patagonia\" \/>\n\t<meta name=\"twitter:label2\" content=\"Tiempo de lectura\" \/>\n\t<meta name=\"twitter:data2\" content=\"3 minutos\" \/>\n<script type=\"application\/ld+json\" class=\"yoast-schema-graph\">{\"@context\":\"https:\\\/\\\/schema.org\",\"@graph\":[{\"@type\":\"Article\",\"@id\":\"https:\\\/\\\/fmpatagoniamadryn.com.ar\\\/?p=13115#article\",\"isPartOf\":{\"@id\":\"https:\\\/\\\/fmpatagoniamadryn.com.ar\\\/?p=13115\"},\"author\":{\"name\":\"FM Patagonia\",\"@id\":\"https:\\\/\\\/fmpatagoniamadryn.com.ar\\\/#\\\/schema\\\/person\\\/8a3de4ad7efceacab06c1641c50303b7\"},\"headline\":\"El Gobierno del Chubut dio continuidad a la \u201cMesa Interpoderes\u201d de prevenci\u00f3n de violencia de g\u00e9nero\",\"datePublished\":\"2024-10-24T14:21:57+00:00\",\"dateModified\":\"2024-10-24T14:22:05+00:00\",\"mainEntityOfPage\":{\"@id\":\"https:\\\/\\\/fmpatagoniamadryn.com.ar\\\/?p=13115\"},\"wordCount\":573,\"publisher\":{\"@id\":\"https:\\\/\\\/fmpatagoniamadryn.com.ar\\\/#organization\"},\"image\":{\"@id\":\"https:\\\/\\\/fmpatagoniamadryn.com.ar\\\/?p=13115#primaryimage\"},\"thumbnailUrl\":\"https:\\\/\\\/fmpatagoniamadryn.com.ar\\\/wp-content\\\/uploads\\\/2024\\\/10\\\/Mesa-de-Enlace-Interpoderes-1.jfif_.jpg\",\"articleSection\":[\"Provinciales\"],\"inLanguage\":\"es\"},{\"@type\":\"WebPage\",\"@id\":\"https:\\\/\\\/fmpatagoniamadryn.com.ar\\\/?p=13115\",\"url\":\"https:\\\/\\\/fmpatagoniamadryn.com.ar\\\/?p=13115\",\"name\":\"El Gobierno del Chubut dio continuidad a la \u201cMesa Interpoderes\u201d de prevenci\u00f3n de violencia de g\u00e9nero - FM Patagonia Madryn\",\"isPartOf\":{\"@id\":\"https:\\\/\\\/fmpatagoniamadryn.com.ar\\\/#website\"},\"primaryImageOfPage\":{\"@id\":\"https:\\\/\\\/fmpatagoniamadryn.com.ar\\\/?p=13115#primaryimage\"},\"image\":{\"@id\":\"https:\\\/\\\/fmpatagoniamadryn.com.ar\\\/?p=13115#primaryimage\"},\"thumbnailUrl\":\"https:\\\/\\\/fmpatagoniamadryn.com.ar\\\/wp-content\\\/uploads\\\/2024\\\/10\\\/Mesa-de-Enlace-Interpoderes-1.jfif_.jpg\",\"datePublished\":\"2024-10-24T14:21:57+00:00\",\"dateModified\":\"2024-10-24T14:22:05+00:00\",\"breadcrumb\":{\"@id\":\"https:\\\/\\\/fmpatagoniamadryn.com.ar\\\/?p=13115#breadcrumb\"},\"inLanguage\":\"es\",\"potentialAction\":[{\"@type\":\"ReadAction\",\"target\":[\"https:\\\/\\\/fmpatagoniamadryn.com.ar\\\/?p=13115\"]}]},{\"@type\":\"ImageObject\",\"inLanguage\":\"es\",\"@id\":\"https:\\\/\\\/fmpatagoniamadryn.com.ar\\\/?p=13115#primaryimage\",\"url\":\"https:\\\/\\\/fmpatagoniamadryn.com.ar\\\/wp-content\\\/uploads\\\/2024\\\/10\\\/Mesa-de-Enlace-Interpoderes-1.jfif_.jpg\",\"contentUrl\":\"https:\\\/\\\/fmpatagoniamadryn.com.ar\\\/wp-content\\\/uploads\\\/2024\\\/10\\\/Mesa-de-Enlace-Interpoderes-1.jfif_.jpg\",\"width\":1554,\"height\":872},{\"@type\":\"BreadcrumbList\",\"@id\":\"https:\\\/\\\/fmpatagoniamadryn.com.ar\\\/?p=13115#breadcrumb\",\"itemListElement\":[{\"@type\":\"ListItem\",\"position\":1,\"name\":\"Portada\",\"item\":\"https:\\\/\\\/fmpatagoniamadryn.com.ar\\\/\"},{\"@type\":\"ListItem\",\"position\":2,\"name\":\"El Gobierno del Chubut dio continuidad a la \u201cMesa Interpoderes\u201d de prevenci\u00f3n de violencia de g\u00e9nero\"}]},{\"@type\":\"WebSite\",\"@id\":\"https:\\\/\\\/fmpatagoniamadryn.com.ar\\\/#website\",\"url\":\"https:\\\/\\\/fmpatagoniamadryn.com.ar\\\/\",\"name\":\"FM Patagonia Madryn\",\"description\":\"Radio Patagonia 105.5\",\"publisher\":{\"@id\":\"https:\\\/\\\/fmpatagoniamadryn.com.ar\\\/#organization\"},\"potentialAction\":[{\"@type\":\"SearchAction\",\"target\":{\"@type\":\"EntryPoint\",\"urlTemplate\":\"https:\\\/\\\/fmpatagoniamadryn.com.ar\\\/?s={search_term_string}\"},\"query-input\":{\"@type\":\"PropertyValueSpecification\",\"valueRequired\":true,\"valueName\":\"search_term_string\"}}],\"inLanguage\":\"es\"},{\"@type\":\"Organization\",\"@id\":\"https:\\\/\\\/fmpatagoniamadryn.com.ar\\\/#organization\",\"name\":\"FM Patagonia Madryn\",\"url\":\"https:\\\/\\\/fmpatagoniamadryn.com.ar\\\/\",\"logo\":{\"@type\":\"ImageObject\",\"inLanguage\":\"es\",\"@id\":\"https:\\\/\\\/fmpatagoniamadryn.com.ar\\\/#\\\/schema\\\/logo\\\/image\\\/\",\"url\":\"https:\\\/\\\/fmpatagoniamadryn.com.ar\\\/wp-content\\\/uploads\\\/2023\\\/01\\\/cropped-Diseno-sin-titulo.png\",\"contentUrl\":\"https:\\\/\\\/fmpatagoniamadryn.com.ar\\\/wp-content\\\/uploads\\\/2023\\\/01\\\/cropped-Diseno-sin-titulo.png\",\"width\":6911,\"height\":2657,\"caption\":\"FM Patagonia Madryn\"},\"image\":{\"@id\":\"https:\\\/\\\/fmpatagoniamadryn.com.ar\\\/#\\\/schema\\\/logo\\\/image\\\/\"}},{\"@type\":\"Person\",\"@id\":\"https:\\\/\\\/fmpatagoniamadryn.com.ar\\\/#\\\/schema\\\/person\\\/8a3de4ad7efceacab06c1641c50303b7\",\"name\":\"FM Patagonia\",\"url\":\"https:\\\/\\\/fmpatagoniamadryn.com.ar\\\/?author=2\"}]}<\/script>\n<!-- \/ Yoast SEO plugin. -->","yoast_head_json":{"title":"El Gobierno del Chubut dio continuidad a la \u201cMesa Interpoderes\u201d de prevenci\u00f3n de violencia de g\u00e9nero - FM Patagonia Madryn","robots":{"index":"index","follow":"follow","max-snippet":"max-snippet:-1","max-image-preview":"max-image-preview:large","max-video-preview":"max-video-preview:-1"},"canonical":"https:\/\/fmpatagoniamadryn.com.ar\/?p=13115","og_locale":"es_ES","og_type":"article","og_title":"El Gobierno del Chubut dio continuidad a la \u201cMesa Interpoderes\u201d de prevenci\u00f3n de violencia de g\u00e9nero - FM Patagonia Madryn","og_description":"Representantes de los tres poderes del Estado decidieron acordar un marco de acci\u00f3n com\u00fan para promover la defensa de los derechos de las mujeres y las diversidades sexuales, acompa\u00f1ar a&hellip;","og_url":"https:\/\/fmpatagoniamadryn.com.ar\/?p=13115","og_site_name":"FM Patagonia Madryn","article_published_time":"2024-10-24T14:21:57+00:00","article_modified_time":"2024-10-24T14:22:05+00:00","og_image":[{"width":1554,"height":872,"url":"https:\/\/fmpatagoniamadryn.com.ar\/wp-content\/uploads\/2024\/10\/Mesa-de-Enlace-Interpoderes-1.jfif_.jpg","type":"image\/jpeg"}],"author":"FM Patagonia","twitter_card":"summary_large_image","twitter_misc":{"Escrito por":"FM Patagonia","Tiempo de lectura":"3 minutos"},"schema":{"@context":"https:\/\/schema.org","@graph":[{"@type":"Article","@id":"https:\/\/fmpatagoniamadryn.com.ar\/?p=13115#article","isPartOf":{"@id":"https:\/\/fmpatagoniamadryn.com.ar\/?p=13115"},"author":{"name":"FM Patagonia","@id":"https:\/\/fmpatagoniamadryn.com.ar\/#\/schema\/person\/8a3de4ad7efceacab06c1641c50303b7"},"headline":"El Gobierno del Chubut dio continuidad a la \u201cMesa Interpoderes\u201d de prevenci\u00f3n de violencia de g\u00e9nero","datePublished":"2024-10-24T14:21:57+00:00","dateModified":"2024-10-24T14:22:05+00:00","mainEntityOfPage":{"@id":"https:\/\/fmpatagoniamadryn.com.ar\/?p=13115"},"wordCount":573,"publisher":{"@id":"https:\/\/fmpatagoniamadryn.com.ar\/#organization"},"image":{"@id":"https:\/\/fmpatagoniamadryn.com.ar\/?p=13115#primaryimage"},"thumbnailUrl":"https:\/\/fmpatagoniamadryn.com.ar\/wp-content\/uploads\/2024\/10\/Mesa-de-Enlace-Interpoderes-1.jfif_.jpg","articleSection":["Provinciales"],"inLanguage":"es"},{"@type":"WebPage","@id":"https:\/\/fmpatagoniamadryn.com.ar\/?p=13115","url":"https:\/\/fmpatagoniamadryn.com.ar\/?p=13115","name":"El Gobierno del Chubut dio continuidad a la \u201cMesa Interpoderes\u201d de prevenci\u00f3n de violencia de g\u00e9nero - FM Patagonia Madryn","isPartOf":{"@id":"https:\/\/fmpatagoniamadryn.com.ar\/#website"},"primaryImageOfPage":{"@id":"https:\/\/fmpatagoniamadryn.com.ar\/?p=13115#primaryimage"},"image":{"@id":"https:\/\/fmpatagoniamadryn.com.ar\/?p=13115#primaryimage"},"thumbnailUrl":"https:\/\/fmpatagoniamadryn.com.ar\/wp-content\/uploads\/2024\/10\/Mesa-de-Enlace-Interpoderes-1.jfif_.jpg","datePublished":"2024-10-24T14:21:57+00:00","dateModified":"2024-10-24T14:22:05+00:00","breadcrumb":{"@id":"https:\/\/fmpatagoniamadryn.com.ar\/?p=13115#breadcrumb"},"inLanguage":"es","potentialAction":[{"@type":"ReadAction","target":["https:\/\/fmpatagoniamadryn.com.ar\/?p=13115"]}]},{"@type":"ImageObject","inLanguage":"es","@id":"https:\/\/fmpatagoniamadryn.com.ar\/?p=13115#primaryimage","url":"https:\/\/fmpatagoniamadryn.com.ar\/wp-content\/uploads\/2024\/10\/Mesa-de-Enlace-Interpoderes-1.jfif_.jpg","contentUrl":"https:\/\/fmpatagoniamadryn.com.ar\/wp-content\/uploads\/2024\/10\/Mesa-de-Enlace-Interpoderes-1.jfif_.jpg","width":1554,"height":872},{"@type":"BreadcrumbList","@id":"https:\/\/fmpatagoniamadryn.com.ar\/?p=13115#breadcrumb","itemListElement":[{"@type":"ListItem","position":1,"name":"Portada","item":"https:\/\/fmpatagoniamadryn.com.ar\/"},{"@type":"ListItem","position":2,"name":"El Gobierno del Chubut dio continuidad a la \u201cMesa Interpoderes\u201d de prevenci\u00f3n de violencia de g\u00e9nero"}]},{"@type":"WebSite","@id":"https:\/\/fmpatagoniamadryn.com.ar\/#website","url":"https:\/\/fmpatagoniamadryn.com.ar\/","name":"FM Patagonia Madryn","description":"Radio Patagonia 105.5","publisher":{"@id":"https:\/\/fmpatagoniamadryn.com.ar\/#organization"},"potentialAction":[{"@type":"SearchAction","target":{"@type":"EntryPoint","urlTemplate":"https:\/\/fmpatagoniamadryn.com.ar\/?s={search_term_string}"},"query-input":{"@type":"PropertyValueSpecification","valueRequired":true,"valueName":"search_term_string"}}],"inLanguage":"es"},{"@type":"Organization","@id":"https:\/\/fmpatagoniamadryn.com.ar\/#organization","name":"FM Patagonia Madryn","url":"https:\/\/fmpatagoniamadryn.com.ar\/","logo":{"@type":"ImageObject","inLanguage":"es","@id":"https:\/\/fmpatagoniamadryn.com.ar\/#\/schema\/logo\/image\/","url":"https:\/\/fmpatagoniamadryn.com.ar\/wp-content\/uploads\/2023\/01\/cropped-Diseno-sin-titulo.png","contentUrl":"https:\/\/fmpatagoniamadryn.com.ar\/wp-content\/uploads\/2023\/01\/cropped-Diseno-sin-titulo.png","width":6911,"height":2657,"caption":"FM Patagonia Madryn"},"image":{"@id":"https:\/\/fmpatagoniamadryn.com.ar\/#\/schema\/logo\/image\/"}},{"@type":"Person","@id":"https:\/\/fmpatagoniamadryn.com.ar\/#\/schema\/person\/8a3de4ad7efceacab06c1641c50303b7","name":"FM Patagonia","url":"https:\/\/fmpatagoniamadryn.com.ar\/?author=2"}]}},"jetpack_featured_media_url":"https:\/\/fmpatagoniamadryn.com.ar\/wp-content\/uploads\/2024\/10\/Mesa-de-Enlace-Interpoderes-1.jfif_.jpg","_links":{"self":[{"href":"https:\/\/fmpatagoniamadryn.com.ar\/index.php?rest_route=\/wp\/v2\/posts\/13115","targetHints":{"allow":["GET"]}}],"collection":[{"href":"https:\/\/fmpatagoniamadryn.com.ar\/index.php?rest_route=\/wp\/v2\/posts"}],"about":[{"href":"https:\/\/fmpatagoniamadryn.com.ar\/index.php?rest_route=\/wp\/v2\/types\/post"}],"author":[{"embeddable":true,"href":"https:\/\/fmpatagoniamadryn.com.ar\/index.php?rest_route=\/wp\/v2\/users\/2"}],"replies":[{"embeddable":true,"href":"https:\/\/fmpatagoniamadryn.com.ar\/index.php?rest_route=%2Fwp%2Fv2%2Fcomments&post=13115"}],"version-history":[{"count":1,"href":"https:\/\/fmpatagoniamadryn.com.ar\/index.php?rest_route=\/wp\/v2\/posts\/13115\/revisions"}],"predecessor-version":[{"id":13116,"href":"https:\/\/fmpatagoniamadryn.com.ar\/index.php?rest_route=\/wp\/v2\/posts\/13115\/revisions\/13116"}],"wp:featuredmedia":[{"embeddable":true,"href":"https:\/\/fmpatagoniamadryn.com.ar\/index.php?rest_route=\/wp\/v2\/media\/13114"}],"wp:attachment":[{"href":"https:\/\/fmpatagoniamadryn.com.ar\/index.php?rest_route=%2Fwp%2Fv2%2Fmedia&parent=13115"}],"wp:term":[{"taxonomy":"category","embeddable":true,"href":"https:\/\/fmpatagoniamadryn.com.ar\/index.php?rest_route=%2Fwp%2Fv2%2Fcategories&post=13115"},{"taxonomy":"post_tag","embeddable":true,"href":"https:\/\/fmpatagoniamadryn.com.ar\/index.php?rest_route=%2Fwp%2Fv2%2Ftags&post=13115"}],"curies":[{"name":"wp","href":"https:\/\/api.w.org\/{rel}","templated":true}]}}