{"id":13214,"date":"2024-10-30T08:58:13","date_gmt":"2024-10-30T11:58:13","guid":{"rendered":"https:\/\/fmpatagoniamadryn.com.ar\/?p=13214"},"modified":"2024-10-30T08:58:49","modified_gmt":"2024-10-30T11:58:49","slug":"paro-nacional-de-transporte-que-servicios-se-veran-afectados-en-chubut","status":"publish","type":"post","link":"https:\/\/fmpatagoniamadryn.com.ar\/?p=13214","title":{"rendered":"Paro nacional de transporte \u00bfQu\u00e9 servicios se ver\u00e1n afectados en Chubut?"},"content":{"rendered":"\n<p><br>La medida de fuerza se extender\u00e1 por 24 horas. La UTA no se sumar\u00e1, pero anunci\u00f3 un paro de colectivos para el jueves.<\/p>\n\n\n\n<p>A las 00 horas de este mi\u00e9rcoles comenz\u00f3 el paro nacional de transporte: trenes, aviones, camiones, barcos, subtes, taxis y transporte de carga llevan adelante un cese de actividades. M\u00e1s gremios, c\u00f3mo el sector docente o de empleados estatales, se suman a la medida de fuerza determinada por la Mesa Nacional del Transporte. En tanto, el jueves ser\u00e1 el turno de los colectivos, que no brindar\u00e1n su servicio habitual. Mir\u00e1 como afectar\u00e1 el paro en Chubut<\/p>\n\n\n\n<p>Transporte de cargas: el sindicato de los camioneros que lideran los Moyano es uno de los impulsores del paro. Habr\u00e1 cese de actividades en las 17 ramas que tiene el gremio: Aguas y Gaseosas, Caudales, Cereales, Combustibles, Corralones, Correo [solo el postal privado], Diarios y Revistas, Expresos y Mudanzas, L\u00e1cteos, Larga distancia, Lavaderos industriales, Log\u00edstica, Mec\u00e1nicos, Pesados, Productos Refrigerados, Recolecci\u00f3n de residuos y Residuos Industriales.<br><br>Taxis: adhieren los dos sindicatos de taxistas, el de Peones, que lidera Jorge Garc\u00eda, y el de conductores, de Jos\u00e9 Ibarra. Habr\u00e1, sin embargo, servicio de los propietarios de los taxis. En Trelew, el sidicato de taxistas se reunir\u00e1 esta noche para definir su participaci\u00f3n o no. La Asociaci\u00f3n de Propietarios de Taxis de Puerto Madryn, coincidentemente con la Federaci\u00f3n Nacional, confirm\u00f3 que este mi\u00e9rcoles adhiere al paro del transporte en la Argentina.<\/p>\n\n\n\n<p>Aviones: adhieren cinco de los ocho gremios m\u00e1s importantes del sector. En la p\u00e1gina de Aeropuerto Argentina 2000 no se registran vuelos en los cuatro aeropuertos de Chubut hacia Aeroparque, mientras que hacia Ezeiza, un vuelo de Flybondi de las 12.55 del mi\u00e9rcoles 30, no presenta modificaciones.<br><br>Puertos: las actividades portuarias, mar\u00edtimas y de los astilleros se ver\u00e1n afectada por la realizaci\u00f3n de la medida de fuerza, a la que adhieren los 12 gremios del sector agrupados en la Federaci\u00f3n Mar\u00edtima Portuaria y de la Industria Naval (Fempinra). De esta manera, no habr\u00e1 actividad en los puertos de Buenos Aires, La Plata, Bah\u00eda Blanca y Rosario, por lo que el paro afectar\u00eda el comercio exterior.<br><br>Adem\u00e1s, se suman los estatales de ATE, que tienen injerencia en el gremio de Administraci\u00f3n Nacional de Aviaci\u00f3n Civil (ANAC), el Organismo Regulador del Sistema Nacional de Aeropuertos (ORSNA), V\u00edas Navegables, la Junta de Seguridad del Transporte, el exministerio de Transporte, la Junta de Seguridad en el Transporte (JST) y la Comisi\u00f3n Nacional de Regulaci\u00f3n del Transporte (CNRT), entre otros.<\/p>\n\n\n\n<p>Educaci\u00f3n: Docentes universitarios y preuniversitarios informaron que realizar\u00e1n un Paro Nacional Universitario el pr\u00f3ximo mi\u00e9rcoles 30 de octubre, en apoyo al paro de transporte.<br><br>Fuente: canal 12<\/p>\n","protected":false},"excerpt":{"rendered":"<p>La medida de fuerza se extender\u00e1 por 24 horas. La UTA no se sumar\u00e1, pero anunci\u00f3 un paro de colectivos para el jueves. A las 00 horas de este mi\u00e9rcoles&hellip; <\/p>\n","protected":false},"author":2,"featured_media":13213,"comment_status":"closed","ping_status":"closed","sticky":false,"template":"","format":"standard","meta":{"footnotes":""},"categories":[15],"tags":[],"class_list":["post-13214","post","type-post","status-publish","format-standard","has-post-thumbnail","hentry","category-locales"],"yoast_head":"<!-- This site is optimized with the Yoast SEO plugin v27.4 - https:\/\/yoast.com\/product\/yoast-seo-wordpress\/ -->\n<title>Paro nacional de transporte \u00bfQu\u00e9 servicios se ver\u00e1n afectados en Chubut? - FM Patagonia Madryn<\/title>\n<meta name=\"robots\" content=\"index, follow, max-snippet:-1, max-image-preview:large, max-video-preview:-1\" \/>\n<link rel=\"canonical\" href=\"https:\/\/fmpatagoniamadryn.com.ar\/?p=13214\" \/>\n<meta property=\"og:locale\" content=\"es_ES\" \/>\n<meta property=\"og:type\" content=\"article\" \/>\n<meta property=\"og:title\" content=\"Paro nacional de transporte \u00bfQu\u00e9 servicios se ver\u00e1n afectados en Chubut? - FM Patagonia Madryn\" \/>\n<meta property=\"og:description\" content=\"La medida de fuerza se extender\u00e1 por 24 horas. La UTA no se sumar\u00e1, pero anunci\u00f3 un paro de colectivos para el jueves. A las 00 horas de este mi\u00e9rcoles&hellip;\" \/>\n<meta property=\"og:url\" content=\"https:\/\/fmpatagoniamadryn.com.ar\/?p=13214\" \/>\n<meta property=\"og:site_name\" content=\"FM Patagonia Madryn\" \/>\n<meta property=\"article:published_time\" content=\"2024-10-30T11:58:13+00:00\" \/>\n<meta property=\"article:modified_time\" content=\"2024-10-30T11:58:49+00:00\" \/>\n<meta property=\"og:image\" content=\"https:\/\/fmpatagoniamadryn.com.ar\/wp-content\/uploads\/2024\/10\/Ya-rige-la-nueva-tarifa-de-taxis-en-Trelew-2-1200x900-1.jpeg\" \/>\n\t<meta property=\"og:image:width\" content=\"1200\" \/>\n\t<meta property=\"og:image:height\" content=\"900\" \/>\n\t<meta property=\"og:image:type\" content=\"image\/jpeg\" \/>\n<meta name=\"author\" content=\"FM Patagonia\" \/>\n<meta name=\"twitter:card\" content=\"summary_large_image\" \/>\n<meta name=\"twitter:label1\" content=\"Escrito por\" \/>\n\t<meta name=\"twitter:data1\" content=\"FM Patagonia\" \/>\n\t<meta name=\"twitter:label2\" content=\"Tiempo de lectura\" \/>\n\t<meta name=\"twitter:data2\" content=\"2 minutos\" \/>\n<script type=\"application\/ld+json\" class=\"yoast-schema-graph\">{\"@context\":\"https:\\\/\\\/schema.org\",\"@graph\":[{\"@type\":\"Article\",\"@id\":\"https:\\\/\\\/fmpatagoniamadryn.com.ar\\\/?p=13214#article\",\"isPartOf\":{\"@id\":\"https:\\\/\\\/fmpatagoniamadryn.com.ar\\\/?p=13214\"},\"author\":{\"name\":\"FM Patagonia\",\"@id\":\"https:\\\/\\\/fmpatagoniamadryn.com.ar\\\/#\\\/schema\\\/person\\\/8a3de4ad7efceacab06c1641c50303b7\"},\"headline\":\"Paro nacional de transporte \u00bfQu\u00e9 servicios se ver\u00e1n afectados en Chubut?\",\"datePublished\":\"2024-10-30T11:58:13+00:00\",\"dateModified\":\"2024-10-30T11:58:49+00:00\",\"mainEntityOfPage\":{\"@id\":\"https:\\\/\\\/fmpatagoniamadryn.com.ar\\\/?p=13214\"},\"wordCount\":475,\"publisher\":{\"@id\":\"https:\\\/\\\/fmpatagoniamadryn.com.ar\\\/#organization\"},\"image\":{\"@id\":\"https:\\\/\\\/fmpatagoniamadryn.com.ar\\\/?p=13214#primaryimage\"},\"thumbnailUrl\":\"https:\\\/\\\/fmpatagoniamadryn.com.ar\\\/wp-content\\\/uploads\\\/2024\\\/10\\\/Ya-rige-la-nueva-tarifa-de-taxis-en-Trelew-2-1200x900-1.jpeg\",\"articleSection\":[\"Locales\"],\"inLanguage\":\"es\"},{\"@type\":\"WebPage\",\"@id\":\"https:\\\/\\\/fmpatagoniamadryn.com.ar\\\/?p=13214\",\"url\":\"https:\\\/\\\/fmpatagoniamadryn.com.ar\\\/?p=13214\",\"name\":\"Paro nacional de transporte \u00bfQu\u00e9 servicios se ver\u00e1n afectados en Chubut? - FM Patagonia Madryn\",\"isPartOf\":{\"@id\":\"https:\\\/\\\/fmpatagoniamadryn.com.ar\\\/#website\"},\"primaryImageOfPage\":{\"@id\":\"https:\\\/\\\/fmpatagoniamadryn.com.ar\\\/?p=13214#primaryimage\"},\"image\":{\"@id\":\"https:\\\/\\\/fmpatagoniamadryn.com.ar\\\/?p=13214#primaryimage\"},\"thumbnailUrl\":\"https:\\\/\\\/fmpatagoniamadryn.com.ar\\\/wp-content\\\/uploads\\\/2024\\\/10\\\/Ya-rige-la-nueva-tarifa-de-taxis-en-Trelew-2-1200x900-1.jpeg\",\"datePublished\":\"2024-10-30T11:58:13+00:00\",\"dateModified\":\"2024-10-30T11:58:49+00:00\",\"breadcrumb\":{\"@id\":\"https:\\\/\\\/fmpatagoniamadryn.com.ar\\\/?p=13214#breadcrumb\"},\"inLanguage\":\"es\",\"potentialAction\":[{\"@type\":\"ReadAction\",\"target\":[\"https:\\\/\\\/fmpatagoniamadryn.com.ar\\\/?p=13214\"]}]},{\"@type\":\"ImageObject\",\"inLanguage\":\"es\",\"@id\":\"https:\\\/\\\/fmpatagoniamadryn.com.ar\\\/?p=13214#primaryimage\",\"url\":\"https:\\\/\\\/fmpatagoniamadryn.com.ar\\\/wp-content\\\/uploads\\\/2024\\\/10\\\/Ya-rige-la-nueva-tarifa-de-taxis-en-Trelew-2-1200x900-1.jpeg\",\"contentUrl\":\"https:\\\/\\\/fmpatagoniamadryn.com.ar\\\/wp-content\\\/uploads\\\/2024\\\/10\\\/Ya-rige-la-nueva-tarifa-de-taxis-en-Trelew-2-1200x900-1.jpeg\",\"width\":1200,\"height\":900},{\"@type\":\"BreadcrumbList\",\"@id\":\"https:\\\/\\\/fmpatagoniamadryn.com.ar\\\/?p=13214#breadcrumb\",\"itemListElement\":[{\"@type\":\"ListItem\",\"position\":1,\"name\":\"Portada\",\"item\":\"https:\\\/\\\/fmpatagoniamadryn.com.ar\\\/\"},{\"@type\":\"ListItem\",\"position\":2,\"name\":\"Paro nacional de transporte \u00bfQu\u00e9 servicios se ver\u00e1n afectados en Chubut?\"}]},{\"@type\":\"WebSite\",\"@id\":\"https:\\\/\\\/fmpatagoniamadryn.com.ar\\\/#website\",\"url\":\"https:\\\/\\\/fmpatagoniamadryn.com.ar\\\/\",\"name\":\"FM Patagonia Madryn\",\"description\":\"Radio Patagonia 105.5\",\"publisher\":{\"@id\":\"https:\\\/\\\/fmpatagoniamadryn.com.ar\\\/#organization\"},\"potentialAction\":[{\"@type\":\"SearchAction\",\"target\":{\"@type\":\"EntryPoint\",\"urlTemplate\":\"https:\\\/\\\/fmpatagoniamadryn.com.ar\\\/?s={search_term_string}\"},\"query-input\":{\"@type\":\"PropertyValueSpecification\",\"valueRequired\":true,\"valueName\":\"search_term_string\"}}],\"inLanguage\":\"es\"},{\"@type\":\"Organization\",\"@id\":\"https:\\\/\\\/fmpatagoniamadryn.com.ar\\\/#organization\",\"name\":\"FM Patagonia Madryn\",\"url\":\"https:\\\/\\\/fmpatagoniamadryn.com.ar\\\/\",\"logo\":{\"@type\":\"ImageObject\",\"inLanguage\":\"es\",\"@id\":\"https:\\\/\\\/fmpatagoniamadryn.com.ar\\\/#\\\/schema\\\/logo\\\/image\\\/\",\"url\":\"https:\\\/\\\/fmpatagoniamadryn.com.ar\\\/wp-content\\\/uploads\\\/2023\\\/01\\\/cropped-Diseno-sin-titulo.png\",\"contentUrl\":\"https:\\\/\\\/fmpatagoniamadryn.com.ar\\\/wp-content\\\/uploads\\\/2023\\\/01\\\/cropped-Diseno-sin-titulo.png\",\"width\":6911,\"height\":2657,\"caption\":\"FM Patagonia Madryn\"},\"image\":{\"@id\":\"https:\\\/\\\/fmpatagoniamadryn.com.ar\\\/#\\\/schema\\\/logo\\\/image\\\/\"}},{\"@type\":\"Person\",\"@id\":\"https:\\\/\\\/fmpatagoniamadryn.com.ar\\\/#\\\/schema\\\/person\\\/8a3de4ad7efceacab06c1641c50303b7\",\"name\":\"FM Patagonia\",\"url\":\"https:\\\/\\\/fmpatagoniamadryn.com.ar\\\/?author=2\"}]}<\/script>\n<!-- \/ Yoast SEO plugin. -->","yoast_head_json":{"title":"Paro nacional de transporte \u00bfQu\u00e9 servicios se ver\u00e1n afectados en Chubut? - FM Patagonia Madryn","robots":{"index":"index","follow":"follow","max-snippet":"max-snippet:-1","max-image-preview":"max-image-preview:large","max-video-preview":"max-video-preview:-1"},"canonical":"https:\/\/fmpatagoniamadryn.com.ar\/?p=13214","og_locale":"es_ES","og_type":"article","og_title":"Paro nacional de transporte \u00bfQu\u00e9 servicios se ver\u00e1n afectados en Chubut? - FM Patagonia Madryn","og_description":"La medida de fuerza se extender\u00e1 por 24 horas. La UTA no se sumar\u00e1, pero anunci\u00f3 un paro de colectivos para el jueves. A las 00 horas de este mi\u00e9rcoles&hellip;","og_url":"https:\/\/fmpatagoniamadryn.com.ar\/?p=13214","og_site_name":"FM Patagonia Madryn","article_published_time":"2024-10-30T11:58:13+00:00","article_modified_time":"2024-10-30T11:58:49+00:00","og_image":[{"width":1200,"height":900,"url":"https:\/\/fmpatagoniamadryn.com.ar\/wp-content\/uploads\/2024\/10\/Ya-rige-la-nueva-tarifa-de-taxis-en-Trelew-2-1200x900-1.jpeg","type":"image\/jpeg"}],"author":"FM Patagonia","twitter_card":"summary_large_image","twitter_misc":{"Escrito por":"FM Patagonia","Tiempo de lectura":"2 minutos"},"schema":{"@context":"https:\/\/schema.org","@graph":[{"@type":"Article","@id":"https:\/\/fmpatagoniamadryn.com.ar\/?p=13214#article","isPartOf":{"@id":"https:\/\/fmpatagoniamadryn.com.ar\/?p=13214"},"author":{"name":"FM Patagonia","@id":"https:\/\/fmpatagoniamadryn.com.ar\/#\/schema\/person\/8a3de4ad7efceacab06c1641c50303b7"},"headline":"Paro nacional de transporte \u00bfQu\u00e9 servicios se ver\u00e1n afectados en Chubut?","datePublished":"2024-10-30T11:58:13+00:00","dateModified":"2024-10-30T11:58:49+00:00","mainEntityOfPage":{"@id":"https:\/\/fmpatagoniamadryn.com.ar\/?p=13214"},"wordCount":475,"publisher":{"@id":"https:\/\/fmpatagoniamadryn.com.ar\/#organization"},"image":{"@id":"https:\/\/fmpatagoniamadryn.com.ar\/?p=13214#primaryimage"},"thumbnailUrl":"https:\/\/fmpatagoniamadryn.com.ar\/wp-content\/uploads\/2024\/10\/Ya-rige-la-nueva-tarifa-de-taxis-en-Trelew-2-1200x900-1.jpeg","articleSection":["Locales"],"inLanguage":"es"},{"@type":"WebPage","@id":"https:\/\/fmpatagoniamadryn.com.ar\/?p=13214","url":"https:\/\/fmpatagoniamadryn.com.ar\/?p=13214","name":"Paro nacional de transporte \u00bfQu\u00e9 servicios se ver\u00e1n afectados en Chubut? - FM Patagonia Madryn","isPartOf":{"@id":"https:\/\/fmpatagoniamadryn.com.ar\/#website"},"primaryImageOfPage":{"@id":"https:\/\/fmpatagoniamadryn.com.ar\/?p=13214#primaryimage"},"image":{"@id":"https:\/\/fmpatagoniamadryn.com.ar\/?p=13214#primaryimage"},"thumbnailUrl":"https:\/\/fmpatagoniamadryn.com.ar\/wp-content\/uploads\/2024\/10\/Ya-rige-la-nueva-tarifa-de-taxis-en-Trelew-2-1200x900-1.jpeg","datePublished":"2024-10-30T11:58:13+00:00","dateModified":"2024-10-30T11:58:49+00:00","breadcrumb":{"@id":"https:\/\/fmpatagoniamadryn.com.ar\/?p=13214#breadcrumb"},"inLanguage":"es","potentialAction":[{"@type":"ReadAction","target":["https:\/\/fmpatagoniamadryn.com.ar\/?p=13214"]}]},{"@type":"ImageObject","inLanguage":"es","@id":"https:\/\/fmpatagoniamadryn.com.ar\/?p=13214#primaryimage","url":"https:\/\/fmpatagoniamadryn.com.ar\/wp-content\/uploads\/2024\/10\/Ya-rige-la-nueva-tarifa-de-taxis-en-Trelew-2-1200x900-1.jpeg","contentUrl":"https:\/\/fmpatagoniamadryn.com.ar\/wp-content\/uploads\/2024\/10\/Ya-rige-la-nueva-tarifa-de-taxis-en-Trelew-2-1200x900-1.jpeg","width":1200,"height":900},{"@type":"BreadcrumbList","@id":"https:\/\/fmpatagoniamadryn.com.ar\/?p=13214#breadcrumb","itemListElement":[{"@type":"ListItem","position":1,"name":"Portada","item":"https:\/\/fmpatagoniamadryn.com.ar\/"},{"@type":"ListItem","position":2,"name":"Paro nacional de transporte \u00bfQu\u00e9 servicios se ver\u00e1n afectados en Chubut?"}]},{"@type":"WebSite","@id":"https:\/\/fmpatagoniamadryn.com.ar\/#website","url":"https:\/\/fmpatagoniamadryn.com.ar\/","name":"FM Patagonia Madryn","description":"Radio Patagonia 105.5","publisher":{"@id":"https:\/\/fmpatagoniamadryn.com.ar\/#organization"},"potentialAction":[{"@type":"SearchAction","target":{"@type":"EntryPoint","urlTemplate":"https:\/\/fmpatagoniamadryn.com.ar\/?s={search_term_string}"},"query-input":{"@type":"PropertyValueSpecification","valueRequired":true,"valueName":"search_term_string"}}],"inLanguage":"es"},{"@type":"Organization","@id":"https:\/\/fmpatagoniamadryn.com.ar\/#organization","name":"FM Patagonia Madryn","url":"https:\/\/fmpatagoniamadryn.com.ar\/","logo":{"@type":"ImageObject","inLanguage":"es","@id":"https:\/\/fmpatagoniamadryn.com.ar\/#\/schema\/logo\/image\/","url":"https:\/\/fmpatagoniamadryn.com.ar\/wp-content\/uploads\/2023\/01\/cropped-Diseno-sin-titulo.png","contentUrl":"https:\/\/fmpatagoniamadryn.com.ar\/wp-content\/uploads\/2023\/01\/cropped-Diseno-sin-titulo.png","width":6911,"height":2657,"caption":"FM Patagonia Madryn"},"image":{"@id":"https:\/\/fmpatagoniamadryn.com.ar\/#\/schema\/logo\/image\/"}},{"@type":"Person","@id":"https:\/\/fmpatagoniamadryn.com.ar\/#\/schema\/person\/8a3de4ad7efceacab06c1641c50303b7","name":"FM Patagonia","url":"https:\/\/fmpatagoniamadryn.com.ar\/?author=2"}]}},"jetpack_featured_media_url":"https:\/\/fmpatagoniamadryn.com.ar\/wp-content\/uploads\/2024\/10\/Ya-rige-la-nueva-tarifa-de-taxis-en-Trelew-2-1200x900-1.jpeg","_links":{"self":[{"href":"https:\/\/fmpatagoniamadryn.com.ar\/index.php?rest_route=\/wp\/v2\/posts\/13214","targetHints":{"allow":["GET"]}}],"collection":[{"href":"https:\/\/fmpatagoniamadryn.com.ar\/index.php?rest_route=\/wp\/v2\/posts"}],"about":[{"href":"https:\/\/fmpatagoniamadryn.com.ar\/index.php?rest_route=\/wp\/v2\/types\/post"}],"author":[{"embeddable":true,"href":"https:\/\/fmpatagoniamadryn.com.ar\/index.php?rest_route=\/wp\/v2\/users\/2"}],"replies":[{"embeddable":true,"href":"https:\/\/fmpatagoniamadryn.com.ar\/index.php?rest_route=%2Fwp%2Fv2%2Fcomments&post=13214"}],"version-history":[{"count":1,"href":"https:\/\/fmpatagoniamadryn.com.ar\/index.php?rest_route=\/wp\/v2\/posts\/13214\/revisions"}],"predecessor-version":[{"id":13215,"href":"https:\/\/fmpatagoniamadryn.com.ar\/index.php?rest_route=\/wp\/v2\/posts\/13214\/revisions\/13215"}],"wp:featuredmedia":[{"embeddable":true,"href":"https:\/\/fmpatagoniamadryn.com.ar\/index.php?rest_route=\/wp\/v2\/media\/13213"}],"wp:attachment":[{"href":"https:\/\/fmpatagoniamadryn.com.ar\/index.php?rest_route=%2Fwp%2Fv2%2Fmedia&parent=13214"}],"wp:term":[{"taxonomy":"category","embeddable":true,"href":"https:\/\/fmpatagoniamadryn.com.ar\/index.php?rest_route=%2Fwp%2Fv2%2Fcategories&post=13214"},{"taxonomy":"post_tag","embeddable":true,"href":"https:\/\/fmpatagoniamadryn.com.ar\/index.php?rest_route=%2Fwp%2Fv2%2Ftags&post=13214"}],"curies":[{"name":"wp","href":"https:\/\/api.w.org\/{rel}","templated":true}]}}