{"id":14054,"date":"2024-12-17T11:41:57","date_gmt":"2024-12-17T14:41:57","guid":{"rendered":"https:\/\/fmpatagoniamadryn.com.ar\/?p=14054"},"modified":"2024-12-17T11:42:09","modified_gmt":"2024-12-17T14:42:09","slug":"sastre-destaco-el-acompanamiento-del-municipio-hacia-los-emprendedores-locales","status":"publish","type":"post","link":"https:\/\/fmpatagoniamadryn.com.ar\/?p=14054","title":{"rendered":"SASTRE DESTAC\u00d3 EL ACOMPA\u00d1AMIENTO DEL MUNICIPIO HACIA LOS EMPRENDEDORES LOCALES"},"content":{"rendered":"\n<p><br><br> <br><br>El Intendente de Puerto Madryn se reuni\u00f3 con los productores que representaron a nuestra ciudad en la Feria Internacional de Turismo 2024<br><br> <br><br> <br><br>El intendente de Puerto Madryn, Gustavo Sastre, se reuni\u00f3 con los emprendedores que representaron a nuestra ciudad en la Feria Internacional de Turismo 2024, en la que ratific\u00f3 el acompa\u00f1amiento del Municipio hacia todos los productores locales.<br><br> <br><br>Participaron del encuentro Raquel Guterman de \u201cAlbor Patagonia\u201d (tejidos de lana natural artesanal), Esteban Antognini de \u201cCuenco Patagonia\u201d (cer\u00e1mica vajilla), Celina Kriedel de \u201cLo que Tram\u00f3 Aurelia\u201d (tejidos al crochet con descartable textil), Diego Mendez de \u201cVi\u00f1edos del Golfo\u201d (bodega &#8211; vinos), Cecilia Vivanco de \u201cChacra Kaish\u201d (productos gourmet de alimentos deshidratados y sopas instant\u00e1neas), Federico Delgiorgio de \u201cConservas Puerto Madryn\u201d (conservas en frascos de vidrio de mariscos de alta calidad como langostino y pulpito tehuelche, entre otros) y Cintia Rebour y Lola Varela de \u201cBolsa Red\u201d (dise\u00f1o sustentable, accesorios de triple impacto).<br><br> <br><br>Acompa\u00f1amiento permanente<br><br> <br><br>Al respecto, el Intendente dijo: \u201cEn el marco de nuestro acompa\u00f1amiento constante hacia cada uno de los emprendimientos de Puerto Madryn, nos reunimos con quienes representaron a nuestra ciudad con sus productos en la Feria Internacional de Turismo 2024\u201d.<br><br> <br><br>En este mismo sentido, el Jefe Comunal remarc\u00f3: \u201cLos felicitamos por el gran trabajo que realizan y les ratificamos nuestro respaldo en todo lo que est\u00e1 a nuestro alcance, tal como lo hacemos con cada uno de los representantes del sector privado local\u201d.<br><br> <br><br>Los presentes<br><br> <br><br>Del encuentro, tambi\u00e9n participaron el secretario de Producci\u00f3n, Innovaci\u00f3n y Empleo, Enrique Calvo; la secretaria de Turismo, Cecilia Pavia; el subsecretario de Producci\u00f3n, Franco Albanesi, y la coordinadora general de la Secretar\u00eda de Producci\u00f3n, Innovaci\u00f3n y Empleo, Tamara Ricciardolo<\/p>\n","protected":false},"excerpt":{"rendered":"<p>El Intendente de Puerto Madryn se reuni\u00f3 con los productores que representaron a nuestra ciudad en la Feria Internacional de Turismo 2024 El intendente de Puerto Madryn, Gustavo Sastre, se&hellip; <\/p>\n","protected":false},"author":2,"featured_media":14053,"comment_status":"closed","ping_status":"closed","sticky":false,"template":"","format":"standard","meta":{"footnotes":""},"categories":[15],"tags":[],"class_list":["post-14054","post","type-post","status-publish","format-standard","has-post-thumbnail","hentry","category-locales"],"yoast_head":"<!-- This site is optimized with the Yoast SEO plugin v27.4 - https:\/\/yoast.com\/product\/yoast-seo-wordpress\/ -->\n<title>SASTRE DESTAC\u00d3 EL ACOMPA\u00d1AMIENTO DEL MUNICIPIO HACIA LOS EMPRENDEDORES LOCALES - FM Patagonia Madryn<\/title>\n<meta name=\"robots\" content=\"index, follow, max-snippet:-1, max-image-preview:large, max-video-preview:-1\" \/>\n<link rel=\"canonical\" href=\"https:\/\/fmpatagoniamadryn.com.ar\/?p=14054\" \/>\n<meta property=\"og:locale\" content=\"es_ES\" \/>\n<meta property=\"og:type\" content=\"article\" \/>\n<meta property=\"og:title\" content=\"SASTRE DESTAC\u00d3 EL ACOMPA\u00d1AMIENTO DEL MUNICIPIO HACIA LOS EMPRENDEDORES LOCALES - FM Patagonia Madryn\" \/>\n<meta property=\"og:description\" content=\"El Intendente de Puerto Madryn se reuni\u00f3 con los productores que representaron a nuestra ciudad en la Feria Internacional de Turismo 2024 El intendente de Puerto Madryn, Gustavo Sastre, se&hellip;\" \/>\n<meta property=\"og:url\" content=\"https:\/\/fmpatagoniamadryn.com.ar\/?p=14054\" \/>\n<meta property=\"og:site_name\" content=\"FM Patagonia Madryn\" \/>\n<meta property=\"article:published_time\" content=\"2024-12-17T14:41:57+00:00\" \/>\n<meta property=\"article:modified_time\" content=\"2024-12-17T14:42:09+00:00\" \/>\n<meta property=\"og:image\" content=\"https:\/\/fmpatagoniamadryn.com.ar\/wp-content\/uploads\/2024\/12\/13f118e7-6121-4eaa-9600-b73b1bbcce31-scaled.jpeg\" \/>\n\t<meta property=\"og:image:width\" content=\"2560\" \/>\n\t<meta property=\"og:image:height\" content=\"1706\" \/>\n\t<meta property=\"og:image:type\" content=\"image\/jpeg\" \/>\n<meta name=\"author\" content=\"FM Patagonia\" \/>\n<meta name=\"twitter:card\" content=\"summary_large_image\" \/>\n<meta name=\"twitter:label1\" content=\"Escrito por\" \/>\n\t<meta name=\"twitter:data1\" content=\"FM Patagonia\" \/>\n\t<meta name=\"twitter:label2\" content=\"Tiempo de lectura\" \/>\n\t<meta name=\"twitter:data2\" content=\"1 minuto\" \/>\n<script type=\"application\/ld+json\" class=\"yoast-schema-graph\">{\"@context\":\"https:\\\/\\\/schema.org\",\"@graph\":[{\"@type\":\"Article\",\"@id\":\"https:\\\/\\\/fmpatagoniamadryn.com.ar\\\/?p=14054#article\",\"isPartOf\":{\"@id\":\"https:\\\/\\\/fmpatagoniamadryn.com.ar\\\/?p=14054\"},\"author\":{\"name\":\"FM Patagonia\",\"@id\":\"https:\\\/\\\/fmpatagoniamadryn.com.ar\\\/#\\\/schema\\\/person\\\/8a3de4ad7efceacab06c1641c50303b7\"},\"headline\":\"SASTRE DESTAC\u00d3 EL ACOMPA\u00d1AMIENTO DEL MUNICIPIO HACIA LOS EMPRENDEDORES LOCALES\",\"datePublished\":\"2024-12-17T14:41:57+00:00\",\"dateModified\":\"2024-12-17T14:42:09+00:00\",\"mainEntityOfPage\":{\"@id\":\"https:\\\/\\\/fmpatagoniamadryn.com.ar\\\/?p=14054\"},\"wordCount\":299,\"publisher\":{\"@id\":\"https:\\\/\\\/fmpatagoniamadryn.com.ar\\\/#organization\"},\"image\":{\"@id\":\"https:\\\/\\\/fmpatagoniamadryn.com.ar\\\/?p=14054#primaryimage\"},\"thumbnailUrl\":\"https:\\\/\\\/fmpatagoniamadryn.com.ar\\\/wp-content\\\/uploads\\\/2024\\\/12\\\/13f118e7-6121-4eaa-9600-b73b1bbcce31-scaled.jpeg\",\"articleSection\":[\"Locales\"],\"inLanguage\":\"es\"},{\"@type\":\"WebPage\",\"@id\":\"https:\\\/\\\/fmpatagoniamadryn.com.ar\\\/?p=14054\",\"url\":\"https:\\\/\\\/fmpatagoniamadryn.com.ar\\\/?p=14054\",\"name\":\"SASTRE DESTAC\u00d3 EL ACOMPA\u00d1AMIENTO DEL MUNICIPIO HACIA LOS EMPRENDEDORES LOCALES - FM Patagonia Madryn\",\"isPartOf\":{\"@id\":\"https:\\\/\\\/fmpatagoniamadryn.com.ar\\\/#website\"},\"primaryImageOfPage\":{\"@id\":\"https:\\\/\\\/fmpatagoniamadryn.com.ar\\\/?p=14054#primaryimage\"},\"image\":{\"@id\":\"https:\\\/\\\/fmpatagoniamadryn.com.ar\\\/?p=14054#primaryimage\"},\"thumbnailUrl\":\"https:\\\/\\\/fmpatagoniamadryn.com.ar\\\/wp-content\\\/uploads\\\/2024\\\/12\\\/13f118e7-6121-4eaa-9600-b73b1bbcce31-scaled.jpeg\",\"datePublished\":\"2024-12-17T14:41:57+00:00\",\"dateModified\":\"2024-12-17T14:42:09+00:00\",\"breadcrumb\":{\"@id\":\"https:\\\/\\\/fmpatagoniamadryn.com.ar\\\/?p=14054#breadcrumb\"},\"inLanguage\":\"es\",\"potentialAction\":[{\"@type\":\"ReadAction\",\"target\":[\"https:\\\/\\\/fmpatagoniamadryn.com.ar\\\/?p=14054\"]}]},{\"@type\":\"ImageObject\",\"inLanguage\":\"es\",\"@id\":\"https:\\\/\\\/fmpatagoniamadryn.com.ar\\\/?p=14054#primaryimage\",\"url\":\"https:\\\/\\\/fmpatagoniamadryn.com.ar\\\/wp-content\\\/uploads\\\/2024\\\/12\\\/13f118e7-6121-4eaa-9600-b73b1bbcce31-scaled.jpeg\",\"contentUrl\":\"https:\\\/\\\/fmpatagoniamadryn.com.ar\\\/wp-content\\\/uploads\\\/2024\\\/12\\\/13f118e7-6121-4eaa-9600-b73b1bbcce31-scaled.jpeg\",\"width\":2560,\"height\":1706},{\"@type\":\"BreadcrumbList\",\"@id\":\"https:\\\/\\\/fmpatagoniamadryn.com.ar\\\/?p=14054#breadcrumb\",\"itemListElement\":[{\"@type\":\"ListItem\",\"position\":1,\"name\":\"Portada\",\"item\":\"https:\\\/\\\/fmpatagoniamadryn.com.ar\\\/\"},{\"@type\":\"ListItem\",\"position\":2,\"name\":\"SASTRE DESTAC\u00d3 EL ACOMPA\u00d1AMIENTO DEL MUNICIPIO HACIA LOS EMPRENDEDORES LOCALES\"}]},{\"@type\":\"WebSite\",\"@id\":\"https:\\\/\\\/fmpatagoniamadryn.com.ar\\\/#website\",\"url\":\"https:\\\/\\\/fmpatagoniamadryn.com.ar\\\/\",\"name\":\"FM Patagonia Madryn\",\"description\":\"Radio Patagonia 105.5\",\"publisher\":{\"@id\":\"https:\\\/\\\/fmpatagoniamadryn.com.ar\\\/#organization\"},\"potentialAction\":[{\"@type\":\"SearchAction\",\"target\":{\"@type\":\"EntryPoint\",\"urlTemplate\":\"https:\\\/\\\/fmpatagoniamadryn.com.ar\\\/?s={search_term_string}\"},\"query-input\":{\"@type\":\"PropertyValueSpecification\",\"valueRequired\":true,\"valueName\":\"search_term_string\"}}],\"inLanguage\":\"es\"},{\"@type\":\"Organization\",\"@id\":\"https:\\\/\\\/fmpatagoniamadryn.com.ar\\\/#organization\",\"name\":\"FM Patagonia Madryn\",\"url\":\"https:\\\/\\\/fmpatagoniamadryn.com.ar\\\/\",\"logo\":{\"@type\":\"ImageObject\",\"inLanguage\":\"es\",\"@id\":\"https:\\\/\\\/fmpatagoniamadryn.com.ar\\\/#\\\/schema\\\/logo\\\/image\\\/\",\"url\":\"https:\\\/\\\/fmpatagoniamadryn.com.ar\\\/wp-content\\\/uploads\\\/2023\\\/01\\\/cropped-Diseno-sin-titulo.png\",\"contentUrl\":\"https:\\\/\\\/fmpatagoniamadryn.com.ar\\\/wp-content\\\/uploads\\\/2023\\\/01\\\/cropped-Diseno-sin-titulo.png\",\"width\":6911,\"height\":2657,\"caption\":\"FM Patagonia Madryn\"},\"image\":{\"@id\":\"https:\\\/\\\/fmpatagoniamadryn.com.ar\\\/#\\\/schema\\\/logo\\\/image\\\/\"}},{\"@type\":\"Person\",\"@id\":\"https:\\\/\\\/fmpatagoniamadryn.com.ar\\\/#\\\/schema\\\/person\\\/8a3de4ad7efceacab06c1641c50303b7\",\"name\":\"FM Patagonia\",\"url\":\"https:\\\/\\\/fmpatagoniamadryn.com.ar\\\/?author=2\"}]}<\/script>\n<!-- \/ Yoast SEO plugin. -->","yoast_head_json":{"title":"SASTRE DESTAC\u00d3 EL ACOMPA\u00d1AMIENTO DEL MUNICIPIO HACIA LOS EMPRENDEDORES LOCALES - FM Patagonia Madryn","robots":{"index":"index","follow":"follow","max-snippet":"max-snippet:-1","max-image-preview":"max-image-preview:large","max-video-preview":"max-video-preview:-1"},"canonical":"https:\/\/fmpatagoniamadryn.com.ar\/?p=14054","og_locale":"es_ES","og_type":"article","og_title":"SASTRE DESTAC\u00d3 EL ACOMPA\u00d1AMIENTO DEL MUNICIPIO HACIA LOS EMPRENDEDORES LOCALES - FM Patagonia Madryn","og_description":"El Intendente de Puerto Madryn se reuni\u00f3 con los productores que representaron a nuestra ciudad en la Feria Internacional de Turismo 2024 El intendente de Puerto Madryn, Gustavo Sastre, se&hellip;","og_url":"https:\/\/fmpatagoniamadryn.com.ar\/?p=14054","og_site_name":"FM Patagonia Madryn","article_published_time":"2024-12-17T14:41:57+00:00","article_modified_time":"2024-12-17T14:42:09+00:00","og_image":[{"width":2560,"height":1706,"url":"https:\/\/fmpatagoniamadryn.com.ar\/wp-content\/uploads\/2024\/12\/13f118e7-6121-4eaa-9600-b73b1bbcce31-scaled.jpeg","type":"image\/jpeg"}],"author":"FM Patagonia","twitter_card":"summary_large_image","twitter_misc":{"Escrito por":"FM Patagonia","Tiempo de lectura":"1 minuto"},"schema":{"@context":"https:\/\/schema.org","@graph":[{"@type":"Article","@id":"https:\/\/fmpatagoniamadryn.com.ar\/?p=14054#article","isPartOf":{"@id":"https:\/\/fmpatagoniamadryn.com.ar\/?p=14054"},"author":{"name":"FM Patagonia","@id":"https:\/\/fmpatagoniamadryn.com.ar\/#\/schema\/person\/8a3de4ad7efceacab06c1641c50303b7"},"headline":"SASTRE DESTAC\u00d3 EL ACOMPA\u00d1AMIENTO DEL MUNICIPIO HACIA LOS EMPRENDEDORES LOCALES","datePublished":"2024-12-17T14:41:57+00:00","dateModified":"2024-12-17T14:42:09+00:00","mainEntityOfPage":{"@id":"https:\/\/fmpatagoniamadryn.com.ar\/?p=14054"},"wordCount":299,"publisher":{"@id":"https:\/\/fmpatagoniamadryn.com.ar\/#organization"},"image":{"@id":"https:\/\/fmpatagoniamadryn.com.ar\/?p=14054#primaryimage"},"thumbnailUrl":"https:\/\/fmpatagoniamadryn.com.ar\/wp-content\/uploads\/2024\/12\/13f118e7-6121-4eaa-9600-b73b1bbcce31-scaled.jpeg","articleSection":["Locales"],"inLanguage":"es"},{"@type":"WebPage","@id":"https:\/\/fmpatagoniamadryn.com.ar\/?p=14054","url":"https:\/\/fmpatagoniamadryn.com.ar\/?p=14054","name":"SASTRE DESTAC\u00d3 EL ACOMPA\u00d1AMIENTO DEL MUNICIPIO HACIA LOS EMPRENDEDORES LOCALES - FM Patagonia Madryn","isPartOf":{"@id":"https:\/\/fmpatagoniamadryn.com.ar\/#website"},"primaryImageOfPage":{"@id":"https:\/\/fmpatagoniamadryn.com.ar\/?p=14054#primaryimage"},"image":{"@id":"https:\/\/fmpatagoniamadryn.com.ar\/?p=14054#primaryimage"},"thumbnailUrl":"https:\/\/fmpatagoniamadryn.com.ar\/wp-content\/uploads\/2024\/12\/13f118e7-6121-4eaa-9600-b73b1bbcce31-scaled.jpeg","datePublished":"2024-12-17T14:41:57+00:00","dateModified":"2024-12-17T14:42:09+00:00","breadcrumb":{"@id":"https:\/\/fmpatagoniamadryn.com.ar\/?p=14054#breadcrumb"},"inLanguage":"es","potentialAction":[{"@type":"ReadAction","target":["https:\/\/fmpatagoniamadryn.com.ar\/?p=14054"]}]},{"@type":"ImageObject","inLanguage":"es","@id":"https:\/\/fmpatagoniamadryn.com.ar\/?p=14054#primaryimage","url":"https:\/\/fmpatagoniamadryn.com.ar\/wp-content\/uploads\/2024\/12\/13f118e7-6121-4eaa-9600-b73b1bbcce31-scaled.jpeg","contentUrl":"https:\/\/fmpatagoniamadryn.com.ar\/wp-content\/uploads\/2024\/12\/13f118e7-6121-4eaa-9600-b73b1bbcce31-scaled.jpeg","width":2560,"height":1706},{"@type":"BreadcrumbList","@id":"https:\/\/fmpatagoniamadryn.com.ar\/?p=14054#breadcrumb","itemListElement":[{"@type":"ListItem","position":1,"name":"Portada","item":"https:\/\/fmpatagoniamadryn.com.ar\/"},{"@type":"ListItem","position":2,"name":"SASTRE DESTAC\u00d3 EL ACOMPA\u00d1AMIENTO DEL MUNICIPIO HACIA LOS EMPRENDEDORES LOCALES"}]},{"@type":"WebSite","@id":"https:\/\/fmpatagoniamadryn.com.ar\/#website","url":"https:\/\/fmpatagoniamadryn.com.ar\/","name":"FM Patagonia Madryn","description":"Radio Patagonia 105.5","publisher":{"@id":"https:\/\/fmpatagoniamadryn.com.ar\/#organization"},"potentialAction":[{"@type":"SearchAction","target":{"@type":"EntryPoint","urlTemplate":"https:\/\/fmpatagoniamadryn.com.ar\/?s={search_term_string}"},"query-input":{"@type":"PropertyValueSpecification","valueRequired":true,"valueName":"search_term_string"}}],"inLanguage":"es"},{"@type":"Organization","@id":"https:\/\/fmpatagoniamadryn.com.ar\/#organization","name":"FM Patagonia Madryn","url":"https:\/\/fmpatagoniamadryn.com.ar\/","logo":{"@type":"ImageObject","inLanguage":"es","@id":"https:\/\/fmpatagoniamadryn.com.ar\/#\/schema\/logo\/image\/","url":"https:\/\/fmpatagoniamadryn.com.ar\/wp-content\/uploads\/2023\/01\/cropped-Diseno-sin-titulo.png","contentUrl":"https:\/\/fmpatagoniamadryn.com.ar\/wp-content\/uploads\/2023\/01\/cropped-Diseno-sin-titulo.png","width":6911,"height":2657,"caption":"FM Patagonia Madryn"},"image":{"@id":"https:\/\/fmpatagoniamadryn.com.ar\/#\/schema\/logo\/image\/"}},{"@type":"Person","@id":"https:\/\/fmpatagoniamadryn.com.ar\/#\/schema\/person\/8a3de4ad7efceacab06c1641c50303b7","name":"FM Patagonia","url":"https:\/\/fmpatagoniamadryn.com.ar\/?author=2"}]}},"jetpack_featured_media_url":"https:\/\/fmpatagoniamadryn.com.ar\/wp-content\/uploads\/2024\/12\/13f118e7-6121-4eaa-9600-b73b1bbcce31-scaled.jpeg","_links":{"self":[{"href":"https:\/\/fmpatagoniamadryn.com.ar\/index.php?rest_route=\/wp\/v2\/posts\/14054","targetHints":{"allow":["GET"]}}],"collection":[{"href":"https:\/\/fmpatagoniamadryn.com.ar\/index.php?rest_route=\/wp\/v2\/posts"}],"about":[{"href":"https:\/\/fmpatagoniamadryn.com.ar\/index.php?rest_route=\/wp\/v2\/types\/post"}],"author":[{"embeddable":true,"href":"https:\/\/fmpatagoniamadryn.com.ar\/index.php?rest_route=\/wp\/v2\/users\/2"}],"replies":[{"embeddable":true,"href":"https:\/\/fmpatagoniamadryn.com.ar\/index.php?rest_route=%2Fwp%2Fv2%2Fcomments&post=14054"}],"version-history":[{"count":1,"href":"https:\/\/fmpatagoniamadryn.com.ar\/index.php?rest_route=\/wp\/v2\/posts\/14054\/revisions"}],"predecessor-version":[{"id":14055,"href":"https:\/\/fmpatagoniamadryn.com.ar\/index.php?rest_route=\/wp\/v2\/posts\/14054\/revisions\/14055"}],"wp:featuredmedia":[{"embeddable":true,"href":"https:\/\/fmpatagoniamadryn.com.ar\/index.php?rest_route=\/wp\/v2\/media\/14053"}],"wp:attachment":[{"href":"https:\/\/fmpatagoniamadryn.com.ar\/index.php?rest_route=%2Fwp%2Fv2%2Fmedia&parent=14054"}],"wp:term":[{"taxonomy":"category","embeddable":true,"href":"https:\/\/fmpatagoniamadryn.com.ar\/index.php?rest_route=%2Fwp%2Fv2%2Fcategories&post=14054"},{"taxonomy":"post_tag","embeddable":true,"href":"https:\/\/fmpatagoniamadryn.com.ar\/index.php?rest_route=%2Fwp%2Fv2%2Ftags&post=14054"}],"curies":[{"name":"wp","href":"https:\/\/api.w.org\/{rel}","templated":true}]}}