{"id":14058,"date":"2024-12-17T16:23:56","date_gmt":"2024-12-17T19:23:56","guid":{"rendered":"https:\/\/fmpatagoniamadryn.com.ar\/?p=14058"},"modified":"2024-12-17T16:24:03","modified_gmt":"2024-12-17T19:24:03","slug":"dibu-martinez-gano-del-premio-the-best-de-la-fifa-al-mejor-arquero-del-mundo","status":"publish","type":"post","link":"https:\/\/fmpatagoniamadryn.com.ar\/?p=14058","title":{"rendered":"Dibu Mart\u00ednez gan\u00f3 del Premio The Best de la FIFA al mejor arquero del mundo"},"content":{"rendered":"\n<p>El arquero de la Selecci\u00f3n Argentina se consagr\u00f3 campe\u00f3n de la Copa Am\u00e9rica 2024 y condujo al Aston Villa a la UEFA Champions League.<br><br>El resto de los nominados eran: Andriy Lunin, David Raya, Ederson, Gianluigi Donnarumma, Mike Maignan y Unai Sim\u00f3n.<br><br>Justamente, el arquero del Manchester City hab\u00eda sido el ganador en 2023 de este galard\u00f3n.<\/p>\n\n\n\n<p>Garnacho se qued\u00f3 con el Premio Pusk\u00e1s 2024 y es el segundo argentino en conseguirlo<br><\/p>\n\n\n\n<figure class=\"wp-block-image size-large\"><img loading=\"lazy\" decoding=\"async\" width=\"1024\" height=\"591\" src=\"https:\/\/fmpatagoniamadryn.com.ar\/wp-content\/uploads\/2024\/12\/screenshot_20241217_162244_facebook6915167155623253265-1024x591.jpg\" alt=\"\" class=\"wp-image-14056\" srcset=\"https:\/\/fmpatagoniamadryn.com.ar\/wp-content\/uploads\/2024\/12\/screenshot_20241217_162244_facebook6915167155623253265-1024x591.jpg 1024w, https:\/\/fmpatagoniamadryn.com.ar\/wp-content\/uploads\/2024\/12\/screenshot_20241217_162244_facebook6915167155623253265-300x173.jpg 300w, https:\/\/fmpatagoniamadryn.com.ar\/wp-content\/uploads\/2024\/12\/screenshot_20241217_162244_facebook6915167155623253265-768x443.jpg 768w, https:\/\/fmpatagoniamadryn.com.ar\/wp-content\/uploads\/2024\/12\/screenshot_20241217_162244_facebook6915167155623253265.jpg 1080w\" sizes=\"auto, (max-width: 1024px) 100vw, 1024px\" \/><\/figure>\n\n\n\n<p>El delantero fue el m\u00e1s votado, en una categor\u00eda donde tambi\u00e9n se encontraba Walter Bou por su tanto con Lan\u00fas.<br><br>A partir de este a\u00f1o, el premio que honra al hist\u00f3rico delantero h\u00fangaro abarcar\u00e1 solo al f\u00fatbol masculino, ya que la rama femenina contar\u00e1 con el Premio Marta, para el cual est\u00e1 nominada la legendaria futbolista brasile\u00f1a.<br><br>Garnacho hizo historia al recrear el m\u00edtico gol de Wayne Rooney el 26 de noviembre de 2023. Ante Everton y en Goodison Park, el Bichito recibi\u00f3 un centro de Diogo Dalot, retrocedi\u00f3 y se invent\u00f3 una tremenda pirueta para abrir el marcador a los 3 minutos.<br><br>Esta es la segunda vez que un argentino logra quedarse con este premio, el primero fue Erick Lamela en 2021 por su gol de rabona con Tottenham.<br><br>Este es el \u00fanico galard\u00f3n individual que Lionel Messi no pudo ganar, pero estuvo tres veces en el podio.<br><br>La palabra de Garchacho tras ganar el Premio Pusk\u00e1s<br>Garnacho tom\u00f3 la palabra desde Inglaterra tras darse a conocer como el ganador: \u00abEs un gol que siempre recordar\u00e9, este es un momento de mucho orgullo para m\u00ed y para mi familia\u00bb.<br><br>\u00ab\u00a1Gracias a todos los que me votaron! En los entrenamientos la he practicado varias veces. Fue una gran definici\u00f3n\u00bb, dijo con una sonrisa.<br><br>\u00abHa sido un gran gol, por supuesto. Pero hay mucho m\u00e1s por venir, y mucho m\u00e1s que esperar. Gracias por todo el apoyo\u00bb, finaliz\u00f3 el delantero del Manchester United.<\/p>\n","protected":false},"excerpt":{"rendered":"<p>El arquero de la Selecci\u00f3n Argentina se consagr\u00f3 campe\u00f3n de la Copa Am\u00e9rica 2024 y condujo al Aston Villa a la UEFA Champions League. El resto de los nominados eran:&hellip; <\/p>\n","protected":false},"author":2,"featured_media":14057,"comment_status":"closed","ping_status":"closed","sticky":false,"template":"","format":"standard","meta":{"footnotes":""},"categories":[4],"tags":[],"class_list":["post-14058","post","type-post","status-publish","format-standard","has-post-thumbnail","hentry","category-deportes"],"yoast_head":"<!-- This site is optimized with the Yoast SEO plugin v27.4 - https:\/\/yoast.com\/product\/yoast-seo-wordpress\/ -->\n<title>Dibu Mart\u00ednez gan\u00f3 del Premio The Best de la FIFA al mejor arquero del mundo - FM Patagonia Madryn<\/title>\n<meta name=\"robots\" content=\"index, follow, max-snippet:-1, max-image-preview:large, max-video-preview:-1\" \/>\n<link rel=\"canonical\" href=\"https:\/\/fmpatagoniamadryn.com.ar\/?p=14058\" \/>\n<meta property=\"og:locale\" content=\"es_ES\" \/>\n<meta property=\"og:type\" content=\"article\" \/>\n<meta property=\"og:title\" content=\"Dibu Mart\u00ednez gan\u00f3 del Premio The Best de la FIFA al mejor arquero del mundo - FM Patagonia Madryn\" \/>\n<meta property=\"og:description\" content=\"El arquero de la Selecci\u00f3n Argentina se consagr\u00f3 campe\u00f3n de la Copa Am\u00e9rica 2024 y condujo al Aston Villa a la UEFA Champions League. El resto de los nominados eran:&hellip;\" \/>\n<meta property=\"og:url\" content=\"https:\/\/fmpatagoniamadryn.com.ar\/?p=14058\" \/>\n<meta property=\"og:site_name\" content=\"FM Patagonia Madryn\" \/>\n<meta property=\"article:published_time\" content=\"2024-12-17T19:23:56+00:00\" \/>\n<meta property=\"article:modified_time\" content=\"2024-12-17T19:24:03+00:00\" \/>\n<meta property=\"og:image\" content=\"https:\/\/fmpatagoniamadryn.com.ar\/wp-content\/uploads\/2024\/12\/Screenshot_20241217_161201_Facebook.jpg\" \/>\n\t<meta property=\"og:image:width\" content=\"1080\" \/>\n\t<meta property=\"og:image:height\" content=\"589\" \/>\n\t<meta property=\"og:image:type\" content=\"image\/jpeg\" \/>\n<meta name=\"author\" content=\"FM Patagonia\" \/>\n<meta name=\"twitter:card\" content=\"summary_large_image\" \/>\n<meta name=\"twitter:label1\" content=\"Escrito por\" \/>\n\t<meta name=\"twitter:data1\" content=\"FM Patagonia\" \/>\n\t<meta name=\"twitter:label2\" content=\"Tiempo de lectura\" \/>\n\t<meta name=\"twitter:data2\" content=\"2 minutos\" \/>\n<script type=\"application\/ld+json\" class=\"yoast-schema-graph\">{\"@context\":\"https:\\\/\\\/schema.org\",\"@graph\":[{\"@type\":\"Article\",\"@id\":\"https:\\\/\\\/fmpatagoniamadryn.com.ar\\\/?p=14058#article\",\"isPartOf\":{\"@id\":\"https:\\\/\\\/fmpatagoniamadryn.com.ar\\\/?p=14058\"},\"author\":{\"name\":\"FM Patagonia\",\"@id\":\"https:\\\/\\\/fmpatagoniamadryn.com.ar\\\/#\\\/schema\\\/person\\\/8a3de4ad7efceacab06c1641c50303b7\"},\"headline\":\"Dibu Mart\u00ednez gan\u00f3 del Premio The Best de la FIFA al mejor arquero del mundo\",\"datePublished\":\"2024-12-17T19:23:56+00:00\",\"dateModified\":\"2024-12-17T19:24:03+00:00\",\"mainEntityOfPage\":{\"@id\":\"https:\\\/\\\/fmpatagoniamadryn.com.ar\\\/?p=14058\"},\"wordCount\":344,\"publisher\":{\"@id\":\"https:\\\/\\\/fmpatagoniamadryn.com.ar\\\/#organization\"},\"image\":{\"@id\":\"https:\\\/\\\/fmpatagoniamadryn.com.ar\\\/?p=14058#primaryimage\"},\"thumbnailUrl\":\"https:\\\/\\\/fmpatagoniamadryn.com.ar\\\/wp-content\\\/uploads\\\/2024\\\/12\\\/Screenshot_20241217_161201_Facebook.jpg\",\"articleSection\":[\"Deportes\"],\"inLanguage\":\"es\"},{\"@type\":\"WebPage\",\"@id\":\"https:\\\/\\\/fmpatagoniamadryn.com.ar\\\/?p=14058\",\"url\":\"https:\\\/\\\/fmpatagoniamadryn.com.ar\\\/?p=14058\",\"name\":\"Dibu Mart\u00ednez gan\u00f3 del Premio The Best de la FIFA al mejor arquero del mundo - FM Patagonia Madryn\",\"isPartOf\":{\"@id\":\"https:\\\/\\\/fmpatagoniamadryn.com.ar\\\/#website\"},\"primaryImageOfPage\":{\"@id\":\"https:\\\/\\\/fmpatagoniamadryn.com.ar\\\/?p=14058#primaryimage\"},\"image\":{\"@id\":\"https:\\\/\\\/fmpatagoniamadryn.com.ar\\\/?p=14058#primaryimage\"},\"thumbnailUrl\":\"https:\\\/\\\/fmpatagoniamadryn.com.ar\\\/wp-content\\\/uploads\\\/2024\\\/12\\\/Screenshot_20241217_161201_Facebook.jpg\",\"datePublished\":\"2024-12-17T19:23:56+00:00\",\"dateModified\":\"2024-12-17T19:24:03+00:00\",\"breadcrumb\":{\"@id\":\"https:\\\/\\\/fmpatagoniamadryn.com.ar\\\/?p=14058#breadcrumb\"},\"inLanguage\":\"es\",\"potentialAction\":[{\"@type\":\"ReadAction\",\"target\":[\"https:\\\/\\\/fmpatagoniamadryn.com.ar\\\/?p=14058\"]}]},{\"@type\":\"ImageObject\",\"inLanguage\":\"es\",\"@id\":\"https:\\\/\\\/fmpatagoniamadryn.com.ar\\\/?p=14058#primaryimage\",\"url\":\"https:\\\/\\\/fmpatagoniamadryn.com.ar\\\/wp-content\\\/uploads\\\/2024\\\/12\\\/Screenshot_20241217_161201_Facebook.jpg\",\"contentUrl\":\"https:\\\/\\\/fmpatagoniamadryn.com.ar\\\/wp-content\\\/uploads\\\/2024\\\/12\\\/Screenshot_20241217_161201_Facebook.jpg\",\"width\":1080,\"height\":589},{\"@type\":\"BreadcrumbList\",\"@id\":\"https:\\\/\\\/fmpatagoniamadryn.com.ar\\\/?p=14058#breadcrumb\",\"itemListElement\":[{\"@type\":\"ListItem\",\"position\":1,\"name\":\"Portada\",\"item\":\"https:\\\/\\\/fmpatagoniamadryn.com.ar\\\/\"},{\"@type\":\"ListItem\",\"position\":2,\"name\":\"Dibu Mart\u00ednez gan\u00f3 del Premio The Best de la FIFA al mejor arquero del mundo\"}]},{\"@type\":\"WebSite\",\"@id\":\"https:\\\/\\\/fmpatagoniamadryn.com.ar\\\/#website\",\"url\":\"https:\\\/\\\/fmpatagoniamadryn.com.ar\\\/\",\"name\":\"FM Patagonia Madryn\",\"description\":\"Radio Patagonia 105.5\",\"publisher\":{\"@id\":\"https:\\\/\\\/fmpatagoniamadryn.com.ar\\\/#organization\"},\"potentialAction\":[{\"@type\":\"SearchAction\",\"target\":{\"@type\":\"EntryPoint\",\"urlTemplate\":\"https:\\\/\\\/fmpatagoniamadryn.com.ar\\\/?s={search_term_string}\"},\"query-input\":{\"@type\":\"PropertyValueSpecification\",\"valueRequired\":true,\"valueName\":\"search_term_string\"}}],\"inLanguage\":\"es\"},{\"@type\":\"Organization\",\"@id\":\"https:\\\/\\\/fmpatagoniamadryn.com.ar\\\/#organization\",\"name\":\"FM Patagonia Madryn\",\"url\":\"https:\\\/\\\/fmpatagoniamadryn.com.ar\\\/\",\"logo\":{\"@type\":\"ImageObject\",\"inLanguage\":\"es\",\"@id\":\"https:\\\/\\\/fmpatagoniamadryn.com.ar\\\/#\\\/schema\\\/logo\\\/image\\\/\",\"url\":\"https:\\\/\\\/fmpatagoniamadryn.com.ar\\\/wp-content\\\/uploads\\\/2023\\\/01\\\/cropped-Diseno-sin-titulo.png\",\"contentUrl\":\"https:\\\/\\\/fmpatagoniamadryn.com.ar\\\/wp-content\\\/uploads\\\/2023\\\/01\\\/cropped-Diseno-sin-titulo.png\",\"width\":6911,\"height\":2657,\"caption\":\"FM Patagonia Madryn\"},\"image\":{\"@id\":\"https:\\\/\\\/fmpatagoniamadryn.com.ar\\\/#\\\/schema\\\/logo\\\/image\\\/\"}},{\"@type\":\"Person\",\"@id\":\"https:\\\/\\\/fmpatagoniamadryn.com.ar\\\/#\\\/schema\\\/person\\\/8a3de4ad7efceacab06c1641c50303b7\",\"name\":\"FM Patagonia\",\"url\":\"https:\\\/\\\/fmpatagoniamadryn.com.ar\\\/?author=2\"}]}<\/script>\n<!-- \/ Yoast SEO plugin. -->","yoast_head_json":{"title":"Dibu Mart\u00ednez gan\u00f3 del Premio The Best de la FIFA al mejor arquero del mundo - FM Patagonia Madryn","robots":{"index":"index","follow":"follow","max-snippet":"max-snippet:-1","max-image-preview":"max-image-preview:large","max-video-preview":"max-video-preview:-1"},"canonical":"https:\/\/fmpatagoniamadryn.com.ar\/?p=14058","og_locale":"es_ES","og_type":"article","og_title":"Dibu Mart\u00ednez gan\u00f3 del Premio The Best de la FIFA al mejor arquero del mundo - FM Patagonia Madryn","og_description":"El arquero de la Selecci\u00f3n Argentina se consagr\u00f3 campe\u00f3n de la Copa Am\u00e9rica 2024 y condujo al Aston Villa a la UEFA Champions League. El resto de los nominados eran:&hellip;","og_url":"https:\/\/fmpatagoniamadryn.com.ar\/?p=14058","og_site_name":"FM Patagonia Madryn","article_published_time":"2024-12-17T19:23:56+00:00","article_modified_time":"2024-12-17T19:24:03+00:00","og_image":[{"width":1080,"height":589,"url":"https:\/\/fmpatagoniamadryn.com.ar\/wp-content\/uploads\/2024\/12\/Screenshot_20241217_161201_Facebook.jpg","type":"image\/jpeg"}],"author":"FM Patagonia","twitter_card":"summary_large_image","twitter_misc":{"Escrito por":"FM Patagonia","Tiempo de lectura":"2 minutos"},"schema":{"@context":"https:\/\/schema.org","@graph":[{"@type":"Article","@id":"https:\/\/fmpatagoniamadryn.com.ar\/?p=14058#article","isPartOf":{"@id":"https:\/\/fmpatagoniamadryn.com.ar\/?p=14058"},"author":{"name":"FM Patagonia","@id":"https:\/\/fmpatagoniamadryn.com.ar\/#\/schema\/person\/8a3de4ad7efceacab06c1641c50303b7"},"headline":"Dibu Mart\u00ednez gan\u00f3 del Premio The Best de la FIFA al mejor arquero del mundo","datePublished":"2024-12-17T19:23:56+00:00","dateModified":"2024-12-17T19:24:03+00:00","mainEntityOfPage":{"@id":"https:\/\/fmpatagoniamadryn.com.ar\/?p=14058"},"wordCount":344,"publisher":{"@id":"https:\/\/fmpatagoniamadryn.com.ar\/#organization"},"image":{"@id":"https:\/\/fmpatagoniamadryn.com.ar\/?p=14058#primaryimage"},"thumbnailUrl":"https:\/\/fmpatagoniamadryn.com.ar\/wp-content\/uploads\/2024\/12\/Screenshot_20241217_161201_Facebook.jpg","articleSection":["Deportes"],"inLanguage":"es"},{"@type":"WebPage","@id":"https:\/\/fmpatagoniamadryn.com.ar\/?p=14058","url":"https:\/\/fmpatagoniamadryn.com.ar\/?p=14058","name":"Dibu Mart\u00ednez gan\u00f3 del Premio The Best de la FIFA al mejor arquero del mundo - FM Patagonia Madryn","isPartOf":{"@id":"https:\/\/fmpatagoniamadryn.com.ar\/#website"},"primaryImageOfPage":{"@id":"https:\/\/fmpatagoniamadryn.com.ar\/?p=14058#primaryimage"},"image":{"@id":"https:\/\/fmpatagoniamadryn.com.ar\/?p=14058#primaryimage"},"thumbnailUrl":"https:\/\/fmpatagoniamadryn.com.ar\/wp-content\/uploads\/2024\/12\/Screenshot_20241217_161201_Facebook.jpg","datePublished":"2024-12-17T19:23:56+00:00","dateModified":"2024-12-17T19:24:03+00:00","breadcrumb":{"@id":"https:\/\/fmpatagoniamadryn.com.ar\/?p=14058#breadcrumb"},"inLanguage":"es","potentialAction":[{"@type":"ReadAction","target":["https:\/\/fmpatagoniamadryn.com.ar\/?p=14058"]}]},{"@type":"ImageObject","inLanguage":"es","@id":"https:\/\/fmpatagoniamadryn.com.ar\/?p=14058#primaryimage","url":"https:\/\/fmpatagoniamadryn.com.ar\/wp-content\/uploads\/2024\/12\/Screenshot_20241217_161201_Facebook.jpg","contentUrl":"https:\/\/fmpatagoniamadryn.com.ar\/wp-content\/uploads\/2024\/12\/Screenshot_20241217_161201_Facebook.jpg","width":1080,"height":589},{"@type":"BreadcrumbList","@id":"https:\/\/fmpatagoniamadryn.com.ar\/?p=14058#breadcrumb","itemListElement":[{"@type":"ListItem","position":1,"name":"Portada","item":"https:\/\/fmpatagoniamadryn.com.ar\/"},{"@type":"ListItem","position":2,"name":"Dibu Mart\u00ednez gan\u00f3 del Premio The Best de la FIFA al mejor arquero del mundo"}]},{"@type":"WebSite","@id":"https:\/\/fmpatagoniamadryn.com.ar\/#website","url":"https:\/\/fmpatagoniamadryn.com.ar\/","name":"FM Patagonia Madryn","description":"Radio Patagonia 105.5","publisher":{"@id":"https:\/\/fmpatagoniamadryn.com.ar\/#organization"},"potentialAction":[{"@type":"SearchAction","target":{"@type":"EntryPoint","urlTemplate":"https:\/\/fmpatagoniamadryn.com.ar\/?s={search_term_string}"},"query-input":{"@type":"PropertyValueSpecification","valueRequired":true,"valueName":"search_term_string"}}],"inLanguage":"es"},{"@type":"Organization","@id":"https:\/\/fmpatagoniamadryn.com.ar\/#organization","name":"FM Patagonia Madryn","url":"https:\/\/fmpatagoniamadryn.com.ar\/","logo":{"@type":"ImageObject","inLanguage":"es","@id":"https:\/\/fmpatagoniamadryn.com.ar\/#\/schema\/logo\/image\/","url":"https:\/\/fmpatagoniamadryn.com.ar\/wp-content\/uploads\/2023\/01\/cropped-Diseno-sin-titulo.png","contentUrl":"https:\/\/fmpatagoniamadryn.com.ar\/wp-content\/uploads\/2023\/01\/cropped-Diseno-sin-titulo.png","width":6911,"height":2657,"caption":"FM Patagonia Madryn"},"image":{"@id":"https:\/\/fmpatagoniamadryn.com.ar\/#\/schema\/logo\/image\/"}},{"@type":"Person","@id":"https:\/\/fmpatagoniamadryn.com.ar\/#\/schema\/person\/8a3de4ad7efceacab06c1641c50303b7","name":"FM Patagonia","url":"https:\/\/fmpatagoniamadryn.com.ar\/?author=2"}]}},"jetpack_featured_media_url":"https:\/\/fmpatagoniamadryn.com.ar\/wp-content\/uploads\/2024\/12\/Screenshot_20241217_161201_Facebook.jpg","_links":{"self":[{"href":"https:\/\/fmpatagoniamadryn.com.ar\/index.php?rest_route=\/wp\/v2\/posts\/14058","targetHints":{"allow":["GET"]}}],"collection":[{"href":"https:\/\/fmpatagoniamadryn.com.ar\/index.php?rest_route=\/wp\/v2\/posts"}],"about":[{"href":"https:\/\/fmpatagoniamadryn.com.ar\/index.php?rest_route=\/wp\/v2\/types\/post"}],"author":[{"embeddable":true,"href":"https:\/\/fmpatagoniamadryn.com.ar\/index.php?rest_route=\/wp\/v2\/users\/2"}],"replies":[{"embeddable":true,"href":"https:\/\/fmpatagoniamadryn.com.ar\/index.php?rest_route=%2Fwp%2Fv2%2Fcomments&post=14058"}],"version-history":[{"count":1,"href":"https:\/\/fmpatagoniamadryn.com.ar\/index.php?rest_route=\/wp\/v2\/posts\/14058\/revisions"}],"predecessor-version":[{"id":14059,"href":"https:\/\/fmpatagoniamadryn.com.ar\/index.php?rest_route=\/wp\/v2\/posts\/14058\/revisions\/14059"}],"wp:featuredmedia":[{"embeddable":true,"href":"https:\/\/fmpatagoniamadryn.com.ar\/index.php?rest_route=\/wp\/v2\/media\/14057"}],"wp:attachment":[{"href":"https:\/\/fmpatagoniamadryn.com.ar\/index.php?rest_route=%2Fwp%2Fv2%2Fmedia&parent=14058"}],"wp:term":[{"taxonomy":"category","embeddable":true,"href":"https:\/\/fmpatagoniamadryn.com.ar\/index.php?rest_route=%2Fwp%2Fv2%2Fcategories&post=14058"},{"taxonomy":"post_tag","embeddable":true,"href":"https:\/\/fmpatagoniamadryn.com.ar\/index.php?rest_route=%2Fwp%2Fv2%2Ftags&post=14058"}],"curies":[{"name":"wp","href":"https:\/\/api.w.org\/{rel}","templated":true}]}}