{"id":14114,"date":"2024-12-19T22:11:16","date_gmt":"2024-12-20T01:11:16","guid":{"rendered":"https:\/\/fmpatagoniamadryn.com.ar\/?p=14114"},"modified":"2024-12-19T22:13:28","modified_gmt":"2024-12-20T01:13:28","slug":"brown-mariano-eliceche-renueva-su-mandato","status":"publish","type":"post","link":"https:\/\/fmpatagoniamadryn.com.ar\/?p=14114","title":{"rendered":"#BROWN | MARIANO ELICECHE RENUEVA SU MANDATO"},"content":{"rendered":"\n<p> <br><br>El Club Social y Atl\u00e9tico Guillermo Brown convoc\u00f3 a la Asamblea de Socios mediante la cual renov\u00f3 su Comisi\u00f3n Directiva, marcando as\u00ed el inicio de una nueva etapa basada en la integraci\u00f3n y el fortalecimiento de sus ra\u00edces con el objetivo de consolidar al club como un espacio de referencia en lo deportivo y&nbsp; social.<br>Mariano Eliceche encabezar\u00e1 la Comisi\u00f3n Directiva como presidente por un mandato m\u00e1s, reafirmando as\u00ed su compromiso con la modernizaci\u00f3n, la inclusi\u00f3n y el fortalecimiento institucional trabajado durante estos a\u00f1os. <br><br>Acompa\u00f1ar\u00e1 a Eliceche un equipo comprometido y diverso, que tendr\u00e1 el desaf\u00edo de unificar las disciplinas deportivas del club bajo un proyecto integral que fomente la participaci\u00f3n activa de socios y la comunidad en general. Entre los ejes principales de esta nueva gesti\u00f3n se destacan:<br><br>\u2022 Liderar un cambio significativo, apostando a la modernizaci\u00f3n y el crecimiento de la instituci\u00f3n.<br><br>\u2022 Afianzar las ra\u00edces sociales del club, reforzando su compromiso con la comunidad de Puerto Madryn.<br><br>\u2022 Unificar todas las disciplinas deportivas, promoviendo una identidad com\u00fan y el trabajo en equipo.<br><br>\u2022 Fomentar una gesti\u00f3n plural, abierta y colaborativa, integrando a nuevos actores en el proyecto institucional.<br><br>Un equipo renovado con energ\u00eda y experiencia<br>El equilibrio entre experiencia y renovaci\u00f3n ser\u00e1 uno de los componentes principales de la nueva comisi\u00f3n.&nbsp; <br><br>Pablo Texeira ser\u00e1 vicepresidente y referente del b\u00e1squet del club, quien aportar\u00e1 su visi\u00f3n para continuar potenciando esta disciplina; Florencia Asmus, quien asume como la vicepresidenta 2\u00b0, ser\u00e1 la primera mujer en ocupar ese cargo en la historia del club.<br>Marcelo Le\u00f3n ocupar\u00e1 la posici\u00f3n de vicepresidente 3\u00b0; estar\u00e1 enfocado en&nbsp; fortalecer el v\u00ednculo social del club y su impacto en la comunidad.<br>Claudia Aravena asumir\u00e1 como tesorera.&nbsp; Cuenta con una destacada trayectoria en el \u00e1mbito financiero tras a\u00f1os de trabajo en el Banco del Chubut;<br> <br><br>Tambi\u00e9n destacamos la presencia de Gisela Dominici, socia vitalicia que aportar\u00e1 su experiencia y compromiso; \u00c1ngel Bordenave y Hern\u00e1n Conti representantes de familias hist\u00f3ricas del club que suman su pasi\u00f3n y dedicaci\u00f3n.<br><br>Tambi\u00e9n queremos remarcar que los vocales que se incorporan en esta gesti\u00f3n son personas con un fuerte compromiso y energ\u00eda renovadora, muchos de los cuales participan por primera vez en la vida institucional del club.<br>Una de las grandes apuestas de esta gesti\u00f3n ser\u00e1 la creaci\u00f3n de subcomisiones, en las que socios, aunque no cuenten con la antig\u00fcedad necesaria para integrar la Comisi\u00f3n Directiva, podr\u00e1n sumar su aporte y contribuir activamente al desarrollo del club.<br>Un futuro lleno de oportunidades<br>El Club Guillermo Brown reafirma su compromiso con la comunidad de Puerto Madryn y se proyecta hacia un futuro donde el deporte, la integraci\u00f3n social y la participaci\u00f3n ciudadana sean los pilares fundamentales de su crecimiento.<br><br>Invitamos a todos los socios, hinchas y vecinos a acompa\u00f1arnos en este nuevo desaf\u00edo, sum\u00e1ndose a las actividades y propuestas que fortalecer\u00e1n al club y su rol en la comunidad.<br><br>COMISI\u00d3N DIRECTIVA<br>PRESIDENTE: ELICECHE, Mariano<br>Vicepresidente 1\u00b0: TEXEIRA, Pablo<br>Vicepresidente 2\u00b0: ASMUS, Mar\u00eda Florencia<br>Vicepresidente 3\u00b0: LE\u00d3N, Marcelo<br>Secretario: AGUILAR, Jos\u00e9<br>Secretario Deportivo: ASMUS, Facundo<br>Secretario de Prensa: LUNA, Leonel<br>Secretario de Actas: DOMINICI, Gisela<br>Prosecretario: DIAZ, Carlos Dar\u00edo<br>Tesorero: ARAVENA, Claudia Mariela <br>Protesorero: CAMPAN, Oscar<br><br>1\u00b0 Vocal Titular: CARUSO, Alejandro<br>2\u00b0 Vocal Titular: BORDENAVE, \u00c1ngel<br>3\u00b0 Vocal Titular: CONTI, Hern\u00e1n<br>4\u00b0 Vocal Titular: LORENZETTI, Gino<br>5\u00b0 Vocal Titular: MARTOS, Ra\u00fal<br>6\u00b0 Vocal Titular: PUCHETTA, Hugo <br>7\u00b0 Vocal Titular: TRUPIANO, Cristian <br>8\u00b0 Vocal Titular: CARRIZO, Ana Bel\u00e9n <br>9\u00b0 Vocal Titular: VELAZQUEZ, Carlos <br><br>Vocal Suplente 1\u00b0: SEQUEIRA, Claudio<br>Vocal Suplente 2\u00b0: ARRASCOYTA, Miguel<br>Vocal Suplente 3\u00b0: LEZCANO, Sergio Gustavo<br>Vocal Suplente 4\u00b0: AGUILERA, Andrea<br>Revisor de Cuentas 1\u00b0: GARCIA CAMACHO, Juli\u00e1n<br><br>Revisor de Cuentas 2\u00b0: GONZALEZ, Rub\u00e9n<br>Revisor de Cuentas 3\u00b0: ORTIZ, Clara Virginia<br>Revisor de Cuentas Suplente 1\u00b0: SOSA, Gustavo<br>Revisor de Cuentas Suplente 2\u00b0: MARTOS, Ger\u00f3nimo<\/p>\n","protected":false},"excerpt":{"rendered":"<p>El Club Social y Atl\u00e9tico Guillermo Brown convoc\u00f3 a la Asamblea de Socios mediante la cual renov\u00f3 su Comisi\u00f3n Directiva, marcando as\u00ed el inicio de una nueva etapa basada en&hellip; <\/p>\n","protected":false},"author":2,"featured_media":14113,"comment_status":"closed","ping_status":"closed","sticky":false,"template":"","format":"standard","meta":{"footnotes":""},"categories":[4],"tags":[],"class_list":["post-14114","post","type-post","status-publish","format-standard","has-post-thumbnail","hentry","category-deportes"],"yoast_head":"<!-- This site is optimized with the Yoast SEO plugin v27.5 - https:\/\/yoast.com\/product\/yoast-seo-wordpress\/ -->\n<title>#BROWN | MARIANO ELICECHE RENUEVA SU MANDATO - FM Patagonia Madryn<\/title>\n<meta name=\"robots\" content=\"index, follow, max-snippet:-1, max-image-preview:large, max-video-preview:-1\" \/>\n<link rel=\"canonical\" href=\"https:\/\/fmpatagoniamadryn.com.ar\/?p=14114\" \/>\n<meta property=\"og:locale\" content=\"es_ES\" \/>\n<meta property=\"og:type\" content=\"article\" \/>\n<meta property=\"og:title\" content=\"#BROWN | MARIANO ELICECHE RENUEVA SU MANDATO - FM Patagonia Madryn\" \/>\n<meta property=\"og:description\" content=\"El Club Social y Atl\u00e9tico Guillermo Brown convoc\u00f3 a la Asamblea de Socios mediante la cual renov\u00f3 su Comisi\u00f3n Directiva, marcando as\u00ed el inicio de una nueva etapa basada en&hellip;\" \/>\n<meta property=\"og:url\" content=\"https:\/\/fmpatagoniamadryn.com.ar\/?p=14114\" \/>\n<meta property=\"og:site_name\" content=\"FM Patagonia Madryn\" \/>\n<meta property=\"article:published_time\" content=\"2024-12-20T01:11:16+00:00\" \/>\n<meta property=\"article:modified_time\" content=\"2024-12-20T01:13:28+00:00\" \/>\n<meta property=\"og:image\" content=\"https:\/\/fmpatagoniamadryn.com.ar\/wp-content\/uploads\/2024\/12\/FB_IMG_1734657053198.jpg\" \/>\n\t<meta property=\"og:image:width\" content=\"720\" \/>\n\t<meta property=\"og:image:height\" content=\"549\" \/>\n\t<meta property=\"og:image:type\" content=\"image\/jpeg\" \/>\n<meta name=\"author\" content=\"FM Patagonia\" \/>\n<meta name=\"twitter:card\" content=\"summary_large_image\" \/>\n<meta name=\"twitter:label1\" content=\"Escrito por\" \/>\n\t<meta name=\"twitter:data1\" content=\"FM Patagonia\" \/>\n\t<meta name=\"twitter:label2\" content=\"Tiempo de lectura\" \/>\n\t<meta name=\"twitter:data2\" content=\"3 minutos\" \/>\n<script type=\"application\/ld+json\" class=\"yoast-schema-graph\">{\"@context\":\"https:\\\/\\\/schema.org\",\"@graph\":[{\"@type\":\"Article\",\"@id\":\"https:\\\/\\\/fmpatagoniamadryn.com.ar\\\/?p=14114#article\",\"isPartOf\":{\"@id\":\"https:\\\/\\\/fmpatagoniamadryn.com.ar\\\/?p=14114\"},\"author\":{\"name\":\"FM Patagonia\",\"@id\":\"https:\\\/\\\/fmpatagoniamadryn.com.ar\\\/#\\\/schema\\\/person\\\/8a3de4ad7efceacab06c1641c50303b7\"},\"headline\":\"#BROWN | MARIANO ELICECHE RENUEVA SU MANDATO\",\"datePublished\":\"2024-12-20T01:11:16+00:00\",\"dateModified\":\"2024-12-20T01:13:28+00:00\",\"mainEntityOfPage\":{\"@id\":\"https:\\\/\\\/fmpatagoniamadryn.com.ar\\\/?p=14114\"},\"wordCount\":646,\"publisher\":{\"@id\":\"https:\\\/\\\/fmpatagoniamadryn.com.ar\\\/#organization\"},\"image\":{\"@id\":\"https:\\\/\\\/fmpatagoniamadryn.com.ar\\\/?p=14114#primaryimage\"},\"thumbnailUrl\":\"https:\\\/\\\/fmpatagoniamadryn.com.ar\\\/wp-content\\\/uploads\\\/2024\\\/12\\\/FB_IMG_1734657053198.jpg\",\"articleSection\":[\"Deportes\"],\"inLanguage\":\"es\"},{\"@type\":\"WebPage\",\"@id\":\"https:\\\/\\\/fmpatagoniamadryn.com.ar\\\/?p=14114\",\"url\":\"https:\\\/\\\/fmpatagoniamadryn.com.ar\\\/?p=14114\",\"name\":\"#BROWN | MARIANO ELICECHE RENUEVA SU MANDATO - FM Patagonia Madryn\",\"isPartOf\":{\"@id\":\"https:\\\/\\\/fmpatagoniamadryn.com.ar\\\/#website\"},\"primaryImageOfPage\":{\"@id\":\"https:\\\/\\\/fmpatagoniamadryn.com.ar\\\/?p=14114#primaryimage\"},\"image\":{\"@id\":\"https:\\\/\\\/fmpatagoniamadryn.com.ar\\\/?p=14114#primaryimage\"},\"thumbnailUrl\":\"https:\\\/\\\/fmpatagoniamadryn.com.ar\\\/wp-content\\\/uploads\\\/2024\\\/12\\\/FB_IMG_1734657053198.jpg\",\"datePublished\":\"2024-12-20T01:11:16+00:00\",\"dateModified\":\"2024-12-20T01:13:28+00:00\",\"breadcrumb\":{\"@id\":\"https:\\\/\\\/fmpatagoniamadryn.com.ar\\\/?p=14114#breadcrumb\"},\"inLanguage\":\"es\",\"potentialAction\":[{\"@type\":\"ReadAction\",\"target\":[\"https:\\\/\\\/fmpatagoniamadryn.com.ar\\\/?p=14114\"]}]},{\"@type\":\"ImageObject\",\"inLanguage\":\"es\",\"@id\":\"https:\\\/\\\/fmpatagoniamadryn.com.ar\\\/?p=14114#primaryimage\",\"url\":\"https:\\\/\\\/fmpatagoniamadryn.com.ar\\\/wp-content\\\/uploads\\\/2024\\\/12\\\/FB_IMG_1734657053198.jpg\",\"contentUrl\":\"https:\\\/\\\/fmpatagoniamadryn.com.ar\\\/wp-content\\\/uploads\\\/2024\\\/12\\\/FB_IMG_1734657053198.jpg\",\"width\":720,\"height\":549},{\"@type\":\"BreadcrumbList\",\"@id\":\"https:\\\/\\\/fmpatagoniamadryn.com.ar\\\/?p=14114#breadcrumb\",\"itemListElement\":[{\"@type\":\"ListItem\",\"position\":1,\"name\":\"Portada\",\"item\":\"https:\\\/\\\/fmpatagoniamadryn.com.ar\\\/\"},{\"@type\":\"ListItem\",\"position\":2,\"name\":\"#BROWN | MARIANO ELICECHE RENUEVA SU MANDATO\"}]},{\"@type\":\"WebSite\",\"@id\":\"https:\\\/\\\/fmpatagoniamadryn.com.ar\\\/#website\",\"url\":\"https:\\\/\\\/fmpatagoniamadryn.com.ar\\\/\",\"name\":\"FM Patagonia Madryn\",\"description\":\"Radio Patagonia 105.5\",\"publisher\":{\"@id\":\"https:\\\/\\\/fmpatagoniamadryn.com.ar\\\/#organization\"},\"potentialAction\":[{\"@type\":\"SearchAction\",\"target\":{\"@type\":\"EntryPoint\",\"urlTemplate\":\"https:\\\/\\\/fmpatagoniamadryn.com.ar\\\/?s={search_term_string}\"},\"query-input\":{\"@type\":\"PropertyValueSpecification\",\"valueRequired\":true,\"valueName\":\"search_term_string\"}}],\"inLanguage\":\"es\"},{\"@type\":\"Organization\",\"@id\":\"https:\\\/\\\/fmpatagoniamadryn.com.ar\\\/#organization\",\"name\":\"FM Patagonia Madryn\",\"url\":\"https:\\\/\\\/fmpatagoniamadryn.com.ar\\\/\",\"logo\":{\"@type\":\"ImageObject\",\"inLanguage\":\"es\",\"@id\":\"https:\\\/\\\/fmpatagoniamadryn.com.ar\\\/#\\\/schema\\\/logo\\\/image\\\/\",\"url\":\"https:\\\/\\\/fmpatagoniamadryn.com.ar\\\/wp-content\\\/uploads\\\/2023\\\/01\\\/cropped-Diseno-sin-titulo.png\",\"contentUrl\":\"https:\\\/\\\/fmpatagoniamadryn.com.ar\\\/wp-content\\\/uploads\\\/2023\\\/01\\\/cropped-Diseno-sin-titulo.png\",\"width\":6911,\"height\":2657,\"caption\":\"FM Patagonia Madryn\"},\"image\":{\"@id\":\"https:\\\/\\\/fmpatagoniamadryn.com.ar\\\/#\\\/schema\\\/logo\\\/image\\\/\"}},{\"@type\":\"Person\",\"@id\":\"https:\\\/\\\/fmpatagoniamadryn.com.ar\\\/#\\\/schema\\\/person\\\/8a3de4ad7efceacab06c1641c50303b7\",\"name\":\"FM Patagonia\",\"url\":\"https:\\\/\\\/fmpatagoniamadryn.com.ar\\\/?author=2\"}]}<\/script>\n<!-- \/ Yoast SEO plugin. -->","yoast_head_json":{"title":"#BROWN | MARIANO ELICECHE RENUEVA SU MANDATO - FM Patagonia Madryn","robots":{"index":"index","follow":"follow","max-snippet":"max-snippet:-1","max-image-preview":"max-image-preview:large","max-video-preview":"max-video-preview:-1"},"canonical":"https:\/\/fmpatagoniamadryn.com.ar\/?p=14114","og_locale":"es_ES","og_type":"article","og_title":"#BROWN | MARIANO ELICECHE RENUEVA SU MANDATO - FM Patagonia Madryn","og_description":"El Club Social y Atl\u00e9tico Guillermo Brown convoc\u00f3 a la Asamblea de Socios mediante la cual renov\u00f3 su Comisi\u00f3n Directiva, marcando as\u00ed el inicio de una nueva etapa basada en&hellip;","og_url":"https:\/\/fmpatagoniamadryn.com.ar\/?p=14114","og_site_name":"FM Patagonia Madryn","article_published_time":"2024-12-20T01:11:16+00:00","article_modified_time":"2024-12-20T01:13:28+00:00","og_image":[{"width":720,"height":549,"url":"https:\/\/fmpatagoniamadryn.com.ar\/wp-content\/uploads\/2024\/12\/FB_IMG_1734657053198.jpg","type":"image\/jpeg"}],"author":"FM Patagonia","twitter_card":"summary_large_image","twitter_misc":{"Escrito por":"FM Patagonia","Tiempo de lectura":"3 minutos"},"schema":{"@context":"https:\/\/schema.org","@graph":[{"@type":"Article","@id":"https:\/\/fmpatagoniamadryn.com.ar\/?p=14114#article","isPartOf":{"@id":"https:\/\/fmpatagoniamadryn.com.ar\/?p=14114"},"author":{"name":"FM Patagonia","@id":"https:\/\/fmpatagoniamadryn.com.ar\/#\/schema\/person\/8a3de4ad7efceacab06c1641c50303b7"},"headline":"#BROWN | MARIANO ELICECHE RENUEVA SU MANDATO","datePublished":"2024-12-20T01:11:16+00:00","dateModified":"2024-12-20T01:13:28+00:00","mainEntityOfPage":{"@id":"https:\/\/fmpatagoniamadryn.com.ar\/?p=14114"},"wordCount":646,"publisher":{"@id":"https:\/\/fmpatagoniamadryn.com.ar\/#organization"},"image":{"@id":"https:\/\/fmpatagoniamadryn.com.ar\/?p=14114#primaryimage"},"thumbnailUrl":"https:\/\/fmpatagoniamadryn.com.ar\/wp-content\/uploads\/2024\/12\/FB_IMG_1734657053198.jpg","articleSection":["Deportes"],"inLanguage":"es"},{"@type":"WebPage","@id":"https:\/\/fmpatagoniamadryn.com.ar\/?p=14114","url":"https:\/\/fmpatagoniamadryn.com.ar\/?p=14114","name":"#BROWN | MARIANO ELICECHE RENUEVA SU MANDATO - FM Patagonia Madryn","isPartOf":{"@id":"https:\/\/fmpatagoniamadryn.com.ar\/#website"},"primaryImageOfPage":{"@id":"https:\/\/fmpatagoniamadryn.com.ar\/?p=14114#primaryimage"},"image":{"@id":"https:\/\/fmpatagoniamadryn.com.ar\/?p=14114#primaryimage"},"thumbnailUrl":"https:\/\/fmpatagoniamadryn.com.ar\/wp-content\/uploads\/2024\/12\/FB_IMG_1734657053198.jpg","datePublished":"2024-12-20T01:11:16+00:00","dateModified":"2024-12-20T01:13:28+00:00","breadcrumb":{"@id":"https:\/\/fmpatagoniamadryn.com.ar\/?p=14114#breadcrumb"},"inLanguage":"es","potentialAction":[{"@type":"ReadAction","target":["https:\/\/fmpatagoniamadryn.com.ar\/?p=14114"]}]},{"@type":"ImageObject","inLanguage":"es","@id":"https:\/\/fmpatagoniamadryn.com.ar\/?p=14114#primaryimage","url":"https:\/\/fmpatagoniamadryn.com.ar\/wp-content\/uploads\/2024\/12\/FB_IMG_1734657053198.jpg","contentUrl":"https:\/\/fmpatagoniamadryn.com.ar\/wp-content\/uploads\/2024\/12\/FB_IMG_1734657053198.jpg","width":720,"height":549},{"@type":"BreadcrumbList","@id":"https:\/\/fmpatagoniamadryn.com.ar\/?p=14114#breadcrumb","itemListElement":[{"@type":"ListItem","position":1,"name":"Portada","item":"https:\/\/fmpatagoniamadryn.com.ar\/"},{"@type":"ListItem","position":2,"name":"#BROWN | MARIANO ELICECHE RENUEVA SU MANDATO"}]},{"@type":"WebSite","@id":"https:\/\/fmpatagoniamadryn.com.ar\/#website","url":"https:\/\/fmpatagoniamadryn.com.ar\/","name":"FM Patagonia Madryn","description":"Radio Patagonia 105.5","publisher":{"@id":"https:\/\/fmpatagoniamadryn.com.ar\/#organization"},"potentialAction":[{"@type":"SearchAction","target":{"@type":"EntryPoint","urlTemplate":"https:\/\/fmpatagoniamadryn.com.ar\/?s={search_term_string}"},"query-input":{"@type":"PropertyValueSpecification","valueRequired":true,"valueName":"search_term_string"}}],"inLanguage":"es"},{"@type":"Organization","@id":"https:\/\/fmpatagoniamadryn.com.ar\/#organization","name":"FM Patagonia Madryn","url":"https:\/\/fmpatagoniamadryn.com.ar\/","logo":{"@type":"ImageObject","inLanguage":"es","@id":"https:\/\/fmpatagoniamadryn.com.ar\/#\/schema\/logo\/image\/","url":"https:\/\/fmpatagoniamadryn.com.ar\/wp-content\/uploads\/2023\/01\/cropped-Diseno-sin-titulo.png","contentUrl":"https:\/\/fmpatagoniamadryn.com.ar\/wp-content\/uploads\/2023\/01\/cropped-Diseno-sin-titulo.png","width":6911,"height":2657,"caption":"FM Patagonia Madryn"},"image":{"@id":"https:\/\/fmpatagoniamadryn.com.ar\/#\/schema\/logo\/image\/"}},{"@type":"Person","@id":"https:\/\/fmpatagoniamadryn.com.ar\/#\/schema\/person\/8a3de4ad7efceacab06c1641c50303b7","name":"FM Patagonia","url":"https:\/\/fmpatagoniamadryn.com.ar\/?author=2"}]}},"jetpack_featured_media_url":"https:\/\/fmpatagoniamadryn.com.ar\/wp-content\/uploads\/2024\/12\/FB_IMG_1734657053198.jpg","_links":{"self":[{"href":"https:\/\/fmpatagoniamadryn.com.ar\/index.php?rest_route=\/wp\/v2\/posts\/14114","targetHints":{"allow":["GET"]}}],"collection":[{"href":"https:\/\/fmpatagoniamadryn.com.ar\/index.php?rest_route=\/wp\/v2\/posts"}],"about":[{"href":"https:\/\/fmpatagoniamadryn.com.ar\/index.php?rest_route=\/wp\/v2\/types\/post"}],"author":[{"embeddable":true,"href":"https:\/\/fmpatagoniamadryn.com.ar\/index.php?rest_route=\/wp\/v2\/users\/2"}],"replies":[{"embeddable":true,"href":"https:\/\/fmpatagoniamadryn.com.ar\/index.php?rest_route=%2Fwp%2Fv2%2Fcomments&post=14114"}],"version-history":[{"count":1,"href":"https:\/\/fmpatagoniamadryn.com.ar\/index.php?rest_route=\/wp\/v2\/posts\/14114\/revisions"}],"predecessor-version":[{"id":14115,"href":"https:\/\/fmpatagoniamadryn.com.ar\/index.php?rest_route=\/wp\/v2\/posts\/14114\/revisions\/14115"}],"wp:featuredmedia":[{"embeddable":true,"href":"https:\/\/fmpatagoniamadryn.com.ar\/index.php?rest_route=\/wp\/v2\/media\/14113"}],"wp:attachment":[{"href":"https:\/\/fmpatagoniamadryn.com.ar\/index.php?rest_route=%2Fwp%2Fv2%2Fmedia&parent=14114"}],"wp:term":[{"taxonomy":"category","embeddable":true,"href":"https:\/\/fmpatagoniamadryn.com.ar\/index.php?rest_route=%2Fwp%2Fv2%2Fcategories&post=14114"},{"taxonomy":"post_tag","embeddable":true,"href":"https:\/\/fmpatagoniamadryn.com.ar\/index.php?rest_route=%2Fwp%2Fv2%2Ftags&post=14114"}],"curies":[{"name":"wp","href":"https:\/\/api.w.org\/{rel}","templated":true}]}}