{"id":14120,"date":"2024-12-20T13:28:25","date_gmt":"2024-12-20T16:28:25","guid":{"rendered":"https:\/\/fmpatagoniamadryn.com.ar\/?p=14120"},"modified":"2024-12-20T13:28:34","modified_gmt":"2024-12-20T16:28:34","slug":"sastre-participo-de-la-presentacion-de-la-subzona-franca-de-trelew","status":"publish","type":"post","link":"https:\/\/fmpatagoniamadryn.com.ar\/?p=14120","title":{"rendered":"SASTRE PARTICIP\u00d3 DE LA PRESENTACI\u00d3N DE LA SUBZONA FRANCA DE TRELEW"},"content":{"rendered":"\n<p><br><br><br> <br><br>El Intendente de Puerto Madryn acompa\u00f1\u00f3 al gobernador Ignacio Torres en el acto que se llev\u00f3 a cabo en la empresa Unilan Trelew S.A.<br><br> <br><br> <br><br>El intendente de Puerto Madryn, Gustavo Sastre, acompa\u00f1\u00f3 hoy al gobernador de Chubut, Ignacio Torres, en la presentaci\u00f3n de la Subzona Franca Trelew, en un acto que se llev\u00f3 a cabo en la empresa Unilan Trelew S.A.<br><br> <br><br>En dicha oportunidad, se puso en valor dicha iniciativa, que tendr\u00e1 efecto directo en esta localidad, pero tambi\u00e9n un alcance positivo en todo el Valle y en Puerto Madryn, entendiendo que esto permitir\u00e1 un fortalecimiento industrial generalizado.<br><br> <br><br>Efecto positivo para Puerto Madryn<br><br> <br><br>Al respecto, el Intendente dijo: \u201cEstuvimos en la presentaci\u00f3n de la Subzona Franca de Trelew, acompa\u00f1ando al gobernador Ignacio Torres, en una iniciativa que tendr\u00e1 beneficios para toda la regi\u00f3n, generando empleo genuino y potenciando la matriz productiva de distintas ciudades, incluida Puerto Madryn\u201d.<br><br> <br><br> En este mismo sentido, el Jefe Comunal remarc\u00f3: \u201cSiempre vamos a estar a favor de acciones que generen beneficios para los madrynenses y para los chubutenses. Esta es una gran noticia y estamos seguros de que tendremos grandes resultados\u201d.<\/p>\n","protected":false},"excerpt":{"rendered":"<p>El Intendente de Puerto Madryn acompa\u00f1\u00f3 al gobernador Ignacio Torres en el acto que se llev\u00f3 a cabo en la empresa Unilan Trelew S.A. El intendente de Puerto Madryn, Gustavo&hellip; <\/p>\n","protected":false},"author":2,"featured_media":14119,"comment_status":"closed","ping_status":"closed","sticky":false,"template":"","format":"standard","meta":{"footnotes":""},"categories":[15],"tags":[],"class_list":["post-14120","post","type-post","status-publish","format-standard","has-post-thumbnail","hentry","category-locales"],"yoast_head":"<!-- This site is optimized with the Yoast SEO plugin v27.5 - https:\/\/yoast.com\/product\/yoast-seo-wordpress\/ -->\n<title>SASTRE PARTICIP\u00d3 DE LA PRESENTACI\u00d3N DE LA SUBZONA FRANCA DE TRELEW - FM Patagonia Madryn<\/title>\n<meta name=\"robots\" content=\"index, follow, max-snippet:-1, max-image-preview:large, max-video-preview:-1\" \/>\n<link rel=\"canonical\" href=\"https:\/\/fmpatagoniamadryn.com.ar\/?p=14120\" \/>\n<meta property=\"og:locale\" content=\"es_ES\" \/>\n<meta property=\"og:type\" content=\"article\" \/>\n<meta property=\"og:title\" content=\"SASTRE PARTICIP\u00d3 DE LA PRESENTACI\u00d3N DE LA SUBZONA FRANCA DE TRELEW - FM Patagonia Madryn\" \/>\n<meta property=\"og:description\" content=\"El Intendente de Puerto Madryn acompa\u00f1\u00f3 al gobernador Ignacio Torres en el acto que se llev\u00f3 a cabo en la empresa Unilan Trelew S.A. El intendente de Puerto Madryn, Gustavo&hellip;\" \/>\n<meta property=\"og:url\" content=\"https:\/\/fmpatagoniamadryn.com.ar\/?p=14120\" \/>\n<meta property=\"og:site_name\" content=\"FM Patagonia Madryn\" \/>\n<meta property=\"article:published_time\" content=\"2024-12-20T16:28:25+00:00\" \/>\n<meta property=\"article:modified_time\" content=\"2024-12-20T16:28:34+00:00\" \/>\n<meta property=\"og:image\" content=\"https:\/\/fmpatagoniamadryn.com.ar\/wp-content\/uploads\/2024\/12\/57e4bb3b-97a0-465b-9338-f1a69f0189d2-scaled.jpeg\" \/>\n\t<meta property=\"og:image:width\" content=\"2560\" \/>\n\t<meta property=\"og:image:height\" content=\"1599\" \/>\n\t<meta property=\"og:image:type\" content=\"image\/jpeg\" \/>\n<meta name=\"author\" content=\"FM Patagonia\" \/>\n<meta name=\"twitter:card\" content=\"summary_large_image\" \/>\n<meta name=\"twitter:label1\" content=\"Escrito por\" \/>\n\t<meta name=\"twitter:data1\" content=\"FM Patagonia\" \/>\n\t<meta name=\"twitter:label2\" content=\"Tiempo de lectura\" \/>\n\t<meta name=\"twitter:data2\" content=\"1 minuto\" \/>\n<script type=\"application\/ld+json\" class=\"yoast-schema-graph\">{\"@context\":\"https:\\\/\\\/schema.org\",\"@graph\":[{\"@type\":\"Article\",\"@id\":\"https:\\\/\\\/fmpatagoniamadryn.com.ar\\\/?p=14120#article\",\"isPartOf\":{\"@id\":\"https:\\\/\\\/fmpatagoniamadryn.com.ar\\\/?p=14120\"},\"author\":{\"name\":\"FM Patagonia\",\"@id\":\"https:\\\/\\\/fmpatagoniamadryn.com.ar\\\/#\\\/schema\\\/person\\\/8a3de4ad7efceacab06c1641c50303b7\"},\"headline\":\"SASTRE PARTICIP\u00d3 DE LA PRESENTACI\u00d3N DE LA SUBZONA FRANCA DE TRELEW\",\"datePublished\":\"2024-12-20T16:28:25+00:00\",\"dateModified\":\"2024-12-20T16:28:34+00:00\",\"mainEntityOfPage\":{\"@id\":\"https:\\\/\\\/fmpatagoniamadryn.com.ar\\\/?p=14120\"},\"wordCount\":205,\"publisher\":{\"@id\":\"https:\\\/\\\/fmpatagoniamadryn.com.ar\\\/#organization\"},\"image\":{\"@id\":\"https:\\\/\\\/fmpatagoniamadryn.com.ar\\\/?p=14120#primaryimage\"},\"thumbnailUrl\":\"https:\\\/\\\/fmpatagoniamadryn.com.ar\\\/wp-content\\\/uploads\\\/2024\\\/12\\\/57e4bb3b-97a0-465b-9338-f1a69f0189d2-scaled.jpeg\",\"articleSection\":[\"Locales\"],\"inLanguage\":\"es\"},{\"@type\":\"WebPage\",\"@id\":\"https:\\\/\\\/fmpatagoniamadryn.com.ar\\\/?p=14120\",\"url\":\"https:\\\/\\\/fmpatagoniamadryn.com.ar\\\/?p=14120\",\"name\":\"SASTRE PARTICIP\u00d3 DE LA PRESENTACI\u00d3N DE LA SUBZONA FRANCA DE TRELEW - FM Patagonia Madryn\",\"isPartOf\":{\"@id\":\"https:\\\/\\\/fmpatagoniamadryn.com.ar\\\/#website\"},\"primaryImageOfPage\":{\"@id\":\"https:\\\/\\\/fmpatagoniamadryn.com.ar\\\/?p=14120#primaryimage\"},\"image\":{\"@id\":\"https:\\\/\\\/fmpatagoniamadryn.com.ar\\\/?p=14120#primaryimage\"},\"thumbnailUrl\":\"https:\\\/\\\/fmpatagoniamadryn.com.ar\\\/wp-content\\\/uploads\\\/2024\\\/12\\\/57e4bb3b-97a0-465b-9338-f1a69f0189d2-scaled.jpeg\",\"datePublished\":\"2024-12-20T16:28:25+00:00\",\"dateModified\":\"2024-12-20T16:28:34+00:00\",\"breadcrumb\":{\"@id\":\"https:\\\/\\\/fmpatagoniamadryn.com.ar\\\/?p=14120#breadcrumb\"},\"inLanguage\":\"es\",\"potentialAction\":[{\"@type\":\"ReadAction\",\"target\":[\"https:\\\/\\\/fmpatagoniamadryn.com.ar\\\/?p=14120\"]}]},{\"@type\":\"ImageObject\",\"inLanguage\":\"es\",\"@id\":\"https:\\\/\\\/fmpatagoniamadryn.com.ar\\\/?p=14120#primaryimage\",\"url\":\"https:\\\/\\\/fmpatagoniamadryn.com.ar\\\/wp-content\\\/uploads\\\/2024\\\/12\\\/57e4bb3b-97a0-465b-9338-f1a69f0189d2-scaled.jpeg\",\"contentUrl\":\"https:\\\/\\\/fmpatagoniamadryn.com.ar\\\/wp-content\\\/uploads\\\/2024\\\/12\\\/57e4bb3b-97a0-465b-9338-f1a69f0189d2-scaled.jpeg\",\"width\":2560,\"height\":1599},{\"@type\":\"BreadcrumbList\",\"@id\":\"https:\\\/\\\/fmpatagoniamadryn.com.ar\\\/?p=14120#breadcrumb\",\"itemListElement\":[{\"@type\":\"ListItem\",\"position\":1,\"name\":\"Portada\",\"item\":\"https:\\\/\\\/fmpatagoniamadryn.com.ar\\\/\"},{\"@type\":\"ListItem\",\"position\":2,\"name\":\"SASTRE PARTICIP\u00d3 DE LA PRESENTACI\u00d3N DE LA SUBZONA FRANCA DE TRELEW\"}]},{\"@type\":\"WebSite\",\"@id\":\"https:\\\/\\\/fmpatagoniamadryn.com.ar\\\/#website\",\"url\":\"https:\\\/\\\/fmpatagoniamadryn.com.ar\\\/\",\"name\":\"FM Patagonia Madryn\",\"description\":\"Radio Patagonia 105.5\",\"publisher\":{\"@id\":\"https:\\\/\\\/fmpatagoniamadryn.com.ar\\\/#organization\"},\"potentialAction\":[{\"@type\":\"SearchAction\",\"target\":{\"@type\":\"EntryPoint\",\"urlTemplate\":\"https:\\\/\\\/fmpatagoniamadryn.com.ar\\\/?s={search_term_string}\"},\"query-input\":{\"@type\":\"PropertyValueSpecification\",\"valueRequired\":true,\"valueName\":\"search_term_string\"}}],\"inLanguage\":\"es\"},{\"@type\":\"Organization\",\"@id\":\"https:\\\/\\\/fmpatagoniamadryn.com.ar\\\/#organization\",\"name\":\"FM Patagonia Madryn\",\"url\":\"https:\\\/\\\/fmpatagoniamadryn.com.ar\\\/\",\"logo\":{\"@type\":\"ImageObject\",\"inLanguage\":\"es\",\"@id\":\"https:\\\/\\\/fmpatagoniamadryn.com.ar\\\/#\\\/schema\\\/logo\\\/image\\\/\",\"url\":\"https:\\\/\\\/fmpatagoniamadryn.com.ar\\\/wp-content\\\/uploads\\\/2023\\\/01\\\/cropped-Diseno-sin-titulo.png\",\"contentUrl\":\"https:\\\/\\\/fmpatagoniamadryn.com.ar\\\/wp-content\\\/uploads\\\/2023\\\/01\\\/cropped-Diseno-sin-titulo.png\",\"width\":6911,\"height\":2657,\"caption\":\"FM Patagonia Madryn\"},\"image\":{\"@id\":\"https:\\\/\\\/fmpatagoniamadryn.com.ar\\\/#\\\/schema\\\/logo\\\/image\\\/\"}},{\"@type\":\"Person\",\"@id\":\"https:\\\/\\\/fmpatagoniamadryn.com.ar\\\/#\\\/schema\\\/person\\\/8a3de4ad7efceacab06c1641c50303b7\",\"name\":\"FM Patagonia\",\"url\":\"https:\\\/\\\/fmpatagoniamadryn.com.ar\\\/?author=2\"}]}<\/script>\n<!-- \/ Yoast SEO plugin. -->","yoast_head_json":{"title":"SASTRE PARTICIP\u00d3 DE LA PRESENTACI\u00d3N DE LA SUBZONA FRANCA DE TRELEW - FM Patagonia Madryn","robots":{"index":"index","follow":"follow","max-snippet":"max-snippet:-1","max-image-preview":"max-image-preview:large","max-video-preview":"max-video-preview:-1"},"canonical":"https:\/\/fmpatagoniamadryn.com.ar\/?p=14120","og_locale":"es_ES","og_type":"article","og_title":"SASTRE PARTICIP\u00d3 DE LA PRESENTACI\u00d3N DE LA SUBZONA FRANCA DE TRELEW - FM Patagonia Madryn","og_description":"El Intendente de Puerto Madryn acompa\u00f1\u00f3 al gobernador Ignacio Torres en el acto que se llev\u00f3 a cabo en la empresa Unilan Trelew S.A. El intendente de Puerto Madryn, Gustavo&hellip;","og_url":"https:\/\/fmpatagoniamadryn.com.ar\/?p=14120","og_site_name":"FM Patagonia Madryn","article_published_time":"2024-12-20T16:28:25+00:00","article_modified_time":"2024-12-20T16:28:34+00:00","og_image":[{"width":2560,"height":1599,"url":"https:\/\/fmpatagoniamadryn.com.ar\/wp-content\/uploads\/2024\/12\/57e4bb3b-97a0-465b-9338-f1a69f0189d2-scaled.jpeg","type":"image\/jpeg"}],"author":"FM Patagonia","twitter_card":"summary_large_image","twitter_misc":{"Escrito por":"FM Patagonia","Tiempo de lectura":"1 minuto"},"schema":{"@context":"https:\/\/schema.org","@graph":[{"@type":"Article","@id":"https:\/\/fmpatagoniamadryn.com.ar\/?p=14120#article","isPartOf":{"@id":"https:\/\/fmpatagoniamadryn.com.ar\/?p=14120"},"author":{"name":"FM Patagonia","@id":"https:\/\/fmpatagoniamadryn.com.ar\/#\/schema\/person\/8a3de4ad7efceacab06c1641c50303b7"},"headline":"SASTRE PARTICIP\u00d3 DE LA PRESENTACI\u00d3N DE LA SUBZONA FRANCA DE TRELEW","datePublished":"2024-12-20T16:28:25+00:00","dateModified":"2024-12-20T16:28:34+00:00","mainEntityOfPage":{"@id":"https:\/\/fmpatagoniamadryn.com.ar\/?p=14120"},"wordCount":205,"publisher":{"@id":"https:\/\/fmpatagoniamadryn.com.ar\/#organization"},"image":{"@id":"https:\/\/fmpatagoniamadryn.com.ar\/?p=14120#primaryimage"},"thumbnailUrl":"https:\/\/fmpatagoniamadryn.com.ar\/wp-content\/uploads\/2024\/12\/57e4bb3b-97a0-465b-9338-f1a69f0189d2-scaled.jpeg","articleSection":["Locales"],"inLanguage":"es"},{"@type":"WebPage","@id":"https:\/\/fmpatagoniamadryn.com.ar\/?p=14120","url":"https:\/\/fmpatagoniamadryn.com.ar\/?p=14120","name":"SASTRE PARTICIP\u00d3 DE LA PRESENTACI\u00d3N DE LA SUBZONA FRANCA DE TRELEW - FM Patagonia Madryn","isPartOf":{"@id":"https:\/\/fmpatagoniamadryn.com.ar\/#website"},"primaryImageOfPage":{"@id":"https:\/\/fmpatagoniamadryn.com.ar\/?p=14120#primaryimage"},"image":{"@id":"https:\/\/fmpatagoniamadryn.com.ar\/?p=14120#primaryimage"},"thumbnailUrl":"https:\/\/fmpatagoniamadryn.com.ar\/wp-content\/uploads\/2024\/12\/57e4bb3b-97a0-465b-9338-f1a69f0189d2-scaled.jpeg","datePublished":"2024-12-20T16:28:25+00:00","dateModified":"2024-12-20T16:28:34+00:00","breadcrumb":{"@id":"https:\/\/fmpatagoniamadryn.com.ar\/?p=14120#breadcrumb"},"inLanguage":"es","potentialAction":[{"@type":"ReadAction","target":["https:\/\/fmpatagoniamadryn.com.ar\/?p=14120"]}]},{"@type":"ImageObject","inLanguage":"es","@id":"https:\/\/fmpatagoniamadryn.com.ar\/?p=14120#primaryimage","url":"https:\/\/fmpatagoniamadryn.com.ar\/wp-content\/uploads\/2024\/12\/57e4bb3b-97a0-465b-9338-f1a69f0189d2-scaled.jpeg","contentUrl":"https:\/\/fmpatagoniamadryn.com.ar\/wp-content\/uploads\/2024\/12\/57e4bb3b-97a0-465b-9338-f1a69f0189d2-scaled.jpeg","width":2560,"height":1599},{"@type":"BreadcrumbList","@id":"https:\/\/fmpatagoniamadryn.com.ar\/?p=14120#breadcrumb","itemListElement":[{"@type":"ListItem","position":1,"name":"Portada","item":"https:\/\/fmpatagoniamadryn.com.ar\/"},{"@type":"ListItem","position":2,"name":"SASTRE PARTICIP\u00d3 DE LA PRESENTACI\u00d3N DE LA SUBZONA FRANCA DE TRELEW"}]},{"@type":"WebSite","@id":"https:\/\/fmpatagoniamadryn.com.ar\/#website","url":"https:\/\/fmpatagoniamadryn.com.ar\/","name":"FM Patagonia Madryn","description":"Radio Patagonia 105.5","publisher":{"@id":"https:\/\/fmpatagoniamadryn.com.ar\/#organization"},"potentialAction":[{"@type":"SearchAction","target":{"@type":"EntryPoint","urlTemplate":"https:\/\/fmpatagoniamadryn.com.ar\/?s={search_term_string}"},"query-input":{"@type":"PropertyValueSpecification","valueRequired":true,"valueName":"search_term_string"}}],"inLanguage":"es"},{"@type":"Organization","@id":"https:\/\/fmpatagoniamadryn.com.ar\/#organization","name":"FM Patagonia Madryn","url":"https:\/\/fmpatagoniamadryn.com.ar\/","logo":{"@type":"ImageObject","inLanguage":"es","@id":"https:\/\/fmpatagoniamadryn.com.ar\/#\/schema\/logo\/image\/","url":"https:\/\/fmpatagoniamadryn.com.ar\/wp-content\/uploads\/2023\/01\/cropped-Diseno-sin-titulo.png","contentUrl":"https:\/\/fmpatagoniamadryn.com.ar\/wp-content\/uploads\/2023\/01\/cropped-Diseno-sin-titulo.png","width":6911,"height":2657,"caption":"FM Patagonia Madryn"},"image":{"@id":"https:\/\/fmpatagoniamadryn.com.ar\/#\/schema\/logo\/image\/"}},{"@type":"Person","@id":"https:\/\/fmpatagoniamadryn.com.ar\/#\/schema\/person\/8a3de4ad7efceacab06c1641c50303b7","name":"FM Patagonia","url":"https:\/\/fmpatagoniamadryn.com.ar\/?author=2"}]}},"jetpack_featured_media_url":"https:\/\/fmpatagoniamadryn.com.ar\/wp-content\/uploads\/2024\/12\/57e4bb3b-97a0-465b-9338-f1a69f0189d2-scaled.jpeg","_links":{"self":[{"href":"https:\/\/fmpatagoniamadryn.com.ar\/index.php?rest_route=\/wp\/v2\/posts\/14120","targetHints":{"allow":["GET"]}}],"collection":[{"href":"https:\/\/fmpatagoniamadryn.com.ar\/index.php?rest_route=\/wp\/v2\/posts"}],"about":[{"href":"https:\/\/fmpatagoniamadryn.com.ar\/index.php?rest_route=\/wp\/v2\/types\/post"}],"author":[{"embeddable":true,"href":"https:\/\/fmpatagoniamadryn.com.ar\/index.php?rest_route=\/wp\/v2\/users\/2"}],"replies":[{"embeddable":true,"href":"https:\/\/fmpatagoniamadryn.com.ar\/index.php?rest_route=%2Fwp%2Fv2%2Fcomments&post=14120"}],"version-history":[{"count":1,"href":"https:\/\/fmpatagoniamadryn.com.ar\/index.php?rest_route=\/wp\/v2\/posts\/14120\/revisions"}],"predecessor-version":[{"id":14121,"href":"https:\/\/fmpatagoniamadryn.com.ar\/index.php?rest_route=\/wp\/v2\/posts\/14120\/revisions\/14121"}],"wp:featuredmedia":[{"embeddable":true,"href":"https:\/\/fmpatagoniamadryn.com.ar\/index.php?rest_route=\/wp\/v2\/media\/14119"}],"wp:attachment":[{"href":"https:\/\/fmpatagoniamadryn.com.ar\/index.php?rest_route=%2Fwp%2Fv2%2Fmedia&parent=14120"}],"wp:term":[{"taxonomy":"category","embeddable":true,"href":"https:\/\/fmpatagoniamadryn.com.ar\/index.php?rest_route=%2Fwp%2Fv2%2Fcategories&post=14120"},{"taxonomy":"post_tag","embeddable":true,"href":"https:\/\/fmpatagoniamadryn.com.ar\/index.php?rest_route=%2Fwp%2Fv2%2Ftags&post=14120"}],"curies":[{"name":"wp","href":"https:\/\/api.w.org\/{rel}","templated":true}]}}