{"id":14126,"date":"2024-12-20T16:44:52","date_gmt":"2024-12-20T19:44:52","guid":{"rendered":"https:\/\/fmpatagoniamadryn.com.ar\/?p=14126"},"modified":"2024-12-20T16:45:11","modified_gmt":"2024-12-20T19:45:11","slug":"torres-presento-en-trelew-la-sub-zona-franca-mas-grande-del-pais-y-aseguro-que-generara-un-circulo-virtuoso-con-inversiones-y-nuevos-puestos-de-trabajo","status":"publish","type":"post","link":"https:\/\/fmpatagoniamadryn.com.ar\/?p=14126","title":{"rendered":"<br>Torres present\u00f3 en Trelew la Sub Zona Franca m\u00e1s grande del pa\u00eds y asegur\u00f3 que generar\u00e1 \u00abun c\u00edrculo virtuoso con inversiones y nuevos puestos de trabajo\u00bb"},"content":{"rendered":"\n<p><br><br> <br><br>El titular del Ejecutivo provincial puso en valor los beneficios que la zona de libre comercio traer\u00e1 a la ciudad, la provincia y la regi\u00f3n, sentando as\u00ed las bases para la constituci\u00f3n de un punto clave en materia de comercio exterior, potenciando las exportaciones y fortaleciendo el desarrollo econ\u00f3mico y productivo de Chubut. \u00abA partir de hoy, m\u00e1s all\u00e1 de contar con una ventaja comparativa fiscal, hay un cambio de cultura que va a traer nuevas inversiones\u201d, sostuvo.<br><br> <br><br>El gobernador de Chubut, Ignacio \u00abNacho\u00bb Torres, present\u00f3 este jueves la Sub Zona Franca de Trelew, en un multitudinario acto que se desarroll\u00f3 en las instalaciones de la empresa Unilan Trelew S.A. de dicha localidad. Acompa\u00f1aron al titular del Ejecutivo provincial, el intendente local Gerardo Merino; los intendentes de Rawson, Dami\u00e1n Biss, de Puerto Madryn, Gustavo Sastre, y de Gaiman, Dar\u00edo James; el ministro de Econom\u00eda, Andr\u00e9s Meiszner; el secretario Coordinador de Gabinete, Guillermo Aranda; el gerente de Unilan Trelew S.A., Patricio Dapremont; funcionarios de los gabinetes Provincial y Municipal; autoridades de la C\u00e1mara de Industria y Comercio del Este del Chubut (CICECh); la diputada nacional Ana Clara Romero; la senadora nacional Edith Terenzi; el presidente de la Federaci\u00f3n Empresaria del Chubut (FECh), Carlos Lorenzo; representantes de instituciones y organizaciones intermedias, y sindicatos, entre ellos la Uni\u00f3n de Obreros de la Construcci\u00f3n de la Rep\u00fablica Argentina (UOCRA).<br><br> <br><br>\u00abUn hito hist\u00f3rico\u00bb<br><br> <br><br>Tras la presentaci\u00f3n de un video institucional, Torres sostuvo que \u00abla Sub Zona Franca es el fruto de un minucioso estudio t\u00e9cnico y del an\u00e1lisis de la situaci\u00f3n productiva, social y econ\u00f3mica de la ciudad de Trelew\u00bb y record\u00f3 que \u00abuno de los problemas que surgi\u00f3 fue que no pod\u00eda haber dos zonas francas en una provincia, pero le hicimos entender al Gobierno Nacional que esto no solamente iba a ser beneficioso para la provincia, sino tambi\u00e9n para el pa\u00eds\u00bb.<br><br> <br><br>\u00abOrganizamos reuniones, armamos un equipo y una estrategia junto a representantes de los trabajadores, de los puertos de la provincia y de las c\u00e1maras de comercio, y logramos un hito hist\u00f3rico\u00bb, agreg\u00f3 el mandatario provincial.<br><br> <br><br>\u00abAgregando valor a nuestros recursos podemos exportar y generar divisas para que el pa\u00eds pueda salir del &#8216;cepo&#8217; y que se termine de consolidar un ordenamiento macroecon\u00f3mico, pero lo m\u00e1s importante de todo es que la Sub Zona Franca va a generar m\u00e1s y mejor trabajo, lo que dignifica a cualquier pueblo y sociedad, haci\u00e9ndolos crecer\u00bb, mencion\u00f3 Torres.<br><br> <br><br>\u00abA partir de hoy, m\u00e1s all\u00e1 de contar con una ventaja comparativa fiscal, el hecho de que las empresas est\u00e9n dispuestas a invertir muestra que hay un cambio de cultura que no depende de un decreto, sino de todos nosotros que entendemos que, trabajando espalda con espalda, le vamos a mostrar al resto del pa\u00eds que podemos generar muchas m\u00e1s divisas que las que actualmente Chubut le genera a la Rep\u00fablica Argentina\u00bb, puntualiz\u00f3 el Gobernador, asegurando que \u00abeste pueblo va a volver a ser lo que alguna vez fue, y para siempre, sin depender del gobierno de turno\u00bb.<br><br> <br><br>La zona de libre comercio \u00abes una cadena que genera un c\u00edrculo virtuoso de trabajo, dinamizando la econom\u00eda\u00bb, apunt\u00f3 el titular del Ejecutivo provincial, y concluy\u00f3: \u00abCreo en la fuerza de los trabajadores, de la industria y de nuestra gente, que tiene todo para que Chubut vuelva a ser esa provincia pujante y que, de ahora en m\u00e1s, nadie nos haga dar un paso atr\u00e1s\u00bb.<br><br> <br><br>\u00abIncansables gestiones\u00bb<br><br> <br><br>A su turno, el intendente Gerardo Merino destac\u00f3 que \u00abesta gran foto de hoy ser\u00e1 parte de la historia y del futuro de Trelew y la regi\u00f3n\u00bb, sumando a ello que la Sub Zona Franca \u00abtambi\u00e9n beneficiar\u00e1 a las dem\u00e1s ciudades de nuestra provincia\u00bb.<br><br> <br><br>\u00abEl mayor desaf\u00edo de la ciudad era generar fuentes de trabajo, por eso quiero agradecer p\u00fablicamente a nuestro Gobernador, quien ha hecho incansables gestiones y esfuerzos durante todo el a\u00f1o para que esta sub zona sea posible en Trelew\u00bb, expres\u00f3.<br><br> <br><br>La implementaci\u00f3n de la Sub Zona Franca de Trelew representa un cambio significativo para la econom\u00eda de la ciudad y de la regi\u00f3n, ya que implicar\u00e1 un movimiento industrial, comercial y <br><br>econ\u00f3mico de gran impacto para la provincia.<br><br> <br><br>La zona de libre comercio incluye 165 hect\u00e1reas en el ex Parque Industrial de Trelew, espacio que estar\u00e1 destinado a actividades de industrializaci\u00f3n y servicios con valor agregado.<br><br> <br><br>La Sub Zona apunta a fomentar actividades en sectores como la pesca, la lana y las cerezas, y tambi\u00e9n sentar\u00e1 las bases para nuevas inversores en metalmec\u00e1nica, textiles y alimentos. Adem\u00e1s, la actual sub zona se vincula con la Zona Franca de Comodoro Rivadavia. Ambos espacios funcionar\u00e1n de manera complementaria, potenciando la integraci\u00f3n industrial de la regi\u00f3n.<br><br> <br><br>El puerto de Rawson, como as\u00ed tambi\u00e9n las plantas pesqueras, podr\u00e1n agregar valor a sus productos, lo que promover\u00e1 la exportaci\u00f3n de mercanc\u00edas listas para el consumo directo.<br><br>La localidad de Puerto Madryn tambi\u00e9n se beneficiar\u00e1, al convertirse en un punto clave para la exportaci\u00f3n, aportando a la consolidaci\u00f3n regional de un perfil productivo y log\u00edstico.<br><br> <br><br>A partir de la implementaci\u00f3n de la Sub Zona Franca, las exportaciones desde Trelew podr\u00e1n llegar a mercados internacionales con mayor facilidad, potenciando la competitividad de los productos chubutenses, y consolidando a la regi\u00f3n como un polo industrial de referencia, en donde la integraci\u00f3n de procesos ser\u00e1 clave para el \u00e9xito y el desarrollo de la econom\u00eda<\/p>\n","protected":false},"excerpt":{"rendered":"<p>El titular del Ejecutivo provincial puso en valor los beneficios que la zona de libre comercio traer\u00e1 a la ciudad, la provincia y la regi\u00f3n, sentando as\u00ed las bases para&hellip; <\/p>\n","protected":false},"author":2,"featured_media":14125,"comment_status":"closed","ping_status":"closed","sticky":false,"template":"","format":"standard","meta":{"footnotes":""},"categories":[14],"tags":[],"class_list":["post-14126","post","type-post","status-publish","format-standard","has-post-thumbnail","hentry","category-provinciales"],"yoast_head":"<!-- This site is optimized with the Yoast SEO plugin v27.5 - https:\/\/yoast.com\/product\/yoast-seo-wordpress\/ -->\n<title>Torres present\u00f3 en Trelew la Sub Zona Franca m\u00e1s grande del pa\u00eds y asegur\u00f3 que generar\u00e1 &quot;un c\u00edrculo virtuoso con inversiones y nuevos puestos de trabajo&quot; - FM Patagonia Madryn<\/title>\n<meta name=\"robots\" content=\"index, follow, max-snippet:-1, max-image-preview:large, max-video-preview:-1\" \/>\n<link rel=\"canonical\" href=\"https:\/\/fmpatagoniamadryn.com.ar\/?p=14126\" \/>\n<meta property=\"og:locale\" content=\"es_ES\" \/>\n<meta property=\"og:type\" content=\"article\" \/>\n<meta property=\"og:title\" content=\"Torres present\u00f3 en Trelew la Sub Zona Franca m\u00e1s grande del pa\u00eds y asegur\u00f3 que generar\u00e1 &quot;un c\u00edrculo virtuoso con inversiones y nuevos puestos de trabajo&quot; - FM Patagonia Madryn\" \/>\n<meta property=\"og:description\" content=\"El titular del Ejecutivo provincial puso en valor los beneficios que la zona de libre comercio traer\u00e1 a la ciudad, la provincia y la regi\u00f3n, sentando as\u00ed las bases para&hellip;\" \/>\n<meta property=\"og:url\" content=\"https:\/\/fmpatagoniamadryn.com.ar\/?p=14126\" \/>\n<meta property=\"og:site_name\" content=\"FM Patagonia Madryn\" \/>\n<meta property=\"article:published_time\" content=\"2024-12-20T19:44:52+00:00\" \/>\n<meta property=\"article:modified_time\" content=\"2024-12-20T19:45:11+00:00\" \/>\n<meta property=\"og:image\" content=\"https:\/\/fmpatagoniamadryn.com.ar\/wp-content\/uploads\/2024\/12\/franca1-scaled.jpg\" \/>\n\t<meta property=\"og:image:width\" content=\"2560\" \/>\n\t<meta property=\"og:image:height\" content=\"1440\" \/>\n\t<meta property=\"og:image:type\" content=\"image\/jpeg\" \/>\n<meta name=\"author\" content=\"FM Patagonia\" \/>\n<meta name=\"twitter:card\" content=\"summary_large_image\" \/>\n<meta name=\"twitter:label1\" content=\"Escrito por\" \/>\n\t<meta name=\"twitter:data1\" content=\"FM Patagonia\" \/>\n\t<meta name=\"twitter:label2\" content=\"Tiempo de lectura\" \/>\n\t<meta name=\"twitter:data2\" content=\"5 minutos\" \/>\n<script type=\"application\/ld+json\" class=\"yoast-schema-graph\">{\"@context\":\"https:\\\/\\\/schema.org\",\"@graph\":[{\"@type\":\"Article\",\"@id\":\"https:\\\/\\\/fmpatagoniamadryn.com.ar\\\/?p=14126#article\",\"isPartOf\":{\"@id\":\"https:\\\/\\\/fmpatagoniamadryn.com.ar\\\/?p=14126\"},\"author\":{\"name\":\"FM Patagonia\",\"@id\":\"https:\\\/\\\/fmpatagoniamadryn.com.ar\\\/#\\\/schema\\\/person\\\/8a3de4ad7efceacab06c1641c50303b7\"},\"headline\":\"Torres present\u00f3 en Trelew la Sub Zona Franca m\u00e1s grande del pa\u00eds y asegur\u00f3 que generar\u00e1 \u00abun c\u00edrculo virtuoso con inversiones y nuevos puestos de trabajo\u00bb\",\"datePublished\":\"2024-12-20T19:44:52+00:00\",\"dateModified\":\"2024-12-20T19:45:11+00:00\",\"mainEntityOfPage\":{\"@id\":\"https:\\\/\\\/fmpatagoniamadryn.com.ar\\\/?p=14126\"},\"wordCount\":986,\"publisher\":{\"@id\":\"https:\\\/\\\/fmpatagoniamadryn.com.ar\\\/#organization\"},\"image\":{\"@id\":\"https:\\\/\\\/fmpatagoniamadryn.com.ar\\\/?p=14126#primaryimage\"},\"thumbnailUrl\":\"https:\\\/\\\/fmpatagoniamadryn.com.ar\\\/wp-content\\\/uploads\\\/2024\\\/12\\\/franca1-scaled.jpg\",\"articleSection\":[\"Provinciales\"],\"inLanguage\":\"es\"},{\"@type\":\"WebPage\",\"@id\":\"https:\\\/\\\/fmpatagoniamadryn.com.ar\\\/?p=14126\",\"url\":\"https:\\\/\\\/fmpatagoniamadryn.com.ar\\\/?p=14126\",\"name\":\"Torres present\u00f3 en Trelew la Sub Zona Franca m\u00e1s grande del pa\u00eds y asegur\u00f3 que generar\u00e1 \\\"un c\u00edrculo virtuoso con inversiones y nuevos puestos de trabajo\\\" - FM Patagonia Madryn\",\"isPartOf\":{\"@id\":\"https:\\\/\\\/fmpatagoniamadryn.com.ar\\\/#website\"},\"primaryImageOfPage\":{\"@id\":\"https:\\\/\\\/fmpatagoniamadryn.com.ar\\\/?p=14126#primaryimage\"},\"image\":{\"@id\":\"https:\\\/\\\/fmpatagoniamadryn.com.ar\\\/?p=14126#primaryimage\"},\"thumbnailUrl\":\"https:\\\/\\\/fmpatagoniamadryn.com.ar\\\/wp-content\\\/uploads\\\/2024\\\/12\\\/franca1-scaled.jpg\",\"datePublished\":\"2024-12-20T19:44:52+00:00\",\"dateModified\":\"2024-12-20T19:45:11+00:00\",\"breadcrumb\":{\"@id\":\"https:\\\/\\\/fmpatagoniamadryn.com.ar\\\/?p=14126#breadcrumb\"},\"inLanguage\":\"es\",\"potentialAction\":[{\"@type\":\"ReadAction\",\"target\":[\"https:\\\/\\\/fmpatagoniamadryn.com.ar\\\/?p=14126\"]}]},{\"@type\":\"ImageObject\",\"inLanguage\":\"es\",\"@id\":\"https:\\\/\\\/fmpatagoniamadryn.com.ar\\\/?p=14126#primaryimage\",\"url\":\"https:\\\/\\\/fmpatagoniamadryn.com.ar\\\/wp-content\\\/uploads\\\/2024\\\/12\\\/franca1-scaled.jpg\",\"contentUrl\":\"https:\\\/\\\/fmpatagoniamadryn.com.ar\\\/wp-content\\\/uploads\\\/2024\\\/12\\\/franca1-scaled.jpg\",\"width\":2560,\"height\":1440},{\"@type\":\"BreadcrumbList\",\"@id\":\"https:\\\/\\\/fmpatagoniamadryn.com.ar\\\/?p=14126#breadcrumb\",\"itemListElement\":[{\"@type\":\"ListItem\",\"position\":1,\"name\":\"Portada\",\"item\":\"https:\\\/\\\/fmpatagoniamadryn.com.ar\\\/\"},{\"@type\":\"ListItem\",\"position\":2,\"name\":\"Torres present\u00f3 en Trelew la Sub Zona Franca m\u00e1s grande del pa\u00eds y asegur\u00f3 que generar\u00e1 \u00abun c\u00edrculo virtuoso con inversiones y nuevos puestos de trabajo\u00bb\"}]},{\"@type\":\"WebSite\",\"@id\":\"https:\\\/\\\/fmpatagoniamadryn.com.ar\\\/#website\",\"url\":\"https:\\\/\\\/fmpatagoniamadryn.com.ar\\\/\",\"name\":\"FM Patagonia Madryn\",\"description\":\"Radio Patagonia 105.5\",\"publisher\":{\"@id\":\"https:\\\/\\\/fmpatagoniamadryn.com.ar\\\/#organization\"},\"potentialAction\":[{\"@type\":\"SearchAction\",\"target\":{\"@type\":\"EntryPoint\",\"urlTemplate\":\"https:\\\/\\\/fmpatagoniamadryn.com.ar\\\/?s={search_term_string}\"},\"query-input\":{\"@type\":\"PropertyValueSpecification\",\"valueRequired\":true,\"valueName\":\"search_term_string\"}}],\"inLanguage\":\"es\"},{\"@type\":\"Organization\",\"@id\":\"https:\\\/\\\/fmpatagoniamadryn.com.ar\\\/#organization\",\"name\":\"FM Patagonia Madryn\",\"url\":\"https:\\\/\\\/fmpatagoniamadryn.com.ar\\\/\",\"logo\":{\"@type\":\"ImageObject\",\"inLanguage\":\"es\",\"@id\":\"https:\\\/\\\/fmpatagoniamadryn.com.ar\\\/#\\\/schema\\\/logo\\\/image\\\/\",\"url\":\"https:\\\/\\\/fmpatagoniamadryn.com.ar\\\/wp-content\\\/uploads\\\/2023\\\/01\\\/cropped-Diseno-sin-titulo.png\",\"contentUrl\":\"https:\\\/\\\/fmpatagoniamadryn.com.ar\\\/wp-content\\\/uploads\\\/2023\\\/01\\\/cropped-Diseno-sin-titulo.png\",\"width\":6911,\"height\":2657,\"caption\":\"FM Patagonia Madryn\"},\"image\":{\"@id\":\"https:\\\/\\\/fmpatagoniamadryn.com.ar\\\/#\\\/schema\\\/logo\\\/image\\\/\"}},{\"@type\":\"Person\",\"@id\":\"https:\\\/\\\/fmpatagoniamadryn.com.ar\\\/#\\\/schema\\\/person\\\/8a3de4ad7efceacab06c1641c50303b7\",\"name\":\"FM Patagonia\",\"url\":\"https:\\\/\\\/fmpatagoniamadryn.com.ar\\\/?author=2\"}]}<\/script>\n<!-- \/ Yoast SEO plugin. -->","yoast_head_json":{"title":"Torres present\u00f3 en Trelew la Sub Zona Franca m\u00e1s grande del pa\u00eds y asegur\u00f3 que generar\u00e1 \"un c\u00edrculo virtuoso con inversiones y nuevos puestos de trabajo\" - FM Patagonia Madryn","robots":{"index":"index","follow":"follow","max-snippet":"max-snippet:-1","max-image-preview":"max-image-preview:large","max-video-preview":"max-video-preview:-1"},"canonical":"https:\/\/fmpatagoniamadryn.com.ar\/?p=14126","og_locale":"es_ES","og_type":"article","og_title":"Torres present\u00f3 en Trelew la Sub Zona Franca m\u00e1s grande del pa\u00eds y asegur\u00f3 que generar\u00e1 \"un c\u00edrculo virtuoso con inversiones y nuevos puestos de trabajo\" - FM Patagonia Madryn","og_description":"El titular del Ejecutivo provincial puso en valor los beneficios que la zona de libre comercio traer\u00e1 a la ciudad, la provincia y la regi\u00f3n, sentando as\u00ed las bases para&hellip;","og_url":"https:\/\/fmpatagoniamadryn.com.ar\/?p=14126","og_site_name":"FM Patagonia Madryn","article_published_time":"2024-12-20T19:44:52+00:00","article_modified_time":"2024-12-20T19:45:11+00:00","og_image":[{"width":2560,"height":1440,"url":"https:\/\/fmpatagoniamadryn.com.ar\/wp-content\/uploads\/2024\/12\/franca1-scaled.jpg","type":"image\/jpeg"}],"author":"FM Patagonia","twitter_card":"summary_large_image","twitter_misc":{"Escrito por":"FM Patagonia","Tiempo de lectura":"5 minutos"},"schema":{"@context":"https:\/\/schema.org","@graph":[{"@type":"Article","@id":"https:\/\/fmpatagoniamadryn.com.ar\/?p=14126#article","isPartOf":{"@id":"https:\/\/fmpatagoniamadryn.com.ar\/?p=14126"},"author":{"name":"FM Patagonia","@id":"https:\/\/fmpatagoniamadryn.com.ar\/#\/schema\/person\/8a3de4ad7efceacab06c1641c50303b7"},"headline":"Torres present\u00f3 en Trelew la Sub Zona Franca m\u00e1s grande del pa\u00eds y asegur\u00f3 que generar\u00e1 \u00abun c\u00edrculo virtuoso con inversiones y nuevos puestos de trabajo\u00bb","datePublished":"2024-12-20T19:44:52+00:00","dateModified":"2024-12-20T19:45:11+00:00","mainEntityOfPage":{"@id":"https:\/\/fmpatagoniamadryn.com.ar\/?p=14126"},"wordCount":986,"publisher":{"@id":"https:\/\/fmpatagoniamadryn.com.ar\/#organization"},"image":{"@id":"https:\/\/fmpatagoniamadryn.com.ar\/?p=14126#primaryimage"},"thumbnailUrl":"https:\/\/fmpatagoniamadryn.com.ar\/wp-content\/uploads\/2024\/12\/franca1-scaled.jpg","articleSection":["Provinciales"],"inLanguage":"es"},{"@type":"WebPage","@id":"https:\/\/fmpatagoniamadryn.com.ar\/?p=14126","url":"https:\/\/fmpatagoniamadryn.com.ar\/?p=14126","name":"Torres present\u00f3 en Trelew la Sub Zona Franca m\u00e1s grande del pa\u00eds y asegur\u00f3 que generar\u00e1 \"un c\u00edrculo virtuoso con inversiones y nuevos puestos de trabajo\" - FM Patagonia Madryn","isPartOf":{"@id":"https:\/\/fmpatagoniamadryn.com.ar\/#website"},"primaryImageOfPage":{"@id":"https:\/\/fmpatagoniamadryn.com.ar\/?p=14126#primaryimage"},"image":{"@id":"https:\/\/fmpatagoniamadryn.com.ar\/?p=14126#primaryimage"},"thumbnailUrl":"https:\/\/fmpatagoniamadryn.com.ar\/wp-content\/uploads\/2024\/12\/franca1-scaled.jpg","datePublished":"2024-12-20T19:44:52+00:00","dateModified":"2024-12-20T19:45:11+00:00","breadcrumb":{"@id":"https:\/\/fmpatagoniamadryn.com.ar\/?p=14126#breadcrumb"},"inLanguage":"es","potentialAction":[{"@type":"ReadAction","target":["https:\/\/fmpatagoniamadryn.com.ar\/?p=14126"]}]},{"@type":"ImageObject","inLanguage":"es","@id":"https:\/\/fmpatagoniamadryn.com.ar\/?p=14126#primaryimage","url":"https:\/\/fmpatagoniamadryn.com.ar\/wp-content\/uploads\/2024\/12\/franca1-scaled.jpg","contentUrl":"https:\/\/fmpatagoniamadryn.com.ar\/wp-content\/uploads\/2024\/12\/franca1-scaled.jpg","width":2560,"height":1440},{"@type":"BreadcrumbList","@id":"https:\/\/fmpatagoniamadryn.com.ar\/?p=14126#breadcrumb","itemListElement":[{"@type":"ListItem","position":1,"name":"Portada","item":"https:\/\/fmpatagoniamadryn.com.ar\/"},{"@type":"ListItem","position":2,"name":"Torres present\u00f3 en Trelew la Sub Zona Franca m\u00e1s grande del pa\u00eds y asegur\u00f3 que generar\u00e1 \u00abun c\u00edrculo virtuoso con inversiones y nuevos puestos de trabajo\u00bb"}]},{"@type":"WebSite","@id":"https:\/\/fmpatagoniamadryn.com.ar\/#website","url":"https:\/\/fmpatagoniamadryn.com.ar\/","name":"FM Patagonia Madryn","description":"Radio Patagonia 105.5","publisher":{"@id":"https:\/\/fmpatagoniamadryn.com.ar\/#organization"},"potentialAction":[{"@type":"SearchAction","target":{"@type":"EntryPoint","urlTemplate":"https:\/\/fmpatagoniamadryn.com.ar\/?s={search_term_string}"},"query-input":{"@type":"PropertyValueSpecification","valueRequired":true,"valueName":"search_term_string"}}],"inLanguage":"es"},{"@type":"Organization","@id":"https:\/\/fmpatagoniamadryn.com.ar\/#organization","name":"FM Patagonia Madryn","url":"https:\/\/fmpatagoniamadryn.com.ar\/","logo":{"@type":"ImageObject","inLanguage":"es","@id":"https:\/\/fmpatagoniamadryn.com.ar\/#\/schema\/logo\/image\/","url":"https:\/\/fmpatagoniamadryn.com.ar\/wp-content\/uploads\/2023\/01\/cropped-Diseno-sin-titulo.png","contentUrl":"https:\/\/fmpatagoniamadryn.com.ar\/wp-content\/uploads\/2023\/01\/cropped-Diseno-sin-titulo.png","width":6911,"height":2657,"caption":"FM Patagonia Madryn"},"image":{"@id":"https:\/\/fmpatagoniamadryn.com.ar\/#\/schema\/logo\/image\/"}},{"@type":"Person","@id":"https:\/\/fmpatagoniamadryn.com.ar\/#\/schema\/person\/8a3de4ad7efceacab06c1641c50303b7","name":"FM Patagonia","url":"https:\/\/fmpatagoniamadryn.com.ar\/?author=2"}]}},"jetpack_featured_media_url":"https:\/\/fmpatagoniamadryn.com.ar\/wp-content\/uploads\/2024\/12\/franca1-scaled.jpg","_links":{"self":[{"href":"https:\/\/fmpatagoniamadryn.com.ar\/index.php?rest_route=\/wp\/v2\/posts\/14126","targetHints":{"allow":["GET"]}}],"collection":[{"href":"https:\/\/fmpatagoniamadryn.com.ar\/index.php?rest_route=\/wp\/v2\/posts"}],"about":[{"href":"https:\/\/fmpatagoniamadryn.com.ar\/index.php?rest_route=\/wp\/v2\/types\/post"}],"author":[{"embeddable":true,"href":"https:\/\/fmpatagoniamadryn.com.ar\/index.php?rest_route=\/wp\/v2\/users\/2"}],"replies":[{"embeddable":true,"href":"https:\/\/fmpatagoniamadryn.com.ar\/index.php?rest_route=%2Fwp%2Fv2%2Fcomments&post=14126"}],"version-history":[{"count":1,"href":"https:\/\/fmpatagoniamadryn.com.ar\/index.php?rest_route=\/wp\/v2\/posts\/14126\/revisions"}],"predecessor-version":[{"id":14127,"href":"https:\/\/fmpatagoniamadryn.com.ar\/index.php?rest_route=\/wp\/v2\/posts\/14126\/revisions\/14127"}],"wp:featuredmedia":[{"embeddable":true,"href":"https:\/\/fmpatagoniamadryn.com.ar\/index.php?rest_route=\/wp\/v2\/media\/14125"}],"wp:attachment":[{"href":"https:\/\/fmpatagoniamadryn.com.ar\/index.php?rest_route=%2Fwp%2Fv2%2Fmedia&parent=14126"}],"wp:term":[{"taxonomy":"category","embeddable":true,"href":"https:\/\/fmpatagoniamadryn.com.ar\/index.php?rest_route=%2Fwp%2Fv2%2Fcategories&post=14126"},{"taxonomy":"post_tag","embeddable":true,"href":"https:\/\/fmpatagoniamadryn.com.ar\/index.php?rest_route=%2Fwp%2Fv2%2Ftags&post=14126"}],"curies":[{"name":"wp","href":"https:\/\/api.w.org\/{rel}","templated":true}]}}