{"id":14129,"date":"2024-12-20T17:04:31","date_gmt":"2024-12-20T20:04:31","guid":{"rendered":"https:\/\/fmpatagoniamadryn.com.ar\/?p=14129"},"modified":"2024-12-20T17:04:41","modified_gmt":"2024-12-20T20:04:41","slug":"el-deporte-sera-protagonista-durante-el-verano","status":"publish","type":"post","link":"https:\/\/fmpatagoniamadryn.com.ar\/?p=14129","title":{"rendered":"EL DEPORTE SER\u00c1 PROTAGONISTA DURANTE EL VERANO"},"content":{"rendered":"\n<p><br><br>Con actividades para residentes y turistas de todas las edades, habr\u00e1 un calendario repleto de eventos deportivos para esta temporada<br><br><br>La Municipalidad de Puerto Madryn, a trav\u00e9s de la Subsecretar\u00eda de Deportes, invita a la comunidad y a quienes visitan nuestra ciudad a disfrutar de una amplia oferta de eventos deportivos. La m\u00e1s linda se posiciona como un destino imperdible para los amantes de la actividad f\u00edsica.<br><br>Durante enero, los eventos comenzar\u00e1n el 5 con la carrera \u201cCross Reyes del Ca\u00f1ad\u00f3n\u201d; el 6 al 31 se desarrollar\u00e1 la 2da edici\u00f3n de la Academia de Marcelo Richotti en el Club Guillermo Brown y el Campus de b\u00e1squet en la Escuela N\u00b0 750, a cargo de Andr\u00e9s \u201cTati\u201d del Sol; el 18 de enero tendr\u00e1 lugar el Campeonato Madrynense de Aguas Abiertas organizado por Megaciclo y Royo, junto con el Torneo de B\u00e1squet Playa y el Torneo de Beach Tennis los d\u00edas 18 y 19. Para cerrar el mes, el 25 y 26 de enero se llevar\u00e1 a cabo el Festival Acu\u00e1tico \u201cAntonio Torrej\u00f3n\u201d y el 30, 31 de enero y 1 de febrero, la Copa Ciudad de Puerto Madryn de F\u00fatbol Playa.<br><br>En febrero, el calendario continuar\u00e1 con el evento de powerlifting el 8 en Sara Beach, seguido del Triatl\u00f3n \u201cPuerto Madryn Sur\u201d el 9 de febrero. Los d\u00edas 12 y 13 se realizar\u00e1 una concentraci\u00f3n de karate en la playa, mientras que el 15 ser\u00e1 el segundo Campeonato Madrynense de Aguas Abiertas organizado por Megaciclo y Royo. Del 14 al 16 de febrero se celebrar\u00e1n los Juegos Patagonia Arena \u201cCopa Modo Playa\u201d, el 22 tendr\u00e1 lugar la vig\u00e9sima edici\u00f3n de Ragnarok, evento de artes marciales mixtas y el 23 de febrero, el tradicional Natatl\u00f3n Belsito. Para cerrar el mes, del 28 de febrero al 2 de marzo se disputar\u00e1 la Copa de Equitaci\u00f3n en el Club H\u00edpico.<br><br>Finalmente y para cerrar el verano, del 1 al 3 de marzo, se llevar\u00e1n a cabo los Juegos por la Diversidad.<br><br>Estos eventos destacan la variedad de disciplinas que van desde competencias acu\u00e1ticas y deportes de arena hasta artes marciales, triatl\u00f3n y equitaci\u00f3n, consolidando a Puerto Madryn como epicentro de actividades deportivas durante la temporada estival<\/p>\n","protected":false},"excerpt":{"rendered":"<p>Con actividades para residentes y turistas de todas las edades, habr\u00e1 un calendario repleto de eventos deportivos para esta temporada La Municipalidad de Puerto Madryn, a trav\u00e9s de la Subsecretar\u00eda&hellip; <\/p>\n","protected":false},"author":2,"featured_media":14128,"comment_status":"closed","ping_status":"closed","sticky":false,"template":"","format":"standard","meta":{"footnotes":""},"categories":[15],"tags":[],"class_list":["post-14129","post","type-post","status-publish","format-standard","has-post-thumbnail","hentry","category-locales"],"yoast_head":"<!-- This site is optimized with the Yoast SEO plugin v27.5 - https:\/\/yoast.com\/product\/yoast-seo-wordpress\/ -->\n<title>EL DEPORTE SER\u00c1 PROTAGONISTA DURANTE EL VERANO - FM Patagonia Madryn<\/title>\n<meta name=\"robots\" content=\"index, follow, max-snippet:-1, max-image-preview:large, max-video-preview:-1\" \/>\n<link rel=\"canonical\" href=\"https:\/\/fmpatagoniamadryn.com.ar\/?p=14129\" \/>\n<meta property=\"og:locale\" content=\"es_ES\" \/>\n<meta property=\"og:type\" content=\"article\" \/>\n<meta property=\"og:title\" content=\"EL DEPORTE SER\u00c1 PROTAGONISTA DURANTE EL VERANO - FM Patagonia Madryn\" \/>\n<meta property=\"og:description\" content=\"Con actividades para residentes y turistas de todas las edades, habr\u00e1 un calendario repleto de eventos deportivos para esta temporada La Municipalidad de Puerto Madryn, a trav\u00e9s de la Subsecretar\u00eda&hellip;\" \/>\n<meta property=\"og:url\" content=\"https:\/\/fmpatagoniamadryn.com.ar\/?p=14129\" \/>\n<meta property=\"og:site_name\" content=\"FM Patagonia Madryn\" \/>\n<meta property=\"article:published_time\" content=\"2024-12-20T20:04:31+00:00\" \/>\n<meta property=\"article:modified_time\" content=\"2024-12-20T20:04:41+00:00\" \/>\n<meta property=\"og:image\" content=\"https:\/\/fmpatagoniamadryn.com.ar\/wp-content\/uploads\/2024\/12\/272954885_4850198078405088_5236036704801859094_n-1.jpg\" \/>\n\t<meta property=\"og:image:width\" content=\"1024\" \/>\n\t<meta property=\"og:image:height\" content=\"683\" \/>\n\t<meta property=\"og:image:type\" content=\"image\/jpeg\" \/>\n<meta name=\"author\" content=\"FM Patagonia\" \/>\n<meta name=\"twitter:card\" content=\"summary_large_image\" \/>\n<meta name=\"twitter:label1\" content=\"Escrito por\" \/>\n\t<meta name=\"twitter:data1\" content=\"FM Patagonia\" \/>\n\t<meta name=\"twitter:label2\" content=\"Tiempo de lectura\" \/>\n\t<meta name=\"twitter:data2\" content=\"2 minutos\" \/>\n<script type=\"application\/ld+json\" class=\"yoast-schema-graph\">{\"@context\":\"https:\\\/\\\/schema.org\",\"@graph\":[{\"@type\":\"Article\",\"@id\":\"https:\\\/\\\/fmpatagoniamadryn.com.ar\\\/?p=14129#article\",\"isPartOf\":{\"@id\":\"https:\\\/\\\/fmpatagoniamadryn.com.ar\\\/?p=14129\"},\"author\":{\"name\":\"FM Patagonia\",\"@id\":\"https:\\\/\\\/fmpatagoniamadryn.com.ar\\\/#\\\/schema\\\/person\\\/8a3de4ad7efceacab06c1641c50303b7\"},\"headline\":\"EL DEPORTE SER\u00c1 PROTAGONISTA DURANTE EL VERANO\",\"datePublished\":\"2024-12-20T20:04:31+00:00\",\"dateModified\":\"2024-12-20T20:04:41+00:00\",\"mainEntityOfPage\":{\"@id\":\"https:\\\/\\\/fmpatagoniamadryn.com.ar\\\/?p=14129\"},\"wordCount\":373,\"publisher\":{\"@id\":\"https:\\\/\\\/fmpatagoniamadryn.com.ar\\\/#organization\"},\"image\":{\"@id\":\"https:\\\/\\\/fmpatagoniamadryn.com.ar\\\/?p=14129#primaryimage\"},\"thumbnailUrl\":\"https:\\\/\\\/fmpatagoniamadryn.com.ar\\\/wp-content\\\/uploads\\\/2024\\\/12\\\/272954885_4850198078405088_5236036704801859094_n-1.jpg\",\"articleSection\":[\"Locales\"],\"inLanguage\":\"es\"},{\"@type\":\"WebPage\",\"@id\":\"https:\\\/\\\/fmpatagoniamadryn.com.ar\\\/?p=14129\",\"url\":\"https:\\\/\\\/fmpatagoniamadryn.com.ar\\\/?p=14129\",\"name\":\"EL DEPORTE SER\u00c1 PROTAGONISTA DURANTE EL VERANO - FM Patagonia Madryn\",\"isPartOf\":{\"@id\":\"https:\\\/\\\/fmpatagoniamadryn.com.ar\\\/#website\"},\"primaryImageOfPage\":{\"@id\":\"https:\\\/\\\/fmpatagoniamadryn.com.ar\\\/?p=14129#primaryimage\"},\"image\":{\"@id\":\"https:\\\/\\\/fmpatagoniamadryn.com.ar\\\/?p=14129#primaryimage\"},\"thumbnailUrl\":\"https:\\\/\\\/fmpatagoniamadryn.com.ar\\\/wp-content\\\/uploads\\\/2024\\\/12\\\/272954885_4850198078405088_5236036704801859094_n-1.jpg\",\"datePublished\":\"2024-12-20T20:04:31+00:00\",\"dateModified\":\"2024-12-20T20:04:41+00:00\",\"breadcrumb\":{\"@id\":\"https:\\\/\\\/fmpatagoniamadryn.com.ar\\\/?p=14129#breadcrumb\"},\"inLanguage\":\"es\",\"potentialAction\":[{\"@type\":\"ReadAction\",\"target\":[\"https:\\\/\\\/fmpatagoniamadryn.com.ar\\\/?p=14129\"]}]},{\"@type\":\"ImageObject\",\"inLanguage\":\"es\",\"@id\":\"https:\\\/\\\/fmpatagoniamadryn.com.ar\\\/?p=14129#primaryimage\",\"url\":\"https:\\\/\\\/fmpatagoniamadryn.com.ar\\\/wp-content\\\/uploads\\\/2024\\\/12\\\/272954885_4850198078405088_5236036704801859094_n-1.jpg\",\"contentUrl\":\"https:\\\/\\\/fmpatagoniamadryn.com.ar\\\/wp-content\\\/uploads\\\/2024\\\/12\\\/272954885_4850198078405088_5236036704801859094_n-1.jpg\",\"width\":1024,\"height\":683},{\"@type\":\"BreadcrumbList\",\"@id\":\"https:\\\/\\\/fmpatagoniamadryn.com.ar\\\/?p=14129#breadcrumb\",\"itemListElement\":[{\"@type\":\"ListItem\",\"position\":1,\"name\":\"Portada\",\"item\":\"https:\\\/\\\/fmpatagoniamadryn.com.ar\\\/\"},{\"@type\":\"ListItem\",\"position\":2,\"name\":\"EL DEPORTE SER\u00c1 PROTAGONISTA DURANTE EL VERANO\"}]},{\"@type\":\"WebSite\",\"@id\":\"https:\\\/\\\/fmpatagoniamadryn.com.ar\\\/#website\",\"url\":\"https:\\\/\\\/fmpatagoniamadryn.com.ar\\\/\",\"name\":\"FM Patagonia Madryn\",\"description\":\"Radio Patagonia 105.5\",\"publisher\":{\"@id\":\"https:\\\/\\\/fmpatagoniamadryn.com.ar\\\/#organization\"},\"potentialAction\":[{\"@type\":\"SearchAction\",\"target\":{\"@type\":\"EntryPoint\",\"urlTemplate\":\"https:\\\/\\\/fmpatagoniamadryn.com.ar\\\/?s={search_term_string}\"},\"query-input\":{\"@type\":\"PropertyValueSpecification\",\"valueRequired\":true,\"valueName\":\"search_term_string\"}}],\"inLanguage\":\"es\"},{\"@type\":\"Organization\",\"@id\":\"https:\\\/\\\/fmpatagoniamadryn.com.ar\\\/#organization\",\"name\":\"FM Patagonia Madryn\",\"url\":\"https:\\\/\\\/fmpatagoniamadryn.com.ar\\\/\",\"logo\":{\"@type\":\"ImageObject\",\"inLanguage\":\"es\",\"@id\":\"https:\\\/\\\/fmpatagoniamadryn.com.ar\\\/#\\\/schema\\\/logo\\\/image\\\/\",\"url\":\"https:\\\/\\\/fmpatagoniamadryn.com.ar\\\/wp-content\\\/uploads\\\/2023\\\/01\\\/cropped-Diseno-sin-titulo.png\",\"contentUrl\":\"https:\\\/\\\/fmpatagoniamadryn.com.ar\\\/wp-content\\\/uploads\\\/2023\\\/01\\\/cropped-Diseno-sin-titulo.png\",\"width\":6911,\"height\":2657,\"caption\":\"FM Patagonia Madryn\"},\"image\":{\"@id\":\"https:\\\/\\\/fmpatagoniamadryn.com.ar\\\/#\\\/schema\\\/logo\\\/image\\\/\"}},{\"@type\":\"Person\",\"@id\":\"https:\\\/\\\/fmpatagoniamadryn.com.ar\\\/#\\\/schema\\\/person\\\/8a3de4ad7efceacab06c1641c50303b7\",\"name\":\"FM Patagonia\",\"url\":\"https:\\\/\\\/fmpatagoniamadryn.com.ar\\\/?author=2\"}]}<\/script>\n<!-- \/ Yoast SEO plugin. -->","yoast_head_json":{"title":"EL DEPORTE SER\u00c1 PROTAGONISTA DURANTE EL VERANO - FM Patagonia Madryn","robots":{"index":"index","follow":"follow","max-snippet":"max-snippet:-1","max-image-preview":"max-image-preview:large","max-video-preview":"max-video-preview:-1"},"canonical":"https:\/\/fmpatagoniamadryn.com.ar\/?p=14129","og_locale":"es_ES","og_type":"article","og_title":"EL DEPORTE SER\u00c1 PROTAGONISTA DURANTE EL VERANO - FM Patagonia Madryn","og_description":"Con actividades para residentes y turistas de todas las edades, habr\u00e1 un calendario repleto de eventos deportivos para esta temporada La Municipalidad de Puerto Madryn, a trav\u00e9s de la Subsecretar\u00eda&hellip;","og_url":"https:\/\/fmpatagoniamadryn.com.ar\/?p=14129","og_site_name":"FM Patagonia Madryn","article_published_time":"2024-12-20T20:04:31+00:00","article_modified_time":"2024-12-20T20:04:41+00:00","og_image":[{"width":1024,"height":683,"url":"https:\/\/fmpatagoniamadryn.com.ar\/wp-content\/uploads\/2024\/12\/272954885_4850198078405088_5236036704801859094_n-1.jpg","type":"image\/jpeg"}],"author":"FM Patagonia","twitter_card":"summary_large_image","twitter_misc":{"Escrito por":"FM Patagonia","Tiempo de lectura":"2 minutos"},"schema":{"@context":"https:\/\/schema.org","@graph":[{"@type":"Article","@id":"https:\/\/fmpatagoniamadryn.com.ar\/?p=14129#article","isPartOf":{"@id":"https:\/\/fmpatagoniamadryn.com.ar\/?p=14129"},"author":{"name":"FM Patagonia","@id":"https:\/\/fmpatagoniamadryn.com.ar\/#\/schema\/person\/8a3de4ad7efceacab06c1641c50303b7"},"headline":"EL DEPORTE SER\u00c1 PROTAGONISTA DURANTE EL VERANO","datePublished":"2024-12-20T20:04:31+00:00","dateModified":"2024-12-20T20:04:41+00:00","mainEntityOfPage":{"@id":"https:\/\/fmpatagoniamadryn.com.ar\/?p=14129"},"wordCount":373,"publisher":{"@id":"https:\/\/fmpatagoniamadryn.com.ar\/#organization"},"image":{"@id":"https:\/\/fmpatagoniamadryn.com.ar\/?p=14129#primaryimage"},"thumbnailUrl":"https:\/\/fmpatagoniamadryn.com.ar\/wp-content\/uploads\/2024\/12\/272954885_4850198078405088_5236036704801859094_n-1.jpg","articleSection":["Locales"],"inLanguage":"es"},{"@type":"WebPage","@id":"https:\/\/fmpatagoniamadryn.com.ar\/?p=14129","url":"https:\/\/fmpatagoniamadryn.com.ar\/?p=14129","name":"EL DEPORTE SER\u00c1 PROTAGONISTA DURANTE EL VERANO - FM Patagonia Madryn","isPartOf":{"@id":"https:\/\/fmpatagoniamadryn.com.ar\/#website"},"primaryImageOfPage":{"@id":"https:\/\/fmpatagoniamadryn.com.ar\/?p=14129#primaryimage"},"image":{"@id":"https:\/\/fmpatagoniamadryn.com.ar\/?p=14129#primaryimage"},"thumbnailUrl":"https:\/\/fmpatagoniamadryn.com.ar\/wp-content\/uploads\/2024\/12\/272954885_4850198078405088_5236036704801859094_n-1.jpg","datePublished":"2024-12-20T20:04:31+00:00","dateModified":"2024-12-20T20:04:41+00:00","breadcrumb":{"@id":"https:\/\/fmpatagoniamadryn.com.ar\/?p=14129#breadcrumb"},"inLanguage":"es","potentialAction":[{"@type":"ReadAction","target":["https:\/\/fmpatagoniamadryn.com.ar\/?p=14129"]}]},{"@type":"ImageObject","inLanguage":"es","@id":"https:\/\/fmpatagoniamadryn.com.ar\/?p=14129#primaryimage","url":"https:\/\/fmpatagoniamadryn.com.ar\/wp-content\/uploads\/2024\/12\/272954885_4850198078405088_5236036704801859094_n-1.jpg","contentUrl":"https:\/\/fmpatagoniamadryn.com.ar\/wp-content\/uploads\/2024\/12\/272954885_4850198078405088_5236036704801859094_n-1.jpg","width":1024,"height":683},{"@type":"BreadcrumbList","@id":"https:\/\/fmpatagoniamadryn.com.ar\/?p=14129#breadcrumb","itemListElement":[{"@type":"ListItem","position":1,"name":"Portada","item":"https:\/\/fmpatagoniamadryn.com.ar\/"},{"@type":"ListItem","position":2,"name":"EL DEPORTE SER\u00c1 PROTAGONISTA DURANTE EL VERANO"}]},{"@type":"WebSite","@id":"https:\/\/fmpatagoniamadryn.com.ar\/#website","url":"https:\/\/fmpatagoniamadryn.com.ar\/","name":"FM Patagonia Madryn","description":"Radio Patagonia 105.5","publisher":{"@id":"https:\/\/fmpatagoniamadryn.com.ar\/#organization"},"potentialAction":[{"@type":"SearchAction","target":{"@type":"EntryPoint","urlTemplate":"https:\/\/fmpatagoniamadryn.com.ar\/?s={search_term_string}"},"query-input":{"@type":"PropertyValueSpecification","valueRequired":true,"valueName":"search_term_string"}}],"inLanguage":"es"},{"@type":"Organization","@id":"https:\/\/fmpatagoniamadryn.com.ar\/#organization","name":"FM Patagonia Madryn","url":"https:\/\/fmpatagoniamadryn.com.ar\/","logo":{"@type":"ImageObject","inLanguage":"es","@id":"https:\/\/fmpatagoniamadryn.com.ar\/#\/schema\/logo\/image\/","url":"https:\/\/fmpatagoniamadryn.com.ar\/wp-content\/uploads\/2023\/01\/cropped-Diseno-sin-titulo.png","contentUrl":"https:\/\/fmpatagoniamadryn.com.ar\/wp-content\/uploads\/2023\/01\/cropped-Diseno-sin-titulo.png","width":6911,"height":2657,"caption":"FM Patagonia Madryn"},"image":{"@id":"https:\/\/fmpatagoniamadryn.com.ar\/#\/schema\/logo\/image\/"}},{"@type":"Person","@id":"https:\/\/fmpatagoniamadryn.com.ar\/#\/schema\/person\/8a3de4ad7efceacab06c1641c50303b7","name":"FM Patagonia","url":"https:\/\/fmpatagoniamadryn.com.ar\/?author=2"}]}},"jetpack_featured_media_url":"https:\/\/fmpatagoniamadryn.com.ar\/wp-content\/uploads\/2024\/12\/272954885_4850198078405088_5236036704801859094_n-1.jpg","_links":{"self":[{"href":"https:\/\/fmpatagoniamadryn.com.ar\/index.php?rest_route=\/wp\/v2\/posts\/14129","targetHints":{"allow":["GET"]}}],"collection":[{"href":"https:\/\/fmpatagoniamadryn.com.ar\/index.php?rest_route=\/wp\/v2\/posts"}],"about":[{"href":"https:\/\/fmpatagoniamadryn.com.ar\/index.php?rest_route=\/wp\/v2\/types\/post"}],"author":[{"embeddable":true,"href":"https:\/\/fmpatagoniamadryn.com.ar\/index.php?rest_route=\/wp\/v2\/users\/2"}],"replies":[{"embeddable":true,"href":"https:\/\/fmpatagoniamadryn.com.ar\/index.php?rest_route=%2Fwp%2Fv2%2Fcomments&post=14129"}],"version-history":[{"count":1,"href":"https:\/\/fmpatagoniamadryn.com.ar\/index.php?rest_route=\/wp\/v2\/posts\/14129\/revisions"}],"predecessor-version":[{"id":14130,"href":"https:\/\/fmpatagoniamadryn.com.ar\/index.php?rest_route=\/wp\/v2\/posts\/14129\/revisions\/14130"}],"wp:featuredmedia":[{"embeddable":true,"href":"https:\/\/fmpatagoniamadryn.com.ar\/index.php?rest_route=\/wp\/v2\/media\/14128"}],"wp:attachment":[{"href":"https:\/\/fmpatagoniamadryn.com.ar\/index.php?rest_route=%2Fwp%2Fv2%2Fmedia&parent=14129"}],"wp:term":[{"taxonomy":"category","embeddable":true,"href":"https:\/\/fmpatagoniamadryn.com.ar\/index.php?rest_route=%2Fwp%2Fv2%2Fcategories&post=14129"},{"taxonomy":"post_tag","embeddable":true,"href":"https:\/\/fmpatagoniamadryn.com.ar\/index.php?rest_route=%2Fwp%2Fv2%2Ftags&post=14129"}],"curies":[{"name":"wp","href":"https:\/\/api.w.org\/{rel}","templated":true}]}}