{"id":14270,"date":"2025-01-06T12:06:56","date_gmt":"2025-01-06T15:06:56","guid":{"rendered":"https:\/\/fmpatagoniamadryn.com.ar\/?p=14270"},"modified":"2025-01-06T12:07:04","modified_gmt":"2025-01-06T15:07:04","slug":"el-intendente-destaco-el-rol-social-e-integrador-que-tiene-la-colonia-municipal-de-verano-2","status":"publish","type":"post","link":"https:\/\/fmpatagoniamadryn.com.ar\/?p=14270","title":{"rendered":"<br>EL INTENDENTE DESTAC\u00d3 EL ROL SOCIAL E INTEGRADOR QUE TIENE LA COLONIA MUNICIPAL DE VERANO"},"content":{"rendered":"\n<p><br><br>Gustavo Sastre estuvo en dicha propuesta, que este a\u00f1o cont\u00f3 con la inscripci\u00f3n de m\u00e1s de 3.000 ni\u00f1os y ni\u00f1as de los distintos barrios de la ciudad. Con siete sedes, se llegar\u00e1 a familias de todos los sectores de Puerto Madryn<br><br><br>El intendente de Puerto Madryn, Gustavo Sastre, estuvo presente en la Colonia Municipal de Verano, que comenz\u00f3 una nueva edici\u00f3n y que cuenta con la participaci\u00f3n de m\u00e1s de 3.000 ni\u00f1os y ni\u00f1as de los distintos barrios. Tal como ocurre desde hace a\u00f1os, habr\u00e1 siete sedes distribuidas en todos los sectores de nuestra ciudad.<br><br>Con m\u00e1s de 11 coordinadores, 65 profesores y 62 ayudantes, se espera que esta propuesta local llegue a los chicos y a las chicas de todos los barrios, incluyendo tambi\u00e9n una sede inclusiva en la Escuela N\u00ba 710 y un espacio para adolescentes con discapacidad.<br><br>La Colonia Municipal de Verano se desarrollar\u00e1 durante todo enero y los distintos grupos bajar\u00e1n a la playa tres veces por semana en colectivos. Adem\u00e1s, habr\u00e1 actividades de educaci\u00f3n vial, ajedrez y todos los ni\u00f1os y las ni\u00f1as visitar\u00e1n el Ecocentro Puerto Madryn.<br><br>Rol social e integrador<br><br>Al respecto, el Intendente dijo: \u201cLa Colonia Municipal de Verano es una propuesta en la que venimos trabajando desde hace mucho, fortaleci\u00e9ndola a\u00f1o tras a\u00f1o y llegando a los ni\u00f1os de todos los sectores de Puerto Madryn. Hoy estuvimos en la apertura de la edici\u00f3n 2025, que cuenta con la participaci\u00f3n de m\u00e1s de 3.000 chicos de los distintos barrios de nuestra ciudad\u201d.<br><br>\u201cCon siete sedes distribuidas en distintos puntos de la localidad, seguimos fortaleciendo el rol social e integrador de esta propuesta recreativa. Adem\u00e1s de las cl\u00e1sicas actividades, realizaremos iniciativas de distintas caracter\u00edsticas que fomenten la educaci\u00f3n, la diversi\u00f3n y la concientizaci\u00f3n\u201d, agreg\u00f3 Sastre<\/p>\n","protected":false},"excerpt":{"rendered":"<p>Gustavo Sastre estuvo en dicha propuesta, que este a\u00f1o cont\u00f3 con la inscripci\u00f3n de m\u00e1s de 3.000 ni\u00f1os y ni\u00f1as de los distintos barrios de la ciudad. Con siete sedes,&hellip; <\/p>\n","protected":false},"author":2,"featured_media":14269,"comment_status":"closed","ping_status":"closed","sticky":false,"template":"","format":"standard","meta":{"footnotes":""},"categories":[15],"tags":[],"class_list":["post-14270","post","type-post","status-publish","format-standard","has-post-thumbnail","hentry","category-locales"],"yoast_head":"<!-- This site is optimized with the Yoast SEO plugin v27.4 - https:\/\/yoast.com\/product\/yoast-seo-wordpress\/ -->\n<title>EL INTENDENTE DESTAC\u00d3 EL ROL SOCIAL E INTEGRADOR QUE TIENE LA COLONIA MUNICIPAL DE VERANO - FM Patagonia Madryn<\/title>\n<meta name=\"robots\" content=\"index, follow, max-snippet:-1, max-image-preview:large, max-video-preview:-1\" \/>\n<link rel=\"canonical\" href=\"https:\/\/fmpatagoniamadryn.com.ar\/?p=14270\" \/>\n<meta property=\"og:locale\" content=\"es_ES\" \/>\n<meta property=\"og:type\" content=\"article\" \/>\n<meta property=\"og:title\" content=\"EL INTENDENTE DESTAC\u00d3 EL ROL SOCIAL E INTEGRADOR QUE TIENE LA COLONIA MUNICIPAL DE VERANO - FM Patagonia Madryn\" \/>\n<meta property=\"og:description\" content=\"Gustavo Sastre estuvo en dicha propuesta, que este a\u00f1o cont\u00f3 con la inscripci\u00f3n de m\u00e1s de 3.000 ni\u00f1os y ni\u00f1as de los distintos barrios de la ciudad. Con siete sedes,&hellip;\" \/>\n<meta property=\"og:url\" content=\"https:\/\/fmpatagoniamadryn.com.ar\/?p=14270\" \/>\n<meta property=\"og:site_name\" content=\"FM Patagonia Madryn\" \/>\n<meta property=\"article:published_time\" content=\"2025-01-06T15:06:56+00:00\" \/>\n<meta property=\"article:modified_time\" content=\"2025-01-06T15:07:04+00:00\" \/>\n<meta property=\"og:image\" content=\"https:\/\/fmpatagoniamadryn.com.ar\/wp-content\/uploads\/2025\/01\/Colonia1-2-scaled.jpeg\" \/>\n\t<meta property=\"og:image:width\" content=\"2560\" \/>\n\t<meta property=\"og:image:height\" content=\"1706\" \/>\n\t<meta property=\"og:image:type\" content=\"image\/jpeg\" \/>\n<meta name=\"author\" content=\"FM Patagonia\" \/>\n<meta name=\"twitter:card\" content=\"summary_large_image\" \/>\n<meta name=\"twitter:label1\" content=\"Escrito por\" \/>\n\t<meta name=\"twitter:data1\" content=\"FM Patagonia\" \/>\n\t<meta name=\"twitter:label2\" content=\"Tiempo de lectura\" \/>\n\t<meta name=\"twitter:data2\" content=\"2 minutos\" \/>\n<script type=\"application\/ld+json\" class=\"yoast-schema-graph\">{\"@context\":\"https:\\\/\\\/schema.org\",\"@graph\":[{\"@type\":\"Article\",\"@id\":\"https:\\\/\\\/fmpatagoniamadryn.com.ar\\\/?p=14270#article\",\"isPartOf\":{\"@id\":\"https:\\\/\\\/fmpatagoniamadryn.com.ar\\\/?p=14270\"},\"author\":{\"name\":\"FM Patagonia\",\"@id\":\"https:\\\/\\\/fmpatagoniamadryn.com.ar\\\/#\\\/schema\\\/person\\\/8a3de4ad7efceacab06c1641c50303b7\"},\"headline\":\"EL INTENDENTE DESTAC\u00d3 EL ROL SOCIAL E INTEGRADOR QUE TIENE LA COLONIA MUNICIPAL DE VERANO\",\"datePublished\":\"2025-01-06T15:06:56+00:00\",\"dateModified\":\"2025-01-06T15:07:04+00:00\",\"mainEntityOfPage\":{\"@id\":\"https:\\\/\\\/fmpatagoniamadryn.com.ar\\\/?p=14270\"},\"wordCount\":331,\"publisher\":{\"@id\":\"https:\\\/\\\/fmpatagoniamadryn.com.ar\\\/#organization\"},\"image\":{\"@id\":\"https:\\\/\\\/fmpatagoniamadryn.com.ar\\\/?p=14270#primaryimage\"},\"thumbnailUrl\":\"https:\\\/\\\/fmpatagoniamadryn.com.ar\\\/wp-content\\\/uploads\\\/2025\\\/01\\\/Colonia1-2-scaled.jpeg\",\"articleSection\":[\"Locales\"],\"inLanguage\":\"es\"},{\"@type\":\"WebPage\",\"@id\":\"https:\\\/\\\/fmpatagoniamadryn.com.ar\\\/?p=14270\",\"url\":\"https:\\\/\\\/fmpatagoniamadryn.com.ar\\\/?p=14270\",\"name\":\"EL INTENDENTE DESTAC\u00d3 EL ROL SOCIAL E INTEGRADOR QUE TIENE LA COLONIA MUNICIPAL DE VERANO - FM Patagonia Madryn\",\"isPartOf\":{\"@id\":\"https:\\\/\\\/fmpatagoniamadryn.com.ar\\\/#website\"},\"primaryImageOfPage\":{\"@id\":\"https:\\\/\\\/fmpatagoniamadryn.com.ar\\\/?p=14270#primaryimage\"},\"image\":{\"@id\":\"https:\\\/\\\/fmpatagoniamadryn.com.ar\\\/?p=14270#primaryimage\"},\"thumbnailUrl\":\"https:\\\/\\\/fmpatagoniamadryn.com.ar\\\/wp-content\\\/uploads\\\/2025\\\/01\\\/Colonia1-2-scaled.jpeg\",\"datePublished\":\"2025-01-06T15:06:56+00:00\",\"dateModified\":\"2025-01-06T15:07:04+00:00\",\"breadcrumb\":{\"@id\":\"https:\\\/\\\/fmpatagoniamadryn.com.ar\\\/?p=14270#breadcrumb\"},\"inLanguage\":\"es\",\"potentialAction\":[{\"@type\":\"ReadAction\",\"target\":[\"https:\\\/\\\/fmpatagoniamadryn.com.ar\\\/?p=14270\"]}]},{\"@type\":\"ImageObject\",\"inLanguage\":\"es\",\"@id\":\"https:\\\/\\\/fmpatagoniamadryn.com.ar\\\/?p=14270#primaryimage\",\"url\":\"https:\\\/\\\/fmpatagoniamadryn.com.ar\\\/wp-content\\\/uploads\\\/2025\\\/01\\\/Colonia1-2-scaled.jpeg\",\"contentUrl\":\"https:\\\/\\\/fmpatagoniamadryn.com.ar\\\/wp-content\\\/uploads\\\/2025\\\/01\\\/Colonia1-2-scaled.jpeg\",\"width\":2560,\"height\":1706},{\"@type\":\"BreadcrumbList\",\"@id\":\"https:\\\/\\\/fmpatagoniamadryn.com.ar\\\/?p=14270#breadcrumb\",\"itemListElement\":[{\"@type\":\"ListItem\",\"position\":1,\"name\":\"Portada\",\"item\":\"https:\\\/\\\/fmpatagoniamadryn.com.ar\\\/\"},{\"@type\":\"ListItem\",\"position\":2,\"name\":\"EL INTENDENTE DESTAC\u00d3 EL ROL SOCIAL E INTEGRADOR QUE TIENE LA COLONIA MUNICIPAL DE VERANO\"}]},{\"@type\":\"WebSite\",\"@id\":\"https:\\\/\\\/fmpatagoniamadryn.com.ar\\\/#website\",\"url\":\"https:\\\/\\\/fmpatagoniamadryn.com.ar\\\/\",\"name\":\"FM Patagonia Madryn\",\"description\":\"Radio Patagonia 105.5\",\"publisher\":{\"@id\":\"https:\\\/\\\/fmpatagoniamadryn.com.ar\\\/#organization\"},\"potentialAction\":[{\"@type\":\"SearchAction\",\"target\":{\"@type\":\"EntryPoint\",\"urlTemplate\":\"https:\\\/\\\/fmpatagoniamadryn.com.ar\\\/?s={search_term_string}\"},\"query-input\":{\"@type\":\"PropertyValueSpecification\",\"valueRequired\":true,\"valueName\":\"search_term_string\"}}],\"inLanguage\":\"es\"},{\"@type\":\"Organization\",\"@id\":\"https:\\\/\\\/fmpatagoniamadryn.com.ar\\\/#organization\",\"name\":\"FM Patagonia Madryn\",\"url\":\"https:\\\/\\\/fmpatagoniamadryn.com.ar\\\/\",\"logo\":{\"@type\":\"ImageObject\",\"inLanguage\":\"es\",\"@id\":\"https:\\\/\\\/fmpatagoniamadryn.com.ar\\\/#\\\/schema\\\/logo\\\/image\\\/\",\"url\":\"https:\\\/\\\/fmpatagoniamadryn.com.ar\\\/wp-content\\\/uploads\\\/2023\\\/01\\\/cropped-Diseno-sin-titulo.png\",\"contentUrl\":\"https:\\\/\\\/fmpatagoniamadryn.com.ar\\\/wp-content\\\/uploads\\\/2023\\\/01\\\/cropped-Diseno-sin-titulo.png\",\"width\":6911,\"height\":2657,\"caption\":\"FM Patagonia Madryn\"},\"image\":{\"@id\":\"https:\\\/\\\/fmpatagoniamadryn.com.ar\\\/#\\\/schema\\\/logo\\\/image\\\/\"}},{\"@type\":\"Person\",\"@id\":\"https:\\\/\\\/fmpatagoniamadryn.com.ar\\\/#\\\/schema\\\/person\\\/8a3de4ad7efceacab06c1641c50303b7\",\"name\":\"FM Patagonia\",\"url\":\"https:\\\/\\\/fmpatagoniamadryn.com.ar\\\/?author=2\"}]}<\/script>\n<!-- \/ Yoast SEO plugin. -->","yoast_head_json":{"title":"EL INTENDENTE DESTAC\u00d3 EL ROL SOCIAL E INTEGRADOR QUE TIENE LA COLONIA MUNICIPAL DE VERANO - FM Patagonia Madryn","robots":{"index":"index","follow":"follow","max-snippet":"max-snippet:-1","max-image-preview":"max-image-preview:large","max-video-preview":"max-video-preview:-1"},"canonical":"https:\/\/fmpatagoniamadryn.com.ar\/?p=14270","og_locale":"es_ES","og_type":"article","og_title":"EL INTENDENTE DESTAC\u00d3 EL ROL SOCIAL E INTEGRADOR QUE TIENE LA COLONIA MUNICIPAL DE VERANO - FM Patagonia Madryn","og_description":"Gustavo Sastre estuvo en dicha propuesta, que este a\u00f1o cont\u00f3 con la inscripci\u00f3n de m\u00e1s de 3.000 ni\u00f1os y ni\u00f1as de los distintos barrios de la ciudad. Con siete sedes,&hellip;","og_url":"https:\/\/fmpatagoniamadryn.com.ar\/?p=14270","og_site_name":"FM Patagonia Madryn","article_published_time":"2025-01-06T15:06:56+00:00","article_modified_time":"2025-01-06T15:07:04+00:00","og_image":[{"width":2560,"height":1706,"url":"https:\/\/fmpatagoniamadryn.com.ar\/wp-content\/uploads\/2025\/01\/Colonia1-2-scaled.jpeg","type":"image\/jpeg"}],"author":"FM Patagonia","twitter_card":"summary_large_image","twitter_misc":{"Escrito por":"FM Patagonia","Tiempo de lectura":"2 minutos"},"schema":{"@context":"https:\/\/schema.org","@graph":[{"@type":"Article","@id":"https:\/\/fmpatagoniamadryn.com.ar\/?p=14270#article","isPartOf":{"@id":"https:\/\/fmpatagoniamadryn.com.ar\/?p=14270"},"author":{"name":"FM Patagonia","@id":"https:\/\/fmpatagoniamadryn.com.ar\/#\/schema\/person\/8a3de4ad7efceacab06c1641c50303b7"},"headline":"EL INTENDENTE DESTAC\u00d3 EL ROL SOCIAL E INTEGRADOR QUE TIENE LA COLONIA MUNICIPAL DE VERANO","datePublished":"2025-01-06T15:06:56+00:00","dateModified":"2025-01-06T15:07:04+00:00","mainEntityOfPage":{"@id":"https:\/\/fmpatagoniamadryn.com.ar\/?p=14270"},"wordCount":331,"publisher":{"@id":"https:\/\/fmpatagoniamadryn.com.ar\/#organization"},"image":{"@id":"https:\/\/fmpatagoniamadryn.com.ar\/?p=14270#primaryimage"},"thumbnailUrl":"https:\/\/fmpatagoniamadryn.com.ar\/wp-content\/uploads\/2025\/01\/Colonia1-2-scaled.jpeg","articleSection":["Locales"],"inLanguage":"es"},{"@type":"WebPage","@id":"https:\/\/fmpatagoniamadryn.com.ar\/?p=14270","url":"https:\/\/fmpatagoniamadryn.com.ar\/?p=14270","name":"EL INTENDENTE DESTAC\u00d3 EL ROL SOCIAL E INTEGRADOR QUE TIENE LA COLONIA MUNICIPAL DE VERANO - FM Patagonia Madryn","isPartOf":{"@id":"https:\/\/fmpatagoniamadryn.com.ar\/#website"},"primaryImageOfPage":{"@id":"https:\/\/fmpatagoniamadryn.com.ar\/?p=14270#primaryimage"},"image":{"@id":"https:\/\/fmpatagoniamadryn.com.ar\/?p=14270#primaryimage"},"thumbnailUrl":"https:\/\/fmpatagoniamadryn.com.ar\/wp-content\/uploads\/2025\/01\/Colonia1-2-scaled.jpeg","datePublished":"2025-01-06T15:06:56+00:00","dateModified":"2025-01-06T15:07:04+00:00","breadcrumb":{"@id":"https:\/\/fmpatagoniamadryn.com.ar\/?p=14270#breadcrumb"},"inLanguage":"es","potentialAction":[{"@type":"ReadAction","target":["https:\/\/fmpatagoniamadryn.com.ar\/?p=14270"]}]},{"@type":"ImageObject","inLanguage":"es","@id":"https:\/\/fmpatagoniamadryn.com.ar\/?p=14270#primaryimage","url":"https:\/\/fmpatagoniamadryn.com.ar\/wp-content\/uploads\/2025\/01\/Colonia1-2-scaled.jpeg","contentUrl":"https:\/\/fmpatagoniamadryn.com.ar\/wp-content\/uploads\/2025\/01\/Colonia1-2-scaled.jpeg","width":2560,"height":1706},{"@type":"BreadcrumbList","@id":"https:\/\/fmpatagoniamadryn.com.ar\/?p=14270#breadcrumb","itemListElement":[{"@type":"ListItem","position":1,"name":"Portada","item":"https:\/\/fmpatagoniamadryn.com.ar\/"},{"@type":"ListItem","position":2,"name":"EL INTENDENTE DESTAC\u00d3 EL ROL SOCIAL E INTEGRADOR QUE TIENE LA COLONIA MUNICIPAL DE VERANO"}]},{"@type":"WebSite","@id":"https:\/\/fmpatagoniamadryn.com.ar\/#website","url":"https:\/\/fmpatagoniamadryn.com.ar\/","name":"FM Patagonia Madryn","description":"Radio Patagonia 105.5","publisher":{"@id":"https:\/\/fmpatagoniamadryn.com.ar\/#organization"},"potentialAction":[{"@type":"SearchAction","target":{"@type":"EntryPoint","urlTemplate":"https:\/\/fmpatagoniamadryn.com.ar\/?s={search_term_string}"},"query-input":{"@type":"PropertyValueSpecification","valueRequired":true,"valueName":"search_term_string"}}],"inLanguage":"es"},{"@type":"Organization","@id":"https:\/\/fmpatagoniamadryn.com.ar\/#organization","name":"FM Patagonia Madryn","url":"https:\/\/fmpatagoniamadryn.com.ar\/","logo":{"@type":"ImageObject","inLanguage":"es","@id":"https:\/\/fmpatagoniamadryn.com.ar\/#\/schema\/logo\/image\/","url":"https:\/\/fmpatagoniamadryn.com.ar\/wp-content\/uploads\/2023\/01\/cropped-Diseno-sin-titulo.png","contentUrl":"https:\/\/fmpatagoniamadryn.com.ar\/wp-content\/uploads\/2023\/01\/cropped-Diseno-sin-titulo.png","width":6911,"height":2657,"caption":"FM Patagonia Madryn"},"image":{"@id":"https:\/\/fmpatagoniamadryn.com.ar\/#\/schema\/logo\/image\/"}},{"@type":"Person","@id":"https:\/\/fmpatagoniamadryn.com.ar\/#\/schema\/person\/8a3de4ad7efceacab06c1641c50303b7","name":"FM Patagonia","url":"https:\/\/fmpatagoniamadryn.com.ar\/?author=2"}]}},"jetpack_featured_media_url":"https:\/\/fmpatagoniamadryn.com.ar\/wp-content\/uploads\/2025\/01\/Colonia1-2-scaled.jpeg","_links":{"self":[{"href":"https:\/\/fmpatagoniamadryn.com.ar\/index.php?rest_route=\/wp\/v2\/posts\/14270","targetHints":{"allow":["GET"]}}],"collection":[{"href":"https:\/\/fmpatagoniamadryn.com.ar\/index.php?rest_route=\/wp\/v2\/posts"}],"about":[{"href":"https:\/\/fmpatagoniamadryn.com.ar\/index.php?rest_route=\/wp\/v2\/types\/post"}],"author":[{"embeddable":true,"href":"https:\/\/fmpatagoniamadryn.com.ar\/index.php?rest_route=\/wp\/v2\/users\/2"}],"replies":[{"embeddable":true,"href":"https:\/\/fmpatagoniamadryn.com.ar\/index.php?rest_route=%2Fwp%2Fv2%2Fcomments&post=14270"}],"version-history":[{"count":1,"href":"https:\/\/fmpatagoniamadryn.com.ar\/index.php?rest_route=\/wp\/v2\/posts\/14270\/revisions"}],"predecessor-version":[{"id":14271,"href":"https:\/\/fmpatagoniamadryn.com.ar\/index.php?rest_route=\/wp\/v2\/posts\/14270\/revisions\/14271"}],"wp:featuredmedia":[{"embeddable":true,"href":"https:\/\/fmpatagoniamadryn.com.ar\/index.php?rest_route=\/wp\/v2\/media\/14269"}],"wp:attachment":[{"href":"https:\/\/fmpatagoniamadryn.com.ar\/index.php?rest_route=%2Fwp%2Fv2%2Fmedia&parent=14270"}],"wp:term":[{"taxonomy":"category","embeddable":true,"href":"https:\/\/fmpatagoniamadryn.com.ar\/index.php?rest_route=%2Fwp%2Fv2%2Fcategories&post=14270"},{"taxonomy":"post_tag","embeddable":true,"href":"https:\/\/fmpatagoniamadryn.com.ar\/index.php?rest_route=%2Fwp%2Fv2%2Ftags&post=14270"}],"curies":[{"name":"wp","href":"https:\/\/api.w.org\/{rel}","templated":true}]}}