{"id":14411,"date":"2025-01-15T09:17:29","date_gmt":"2025-01-15T12:17:29","guid":{"rendered":"https:\/\/fmpatagoniamadryn.com.ar\/?p=14411"},"modified":"2025-01-15T09:17:53","modified_gmt":"2025-01-15T12:17:53","slug":"el-gobierno-inicio-la-privatizacion-de-las-rutas-nacionales-cuales-seran-los-primeros-tramos","status":"publish","type":"post","link":"https:\/\/fmpatagoniamadryn.com.ar\/?p=14411","title":{"rendered":"El Gobierno inici\u00f3 la privatizaci\u00f3n de las rutas nacionales: cu\u00e1les ser\u00e1n los primeros tramos"},"content":{"rendered":"\n<p><br>El Ejecutivo puso en marcha el proceso de licitaciones para otorgar la concesi\u00f3n por peaje, medida que hab\u00eda sido adelantada por el presidente Javier Milei.<br><br><br>El Gobierno inici\u00f3 este mi\u00e9rcoles un esquema de privatizaci\u00f3n de rutas nacionales, con licitaciones para otorgar la concesi\u00f3n por peaje para la construcci\u00f3n, explotaci\u00f3n, administraci\u00f3n, reparaci\u00f3n, ampliaci\u00f3n, conservaci\u00f3n, mantenimiento y prestaci\u00f3n de servicios al usuario y para la realizaci\u00f3n de nuevas explotaciones complementarias. Comenzar\u00e1 con el Corredor Vial 18, en la regi\u00f3n del Litoral.<br><br><br><br><br>La concesi\u00f3n comenzar\u00e1 en segmentos del corredor vial 18, actualmente a cargo de Caminos del R\u00edo Uruguay (Crusa). Se concesionar\u00e1n las rutas 12 (desde Z\u00e1rate a Ceibas y desde Ceibas hasta Gualeguay), 14 (desde Ceibas hasta Paso de los Libres), 135 (de Col\u00f3n a General Artigas), A-015 (de Concordia a Represa Salto Grande), 117 (de Paso de los Libres a Agust\u00edn P. Justo y de Agust\u00edn P. Justo al l\u00edmite internacional entre la Argentina y Brasil), y la 174 (de Rosario a Victoria).<br><br>\u00abCon el fin de reducir el gasto p\u00fablico resulta conveniente delegar en el sector privado la conservaci\u00f3n y el mantenimiento de tramos de rutas nacionales cuya gesti\u00f3n se encuentra actualmente a cargo de la Direcci\u00f3n Nacional de Vialidad\u00bb, expresa el decreto.<br><br>\u00abEl corredor vial 18 es de suma importancia, no solo para la regi\u00f3n del Litoral argentino sino para todo el Mercosur, al conectar tres de las cuatro naciones miembros de ese organismo intergubernamental por v\u00eda terrestre, adem\u00e1s de incluir en su traza la conexi\u00f3n a la Represa Binacional Salto Grande\u00bb, a\u00f1adi\u00f3 el Gobierno en los considerandos.<\/p>\n\n\n\n<p>Fuente c5n<\/p>\n","protected":false},"excerpt":{"rendered":"<p>El Ejecutivo puso en marcha el proceso de licitaciones para otorgar la concesi\u00f3n por peaje, medida que hab\u00eda sido adelantada por el presidente Javier Milei. El Gobierno inici\u00f3 este mi\u00e9rcoles&hellip; <\/p>\n","protected":false},"author":2,"featured_media":14410,"comment_status":"closed","ping_status":"closed","sticky":false,"template":"","format":"standard","meta":{"footnotes":""},"categories":[13],"tags":[],"class_list":["post-14411","post","type-post","status-publish","format-standard","has-post-thumbnail","hentry","category-nacionales"],"yoast_head":"<!-- This site is optimized with the Yoast SEO plugin v27.4 - https:\/\/yoast.com\/product\/yoast-seo-wordpress\/ -->\n<title>El Gobierno inici\u00f3 la privatizaci\u00f3n de las rutas nacionales: cu\u00e1les ser\u00e1n los primeros tramos - FM Patagonia Madryn<\/title>\n<meta name=\"robots\" content=\"index, follow, max-snippet:-1, max-image-preview:large, max-video-preview:-1\" \/>\n<link rel=\"canonical\" href=\"https:\/\/fmpatagoniamadryn.com.ar\/?p=14411\" \/>\n<meta property=\"og:locale\" content=\"es_ES\" \/>\n<meta property=\"og:type\" content=\"article\" \/>\n<meta property=\"og:title\" content=\"El Gobierno inici\u00f3 la privatizaci\u00f3n de las rutas nacionales: cu\u00e1les ser\u00e1n los primeros tramos - FM Patagonia Madryn\" \/>\n<meta property=\"og:description\" content=\"El Ejecutivo puso en marcha el proceso de licitaciones para otorgar la concesi\u00f3n por peaje, medida que hab\u00eda sido adelantada por el presidente Javier Milei. El Gobierno inici\u00f3 este mi\u00e9rcoles&hellip;\" \/>\n<meta property=\"og:url\" content=\"https:\/\/fmpatagoniamadryn.com.ar\/?p=14411\" \/>\n<meta property=\"og:site_name\" content=\"FM Patagonia Madryn\" \/>\n<meta property=\"article:published_time\" content=\"2025-01-15T12:17:29+00:00\" \/>\n<meta property=\"article:modified_time\" content=\"2025-01-15T12:17:53+00:00\" \/>\n<meta property=\"og:image\" content=\"https:\/\/fmpatagoniamadryn.com.ar\/wp-content\/uploads\/2025\/01\/peaje-acceso-oeste.jpg\" \/>\n\t<meta property=\"og:image:width\" content=\"790\" \/>\n\t<meta property=\"og:image:height\" content=\"523\" \/>\n\t<meta property=\"og:image:type\" content=\"image\/jpeg\" \/>\n<meta name=\"author\" content=\"FM Patagonia\" \/>\n<meta name=\"twitter:card\" content=\"summary_large_image\" \/>\n<meta name=\"twitter:label1\" content=\"Escrito por\" \/>\n\t<meta name=\"twitter:data1\" content=\"FM Patagonia\" \/>\n\t<meta name=\"twitter:label2\" content=\"Tiempo de lectura\" \/>\n\t<meta name=\"twitter:data2\" content=\"1 minuto\" \/>\n<script type=\"application\/ld+json\" class=\"yoast-schema-graph\">{\"@context\":\"https:\\\/\\\/schema.org\",\"@graph\":[{\"@type\":\"Article\",\"@id\":\"https:\\\/\\\/fmpatagoniamadryn.com.ar\\\/?p=14411#article\",\"isPartOf\":{\"@id\":\"https:\\\/\\\/fmpatagoniamadryn.com.ar\\\/?p=14411\"},\"author\":{\"name\":\"FM Patagonia\",\"@id\":\"https:\\\/\\\/fmpatagoniamadryn.com.ar\\\/#\\\/schema\\\/person\\\/8a3de4ad7efceacab06c1641c50303b7\"},\"headline\":\"El Gobierno inici\u00f3 la privatizaci\u00f3n de las rutas nacionales: cu\u00e1les ser\u00e1n los primeros tramos\",\"datePublished\":\"2025-01-15T12:17:29+00:00\",\"dateModified\":\"2025-01-15T12:17:53+00:00\",\"mainEntityOfPage\":{\"@id\":\"https:\\\/\\\/fmpatagoniamadryn.com.ar\\\/?p=14411\"},\"wordCount\":302,\"publisher\":{\"@id\":\"https:\\\/\\\/fmpatagoniamadryn.com.ar\\\/#organization\"},\"image\":{\"@id\":\"https:\\\/\\\/fmpatagoniamadryn.com.ar\\\/?p=14411#primaryimage\"},\"thumbnailUrl\":\"https:\\\/\\\/fmpatagoniamadryn.com.ar\\\/wp-content\\\/uploads\\\/2025\\\/01\\\/peaje-acceso-oeste.jpg\",\"articleSection\":[\"Nacionales\"],\"inLanguage\":\"es\"},{\"@type\":\"WebPage\",\"@id\":\"https:\\\/\\\/fmpatagoniamadryn.com.ar\\\/?p=14411\",\"url\":\"https:\\\/\\\/fmpatagoniamadryn.com.ar\\\/?p=14411\",\"name\":\"El Gobierno inici\u00f3 la privatizaci\u00f3n de las rutas nacionales: cu\u00e1les ser\u00e1n los primeros tramos - FM Patagonia Madryn\",\"isPartOf\":{\"@id\":\"https:\\\/\\\/fmpatagoniamadryn.com.ar\\\/#website\"},\"primaryImageOfPage\":{\"@id\":\"https:\\\/\\\/fmpatagoniamadryn.com.ar\\\/?p=14411#primaryimage\"},\"image\":{\"@id\":\"https:\\\/\\\/fmpatagoniamadryn.com.ar\\\/?p=14411#primaryimage\"},\"thumbnailUrl\":\"https:\\\/\\\/fmpatagoniamadryn.com.ar\\\/wp-content\\\/uploads\\\/2025\\\/01\\\/peaje-acceso-oeste.jpg\",\"datePublished\":\"2025-01-15T12:17:29+00:00\",\"dateModified\":\"2025-01-15T12:17:53+00:00\",\"breadcrumb\":{\"@id\":\"https:\\\/\\\/fmpatagoniamadryn.com.ar\\\/?p=14411#breadcrumb\"},\"inLanguage\":\"es\",\"potentialAction\":[{\"@type\":\"ReadAction\",\"target\":[\"https:\\\/\\\/fmpatagoniamadryn.com.ar\\\/?p=14411\"]}]},{\"@type\":\"ImageObject\",\"inLanguage\":\"es\",\"@id\":\"https:\\\/\\\/fmpatagoniamadryn.com.ar\\\/?p=14411#primaryimage\",\"url\":\"https:\\\/\\\/fmpatagoniamadryn.com.ar\\\/wp-content\\\/uploads\\\/2025\\\/01\\\/peaje-acceso-oeste.jpg\",\"contentUrl\":\"https:\\\/\\\/fmpatagoniamadryn.com.ar\\\/wp-content\\\/uploads\\\/2025\\\/01\\\/peaje-acceso-oeste.jpg\",\"width\":790,\"height\":523},{\"@type\":\"BreadcrumbList\",\"@id\":\"https:\\\/\\\/fmpatagoniamadryn.com.ar\\\/?p=14411#breadcrumb\",\"itemListElement\":[{\"@type\":\"ListItem\",\"position\":1,\"name\":\"Portada\",\"item\":\"https:\\\/\\\/fmpatagoniamadryn.com.ar\\\/\"},{\"@type\":\"ListItem\",\"position\":2,\"name\":\"El Gobierno inici\u00f3 la privatizaci\u00f3n de las rutas nacionales: cu\u00e1les ser\u00e1n los primeros tramos\"}]},{\"@type\":\"WebSite\",\"@id\":\"https:\\\/\\\/fmpatagoniamadryn.com.ar\\\/#website\",\"url\":\"https:\\\/\\\/fmpatagoniamadryn.com.ar\\\/\",\"name\":\"FM Patagonia Madryn\",\"description\":\"Radio Patagonia 105.5\",\"publisher\":{\"@id\":\"https:\\\/\\\/fmpatagoniamadryn.com.ar\\\/#organization\"},\"potentialAction\":[{\"@type\":\"SearchAction\",\"target\":{\"@type\":\"EntryPoint\",\"urlTemplate\":\"https:\\\/\\\/fmpatagoniamadryn.com.ar\\\/?s={search_term_string}\"},\"query-input\":{\"@type\":\"PropertyValueSpecification\",\"valueRequired\":true,\"valueName\":\"search_term_string\"}}],\"inLanguage\":\"es\"},{\"@type\":\"Organization\",\"@id\":\"https:\\\/\\\/fmpatagoniamadryn.com.ar\\\/#organization\",\"name\":\"FM Patagonia Madryn\",\"url\":\"https:\\\/\\\/fmpatagoniamadryn.com.ar\\\/\",\"logo\":{\"@type\":\"ImageObject\",\"inLanguage\":\"es\",\"@id\":\"https:\\\/\\\/fmpatagoniamadryn.com.ar\\\/#\\\/schema\\\/logo\\\/image\\\/\",\"url\":\"https:\\\/\\\/fmpatagoniamadryn.com.ar\\\/wp-content\\\/uploads\\\/2023\\\/01\\\/cropped-Diseno-sin-titulo.png\",\"contentUrl\":\"https:\\\/\\\/fmpatagoniamadryn.com.ar\\\/wp-content\\\/uploads\\\/2023\\\/01\\\/cropped-Diseno-sin-titulo.png\",\"width\":6911,\"height\":2657,\"caption\":\"FM Patagonia Madryn\"},\"image\":{\"@id\":\"https:\\\/\\\/fmpatagoniamadryn.com.ar\\\/#\\\/schema\\\/logo\\\/image\\\/\"}},{\"@type\":\"Person\",\"@id\":\"https:\\\/\\\/fmpatagoniamadryn.com.ar\\\/#\\\/schema\\\/person\\\/8a3de4ad7efceacab06c1641c50303b7\",\"name\":\"FM Patagonia\",\"url\":\"https:\\\/\\\/fmpatagoniamadryn.com.ar\\\/?author=2\"}]}<\/script>\n<!-- \/ Yoast SEO plugin. -->","yoast_head_json":{"title":"El Gobierno inici\u00f3 la privatizaci\u00f3n de las rutas nacionales: cu\u00e1les ser\u00e1n los primeros tramos - FM Patagonia Madryn","robots":{"index":"index","follow":"follow","max-snippet":"max-snippet:-1","max-image-preview":"max-image-preview:large","max-video-preview":"max-video-preview:-1"},"canonical":"https:\/\/fmpatagoniamadryn.com.ar\/?p=14411","og_locale":"es_ES","og_type":"article","og_title":"El Gobierno inici\u00f3 la privatizaci\u00f3n de las rutas nacionales: cu\u00e1les ser\u00e1n los primeros tramos - FM Patagonia Madryn","og_description":"El Ejecutivo puso en marcha el proceso de licitaciones para otorgar la concesi\u00f3n por peaje, medida que hab\u00eda sido adelantada por el presidente Javier Milei. El Gobierno inici\u00f3 este mi\u00e9rcoles&hellip;","og_url":"https:\/\/fmpatagoniamadryn.com.ar\/?p=14411","og_site_name":"FM Patagonia Madryn","article_published_time":"2025-01-15T12:17:29+00:00","article_modified_time":"2025-01-15T12:17:53+00:00","og_image":[{"width":790,"height":523,"url":"https:\/\/fmpatagoniamadryn.com.ar\/wp-content\/uploads\/2025\/01\/peaje-acceso-oeste.jpg","type":"image\/jpeg"}],"author":"FM Patagonia","twitter_card":"summary_large_image","twitter_misc":{"Escrito por":"FM Patagonia","Tiempo de lectura":"1 minuto"},"schema":{"@context":"https:\/\/schema.org","@graph":[{"@type":"Article","@id":"https:\/\/fmpatagoniamadryn.com.ar\/?p=14411#article","isPartOf":{"@id":"https:\/\/fmpatagoniamadryn.com.ar\/?p=14411"},"author":{"name":"FM Patagonia","@id":"https:\/\/fmpatagoniamadryn.com.ar\/#\/schema\/person\/8a3de4ad7efceacab06c1641c50303b7"},"headline":"El Gobierno inici\u00f3 la privatizaci\u00f3n de las rutas nacionales: cu\u00e1les ser\u00e1n los primeros tramos","datePublished":"2025-01-15T12:17:29+00:00","dateModified":"2025-01-15T12:17:53+00:00","mainEntityOfPage":{"@id":"https:\/\/fmpatagoniamadryn.com.ar\/?p=14411"},"wordCount":302,"publisher":{"@id":"https:\/\/fmpatagoniamadryn.com.ar\/#organization"},"image":{"@id":"https:\/\/fmpatagoniamadryn.com.ar\/?p=14411#primaryimage"},"thumbnailUrl":"https:\/\/fmpatagoniamadryn.com.ar\/wp-content\/uploads\/2025\/01\/peaje-acceso-oeste.jpg","articleSection":["Nacionales"],"inLanguage":"es"},{"@type":"WebPage","@id":"https:\/\/fmpatagoniamadryn.com.ar\/?p=14411","url":"https:\/\/fmpatagoniamadryn.com.ar\/?p=14411","name":"El Gobierno inici\u00f3 la privatizaci\u00f3n de las rutas nacionales: cu\u00e1les ser\u00e1n los primeros tramos - FM Patagonia Madryn","isPartOf":{"@id":"https:\/\/fmpatagoniamadryn.com.ar\/#website"},"primaryImageOfPage":{"@id":"https:\/\/fmpatagoniamadryn.com.ar\/?p=14411#primaryimage"},"image":{"@id":"https:\/\/fmpatagoniamadryn.com.ar\/?p=14411#primaryimage"},"thumbnailUrl":"https:\/\/fmpatagoniamadryn.com.ar\/wp-content\/uploads\/2025\/01\/peaje-acceso-oeste.jpg","datePublished":"2025-01-15T12:17:29+00:00","dateModified":"2025-01-15T12:17:53+00:00","breadcrumb":{"@id":"https:\/\/fmpatagoniamadryn.com.ar\/?p=14411#breadcrumb"},"inLanguage":"es","potentialAction":[{"@type":"ReadAction","target":["https:\/\/fmpatagoniamadryn.com.ar\/?p=14411"]}]},{"@type":"ImageObject","inLanguage":"es","@id":"https:\/\/fmpatagoniamadryn.com.ar\/?p=14411#primaryimage","url":"https:\/\/fmpatagoniamadryn.com.ar\/wp-content\/uploads\/2025\/01\/peaje-acceso-oeste.jpg","contentUrl":"https:\/\/fmpatagoniamadryn.com.ar\/wp-content\/uploads\/2025\/01\/peaje-acceso-oeste.jpg","width":790,"height":523},{"@type":"BreadcrumbList","@id":"https:\/\/fmpatagoniamadryn.com.ar\/?p=14411#breadcrumb","itemListElement":[{"@type":"ListItem","position":1,"name":"Portada","item":"https:\/\/fmpatagoniamadryn.com.ar\/"},{"@type":"ListItem","position":2,"name":"El Gobierno inici\u00f3 la privatizaci\u00f3n de las rutas nacionales: cu\u00e1les ser\u00e1n los primeros tramos"}]},{"@type":"WebSite","@id":"https:\/\/fmpatagoniamadryn.com.ar\/#website","url":"https:\/\/fmpatagoniamadryn.com.ar\/","name":"FM Patagonia Madryn","description":"Radio Patagonia 105.5","publisher":{"@id":"https:\/\/fmpatagoniamadryn.com.ar\/#organization"},"potentialAction":[{"@type":"SearchAction","target":{"@type":"EntryPoint","urlTemplate":"https:\/\/fmpatagoniamadryn.com.ar\/?s={search_term_string}"},"query-input":{"@type":"PropertyValueSpecification","valueRequired":true,"valueName":"search_term_string"}}],"inLanguage":"es"},{"@type":"Organization","@id":"https:\/\/fmpatagoniamadryn.com.ar\/#organization","name":"FM Patagonia Madryn","url":"https:\/\/fmpatagoniamadryn.com.ar\/","logo":{"@type":"ImageObject","inLanguage":"es","@id":"https:\/\/fmpatagoniamadryn.com.ar\/#\/schema\/logo\/image\/","url":"https:\/\/fmpatagoniamadryn.com.ar\/wp-content\/uploads\/2023\/01\/cropped-Diseno-sin-titulo.png","contentUrl":"https:\/\/fmpatagoniamadryn.com.ar\/wp-content\/uploads\/2023\/01\/cropped-Diseno-sin-titulo.png","width":6911,"height":2657,"caption":"FM Patagonia Madryn"},"image":{"@id":"https:\/\/fmpatagoniamadryn.com.ar\/#\/schema\/logo\/image\/"}},{"@type":"Person","@id":"https:\/\/fmpatagoniamadryn.com.ar\/#\/schema\/person\/8a3de4ad7efceacab06c1641c50303b7","name":"FM Patagonia","url":"https:\/\/fmpatagoniamadryn.com.ar\/?author=2"}]}},"jetpack_featured_media_url":"https:\/\/fmpatagoniamadryn.com.ar\/wp-content\/uploads\/2025\/01\/peaje-acceso-oeste.jpg","_links":{"self":[{"href":"https:\/\/fmpatagoniamadryn.com.ar\/index.php?rest_route=\/wp\/v2\/posts\/14411","targetHints":{"allow":["GET"]}}],"collection":[{"href":"https:\/\/fmpatagoniamadryn.com.ar\/index.php?rest_route=\/wp\/v2\/posts"}],"about":[{"href":"https:\/\/fmpatagoniamadryn.com.ar\/index.php?rest_route=\/wp\/v2\/types\/post"}],"author":[{"embeddable":true,"href":"https:\/\/fmpatagoniamadryn.com.ar\/index.php?rest_route=\/wp\/v2\/users\/2"}],"replies":[{"embeddable":true,"href":"https:\/\/fmpatagoniamadryn.com.ar\/index.php?rest_route=%2Fwp%2Fv2%2Fcomments&post=14411"}],"version-history":[{"count":1,"href":"https:\/\/fmpatagoniamadryn.com.ar\/index.php?rest_route=\/wp\/v2\/posts\/14411\/revisions"}],"predecessor-version":[{"id":14412,"href":"https:\/\/fmpatagoniamadryn.com.ar\/index.php?rest_route=\/wp\/v2\/posts\/14411\/revisions\/14412"}],"wp:featuredmedia":[{"embeddable":true,"href":"https:\/\/fmpatagoniamadryn.com.ar\/index.php?rest_route=\/wp\/v2\/media\/14410"}],"wp:attachment":[{"href":"https:\/\/fmpatagoniamadryn.com.ar\/index.php?rest_route=%2Fwp%2Fv2%2Fmedia&parent=14411"}],"wp:term":[{"taxonomy":"category","embeddable":true,"href":"https:\/\/fmpatagoniamadryn.com.ar\/index.php?rest_route=%2Fwp%2Fv2%2Fcategories&post=14411"},{"taxonomy":"post_tag","embeddable":true,"href":"https:\/\/fmpatagoniamadryn.com.ar\/index.php?rest_route=%2Fwp%2Fv2%2Ftags&post=14411"}],"curies":[{"name":"wp","href":"https:\/\/api.w.org\/{rel}","templated":true}]}}