{"id":14507,"date":"2025-01-21T18:58:47","date_gmt":"2025-01-21T21:58:47","guid":{"rendered":"https:\/\/fmpatagoniamadryn.com.ar\/?p=14507"},"modified":"2025-01-21T18:58:55","modified_gmt":"2025-01-21T21:58:55","slug":"llega-la-cuarta-edicion-del-madryn-escena-teatral","status":"publish","type":"post","link":"https:\/\/fmpatagoniamadryn.com.ar\/?p=14507","title":{"rendered":"LLEGA LA CUARTA EDICI\u00d3N DEL MADRYN ESCENA TEATRAL"},"content":{"rendered":"\n<p><br><br><br> <br><br>Ser\u00e1 del 22 al 26 de enero de 18:30 a 23 horas en diferentes espacios de la ciudad<br><br> <br><br> <br><br>Hace cuatro a\u00f1os consecutivos que se realiza el \u201cMadryn Escena Teatral\u201d (MET), un festival internacional, producido por la grupalidad Teatro del Infinito y la Fundaci\u00f3n Cultural y Educativa del Infinito. Esta temporada se llevar\u00e1 a cabo del 22 al 26 de enero de 18:30 a 23 horas en el monumento a La Mujer Galesa como escenario principal. Se presentar\u00e1n talleres, espect\u00e1culos de t\u00edteres, circo, magia, murga, teatro, danza, estatuas vivientes, performance, pudiendo disfrutar de un abanico art\u00edstico para toda la familia. Adem\u00e1s, se desarrollar\u00e1n espect\u00e1culos en el monumento a Ca\u00eddos en Malvinas, el Teatro del Muelle y en la Casa de la Cultura.<br><br> <br><br>El evento tiene como objetivo promover el desarrollo de las artes esc\u00e9nicas como medio de expresi\u00f3n, comunicaci\u00f3n, encuentro y como instrumento de integraci\u00f3n cultural. Asimismo, busca democratizar la cultura para que todos y todas puedan acceder ya que las actividades que se realizan son con entradas libres y gratuitas, salidas al sombrero.<br><br> <br><br>Las presentaciones ser\u00e1n para todas las edades, el objetivo es que el teatro sea un punto de encuentro donde familias, amigos y amigas asistan con sus reposeras, mate y algo para compartir a disfrutar de una diversidad de shows en un marco de naturaleza \u00fanico. Participar\u00e1n tres compa\u00f1\u00edas de Brasil, CABA, Bah\u00eda Blanca, Viedma, AMBA, San Luis, Tornquist y diversos grupos de Chubut.<br><br> <br><br>Ya se encuentran abiertas las inscripciones para el taller Iniciaci\u00f3n a la Magia destinado a j\u00f3venes y adultos, dictado por el reconocido Mr. M\u00e1gico de Buenos Aires. Se llevar\u00e1 a cabo el s\u00e1bado 25 en la Casa de la Cultura de 10 a 12:30 horas. Tambi\u00e9n, el jueves 23 y el domingo 26, la Compa\u00f1\u00eda Eppur si Muove de Puerto Madryn presentar\u00e1 la obra Intangible, espect\u00e1culo de danza teatro.<br><br> <br><br>Para m\u00e1s informaci\u00f3n sobre cada espect\u00e1culo (sinopsis, d\u00eda, hora, lugar de las compa\u00f1\u00edas e inscribirse a los talleres), se debe ingresar a www.patagoniacultural.com.ar, al Instagram @teatrodelinfinito o Fanpage Madryn Escena Teatral.<br><br> <br><br>La Municipalidad de Puerto Madryn, a trav\u00e9s de la Subsecretar\u00eda de Cultura, acompa\u00f1a al evento junto al Instituto Nacional de Teatro, Subsecretar\u00eda de la Provincia del Chubut, Aluar, Fondo Nacional de las Artes, Ente Mixto de Promoci\u00f3n Tur\u00edstica de la ciudad e INFA.<\/p>\n","protected":false},"excerpt":{"rendered":"<p>Ser\u00e1 del 22 al 26 de enero de 18:30 a 23 horas en diferentes espacios de la ciudad Hace cuatro a\u00f1os consecutivos que se realiza el \u201cMadryn Escena Teatral\u201d (MET),&hellip; <\/p>\n","protected":false},"author":2,"featured_media":14506,"comment_status":"closed","ping_status":"closed","sticky":false,"template":"","format":"standard","meta":{"footnotes":""},"categories":[15],"tags":[],"class_list":["post-14507","post","type-post","status-publish","format-standard","has-post-thumbnail","hentry","category-locales"],"yoast_head":"<!-- This site is optimized with the Yoast SEO plugin v27.5 - https:\/\/yoast.com\/product\/yoast-seo-wordpress\/ -->\n<title>LLEGA LA CUARTA EDICI\u00d3N DEL MADRYN ESCENA TEATRAL - FM Patagonia Madryn<\/title>\n<meta name=\"robots\" content=\"index, follow, max-snippet:-1, max-image-preview:large, max-video-preview:-1\" \/>\n<link rel=\"canonical\" href=\"https:\/\/fmpatagoniamadryn.com.ar\/?p=14507\" \/>\n<meta property=\"og:locale\" content=\"es_ES\" \/>\n<meta property=\"og:type\" content=\"article\" \/>\n<meta property=\"og:title\" content=\"LLEGA LA CUARTA EDICI\u00d3N DEL MADRYN ESCENA TEATRAL - FM Patagonia Madryn\" \/>\n<meta property=\"og:description\" content=\"Ser\u00e1 del 22 al 26 de enero de 18:30 a 23 horas en diferentes espacios de la ciudad Hace cuatro a\u00f1os consecutivos que se realiza el \u201cMadryn Escena Teatral\u201d (MET),&hellip;\" \/>\n<meta property=\"og:url\" content=\"https:\/\/fmpatagoniamadryn.com.ar\/?p=14507\" \/>\n<meta property=\"og:site_name\" content=\"FM Patagonia Madryn\" \/>\n<meta property=\"article:published_time\" content=\"2025-01-21T21:58:47+00:00\" \/>\n<meta property=\"article:modified_time\" content=\"2025-01-21T21:58:55+00:00\" \/>\n<meta property=\"og:image\" content=\"https:\/\/fmpatagoniamadryn.com.ar\/wp-content\/uploads\/2025\/01\/MR-MAGICO-2-1.jpg\" \/>\n\t<meta property=\"og:image:width\" content=\"1114\" \/>\n\t<meta property=\"og:image:height\" content=\"1280\" \/>\n\t<meta property=\"og:image:type\" content=\"image\/jpeg\" \/>\n<meta name=\"author\" content=\"FM Patagonia\" \/>\n<meta name=\"twitter:card\" content=\"summary_large_image\" \/>\n<meta name=\"twitter:label1\" content=\"Escrito por\" \/>\n\t<meta name=\"twitter:data1\" content=\"FM Patagonia\" \/>\n\t<meta name=\"twitter:label2\" content=\"Tiempo de lectura\" \/>\n\t<meta name=\"twitter:data2\" content=\"2 minutos\" \/>\n<script type=\"application\/ld+json\" class=\"yoast-schema-graph\">{\"@context\":\"https:\\\/\\\/schema.org\",\"@graph\":[{\"@type\":\"Article\",\"@id\":\"https:\\\/\\\/fmpatagoniamadryn.com.ar\\\/?p=14507#article\",\"isPartOf\":{\"@id\":\"https:\\\/\\\/fmpatagoniamadryn.com.ar\\\/?p=14507\"},\"author\":{\"name\":\"FM Patagonia\",\"@id\":\"https:\\\/\\\/fmpatagoniamadryn.com.ar\\\/#\\\/schema\\\/person\\\/8a3de4ad7efceacab06c1641c50303b7\"},\"headline\":\"LLEGA LA CUARTA EDICI\u00d3N DEL MADRYN ESCENA TEATRAL\",\"datePublished\":\"2025-01-21T21:58:47+00:00\",\"dateModified\":\"2025-01-21T21:58:55+00:00\",\"mainEntityOfPage\":{\"@id\":\"https:\\\/\\\/fmpatagoniamadryn.com.ar\\\/?p=14507\"},\"wordCount\":414,\"publisher\":{\"@id\":\"https:\\\/\\\/fmpatagoniamadryn.com.ar\\\/#organization\"},\"image\":{\"@id\":\"https:\\\/\\\/fmpatagoniamadryn.com.ar\\\/?p=14507#primaryimage\"},\"thumbnailUrl\":\"https:\\\/\\\/fmpatagoniamadryn.com.ar\\\/wp-content\\\/uploads\\\/2025\\\/01\\\/MR-MAGICO-2-1.jpg\",\"articleSection\":[\"Locales\"],\"inLanguage\":\"es\"},{\"@type\":\"WebPage\",\"@id\":\"https:\\\/\\\/fmpatagoniamadryn.com.ar\\\/?p=14507\",\"url\":\"https:\\\/\\\/fmpatagoniamadryn.com.ar\\\/?p=14507\",\"name\":\"LLEGA LA CUARTA EDICI\u00d3N DEL MADRYN ESCENA TEATRAL - FM Patagonia Madryn\",\"isPartOf\":{\"@id\":\"https:\\\/\\\/fmpatagoniamadryn.com.ar\\\/#website\"},\"primaryImageOfPage\":{\"@id\":\"https:\\\/\\\/fmpatagoniamadryn.com.ar\\\/?p=14507#primaryimage\"},\"image\":{\"@id\":\"https:\\\/\\\/fmpatagoniamadryn.com.ar\\\/?p=14507#primaryimage\"},\"thumbnailUrl\":\"https:\\\/\\\/fmpatagoniamadryn.com.ar\\\/wp-content\\\/uploads\\\/2025\\\/01\\\/MR-MAGICO-2-1.jpg\",\"datePublished\":\"2025-01-21T21:58:47+00:00\",\"dateModified\":\"2025-01-21T21:58:55+00:00\",\"breadcrumb\":{\"@id\":\"https:\\\/\\\/fmpatagoniamadryn.com.ar\\\/?p=14507#breadcrumb\"},\"inLanguage\":\"es\",\"potentialAction\":[{\"@type\":\"ReadAction\",\"target\":[\"https:\\\/\\\/fmpatagoniamadryn.com.ar\\\/?p=14507\"]}]},{\"@type\":\"ImageObject\",\"inLanguage\":\"es\",\"@id\":\"https:\\\/\\\/fmpatagoniamadryn.com.ar\\\/?p=14507#primaryimage\",\"url\":\"https:\\\/\\\/fmpatagoniamadryn.com.ar\\\/wp-content\\\/uploads\\\/2025\\\/01\\\/MR-MAGICO-2-1.jpg\",\"contentUrl\":\"https:\\\/\\\/fmpatagoniamadryn.com.ar\\\/wp-content\\\/uploads\\\/2025\\\/01\\\/MR-MAGICO-2-1.jpg\",\"width\":1114,\"height\":1280},{\"@type\":\"BreadcrumbList\",\"@id\":\"https:\\\/\\\/fmpatagoniamadryn.com.ar\\\/?p=14507#breadcrumb\",\"itemListElement\":[{\"@type\":\"ListItem\",\"position\":1,\"name\":\"Portada\",\"item\":\"https:\\\/\\\/fmpatagoniamadryn.com.ar\\\/\"},{\"@type\":\"ListItem\",\"position\":2,\"name\":\"LLEGA LA CUARTA EDICI\u00d3N DEL MADRYN ESCENA TEATRAL\"}]},{\"@type\":\"WebSite\",\"@id\":\"https:\\\/\\\/fmpatagoniamadryn.com.ar\\\/#website\",\"url\":\"https:\\\/\\\/fmpatagoniamadryn.com.ar\\\/\",\"name\":\"FM Patagonia Madryn\",\"description\":\"Radio Patagonia 105.5\",\"publisher\":{\"@id\":\"https:\\\/\\\/fmpatagoniamadryn.com.ar\\\/#organization\"},\"potentialAction\":[{\"@type\":\"SearchAction\",\"target\":{\"@type\":\"EntryPoint\",\"urlTemplate\":\"https:\\\/\\\/fmpatagoniamadryn.com.ar\\\/?s={search_term_string}\"},\"query-input\":{\"@type\":\"PropertyValueSpecification\",\"valueRequired\":true,\"valueName\":\"search_term_string\"}}],\"inLanguage\":\"es\"},{\"@type\":\"Organization\",\"@id\":\"https:\\\/\\\/fmpatagoniamadryn.com.ar\\\/#organization\",\"name\":\"FM Patagonia Madryn\",\"url\":\"https:\\\/\\\/fmpatagoniamadryn.com.ar\\\/\",\"logo\":{\"@type\":\"ImageObject\",\"inLanguage\":\"es\",\"@id\":\"https:\\\/\\\/fmpatagoniamadryn.com.ar\\\/#\\\/schema\\\/logo\\\/image\\\/\",\"url\":\"https:\\\/\\\/fmpatagoniamadryn.com.ar\\\/wp-content\\\/uploads\\\/2023\\\/01\\\/cropped-Diseno-sin-titulo.png\",\"contentUrl\":\"https:\\\/\\\/fmpatagoniamadryn.com.ar\\\/wp-content\\\/uploads\\\/2023\\\/01\\\/cropped-Diseno-sin-titulo.png\",\"width\":6911,\"height\":2657,\"caption\":\"FM Patagonia Madryn\"},\"image\":{\"@id\":\"https:\\\/\\\/fmpatagoniamadryn.com.ar\\\/#\\\/schema\\\/logo\\\/image\\\/\"}},{\"@type\":\"Person\",\"@id\":\"https:\\\/\\\/fmpatagoniamadryn.com.ar\\\/#\\\/schema\\\/person\\\/8a3de4ad7efceacab06c1641c50303b7\",\"name\":\"FM Patagonia\",\"url\":\"https:\\\/\\\/fmpatagoniamadryn.com.ar\\\/?author=2\"}]}<\/script>\n<!-- \/ Yoast SEO plugin. -->","yoast_head_json":{"title":"LLEGA LA CUARTA EDICI\u00d3N DEL MADRYN ESCENA TEATRAL - FM Patagonia Madryn","robots":{"index":"index","follow":"follow","max-snippet":"max-snippet:-1","max-image-preview":"max-image-preview:large","max-video-preview":"max-video-preview:-1"},"canonical":"https:\/\/fmpatagoniamadryn.com.ar\/?p=14507","og_locale":"es_ES","og_type":"article","og_title":"LLEGA LA CUARTA EDICI\u00d3N DEL MADRYN ESCENA TEATRAL - FM Patagonia Madryn","og_description":"Ser\u00e1 del 22 al 26 de enero de 18:30 a 23 horas en diferentes espacios de la ciudad Hace cuatro a\u00f1os consecutivos que se realiza el \u201cMadryn Escena Teatral\u201d (MET),&hellip;","og_url":"https:\/\/fmpatagoniamadryn.com.ar\/?p=14507","og_site_name":"FM Patagonia Madryn","article_published_time":"2025-01-21T21:58:47+00:00","article_modified_time":"2025-01-21T21:58:55+00:00","og_image":[{"width":1114,"height":1280,"url":"https:\/\/fmpatagoniamadryn.com.ar\/wp-content\/uploads\/2025\/01\/MR-MAGICO-2-1.jpg","type":"image\/jpeg"}],"author":"FM Patagonia","twitter_card":"summary_large_image","twitter_misc":{"Escrito por":"FM Patagonia","Tiempo de lectura":"2 minutos"},"schema":{"@context":"https:\/\/schema.org","@graph":[{"@type":"Article","@id":"https:\/\/fmpatagoniamadryn.com.ar\/?p=14507#article","isPartOf":{"@id":"https:\/\/fmpatagoniamadryn.com.ar\/?p=14507"},"author":{"name":"FM Patagonia","@id":"https:\/\/fmpatagoniamadryn.com.ar\/#\/schema\/person\/8a3de4ad7efceacab06c1641c50303b7"},"headline":"LLEGA LA CUARTA EDICI\u00d3N DEL MADRYN ESCENA TEATRAL","datePublished":"2025-01-21T21:58:47+00:00","dateModified":"2025-01-21T21:58:55+00:00","mainEntityOfPage":{"@id":"https:\/\/fmpatagoniamadryn.com.ar\/?p=14507"},"wordCount":414,"publisher":{"@id":"https:\/\/fmpatagoniamadryn.com.ar\/#organization"},"image":{"@id":"https:\/\/fmpatagoniamadryn.com.ar\/?p=14507#primaryimage"},"thumbnailUrl":"https:\/\/fmpatagoniamadryn.com.ar\/wp-content\/uploads\/2025\/01\/MR-MAGICO-2-1.jpg","articleSection":["Locales"],"inLanguage":"es"},{"@type":"WebPage","@id":"https:\/\/fmpatagoniamadryn.com.ar\/?p=14507","url":"https:\/\/fmpatagoniamadryn.com.ar\/?p=14507","name":"LLEGA LA CUARTA EDICI\u00d3N DEL MADRYN ESCENA TEATRAL - FM Patagonia Madryn","isPartOf":{"@id":"https:\/\/fmpatagoniamadryn.com.ar\/#website"},"primaryImageOfPage":{"@id":"https:\/\/fmpatagoniamadryn.com.ar\/?p=14507#primaryimage"},"image":{"@id":"https:\/\/fmpatagoniamadryn.com.ar\/?p=14507#primaryimage"},"thumbnailUrl":"https:\/\/fmpatagoniamadryn.com.ar\/wp-content\/uploads\/2025\/01\/MR-MAGICO-2-1.jpg","datePublished":"2025-01-21T21:58:47+00:00","dateModified":"2025-01-21T21:58:55+00:00","breadcrumb":{"@id":"https:\/\/fmpatagoniamadryn.com.ar\/?p=14507#breadcrumb"},"inLanguage":"es","potentialAction":[{"@type":"ReadAction","target":["https:\/\/fmpatagoniamadryn.com.ar\/?p=14507"]}]},{"@type":"ImageObject","inLanguage":"es","@id":"https:\/\/fmpatagoniamadryn.com.ar\/?p=14507#primaryimage","url":"https:\/\/fmpatagoniamadryn.com.ar\/wp-content\/uploads\/2025\/01\/MR-MAGICO-2-1.jpg","contentUrl":"https:\/\/fmpatagoniamadryn.com.ar\/wp-content\/uploads\/2025\/01\/MR-MAGICO-2-1.jpg","width":1114,"height":1280},{"@type":"BreadcrumbList","@id":"https:\/\/fmpatagoniamadryn.com.ar\/?p=14507#breadcrumb","itemListElement":[{"@type":"ListItem","position":1,"name":"Portada","item":"https:\/\/fmpatagoniamadryn.com.ar\/"},{"@type":"ListItem","position":2,"name":"LLEGA LA CUARTA EDICI\u00d3N DEL MADRYN ESCENA TEATRAL"}]},{"@type":"WebSite","@id":"https:\/\/fmpatagoniamadryn.com.ar\/#website","url":"https:\/\/fmpatagoniamadryn.com.ar\/","name":"FM Patagonia Madryn","description":"Radio Patagonia 105.5","publisher":{"@id":"https:\/\/fmpatagoniamadryn.com.ar\/#organization"},"potentialAction":[{"@type":"SearchAction","target":{"@type":"EntryPoint","urlTemplate":"https:\/\/fmpatagoniamadryn.com.ar\/?s={search_term_string}"},"query-input":{"@type":"PropertyValueSpecification","valueRequired":true,"valueName":"search_term_string"}}],"inLanguage":"es"},{"@type":"Organization","@id":"https:\/\/fmpatagoniamadryn.com.ar\/#organization","name":"FM Patagonia Madryn","url":"https:\/\/fmpatagoniamadryn.com.ar\/","logo":{"@type":"ImageObject","inLanguage":"es","@id":"https:\/\/fmpatagoniamadryn.com.ar\/#\/schema\/logo\/image\/","url":"https:\/\/fmpatagoniamadryn.com.ar\/wp-content\/uploads\/2023\/01\/cropped-Diseno-sin-titulo.png","contentUrl":"https:\/\/fmpatagoniamadryn.com.ar\/wp-content\/uploads\/2023\/01\/cropped-Diseno-sin-titulo.png","width":6911,"height":2657,"caption":"FM Patagonia Madryn"},"image":{"@id":"https:\/\/fmpatagoniamadryn.com.ar\/#\/schema\/logo\/image\/"}},{"@type":"Person","@id":"https:\/\/fmpatagoniamadryn.com.ar\/#\/schema\/person\/8a3de4ad7efceacab06c1641c50303b7","name":"FM Patagonia","url":"https:\/\/fmpatagoniamadryn.com.ar\/?author=2"}]}},"jetpack_featured_media_url":"https:\/\/fmpatagoniamadryn.com.ar\/wp-content\/uploads\/2025\/01\/MR-MAGICO-2-1.jpg","_links":{"self":[{"href":"https:\/\/fmpatagoniamadryn.com.ar\/index.php?rest_route=\/wp\/v2\/posts\/14507","targetHints":{"allow":["GET"]}}],"collection":[{"href":"https:\/\/fmpatagoniamadryn.com.ar\/index.php?rest_route=\/wp\/v2\/posts"}],"about":[{"href":"https:\/\/fmpatagoniamadryn.com.ar\/index.php?rest_route=\/wp\/v2\/types\/post"}],"author":[{"embeddable":true,"href":"https:\/\/fmpatagoniamadryn.com.ar\/index.php?rest_route=\/wp\/v2\/users\/2"}],"replies":[{"embeddable":true,"href":"https:\/\/fmpatagoniamadryn.com.ar\/index.php?rest_route=%2Fwp%2Fv2%2Fcomments&post=14507"}],"version-history":[{"count":1,"href":"https:\/\/fmpatagoniamadryn.com.ar\/index.php?rest_route=\/wp\/v2\/posts\/14507\/revisions"}],"predecessor-version":[{"id":14508,"href":"https:\/\/fmpatagoniamadryn.com.ar\/index.php?rest_route=\/wp\/v2\/posts\/14507\/revisions\/14508"}],"wp:featuredmedia":[{"embeddable":true,"href":"https:\/\/fmpatagoniamadryn.com.ar\/index.php?rest_route=\/wp\/v2\/media\/14506"}],"wp:attachment":[{"href":"https:\/\/fmpatagoniamadryn.com.ar\/index.php?rest_route=%2Fwp%2Fv2%2Fmedia&parent=14507"}],"wp:term":[{"taxonomy":"category","embeddable":true,"href":"https:\/\/fmpatagoniamadryn.com.ar\/index.php?rest_route=%2Fwp%2Fv2%2Fcategories&post=14507"},{"taxonomy":"post_tag","embeddable":true,"href":"https:\/\/fmpatagoniamadryn.com.ar\/index.php?rest_route=%2Fwp%2Fv2%2Ftags&post=14507"}],"curies":[{"name":"wp","href":"https:\/\/api.w.org\/{rel}","templated":true}]}}