{"id":14987,"date":"2025-02-28T16:08:26","date_gmt":"2025-02-28T19:08:26","guid":{"rendered":"https:\/\/fmpatagoniamadryn.com.ar\/?p=14987"},"modified":"2025-02-28T16:08:26","modified_gmt":"2025-02-28T19:08:26","slug":"dos-fiestas-populares-y-tres-festivales-de-carnaval-se-celebran-este-fin-de-semana-en-chubut","status":"publish","type":"post","link":"https:\/\/fmpatagoniamadryn.com.ar\/?p=14987","title":{"rendered":"Dos fiestas populares y tres festivales de Carnaval se celebran este fin de semana en Chubut"},"content":{"rendered":"\n<p><\/p>\n\n\n\n<p><em>Se trata de la Fiesta Nacional de los Pescadores del Sur en Playa Uni\u00f3n y la Fiesta de la Sal y del Tren Salinero en Puerto Pir\u00e1mides. En tanto que en Trelew, Puerto Madryn y Trevelin se llevar\u00e1n a cabo importantes festivales para celebrar el carnaval.<\/em><\/p>\n\n\n\n<p>Dos fiestas populares y tres celebraciones de Carnaval se vivir\u00e1n este fin de semana largo en distintos puntos de la Provincia del Chubut.<\/p>\n\n\n\n<p>En ese sentido, el Gobierno del Chubut, a trav\u00e9s de la Subsecretar\u00eda de Cultura, inform\u00f3 se desarrollar\u00e1n la 24\u00b0 Fiesta Nacional de los Pescadores del Sur en Playa Uni\u00f3n; la Fiesta de la Sal y del Tren Salinero en Puerto Pir\u00e1mides, en tanto que habr\u00e1 celebraciones de Carnaval en Trelew, Puerto Madryn y Trevelin.<\/p>\n\n\n\n<p>Respecto a la edici\u00f3n n\u00famero 24 de la Fiesta Nacional de los Pescadores del Sur, la misma se llevar\u00e1 a cabo el s\u00e1bado 1 y domingo 2 de marzo en el Anfiteatro de Playa Uni\u00f3n, en la ciudad de Rawson. Durante la primera jornada, desde las 20 horas, se presentar\u00e1n \u201cLun\u00e1ticos\u201d, \u201cSEP7IMO D1A\u201d y \u201cFranki Lop\u201d, mientras que el domingo, a la misma hora, ser\u00e1 el turno de \u201cLa Guitarreada\u201d, \u201cLa Gonza Band\u201d y la banda de cumbia de nivel nacional, \u201cOnda Sabanera\u201d.<\/p>\n\n\n\n<p>Durante ambas jornadas, la Comisi\u00f3n Organizadora de la fiesta ofrecer\u00e1 una paella popular y, dependiendo del clima, se confirmar\u00e1 la realizaci\u00f3n de los hist\u00f3ricos paseos en los barcos de la flota amarilla de Puerto Rawson.<\/p>\n\n\n\n<p>En el predio de la fiesta, tambi\u00e9n habr\u00e1 paseo de artesanos y patio de comidas.<\/p>\n\n\n\n<p><em>Actividades en Puerto Pir\u00e1mides<\/em><\/p>\n\n\n\n<p>Puerto Pir\u00e1mides por su parte ser\u00e1 sede de la 1\u00b0 edici\u00f3n de la Fiesta de la Sal y del Tren Salinero, la cual se realizar\u00e1 en esa localidad ubicada en el coraz\u00f3n de Pen\u00ednsula Vald\u00e9s el domingo 2 de marzo.<\/p>\n\n\n\n<p>Ese d\u00eda a partir de las 18:30 horas en la Plaza San Mart\u00edn y se podr\u00e1 disfrutar de cordero patagonico, artesanos, cerveza artesanal, m\u00fasica en vivo, shows y una muestra fotogr\u00e1fica, entre otras actividades.<\/p>\n\n\n\n<p>En el escenario principal se presentar\u00e1n los artistas locales Ariel Muller y Sandra Galarza, Victoria Contreras, Lautaro Montero, Pablo Lasala y el Grupo de Baile Folkl\u00f3rico \u201cBrisas del Sur\u201d. Tambi\u00e9n habr\u00e1 artistas invitados como \u201cDuendes Salamqueros\u201d y \u201cBasta Fuerte\u201d.<\/p>\n\n\n\n<p>En este caso la historia, la cultura y la naturaleza se unir\u00e1n en un evento que marcar\u00e1 el comienzo de una tradici\u00f3n inolvidable. El objetivo es celebrar nuestra identidad y rendir homenaje a quienes forjaron nuestra historia.<\/p>\n\n\n\n<p>El tren salinero recorr\u00eda estas tierras transportando uno de los tesoros m\u00e1s valiosos de la regi\u00f3n: la sal, un recurso esencial que dio vida y trabajo a generaciones.<\/p>\n\n\n\n<p><em>La agenda en Trelew<\/em><\/p>\n\n\n\n<p>En la ciudad de Trelew se realizar\u00e1 el 2\u00b0 Festival del Carnaval y el Canto, el cual se desarrollar\u00e1 durante los d\u00edas lunes 3 y martes 4 de marzo, ambos d\u00edas feriados de carnaval, en el predio de la Pista de Atletismo.<\/p>\n\n\n\n<p>En su segunda edici\u00f3n, el evento promete ser una celebraci\u00f3n inolvidable con m\u00fasica, danzas, desfiles y una muestra de la cultura local. Los visitantes podr\u00e1n disfrutar del arte y la cultura local en un ambiente familiar y seguro.<\/p>\n\n\n\n<p>El festival contar\u00e1 con la participaci\u00f3n de formaciones art\u00edsticas destacadas como D\u00fao Aruma, de Comodoro Rivadavia, que ofrecer\u00e1n un espect\u00e1culo emotivo y lleno de m\u00fasica. Adem\u00e1s, el grupo de rock reconocido a nivel nacional \u201cTurf\u201d, ser\u00e1 el encargado de ponerle el toque de energ\u00eda y ritmo al evento.<\/p>\n\n\n\n<p>El lunes 3 de marzo, desde las 18 horas, los asistentes podr\u00e1n disfrutar de un paseo que incluir\u00e1 artesanos, emprendedores, un patio gastron\u00f3mico y diversas propuestas culturales.<\/p>\n\n\n\n<p>La jornada del martes 4 de marzo comenzar\u00e1 a las 13 horas con propuestas deportivas y art\u00edsticas, seguidas del tradicional desfile de comparsas (desde las 19) que recorrer\u00e1n las calles Mitre, Centenario, Pellegrini y Rondeau, hasta retornar a la Pista Municipal de Atletismo.<\/p>\n\n\n\n<p>Este evento ser\u00e1 tambi\u00e9n una muestra de la diversidad cultural de Trelew, con platos t\u00edpicos de la regi\u00f3n que enriquecer\u00e1n la experiencia de quienes se acerquen a participar. En este caso el carnaval es m\u00e1s que una fiesta: es una celebraci\u00f3n de la identidad, la tradici\u00f3n y el esp\u00edritu comunitario de Trelew.<\/p>\n\n\n\n<p>Adem\u00e1s, se destac\u00f3 que habr\u00e1 un dispositivo especial, tanto en las inmediaciones como en el predio, para garantizar la seguridad de los asistentes, y posibilitar que el evento se desarrolle de manera ordenada.<\/p>\n\n\n\n<p><em>La propuesta de Puerto Madryn<\/em><\/p>\n\n\n\n<p>La ciudad de Puerto Madryn llevar\u00e1 adelante el 5\u00b0 Carnaval del Mar durante el s\u00e1bado y domingo desde las 19 horas, sobre la Avenida Roca entre Irigoyen y 9 de Julio. Habr\u00e1 gran cantidad de comparsas, murgas y grupos musicales de la ciudad.<\/p>\n\n\n\n<p>Desde la Municipalidad local se logr\u00f3 darle continuidad a esta celebraci\u00f3n, luego de haberla reflotado desde el 2020. Por ello, esta ser\u00e1 la quinta edici\u00f3n del Carnaval del Mar de la ciudad portuaria.<\/p>\n\n\n\n<p>Desde este viernes 28 de febrero al domingo 2 de marzo, en el mismo sector, se podr\u00e1 disfrutar tambi\u00e9n de la Feria Gastron\u00f3mica y Cervecera \u201cMadryn Comestible\u201d, y a su vez, el s\u00e1bado y domingo en el marco del Carnaval, se desarrollar\u00e1n los Juegos Nacionales de Playa por la Diversidad 2025.<\/p>\n\n\n\n<p><em>Fiesta de Carnaval 2025 en Trevelin<\/em><\/p>\n\n\n\n<p>En la localidad cordillerana de Trevelin, m\u00e1s precisamente en la Plaza \u201cCoronel Fontana\u201d, se realizar\u00e1 este lunes 3 de marzo la Fiesta de Carnaval 2025, desde las 16 hasta las 22 horas.<\/p>\n\n\n\n<p>All\u00ed se podr\u00e1 disfrutar de una jornada de Murga, Folclore, Rock &amp; Roll y Cumbia. Tambi\u00e9n habr\u00e1 actividades recreativas, maquillaje art\u00edstico, circo y juegos para los m\u00e1s chicos.<\/p>\n\n\n\n<p>Se montar\u00e1 tambi\u00e9n la \u201cPeatonal Gastron\u00f3mica &#8211; Artesanal\u201d en Nain Maggie, de 15:30 a 20 horas.<\/p>\n\n\n\n<p>El s\u00e1bado 1\u00b0 de marzo tambi\u00e9n habr\u00e1 actividades en la Biblioteca Popular de Trevelin, ubicada sobre calle Libertad, en horario de 17 a 22 horas.<\/p>\n","protected":false},"excerpt":{"rendered":"<p>Se trata de la Fiesta Nacional de los Pescadores del Sur en Playa Uni\u00f3n y la Fiesta de la Sal y del Tren Salinero en Puerto Pir\u00e1mides. En tanto que&hellip; <\/p>\n","protected":false},"author":2,"featured_media":14986,"comment_status":"closed","ping_status":"closed","sticky":false,"template":"","format":"standard","meta":{"footnotes":""},"categories":[14],"tags":[],"class_list":["post-14987","post","type-post","status-publish","format-standard","has-post-thumbnail","hentry","category-provinciales"],"yoast_head":"<!-- This site is optimized with the Yoast SEO plugin v27.4 - https:\/\/yoast.com\/product\/yoast-seo-wordpress\/ -->\n<title>Dos fiestas populares y tres festivales de Carnaval se celebran este fin de semana en Chubut - FM Patagonia Madryn<\/title>\n<meta name=\"robots\" content=\"index, follow, max-snippet:-1, max-image-preview:large, max-video-preview:-1\" \/>\n<link rel=\"canonical\" href=\"https:\/\/fmpatagoniamadryn.com.ar\/?p=14987\" \/>\n<meta property=\"og:locale\" content=\"es_ES\" \/>\n<meta property=\"og:type\" content=\"article\" \/>\n<meta property=\"og:title\" content=\"Dos fiestas populares y tres festivales de Carnaval se celebran este fin de semana en Chubut - FM Patagonia Madryn\" \/>\n<meta property=\"og:description\" content=\"Se trata de la Fiesta Nacional de los Pescadores del Sur en Playa Uni\u00f3n y la Fiesta de la Sal y del Tren Salinero en Puerto Pir\u00e1mides. En tanto que&hellip;\" \/>\n<meta property=\"og:url\" content=\"https:\/\/fmpatagoniamadryn.com.ar\/?p=14987\" \/>\n<meta property=\"og:site_name\" content=\"FM Patagonia Madryn\" \/>\n<meta property=\"article:published_time\" content=\"2025-02-28T19:08:26+00:00\" \/>\n<meta property=\"og:image\" content=\"https:\/\/fmpatagoniamadryn.com.ar\/wp-content\/uploads\/2025\/02\/0a4da491-3959-40cd-8d3e-9904fbeb2240-1.jpg\" \/>\n\t<meta property=\"og:image:width\" content=\"1280\" \/>\n\t<meta property=\"og:image:height\" content=\"854\" \/>\n\t<meta property=\"og:image:type\" content=\"image\/jpeg\" \/>\n<meta name=\"author\" content=\"FM Patagonia\" \/>\n<meta name=\"twitter:card\" content=\"summary_large_image\" \/>\n<meta name=\"twitter:label1\" content=\"Escrito por\" \/>\n\t<meta name=\"twitter:data1\" content=\"FM Patagonia\" \/>\n\t<meta name=\"twitter:label2\" content=\"Tiempo de lectura\" \/>\n\t<meta name=\"twitter:data2\" content=\"5 minutos\" \/>\n<script type=\"application\/ld+json\" class=\"yoast-schema-graph\">{\"@context\":\"https:\\\/\\\/schema.org\",\"@graph\":[{\"@type\":\"Article\",\"@id\":\"https:\\\/\\\/fmpatagoniamadryn.com.ar\\\/?p=14987#article\",\"isPartOf\":{\"@id\":\"https:\\\/\\\/fmpatagoniamadryn.com.ar\\\/?p=14987\"},\"author\":{\"name\":\"FM Patagonia\",\"@id\":\"https:\\\/\\\/fmpatagoniamadryn.com.ar\\\/#\\\/schema\\\/person\\\/8a3de4ad7efceacab06c1641c50303b7\"},\"headline\":\"Dos fiestas populares y tres festivales de Carnaval se celebran este fin de semana en Chubut\",\"datePublished\":\"2025-02-28T19:08:26+00:00\",\"mainEntityOfPage\":{\"@id\":\"https:\\\/\\\/fmpatagoniamadryn.com.ar\\\/?p=14987\"},\"wordCount\":1028,\"publisher\":{\"@id\":\"https:\\\/\\\/fmpatagoniamadryn.com.ar\\\/#organization\"},\"image\":{\"@id\":\"https:\\\/\\\/fmpatagoniamadryn.com.ar\\\/?p=14987#primaryimage\"},\"thumbnailUrl\":\"https:\\\/\\\/fmpatagoniamadryn.com.ar\\\/wp-content\\\/uploads\\\/2025\\\/02\\\/0a4da491-3959-40cd-8d3e-9904fbeb2240-1.jpg\",\"articleSection\":[\"Provinciales\"],\"inLanguage\":\"es\"},{\"@type\":\"WebPage\",\"@id\":\"https:\\\/\\\/fmpatagoniamadryn.com.ar\\\/?p=14987\",\"url\":\"https:\\\/\\\/fmpatagoniamadryn.com.ar\\\/?p=14987\",\"name\":\"Dos fiestas populares y tres festivales de Carnaval se celebran este fin de semana en Chubut - FM Patagonia Madryn\",\"isPartOf\":{\"@id\":\"https:\\\/\\\/fmpatagoniamadryn.com.ar\\\/#website\"},\"primaryImageOfPage\":{\"@id\":\"https:\\\/\\\/fmpatagoniamadryn.com.ar\\\/?p=14987#primaryimage\"},\"image\":{\"@id\":\"https:\\\/\\\/fmpatagoniamadryn.com.ar\\\/?p=14987#primaryimage\"},\"thumbnailUrl\":\"https:\\\/\\\/fmpatagoniamadryn.com.ar\\\/wp-content\\\/uploads\\\/2025\\\/02\\\/0a4da491-3959-40cd-8d3e-9904fbeb2240-1.jpg\",\"datePublished\":\"2025-02-28T19:08:26+00:00\",\"breadcrumb\":{\"@id\":\"https:\\\/\\\/fmpatagoniamadryn.com.ar\\\/?p=14987#breadcrumb\"},\"inLanguage\":\"es\",\"potentialAction\":[{\"@type\":\"ReadAction\",\"target\":[\"https:\\\/\\\/fmpatagoniamadryn.com.ar\\\/?p=14987\"]}]},{\"@type\":\"ImageObject\",\"inLanguage\":\"es\",\"@id\":\"https:\\\/\\\/fmpatagoniamadryn.com.ar\\\/?p=14987#primaryimage\",\"url\":\"https:\\\/\\\/fmpatagoniamadryn.com.ar\\\/wp-content\\\/uploads\\\/2025\\\/02\\\/0a4da491-3959-40cd-8d3e-9904fbeb2240-1.jpg\",\"contentUrl\":\"https:\\\/\\\/fmpatagoniamadryn.com.ar\\\/wp-content\\\/uploads\\\/2025\\\/02\\\/0a4da491-3959-40cd-8d3e-9904fbeb2240-1.jpg\",\"width\":1280,\"height\":854},{\"@type\":\"BreadcrumbList\",\"@id\":\"https:\\\/\\\/fmpatagoniamadryn.com.ar\\\/?p=14987#breadcrumb\",\"itemListElement\":[{\"@type\":\"ListItem\",\"position\":1,\"name\":\"Portada\",\"item\":\"https:\\\/\\\/fmpatagoniamadryn.com.ar\\\/\"},{\"@type\":\"ListItem\",\"position\":2,\"name\":\"Dos fiestas populares y tres festivales de Carnaval se celebran este fin de semana en Chubut\"}]},{\"@type\":\"WebSite\",\"@id\":\"https:\\\/\\\/fmpatagoniamadryn.com.ar\\\/#website\",\"url\":\"https:\\\/\\\/fmpatagoniamadryn.com.ar\\\/\",\"name\":\"FM Patagonia Madryn\",\"description\":\"Radio Patagonia 105.5\",\"publisher\":{\"@id\":\"https:\\\/\\\/fmpatagoniamadryn.com.ar\\\/#organization\"},\"potentialAction\":[{\"@type\":\"SearchAction\",\"target\":{\"@type\":\"EntryPoint\",\"urlTemplate\":\"https:\\\/\\\/fmpatagoniamadryn.com.ar\\\/?s={search_term_string}\"},\"query-input\":{\"@type\":\"PropertyValueSpecification\",\"valueRequired\":true,\"valueName\":\"search_term_string\"}}],\"inLanguage\":\"es\"},{\"@type\":\"Organization\",\"@id\":\"https:\\\/\\\/fmpatagoniamadryn.com.ar\\\/#organization\",\"name\":\"FM Patagonia Madryn\",\"url\":\"https:\\\/\\\/fmpatagoniamadryn.com.ar\\\/\",\"logo\":{\"@type\":\"ImageObject\",\"inLanguage\":\"es\",\"@id\":\"https:\\\/\\\/fmpatagoniamadryn.com.ar\\\/#\\\/schema\\\/logo\\\/image\\\/\",\"url\":\"https:\\\/\\\/fmpatagoniamadryn.com.ar\\\/wp-content\\\/uploads\\\/2023\\\/01\\\/cropped-Diseno-sin-titulo.png\",\"contentUrl\":\"https:\\\/\\\/fmpatagoniamadryn.com.ar\\\/wp-content\\\/uploads\\\/2023\\\/01\\\/cropped-Diseno-sin-titulo.png\",\"width\":6911,\"height\":2657,\"caption\":\"FM Patagonia Madryn\"},\"image\":{\"@id\":\"https:\\\/\\\/fmpatagoniamadryn.com.ar\\\/#\\\/schema\\\/logo\\\/image\\\/\"}},{\"@type\":\"Person\",\"@id\":\"https:\\\/\\\/fmpatagoniamadryn.com.ar\\\/#\\\/schema\\\/person\\\/8a3de4ad7efceacab06c1641c50303b7\",\"name\":\"FM Patagonia\",\"url\":\"https:\\\/\\\/fmpatagoniamadryn.com.ar\\\/?author=2\"}]}<\/script>\n<!-- \/ Yoast SEO plugin. -->","yoast_head_json":{"title":"Dos fiestas populares y tres festivales de Carnaval se celebran este fin de semana en Chubut - FM Patagonia Madryn","robots":{"index":"index","follow":"follow","max-snippet":"max-snippet:-1","max-image-preview":"max-image-preview:large","max-video-preview":"max-video-preview:-1"},"canonical":"https:\/\/fmpatagoniamadryn.com.ar\/?p=14987","og_locale":"es_ES","og_type":"article","og_title":"Dos fiestas populares y tres festivales de Carnaval se celebran este fin de semana en Chubut - FM Patagonia Madryn","og_description":"Se trata de la Fiesta Nacional de los Pescadores del Sur en Playa Uni\u00f3n y la Fiesta de la Sal y del Tren Salinero en Puerto Pir\u00e1mides. En tanto que&hellip;","og_url":"https:\/\/fmpatagoniamadryn.com.ar\/?p=14987","og_site_name":"FM Patagonia Madryn","article_published_time":"2025-02-28T19:08:26+00:00","og_image":[{"width":1280,"height":854,"url":"https:\/\/fmpatagoniamadryn.com.ar\/wp-content\/uploads\/2025\/02\/0a4da491-3959-40cd-8d3e-9904fbeb2240-1.jpg","type":"image\/jpeg"}],"author":"FM Patagonia","twitter_card":"summary_large_image","twitter_misc":{"Escrito por":"FM Patagonia","Tiempo de lectura":"5 minutos"},"schema":{"@context":"https:\/\/schema.org","@graph":[{"@type":"Article","@id":"https:\/\/fmpatagoniamadryn.com.ar\/?p=14987#article","isPartOf":{"@id":"https:\/\/fmpatagoniamadryn.com.ar\/?p=14987"},"author":{"name":"FM Patagonia","@id":"https:\/\/fmpatagoniamadryn.com.ar\/#\/schema\/person\/8a3de4ad7efceacab06c1641c50303b7"},"headline":"Dos fiestas populares y tres festivales de Carnaval se celebran este fin de semana en Chubut","datePublished":"2025-02-28T19:08:26+00:00","mainEntityOfPage":{"@id":"https:\/\/fmpatagoniamadryn.com.ar\/?p=14987"},"wordCount":1028,"publisher":{"@id":"https:\/\/fmpatagoniamadryn.com.ar\/#organization"},"image":{"@id":"https:\/\/fmpatagoniamadryn.com.ar\/?p=14987#primaryimage"},"thumbnailUrl":"https:\/\/fmpatagoniamadryn.com.ar\/wp-content\/uploads\/2025\/02\/0a4da491-3959-40cd-8d3e-9904fbeb2240-1.jpg","articleSection":["Provinciales"],"inLanguage":"es"},{"@type":"WebPage","@id":"https:\/\/fmpatagoniamadryn.com.ar\/?p=14987","url":"https:\/\/fmpatagoniamadryn.com.ar\/?p=14987","name":"Dos fiestas populares y tres festivales de Carnaval se celebran este fin de semana en Chubut - FM Patagonia Madryn","isPartOf":{"@id":"https:\/\/fmpatagoniamadryn.com.ar\/#website"},"primaryImageOfPage":{"@id":"https:\/\/fmpatagoniamadryn.com.ar\/?p=14987#primaryimage"},"image":{"@id":"https:\/\/fmpatagoniamadryn.com.ar\/?p=14987#primaryimage"},"thumbnailUrl":"https:\/\/fmpatagoniamadryn.com.ar\/wp-content\/uploads\/2025\/02\/0a4da491-3959-40cd-8d3e-9904fbeb2240-1.jpg","datePublished":"2025-02-28T19:08:26+00:00","breadcrumb":{"@id":"https:\/\/fmpatagoniamadryn.com.ar\/?p=14987#breadcrumb"},"inLanguage":"es","potentialAction":[{"@type":"ReadAction","target":["https:\/\/fmpatagoniamadryn.com.ar\/?p=14987"]}]},{"@type":"ImageObject","inLanguage":"es","@id":"https:\/\/fmpatagoniamadryn.com.ar\/?p=14987#primaryimage","url":"https:\/\/fmpatagoniamadryn.com.ar\/wp-content\/uploads\/2025\/02\/0a4da491-3959-40cd-8d3e-9904fbeb2240-1.jpg","contentUrl":"https:\/\/fmpatagoniamadryn.com.ar\/wp-content\/uploads\/2025\/02\/0a4da491-3959-40cd-8d3e-9904fbeb2240-1.jpg","width":1280,"height":854},{"@type":"BreadcrumbList","@id":"https:\/\/fmpatagoniamadryn.com.ar\/?p=14987#breadcrumb","itemListElement":[{"@type":"ListItem","position":1,"name":"Portada","item":"https:\/\/fmpatagoniamadryn.com.ar\/"},{"@type":"ListItem","position":2,"name":"Dos fiestas populares y tres festivales de Carnaval se celebran este fin de semana en Chubut"}]},{"@type":"WebSite","@id":"https:\/\/fmpatagoniamadryn.com.ar\/#website","url":"https:\/\/fmpatagoniamadryn.com.ar\/","name":"FM Patagonia Madryn","description":"Radio Patagonia 105.5","publisher":{"@id":"https:\/\/fmpatagoniamadryn.com.ar\/#organization"},"potentialAction":[{"@type":"SearchAction","target":{"@type":"EntryPoint","urlTemplate":"https:\/\/fmpatagoniamadryn.com.ar\/?s={search_term_string}"},"query-input":{"@type":"PropertyValueSpecification","valueRequired":true,"valueName":"search_term_string"}}],"inLanguage":"es"},{"@type":"Organization","@id":"https:\/\/fmpatagoniamadryn.com.ar\/#organization","name":"FM Patagonia Madryn","url":"https:\/\/fmpatagoniamadryn.com.ar\/","logo":{"@type":"ImageObject","inLanguage":"es","@id":"https:\/\/fmpatagoniamadryn.com.ar\/#\/schema\/logo\/image\/","url":"https:\/\/fmpatagoniamadryn.com.ar\/wp-content\/uploads\/2023\/01\/cropped-Diseno-sin-titulo.png","contentUrl":"https:\/\/fmpatagoniamadryn.com.ar\/wp-content\/uploads\/2023\/01\/cropped-Diseno-sin-titulo.png","width":6911,"height":2657,"caption":"FM Patagonia Madryn"},"image":{"@id":"https:\/\/fmpatagoniamadryn.com.ar\/#\/schema\/logo\/image\/"}},{"@type":"Person","@id":"https:\/\/fmpatagoniamadryn.com.ar\/#\/schema\/person\/8a3de4ad7efceacab06c1641c50303b7","name":"FM Patagonia","url":"https:\/\/fmpatagoniamadryn.com.ar\/?author=2"}]}},"jetpack_featured_media_url":"https:\/\/fmpatagoniamadryn.com.ar\/wp-content\/uploads\/2025\/02\/0a4da491-3959-40cd-8d3e-9904fbeb2240-1.jpg","_links":{"self":[{"href":"https:\/\/fmpatagoniamadryn.com.ar\/index.php?rest_route=\/wp\/v2\/posts\/14987","targetHints":{"allow":["GET"]}}],"collection":[{"href":"https:\/\/fmpatagoniamadryn.com.ar\/index.php?rest_route=\/wp\/v2\/posts"}],"about":[{"href":"https:\/\/fmpatagoniamadryn.com.ar\/index.php?rest_route=\/wp\/v2\/types\/post"}],"author":[{"embeddable":true,"href":"https:\/\/fmpatagoniamadryn.com.ar\/index.php?rest_route=\/wp\/v2\/users\/2"}],"replies":[{"embeddable":true,"href":"https:\/\/fmpatagoniamadryn.com.ar\/index.php?rest_route=%2Fwp%2Fv2%2Fcomments&post=14987"}],"version-history":[{"count":1,"href":"https:\/\/fmpatagoniamadryn.com.ar\/index.php?rest_route=\/wp\/v2\/posts\/14987\/revisions"}],"predecessor-version":[{"id":14988,"href":"https:\/\/fmpatagoniamadryn.com.ar\/index.php?rest_route=\/wp\/v2\/posts\/14987\/revisions\/14988"}],"wp:featuredmedia":[{"embeddable":true,"href":"https:\/\/fmpatagoniamadryn.com.ar\/index.php?rest_route=\/wp\/v2\/media\/14986"}],"wp:attachment":[{"href":"https:\/\/fmpatagoniamadryn.com.ar\/index.php?rest_route=%2Fwp%2Fv2%2Fmedia&parent=14987"}],"wp:term":[{"taxonomy":"category","embeddable":true,"href":"https:\/\/fmpatagoniamadryn.com.ar\/index.php?rest_route=%2Fwp%2Fv2%2Fcategories&post=14987"},{"taxonomy":"post_tag","embeddable":true,"href":"https:\/\/fmpatagoniamadryn.com.ar\/index.php?rest_route=%2Fwp%2Fv2%2Ftags&post=14987"}],"curies":[{"name":"wp","href":"https:\/\/api.w.org\/{rel}","templated":true}]}}