{"id":1502,"date":"2023-04-04T10:35:45","date_gmt":"2023-04-04T13:35:45","guid":{"rendered":"https:\/\/fmpatagoniamadryn.com.ar\/?p=1502"},"modified":"2023-04-04T10:35:57","modified_gmt":"2023-04-04T13:35:57","slug":"el-deportivo-madryn-perdio-en-su-visita-ante-quilmes","status":"publish","type":"post","link":"https:\/\/fmpatagoniamadryn.com.ar\/?p=1502","title":{"rendered":"El Deportivo Madryn perdi\u00f3 en su visita ante Quilmes"},"content":{"rendered":"\n<p>Deportivo Madryn perdi\u00f3 2 a 0 con Quilmes, en el juego de la fecha 8 de la Zona B. El arquero del elenco chubutense, Temperini, le ataj\u00f3 en el primer tiempo un penal a Anselmo, que luego se tom\u00f3 revancha y marc\u00f3 la ventaja a los 6&#8242; en el complemento. Colman aument\u00f3 a los 24&#8242;. Primera ca\u00edda con Yllana como DT.<br><br>En una nueva presentaci\u00f3n fuera del Abel Sastre, el Aurinegro no tuvo su mejor tarde y cay\u00f3 frente a uno de los animadores de la Zona B. Federico Anselmo e Iv\u00e1n Colman, anotaron los goles del Cervecero.<br><br>Tras el triunfo 3-1 con Gimnasia de Jujuy en el comienzo del ciclo de Andres Yllana, para este compromiso, el entrenador apost\u00f3 por el ingreso de Diego Crego en lugar de Andr\u00e9s Lioi en la \u00fanica variante del once inicial.<br><br>Durante los primeros minutos, los madrynenses arrancaron mejor e intentaron tomar el protagonismo del partido.<br><br>Pese al buen inicio, sobre los 16 minutos Quilmes desaprovech\u00f3 una inmejorable ocasi\u00f3n de gol. Perales lo cruz\u00f3 en una pelota dividida dentro del \u00e1rea a Lattanzio y le cometi\u00f3 un claro penal que cobro el \u00e1rbitro Carlos C\u00f3rdoba. Federico Anselmo se hizo cargo de la ejecuci\u00f3n pero el arquero Nicol\u00e1s Temperini adivin\u00f3 y tap\u00f3 el tiro.<br><br>En una nueva llegada del local, Carlos Lattanzio ech\u00f3 un centro por derecha pero Iv\u00e1n Erquiaga remat\u00f3 desviado cuando estaba en posici\u00f3n de gol.<br><br>El \u00abDepo\u00bb jug\u00f3 mejor por momentos pero le cost\u00f3 llegar con peligro al arco defendido por Milton \u00c1lvarez.<br><br>En el segundo tiempo, a los 5 minutos, de un contraataque el local encontr\u00f3 la apertura del marcador. Lattanzio se escap\u00f3 por izquierda, sac\u00f3 un centro bajo que la defensa no pudo despejar y por el segundo palo apareci\u00f3 Anselmo para el 1-0.<br><br>Tras el gol, los madrynenses intentaron reaccionar pero no encontraban los caminos para llegar con peligro al arco rival. Ante este panorama, Yllana movi\u00f3 el banco y Lioi junto a Nicol\u00e1s S\u00e1nchez entraron en cancha.<br><br>Hasta que a los 23&#8242;, el Cervecero lastim\u00f3 y estir\u00f3 el marcador. Tras una serie de despejes, la pelota le qued\u00f3 en la medialuna a Colman que remat\u00f3 de volea y anot\u00f3 el 2-0 para el festejo de los hinchas locales.<br><br>A partir de ah\u00ed, Quilmes mostr\u00f3 superioridad y control\u00f3 el juego. Zules Caicedo y Deboli fueron los \u00faltimos movimientos del DT chubutense, que cambi\u00f3 de esquema y as\u00ed gener\u00f3 ocasiones para descontar.<br><br>Primero Lucas Gonzalez habilit\u00f3 a Facundo Ardiles que entr\u00f3 al \u00e1rea por derecha, pero en el mano a mano frente a \u00c1lvarez, el &#8216;1&#8217; le ahog\u00f3 el grito. Luego, Lioi malogr\u00f3 una nueva situaci\u00f3n clara por izquierda.<br><br>Con este resultado, Madryn contin\u00faa con 8 puntos y qued\u00f3 en la 16ta posici\u00f3n. Pensando en lo que viene, el Aurinegro recibir\u00e1 en la siguiente fecha a Brown de Adrogu\u00e9, el d\u00eda s\u00e1bado desde las 15:30 hs<\/p>\n","protected":false},"excerpt":{"rendered":"<p>Deportivo Madryn perdi\u00f3 2 a 0 con Quilmes, en el juego de la fecha 8 de la Zona B. El arquero del elenco chubutense, Temperini, le ataj\u00f3 en el primer&hellip; <\/p>\n","protected":false},"author":3,"featured_media":1501,"comment_status":"closed","ping_status":"closed","sticky":false,"template":"","format":"standard","meta":{"footnotes":""},"categories":[4,15],"tags":[],"class_list":["post-1502","post","type-post","status-publish","format-standard","has-post-thumbnail","hentry","category-deportes","category-locales"],"yoast_head":"<!-- This site is optimized with the Yoast SEO plugin v27.4 - https:\/\/yoast.com\/product\/yoast-seo-wordpress\/ -->\n<title>El Deportivo Madryn perdi\u00f3 en su visita ante Quilmes - FM Patagonia Madryn<\/title>\n<meta name=\"robots\" content=\"index, follow, max-snippet:-1, max-image-preview:large, max-video-preview:-1\" \/>\n<link rel=\"canonical\" href=\"https:\/\/fmpatagoniamadryn.com.ar\/?p=1502\" \/>\n<meta property=\"og:locale\" content=\"es_ES\" \/>\n<meta property=\"og:type\" content=\"article\" \/>\n<meta property=\"og:title\" content=\"El Deportivo Madryn perdi\u00f3 en su visita ante Quilmes - FM Patagonia Madryn\" \/>\n<meta property=\"og:description\" content=\"Deportivo Madryn perdi\u00f3 2 a 0 con Quilmes, en el juego de la fecha 8 de la Zona B. El arquero del elenco chubutense, Temperini, le ataj\u00f3 en el primer&hellip;\" \/>\n<meta property=\"og:url\" content=\"https:\/\/fmpatagoniamadryn.com.ar\/?p=1502\" \/>\n<meta property=\"og:site_name\" content=\"FM Patagonia Madryn\" \/>\n<meta property=\"article:published_time\" content=\"2023-04-04T13:35:45+00:00\" \/>\n<meta property=\"article:modified_time\" content=\"2023-04-04T13:35:57+00:00\" \/>\n<meta property=\"og:image\" content=\"https:\/\/fmpatagoniamadryn.com.ar\/wp-content\/uploads\/2023\/04\/FB_IMG_1680615291981.jpg\" \/>\n\t<meta property=\"og:image:width\" content=\"600\" \/>\n\t<meta property=\"og:image:height\" content=\"338\" \/>\n\t<meta property=\"og:image:type\" content=\"image\/jpeg\" \/>\n<meta name=\"author\" content=\"FM Patagonia\" \/>\n<meta name=\"twitter:card\" content=\"summary_large_image\" \/>\n<meta name=\"twitter:label1\" content=\"Escrito por\" \/>\n\t<meta name=\"twitter:data1\" content=\"FM Patagonia\" \/>\n\t<meta name=\"twitter:label2\" content=\"Tiempo de lectura\" \/>\n\t<meta name=\"twitter:data2\" content=\"2 minutos\" \/>\n<script type=\"application\/ld+json\" class=\"yoast-schema-graph\">{\"@context\":\"https:\\\/\\\/schema.org\",\"@graph\":[{\"@type\":\"Article\",\"@id\":\"https:\\\/\\\/fmpatagoniamadryn.com.ar\\\/?p=1502#article\",\"isPartOf\":{\"@id\":\"https:\\\/\\\/fmpatagoniamadryn.com.ar\\\/?p=1502\"},\"author\":{\"name\":\"FM Patagonia\",\"@id\":\"https:\\\/\\\/fmpatagoniamadryn.com.ar\\\/#\\\/schema\\\/person\\\/1d968ec613613768e14b4e6420a2b125\"},\"headline\":\"El Deportivo Madryn perdi\u00f3 en su visita ante Quilmes\",\"datePublished\":\"2023-04-04T13:35:45+00:00\",\"dateModified\":\"2023-04-04T13:35:57+00:00\",\"mainEntityOfPage\":{\"@id\":\"https:\\\/\\\/fmpatagoniamadryn.com.ar\\\/?p=1502\"},\"wordCount\":492,\"publisher\":{\"@id\":\"https:\\\/\\\/fmpatagoniamadryn.com.ar\\\/#organization\"},\"image\":{\"@id\":\"https:\\\/\\\/fmpatagoniamadryn.com.ar\\\/?p=1502#primaryimage\"},\"thumbnailUrl\":\"https:\\\/\\\/fmpatagoniamadryn.com.ar\\\/wp-content\\\/uploads\\\/2023\\\/04\\\/FB_IMG_1680615291981.jpg\",\"articleSection\":[\"Deportes\",\"Locales\"],\"inLanguage\":\"es\"},{\"@type\":\"WebPage\",\"@id\":\"https:\\\/\\\/fmpatagoniamadryn.com.ar\\\/?p=1502\",\"url\":\"https:\\\/\\\/fmpatagoniamadryn.com.ar\\\/?p=1502\",\"name\":\"El Deportivo Madryn perdi\u00f3 en su visita ante Quilmes - FM Patagonia Madryn\",\"isPartOf\":{\"@id\":\"https:\\\/\\\/fmpatagoniamadryn.com.ar\\\/#website\"},\"primaryImageOfPage\":{\"@id\":\"https:\\\/\\\/fmpatagoniamadryn.com.ar\\\/?p=1502#primaryimage\"},\"image\":{\"@id\":\"https:\\\/\\\/fmpatagoniamadryn.com.ar\\\/?p=1502#primaryimage\"},\"thumbnailUrl\":\"https:\\\/\\\/fmpatagoniamadryn.com.ar\\\/wp-content\\\/uploads\\\/2023\\\/04\\\/FB_IMG_1680615291981.jpg\",\"datePublished\":\"2023-04-04T13:35:45+00:00\",\"dateModified\":\"2023-04-04T13:35:57+00:00\",\"breadcrumb\":{\"@id\":\"https:\\\/\\\/fmpatagoniamadryn.com.ar\\\/?p=1502#breadcrumb\"},\"inLanguage\":\"es\",\"potentialAction\":[{\"@type\":\"ReadAction\",\"target\":[\"https:\\\/\\\/fmpatagoniamadryn.com.ar\\\/?p=1502\"]}]},{\"@type\":\"ImageObject\",\"inLanguage\":\"es\",\"@id\":\"https:\\\/\\\/fmpatagoniamadryn.com.ar\\\/?p=1502#primaryimage\",\"url\":\"https:\\\/\\\/fmpatagoniamadryn.com.ar\\\/wp-content\\\/uploads\\\/2023\\\/04\\\/FB_IMG_1680615291981.jpg\",\"contentUrl\":\"https:\\\/\\\/fmpatagoniamadryn.com.ar\\\/wp-content\\\/uploads\\\/2023\\\/04\\\/FB_IMG_1680615291981.jpg\",\"width\":600,\"height\":338},{\"@type\":\"BreadcrumbList\",\"@id\":\"https:\\\/\\\/fmpatagoniamadryn.com.ar\\\/?p=1502#breadcrumb\",\"itemListElement\":[{\"@type\":\"ListItem\",\"position\":1,\"name\":\"Portada\",\"item\":\"https:\\\/\\\/fmpatagoniamadryn.com.ar\\\/\"},{\"@type\":\"ListItem\",\"position\":2,\"name\":\"El Deportivo Madryn perdi\u00f3 en su visita ante Quilmes\"}]},{\"@type\":\"WebSite\",\"@id\":\"https:\\\/\\\/fmpatagoniamadryn.com.ar\\\/#website\",\"url\":\"https:\\\/\\\/fmpatagoniamadryn.com.ar\\\/\",\"name\":\"FM Patagonia Madryn\",\"description\":\"Radio Patagonia 105.5\",\"publisher\":{\"@id\":\"https:\\\/\\\/fmpatagoniamadryn.com.ar\\\/#organization\"},\"potentialAction\":[{\"@type\":\"SearchAction\",\"target\":{\"@type\":\"EntryPoint\",\"urlTemplate\":\"https:\\\/\\\/fmpatagoniamadryn.com.ar\\\/?s={search_term_string}\"},\"query-input\":{\"@type\":\"PropertyValueSpecification\",\"valueRequired\":true,\"valueName\":\"search_term_string\"}}],\"inLanguage\":\"es\"},{\"@type\":\"Organization\",\"@id\":\"https:\\\/\\\/fmpatagoniamadryn.com.ar\\\/#organization\",\"name\":\"FM Patagonia Madryn\",\"url\":\"https:\\\/\\\/fmpatagoniamadryn.com.ar\\\/\",\"logo\":{\"@type\":\"ImageObject\",\"inLanguage\":\"es\",\"@id\":\"https:\\\/\\\/fmpatagoniamadryn.com.ar\\\/#\\\/schema\\\/logo\\\/image\\\/\",\"url\":\"https:\\\/\\\/fmpatagoniamadryn.com.ar\\\/wp-content\\\/uploads\\\/2023\\\/01\\\/cropped-Diseno-sin-titulo.png\",\"contentUrl\":\"https:\\\/\\\/fmpatagoniamadryn.com.ar\\\/wp-content\\\/uploads\\\/2023\\\/01\\\/cropped-Diseno-sin-titulo.png\",\"width\":6911,\"height\":2657,\"caption\":\"FM Patagonia Madryn\"},\"image\":{\"@id\":\"https:\\\/\\\/fmpatagoniamadryn.com.ar\\\/#\\\/schema\\\/logo\\\/image\\\/\"}},{\"@type\":\"Person\",\"@id\":\"https:\\\/\\\/fmpatagoniamadryn.com.ar\\\/#\\\/schema\\\/person\\\/1d968ec613613768e14b4e6420a2b125\",\"name\":\"FM Patagonia\",\"url\":\"https:\\\/\\\/fmpatagoniamadryn.com.ar\\\/?author=3\"}]}<\/script>\n<!-- \/ Yoast SEO plugin. -->","yoast_head_json":{"title":"El Deportivo Madryn perdi\u00f3 en su visita ante Quilmes - FM Patagonia Madryn","robots":{"index":"index","follow":"follow","max-snippet":"max-snippet:-1","max-image-preview":"max-image-preview:large","max-video-preview":"max-video-preview:-1"},"canonical":"https:\/\/fmpatagoniamadryn.com.ar\/?p=1502","og_locale":"es_ES","og_type":"article","og_title":"El Deportivo Madryn perdi\u00f3 en su visita ante Quilmes - FM Patagonia Madryn","og_description":"Deportivo Madryn perdi\u00f3 2 a 0 con Quilmes, en el juego de la fecha 8 de la Zona B. El arquero del elenco chubutense, Temperini, le ataj\u00f3 en el primer&hellip;","og_url":"https:\/\/fmpatagoniamadryn.com.ar\/?p=1502","og_site_name":"FM Patagonia Madryn","article_published_time":"2023-04-04T13:35:45+00:00","article_modified_time":"2023-04-04T13:35:57+00:00","og_image":[{"width":600,"height":338,"url":"https:\/\/fmpatagoniamadryn.com.ar\/wp-content\/uploads\/2023\/04\/FB_IMG_1680615291981.jpg","type":"image\/jpeg"}],"author":"FM Patagonia","twitter_card":"summary_large_image","twitter_misc":{"Escrito por":"FM Patagonia","Tiempo de lectura":"2 minutos"},"schema":{"@context":"https:\/\/schema.org","@graph":[{"@type":"Article","@id":"https:\/\/fmpatagoniamadryn.com.ar\/?p=1502#article","isPartOf":{"@id":"https:\/\/fmpatagoniamadryn.com.ar\/?p=1502"},"author":{"name":"FM Patagonia","@id":"https:\/\/fmpatagoniamadryn.com.ar\/#\/schema\/person\/1d968ec613613768e14b4e6420a2b125"},"headline":"El Deportivo Madryn perdi\u00f3 en su visita ante Quilmes","datePublished":"2023-04-04T13:35:45+00:00","dateModified":"2023-04-04T13:35:57+00:00","mainEntityOfPage":{"@id":"https:\/\/fmpatagoniamadryn.com.ar\/?p=1502"},"wordCount":492,"publisher":{"@id":"https:\/\/fmpatagoniamadryn.com.ar\/#organization"},"image":{"@id":"https:\/\/fmpatagoniamadryn.com.ar\/?p=1502#primaryimage"},"thumbnailUrl":"https:\/\/fmpatagoniamadryn.com.ar\/wp-content\/uploads\/2023\/04\/FB_IMG_1680615291981.jpg","articleSection":["Deportes","Locales"],"inLanguage":"es"},{"@type":"WebPage","@id":"https:\/\/fmpatagoniamadryn.com.ar\/?p=1502","url":"https:\/\/fmpatagoniamadryn.com.ar\/?p=1502","name":"El Deportivo Madryn perdi\u00f3 en su visita ante Quilmes - FM Patagonia Madryn","isPartOf":{"@id":"https:\/\/fmpatagoniamadryn.com.ar\/#website"},"primaryImageOfPage":{"@id":"https:\/\/fmpatagoniamadryn.com.ar\/?p=1502#primaryimage"},"image":{"@id":"https:\/\/fmpatagoniamadryn.com.ar\/?p=1502#primaryimage"},"thumbnailUrl":"https:\/\/fmpatagoniamadryn.com.ar\/wp-content\/uploads\/2023\/04\/FB_IMG_1680615291981.jpg","datePublished":"2023-04-04T13:35:45+00:00","dateModified":"2023-04-04T13:35:57+00:00","breadcrumb":{"@id":"https:\/\/fmpatagoniamadryn.com.ar\/?p=1502#breadcrumb"},"inLanguage":"es","potentialAction":[{"@type":"ReadAction","target":["https:\/\/fmpatagoniamadryn.com.ar\/?p=1502"]}]},{"@type":"ImageObject","inLanguage":"es","@id":"https:\/\/fmpatagoniamadryn.com.ar\/?p=1502#primaryimage","url":"https:\/\/fmpatagoniamadryn.com.ar\/wp-content\/uploads\/2023\/04\/FB_IMG_1680615291981.jpg","contentUrl":"https:\/\/fmpatagoniamadryn.com.ar\/wp-content\/uploads\/2023\/04\/FB_IMG_1680615291981.jpg","width":600,"height":338},{"@type":"BreadcrumbList","@id":"https:\/\/fmpatagoniamadryn.com.ar\/?p=1502#breadcrumb","itemListElement":[{"@type":"ListItem","position":1,"name":"Portada","item":"https:\/\/fmpatagoniamadryn.com.ar\/"},{"@type":"ListItem","position":2,"name":"El Deportivo Madryn perdi\u00f3 en su visita ante Quilmes"}]},{"@type":"WebSite","@id":"https:\/\/fmpatagoniamadryn.com.ar\/#website","url":"https:\/\/fmpatagoniamadryn.com.ar\/","name":"FM Patagonia Madryn","description":"Radio Patagonia 105.5","publisher":{"@id":"https:\/\/fmpatagoniamadryn.com.ar\/#organization"},"potentialAction":[{"@type":"SearchAction","target":{"@type":"EntryPoint","urlTemplate":"https:\/\/fmpatagoniamadryn.com.ar\/?s={search_term_string}"},"query-input":{"@type":"PropertyValueSpecification","valueRequired":true,"valueName":"search_term_string"}}],"inLanguage":"es"},{"@type":"Organization","@id":"https:\/\/fmpatagoniamadryn.com.ar\/#organization","name":"FM Patagonia Madryn","url":"https:\/\/fmpatagoniamadryn.com.ar\/","logo":{"@type":"ImageObject","inLanguage":"es","@id":"https:\/\/fmpatagoniamadryn.com.ar\/#\/schema\/logo\/image\/","url":"https:\/\/fmpatagoniamadryn.com.ar\/wp-content\/uploads\/2023\/01\/cropped-Diseno-sin-titulo.png","contentUrl":"https:\/\/fmpatagoniamadryn.com.ar\/wp-content\/uploads\/2023\/01\/cropped-Diseno-sin-titulo.png","width":6911,"height":2657,"caption":"FM Patagonia Madryn"},"image":{"@id":"https:\/\/fmpatagoniamadryn.com.ar\/#\/schema\/logo\/image\/"}},{"@type":"Person","@id":"https:\/\/fmpatagoniamadryn.com.ar\/#\/schema\/person\/1d968ec613613768e14b4e6420a2b125","name":"FM Patagonia","url":"https:\/\/fmpatagoniamadryn.com.ar\/?author=3"}]}},"jetpack_featured_media_url":"https:\/\/fmpatagoniamadryn.com.ar\/wp-content\/uploads\/2023\/04\/FB_IMG_1680615291981.jpg","_links":{"self":[{"href":"https:\/\/fmpatagoniamadryn.com.ar\/index.php?rest_route=\/wp\/v2\/posts\/1502","targetHints":{"allow":["GET"]}}],"collection":[{"href":"https:\/\/fmpatagoniamadryn.com.ar\/index.php?rest_route=\/wp\/v2\/posts"}],"about":[{"href":"https:\/\/fmpatagoniamadryn.com.ar\/index.php?rest_route=\/wp\/v2\/types\/post"}],"author":[{"embeddable":true,"href":"https:\/\/fmpatagoniamadryn.com.ar\/index.php?rest_route=\/wp\/v2\/users\/3"}],"replies":[{"embeddable":true,"href":"https:\/\/fmpatagoniamadryn.com.ar\/index.php?rest_route=%2Fwp%2Fv2%2Fcomments&post=1502"}],"version-history":[{"count":1,"href":"https:\/\/fmpatagoniamadryn.com.ar\/index.php?rest_route=\/wp\/v2\/posts\/1502\/revisions"}],"predecessor-version":[{"id":1503,"href":"https:\/\/fmpatagoniamadryn.com.ar\/index.php?rest_route=\/wp\/v2\/posts\/1502\/revisions\/1503"}],"wp:featuredmedia":[{"embeddable":true,"href":"https:\/\/fmpatagoniamadryn.com.ar\/index.php?rest_route=\/wp\/v2\/media\/1501"}],"wp:attachment":[{"href":"https:\/\/fmpatagoniamadryn.com.ar\/index.php?rest_route=%2Fwp%2Fv2%2Fmedia&parent=1502"}],"wp:term":[{"taxonomy":"category","embeddable":true,"href":"https:\/\/fmpatagoniamadryn.com.ar\/index.php?rest_route=%2Fwp%2Fv2%2Fcategories&post=1502"},{"taxonomy":"post_tag","embeddable":true,"href":"https:\/\/fmpatagoniamadryn.com.ar\/index.php?rest_route=%2Fwp%2Fv2%2Ftags&post=1502"}],"curies":[{"name":"wp","href":"https:\/\/api.w.org\/{rel}","templated":true}]}}