{"id":1517,"date":"2023-04-04T13:05:14","date_gmt":"2023-04-04T16:05:14","guid":{"rendered":"https:\/\/fmpatagoniamadryn.com.ar\/?p=1517"},"modified":"2023-04-04T13:05:23","modified_gmt":"2023-04-04T16:05:23","slug":"semana-santa-variedad-de-ferias-en-la-mas-linda","status":"publish","type":"post","link":"https:\/\/fmpatagoniamadryn.com.ar\/?p=1517","title":{"rendered":"SEMANA SANTA: VARIEDAD DE FERIAS EN LA M\u00c1S LINDA"},"content":{"rendered":"\n<p>Desde el jueves 6 hasta el domingo 9 de abril, vecinos y turistas podr\u00e1n recorrer y disfrutar de las distintas propuestas de emprendedores de la ciudad en el Parador Municipal, ubicado en la bajada 9<br><br><br>La Secretar\u00eda de Producci\u00f3n, Innovaci\u00f3n y Empleo de la Municipalidad de Puerto Madryn invita a disfrutar de diferentes ferias que se desarrollar\u00e1n entre el jueves 6 y el domingo 9 de abril en la bajada 9.<br><br> <br>Como cada fin de semana, el Parador Municipal ofrece un espacio dedicado a la visibilizaci\u00f3n y comercializaci\u00f3n de emprendimientos de la ciudad. En esta oportunidad, se suma a las actividades de Semana Santa para que vecinos y turistas puedan disfrutar en familia de diversas opciones y conocer los productos locales.<br><br>CON SABOR A MADRYN<br><br><br>El jueves 6 de abril de 12 a 19 horas y el s\u00e1bado 8 de 11 a 18 horas, se realizar\u00e1n nuevas ediciones de la Feria \u201cCon Sabor a Madryn\u201d. Esta propuesta lleva m\u00e1s de 9 a\u00f1os en el Parador Municipal y quienes la visiten, podr\u00e1n encontrar productos de la zona como vitrofusi\u00f3n, sahumerios, sopas deshidratadas, mostazas, chocolates, tejidos en totora, encuadernaci\u00f3n, plantas, tablas y cuencos de madera, blends de t\u00e9, verduras org\u00e1nicas, atrapasue\u00f1os, cer\u00e1mica, mates artesanales, yerba, c\u00farcuma, esponjas, mesas, alfajores, cosm\u00e9tica natural, juguetes y mucho m\u00e1s.<br> <br>Adem\u00e1s, se contar\u00e1 con propuestas gastron\u00f3micas para disfrutar un almuerzo a orillas del Golfo Nuevo.<br><br>En esta oportunidad, con la compra se entregar\u00e1 un n\u00famero para el sorteo de Pascua que se realizar\u00e1 el s\u00e1bado a las 18 horas.<br><br>FERIA MENSUAL DE LA ECONOM\u00cdA SOCIAL<br><br>El viernes 7 de abril de 15 a 20 horas, se realizar\u00e1 la Feria Mensual de la Econom\u00eda Social. Esta iniciativa, que re\u00fane artesanos y productores de distintos movimientos sociales de la ciudad, se desarrolla los terceros domingos de cada mes, pero en esta ocasi\u00f3n ser\u00e1 una edici\u00f3n especial.<br><br>All\u00ed se encontrar\u00e1n sahumerios, almohadones personalizados, dulces caseros, panificados varios, tejidos en totora, vasos artesanales, tazas personalizadas, plantas, bijouterie en origami, sublimados, verduras org\u00e1nicas, artesan\u00eda de instrumentos originarios, bombones, carpinter\u00eda, cuadros pintados a mano y mates pintados.<br><br>PASEO DE EMPRENDEDORAS<br><br>El domingo 9 de abril de 16 a 20 horas, ser\u00e1 el turno del Paseo de Emprendedoras. Esta propuesta que re\u00fane a mujeres tiene lugar los segundos domingos de cada mes.<br><br>En este espacio se podr\u00e1n encontrar creaciones en tela (set materos, bolsos, lonas playeras, accesorios, individuales, paneras), almohadillas terap\u00e9uticas, accesorios para beb\u00e9s (baberos, babitas, cambiador, toall\u00f3n, guardapa\u00f1ales), accesorios para skincare (vinchas, pads, desmaquillantes, scrunchies, variedad de neceseres), juegos y juguetes en madera, bijouterie con la t\u00e9cnica de origami, cactus, suculentas y macetas pintadas, mates, cazuelas, tablas, azucareros, percheros pintados a mano, amigurumis y deco infantil, velas de soja, home spray, difusores, perlas y todo lo relacionado con aromas, productos en totora, cosm\u00e9tica natural, libretas, encuadernaci\u00f3n, scrapbook, productos para decorar en tela, madera y yute, pulseras de hilo encerado y collares artesanales, cer\u00e1mica, vajilla de dise\u00f1o, objetos de dise\u00f1o, fuentes, platos, portasahumerios en vitrofusi\u00f3n y sahumerios.<br><br>Todas las propuestas ser\u00e1n gratuitas, abiertas a la comunidad y tendr\u00e1n lugar en los exteriores y galer\u00eda del Parador Municipal, ubicado en la bajada N\u00ba9.<\/p>\n","protected":false},"excerpt":{"rendered":"<p>Desde el jueves 6 hasta el domingo 9 de abril, vecinos y turistas podr\u00e1n recorrer y disfrutar de las distintas propuestas de emprendedores de la ciudad en el Parador Municipal,&hellip; <\/p>\n","protected":false},"author":3,"featured_media":1516,"comment_status":"closed","ping_status":"closed","sticky":false,"template":"","format":"standard","meta":{"footnotes":""},"categories":[15],"tags":[],"class_list":["post-1517","post","type-post","status-publish","format-standard","has-post-thumbnail","hentry","category-locales"],"yoast_head":"<!-- This site is optimized with the Yoast SEO plugin v27.4 - https:\/\/yoast.com\/product\/yoast-seo-wordpress\/ -->\n<title>SEMANA SANTA: VARIEDAD DE FERIAS EN LA M\u00c1S LINDA - FM Patagonia Madryn<\/title>\n<meta name=\"robots\" content=\"index, follow, max-snippet:-1, max-image-preview:large, max-video-preview:-1\" \/>\n<link rel=\"canonical\" href=\"https:\/\/fmpatagoniamadryn.com.ar\/?p=1517\" \/>\n<meta property=\"og:locale\" content=\"es_ES\" \/>\n<meta property=\"og:type\" content=\"article\" \/>\n<meta property=\"og:title\" content=\"SEMANA SANTA: VARIEDAD DE FERIAS EN LA M\u00c1S LINDA - FM Patagonia Madryn\" \/>\n<meta property=\"og:description\" content=\"Desde el jueves 6 hasta el domingo 9 de abril, vecinos y turistas podr\u00e1n recorrer y disfrutar de las distintas propuestas de emprendedores de la ciudad en el Parador Municipal,&hellip;\" \/>\n<meta property=\"og:url\" content=\"https:\/\/fmpatagoniamadryn.com.ar\/?p=1517\" \/>\n<meta property=\"og:site_name\" content=\"FM Patagonia Madryn\" \/>\n<meta property=\"article:published_time\" content=\"2023-04-04T16:05:14+00:00\" \/>\n<meta property=\"article:modified_time\" content=\"2023-04-04T16:05:23+00:00\" \/>\n<meta property=\"og:image\" content=\"https:\/\/fmpatagoniamadryn.com.ar\/wp-content\/uploads\/2023\/04\/f097e0d4-4312-44d3-9e7b-1ad99458e2ea.jpeg\" \/>\n\t<meta property=\"og:image:width\" content=\"1600\" \/>\n\t<meta property=\"og:image:height\" content=\"1200\" \/>\n\t<meta property=\"og:image:type\" content=\"image\/jpeg\" \/>\n<meta name=\"author\" content=\"FM Patagonia\" \/>\n<meta name=\"twitter:card\" content=\"summary_large_image\" \/>\n<meta name=\"twitter:label1\" content=\"Escrito por\" \/>\n\t<meta name=\"twitter:data1\" content=\"FM Patagonia\" \/>\n\t<meta name=\"twitter:label2\" content=\"Tiempo de lectura\" \/>\n\t<meta name=\"twitter:data2\" content=\"3 minutos\" \/>\n<script type=\"application\/ld+json\" class=\"yoast-schema-graph\">{\"@context\":\"https:\\\/\\\/schema.org\",\"@graph\":[{\"@type\":\"Article\",\"@id\":\"https:\\\/\\\/fmpatagoniamadryn.com.ar\\\/?p=1517#article\",\"isPartOf\":{\"@id\":\"https:\\\/\\\/fmpatagoniamadryn.com.ar\\\/?p=1517\"},\"author\":{\"name\":\"FM Patagonia\",\"@id\":\"https:\\\/\\\/fmpatagoniamadryn.com.ar\\\/#\\\/schema\\\/person\\\/1d968ec613613768e14b4e6420a2b125\"},\"headline\":\"SEMANA SANTA: VARIEDAD DE FERIAS EN LA M\u00c1S LINDA\",\"datePublished\":\"2023-04-04T16:05:14+00:00\",\"dateModified\":\"2023-04-04T16:05:23+00:00\",\"mainEntityOfPage\":{\"@id\":\"https:\\\/\\\/fmpatagoniamadryn.com.ar\\\/?p=1517\"},\"wordCount\":557,\"publisher\":{\"@id\":\"https:\\\/\\\/fmpatagoniamadryn.com.ar\\\/#organization\"},\"image\":{\"@id\":\"https:\\\/\\\/fmpatagoniamadryn.com.ar\\\/?p=1517#primaryimage\"},\"thumbnailUrl\":\"https:\\\/\\\/fmpatagoniamadryn.com.ar\\\/wp-content\\\/uploads\\\/2023\\\/04\\\/f097e0d4-4312-44d3-9e7b-1ad99458e2ea.jpeg\",\"articleSection\":[\"Locales\"],\"inLanguage\":\"es\"},{\"@type\":\"WebPage\",\"@id\":\"https:\\\/\\\/fmpatagoniamadryn.com.ar\\\/?p=1517\",\"url\":\"https:\\\/\\\/fmpatagoniamadryn.com.ar\\\/?p=1517\",\"name\":\"SEMANA SANTA: VARIEDAD DE FERIAS EN LA M\u00c1S LINDA - FM Patagonia Madryn\",\"isPartOf\":{\"@id\":\"https:\\\/\\\/fmpatagoniamadryn.com.ar\\\/#website\"},\"primaryImageOfPage\":{\"@id\":\"https:\\\/\\\/fmpatagoniamadryn.com.ar\\\/?p=1517#primaryimage\"},\"image\":{\"@id\":\"https:\\\/\\\/fmpatagoniamadryn.com.ar\\\/?p=1517#primaryimage\"},\"thumbnailUrl\":\"https:\\\/\\\/fmpatagoniamadryn.com.ar\\\/wp-content\\\/uploads\\\/2023\\\/04\\\/f097e0d4-4312-44d3-9e7b-1ad99458e2ea.jpeg\",\"datePublished\":\"2023-04-04T16:05:14+00:00\",\"dateModified\":\"2023-04-04T16:05:23+00:00\",\"breadcrumb\":{\"@id\":\"https:\\\/\\\/fmpatagoniamadryn.com.ar\\\/?p=1517#breadcrumb\"},\"inLanguage\":\"es\",\"potentialAction\":[{\"@type\":\"ReadAction\",\"target\":[\"https:\\\/\\\/fmpatagoniamadryn.com.ar\\\/?p=1517\"]}]},{\"@type\":\"ImageObject\",\"inLanguage\":\"es\",\"@id\":\"https:\\\/\\\/fmpatagoniamadryn.com.ar\\\/?p=1517#primaryimage\",\"url\":\"https:\\\/\\\/fmpatagoniamadryn.com.ar\\\/wp-content\\\/uploads\\\/2023\\\/04\\\/f097e0d4-4312-44d3-9e7b-1ad99458e2ea.jpeg\",\"contentUrl\":\"https:\\\/\\\/fmpatagoniamadryn.com.ar\\\/wp-content\\\/uploads\\\/2023\\\/04\\\/f097e0d4-4312-44d3-9e7b-1ad99458e2ea.jpeg\",\"width\":1600,\"height\":1200},{\"@type\":\"BreadcrumbList\",\"@id\":\"https:\\\/\\\/fmpatagoniamadryn.com.ar\\\/?p=1517#breadcrumb\",\"itemListElement\":[{\"@type\":\"ListItem\",\"position\":1,\"name\":\"Portada\",\"item\":\"https:\\\/\\\/fmpatagoniamadryn.com.ar\\\/\"},{\"@type\":\"ListItem\",\"position\":2,\"name\":\"SEMANA SANTA: VARIEDAD DE FERIAS EN LA M\u00c1S LINDA\"}]},{\"@type\":\"WebSite\",\"@id\":\"https:\\\/\\\/fmpatagoniamadryn.com.ar\\\/#website\",\"url\":\"https:\\\/\\\/fmpatagoniamadryn.com.ar\\\/\",\"name\":\"FM Patagonia Madryn\",\"description\":\"Radio Patagonia 105.5\",\"publisher\":{\"@id\":\"https:\\\/\\\/fmpatagoniamadryn.com.ar\\\/#organization\"},\"potentialAction\":[{\"@type\":\"SearchAction\",\"target\":{\"@type\":\"EntryPoint\",\"urlTemplate\":\"https:\\\/\\\/fmpatagoniamadryn.com.ar\\\/?s={search_term_string}\"},\"query-input\":{\"@type\":\"PropertyValueSpecification\",\"valueRequired\":true,\"valueName\":\"search_term_string\"}}],\"inLanguage\":\"es\"},{\"@type\":\"Organization\",\"@id\":\"https:\\\/\\\/fmpatagoniamadryn.com.ar\\\/#organization\",\"name\":\"FM Patagonia Madryn\",\"url\":\"https:\\\/\\\/fmpatagoniamadryn.com.ar\\\/\",\"logo\":{\"@type\":\"ImageObject\",\"inLanguage\":\"es\",\"@id\":\"https:\\\/\\\/fmpatagoniamadryn.com.ar\\\/#\\\/schema\\\/logo\\\/image\\\/\",\"url\":\"https:\\\/\\\/fmpatagoniamadryn.com.ar\\\/wp-content\\\/uploads\\\/2023\\\/01\\\/cropped-Diseno-sin-titulo.png\",\"contentUrl\":\"https:\\\/\\\/fmpatagoniamadryn.com.ar\\\/wp-content\\\/uploads\\\/2023\\\/01\\\/cropped-Diseno-sin-titulo.png\",\"width\":6911,\"height\":2657,\"caption\":\"FM Patagonia Madryn\"},\"image\":{\"@id\":\"https:\\\/\\\/fmpatagoniamadryn.com.ar\\\/#\\\/schema\\\/logo\\\/image\\\/\"}},{\"@type\":\"Person\",\"@id\":\"https:\\\/\\\/fmpatagoniamadryn.com.ar\\\/#\\\/schema\\\/person\\\/1d968ec613613768e14b4e6420a2b125\",\"name\":\"FM Patagonia\",\"url\":\"https:\\\/\\\/fmpatagoniamadryn.com.ar\\\/?author=3\"}]}<\/script>\n<!-- \/ Yoast SEO plugin. -->","yoast_head_json":{"title":"SEMANA SANTA: VARIEDAD DE FERIAS EN LA M\u00c1S LINDA - FM Patagonia Madryn","robots":{"index":"index","follow":"follow","max-snippet":"max-snippet:-1","max-image-preview":"max-image-preview:large","max-video-preview":"max-video-preview:-1"},"canonical":"https:\/\/fmpatagoniamadryn.com.ar\/?p=1517","og_locale":"es_ES","og_type":"article","og_title":"SEMANA SANTA: VARIEDAD DE FERIAS EN LA M\u00c1S LINDA - FM Patagonia Madryn","og_description":"Desde el jueves 6 hasta el domingo 9 de abril, vecinos y turistas podr\u00e1n recorrer y disfrutar de las distintas propuestas de emprendedores de la ciudad en el Parador Municipal,&hellip;","og_url":"https:\/\/fmpatagoniamadryn.com.ar\/?p=1517","og_site_name":"FM Patagonia Madryn","article_published_time":"2023-04-04T16:05:14+00:00","article_modified_time":"2023-04-04T16:05:23+00:00","og_image":[{"width":1600,"height":1200,"url":"https:\/\/fmpatagoniamadryn.com.ar\/wp-content\/uploads\/2023\/04\/f097e0d4-4312-44d3-9e7b-1ad99458e2ea.jpeg","type":"image\/jpeg"}],"author":"FM Patagonia","twitter_card":"summary_large_image","twitter_misc":{"Escrito por":"FM Patagonia","Tiempo de lectura":"3 minutos"},"schema":{"@context":"https:\/\/schema.org","@graph":[{"@type":"Article","@id":"https:\/\/fmpatagoniamadryn.com.ar\/?p=1517#article","isPartOf":{"@id":"https:\/\/fmpatagoniamadryn.com.ar\/?p=1517"},"author":{"name":"FM Patagonia","@id":"https:\/\/fmpatagoniamadryn.com.ar\/#\/schema\/person\/1d968ec613613768e14b4e6420a2b125"},"headline":"SEMANA SANTA: VARIEDAD DE FERIAS EN LA M\u00c1S LINDA","datePublished":"2023-04-04T16:05:14+00:00","dateModified":"2023-04-04T16:05:23+00:00","mainEntityOfPage":{"@id":"https:\/\/fmpatagoniamadryn.com.ar\/?p=1517"},"wordCount":557,"publisher":{"@id":"https:\/\/fmpatagoniamadryn.com.ar\/#organization"},"image":{"@id":"https:\/\/fmpatagoniamadryn.com.ar\/?p=1517#primaryimage"},"thumbnailUrl":"https:\/\/fmpatagoniamadryn.com.ar\/wp-content\/uploads\/2023\/04\/f097e0d4-4312-44d3-9e7b-1ad99458e2ea.jpeg","articleSection":["Locales"],"inLanguage":"es"},{"@type":"WebPage","@id":"https:\/\/fmpatagoniamadryn.com.ar\/?p=1517","url":"https:\/\/fmpatagoniamadryn.com.ar\/?p=1517","name":"SEMANA SANTA: VARIEDAD DE FERIAS EN LA M\u00c1S LINDA - FM Patagonia Madryn","isPartOf":{"@id":"https:\/\/fmpatagoniamadryn.com.ar\/#website"},"primaryImageOfPage":{"@id":"https:\/\/fmpatagoniamadryn.com.ar\/?p=1517#primaryimage"},"image":{"@id":"https:\/\/fmpatagoniamadryn.com.ar\/?p=1517#primaryimage"},"thumbnailUrl":"https:\/\/fmpatagoniamadryn.com.ar\/wp-content\/uploads\/2023\/04\/f097e0d4-4312-44d3-9e7b-1ad99458e2ea.jpeg","datePublished":"2023-04-04T16:05:14+00:00","dateModified":"2023-04-04T16:05:23+00:00","breadcrumb":{"@id":"https:\/\/fmpatagoniamadryn.com.ar\/?p=1517#breadcrumb"},"inLanguage":"es","potentialAction":[{"@type":"ReadAction","target":["https:\/\/fmpatagoniamadryn.com.ar\/?p=1517"]}]},{"@type":"ImageObject","inLanguage":"es","@id":"https:\/\/fmpatagoniamadryn.com.ar\/?p=1517#primaryimage","url":"https:\/\/fmpatagoniamadryn.com.ar\/wp-content\/uploads\/2023\/04\/f097e0d4-4312-44d3-9e7b-1ad99458e2ea.jpeg","contentUrl":"https:\/\/fmpatagoniamadryn.com.ar\/wp-content\/uploads\/2023\/04\/f097e0d4-4312-44d3-9e7b-1ad99458e2ea.jpeg","width":1600,"height":1200},{"@type":"BreadcrumbList","@id":"https:\/\/fmpatagoniamadryn.com.ar\/?p=1517#breadcrumb","itemListElement":[{"@type":"ListItem","position":1,"name":"Portada","item":"https:\/\/fmpatagoniamadryn.com.ar\/"},{"@type":"ListItem","position":2,"name":"SEMANA SANTA: VARIEDAD DE FERIAS EN LA M\u00c1S LINDA"}]},{"@type":"WebSite","@id":"https:\/\/fmpatagoniamadryn.com.ar\/#website","url":"https:\/\/fmpatagoniamadryn.com.ar\/","name":"FM Patagonia Madryn","description":"Radio Patagonia 105.5","publisher":{"@id":"https:\/\/fmpatagoniamadryn.com.ar\/#organization"},"potentialAction":[{"@type":"SearchAction","target":{"@type":"EntryPoint","urlTemplate":"https:\/\/fmpatagoniamadryn.com.ar\/?s={search_term_string}"},"query-input":{"@type":"PropertyValueSpecification","valueRequired":true,"valueName":"search_term_string"}}],"inLanguage":"es"},{"@type":"Organization","@id":"https:\/\/fmpatagoniamadryn.com.ar\/#organization","name":"FM Patagonia Madryn","url":"https:\/\/fmpatagoniamadryn.com.ar\/","logo":{"@type":"ImageObject","inLanguage":"es","@id":"https:\/\/fmpatagoniamadryn.com.ar\/#\/schema\/logo\/image\/","url":"https:\/\/fmpatagoniamadryn.com.ar\/wp-content\/uploads\/2023\/01\/cropped-Diseno-sin-titulo.png","contentUrl":"https:\/\/fmpatagoniamadryn.com.ar\/wp-content\/uploads\/2023\/01\/cropped-Diseno-sin-titulo.png","width":6911,"height":2657,"caption":"FM Patagonia Madryn"},"image":{"@id":"https:\/\/fmpatagoniamadryn.com.ar\/#\/schema\/logo\/image\/"}},{"@type":"Person","@id":"https:\/\/fmpatagoniamadryn.com.ar\/#\/schema\/person\/1d968ec613613768e14b4e6420a2b125","name":"FM Patagonia","url":"https:\/\/fmpatagoniamadryn.com.ar\/?author=3"}]}},"jetpack_featured_media_url":"https:\/\/fmpatagoniamadryn.com.ar\/wp-content\/uploads\/2023\/04\/f097e0d4-4312-44d3-9e7b-1ad99458e2ea.jpeg","_links":{"self":[{"href":"https:\/\/fmpatagoniamadryn.com.ar\/index.php?rest_route=\/wp\/v2\/posts\/1517","targetHints":{"allow":["GET"]}}],"collection":[{"href":"https:\/\/fmpatagoniamadryn.com.ar\/index.php?rest_route=\/wp\/v2\/posts"}],"about":[{"href":"https:\/\/fmpatagoniamadryn.com.ar\/index.php?rest_route=\/wp\/v2\/types\/post"}],"author":[{"embeddable":true,"href":"https:\/\/fmpatagoniamadryn.com.ar\/index.php?rest_route=\/wp\/v2\/users\/3"}],"replies":[{"embeddable":true,"href":"https:\/\/fmpatagoniamadryn.com.ar\/index.php?rest_route=%2Fwp%2Fv2%2Fcomments&post=1517"}],"version-history":[{"count":1,"href":"https:\/\/fmpatagoniamadryn.com.ar\/index.php?rest_route=\/wp\/v2\/posts\/1517\/revisions"}],"predecessor-version":[{"id":1518,"href":"https:\/\/fmpatagoniamadryn.com.ar\/index.php?rest_route=\/wp\/v2\/posts\/1517\/revisions\/1518"}],"wp:featuredmedia":[{"embeddable":true,"href":"https:\/\/fmpatagoniamadryn.com.ar\/index.php?rest_route=\/wp\/v2\/media\/1516"}],"wp:attachment":[{"href":"https:\/\/fmpatagoniamadryn.com.ar\/index.php?rest_route=%2Fwp%2Fv2%2Fmedia&parent=1517"}],"wp:term":[{"taxonomy":"category","embeddable":true,"href":"https:\/\/fmpatagoniamadryn.com.ar\/index.php?rest_route=%2Fwp%2Fv2%2Fcategories&post=1517"},{"taxonomy":"post_tag","embeddable":true,"href":"https:\/\/fmpatagoniamadryn.com.ar\/index.php?rest_route=%2Fwp%2Fv2%2Ftags&post=1517"}],"curies":[{"name":"wp","href":"https:\/\/api.w.org\/{rel}","templated":true}]}}