{"id":1524,"date":"2023-04-05T11:20:28","date_gmt":"2023-04-05T14:20:28","guid":{"rendered":"https:\/\/fmpatagoniamadryn.com.ar\/?p=1524"},"modified":"2023-04-05T11:20:55","modified_gmt":"2023-04-05T14:20:55","slug":"sastre-anuncio-que-en-mayo-comienzan-las-obras-de-remodelacion-y-transformacion-del-aeropuerto-el-tehuelche","status":"publish","type":"post","link":"https:\/\/fmpatagoniamadryn.com.ar\/?p=1524","title":{"rendered":"SASTRE ANUNCI\u00d3 QUE EN MAYO COMIENZAN LAS OBRAS DE REMODELACI\u00d3N Y TRANSFORMACI\u00d3N DEL AEROPUERTO \u201cEL TEHUELCHE\u201d"},"content":{"rendered":"\n<p>As\u00ed lo confirm\u00f3 el Intendente de Puerto Madryn tras reunirse con autoridades del Organismo Regulador del Sistema Nacional de Aeropuertos y de Aeropuertos Argentina 2000. Adem\u00e1s, en el marco de las gestiones realizadas en Buenos Aires, el Jefe Comunal concret\u00f3 la creaci\u00f3n de una biof\u00e1brica para el desarrollo de compost para una cooperativa de mujeres de la ciudad<br><br> <br><br> <br><br>El intendente de Puerto Madryn, Gustavo Sastre, mantuvo diferentes reuniones en la Ciudad Aut\u00f3noma de Buenos Aires, gestionando obras y fondos para la ciudad. Concretamente, el Jefe Comunal estuvo con autoridades del Organismo Regulador del Sistema Nacional de Aeropuertos (ORSNA) y de Aeropuertos Argentina 2000. Previo a esto, tuvo un encuentro con representantes de la Secretar\u00eda de Agricultura, Ganader\u00eda y Pesca de la Naci\u00f3n.<br><br> <br><br>En la primera de las reuniones mencionadas, se confirm\u00f3 que en mayo comenzar\u00e1n las obras de transformaci\u00f3n integral del Aeropuerto \u201cEl Tehuelche\u201d. Las labores iniciar\u00e1n en la pista, en la cual se instalar\u00e1 tecnolog\u00eda de avanzada y de excelencia. En tanto, se indic\u00f3 que se ir\u00e1n cumpliendo los plazos para concretar la licitaci\u00f3n para ampliar la terminal a\u00e9rea local. Al respecto, cabe destacar que la empresa que estar\u00e1 a cargo de las tareas en la pista ya cobr\u00f3 la primera cuota para iniciar las labores.<br><br> <br><br>Al respecto, el Intendente dijo: \u201cNos llena de satisfacci\u00f3n poder anunciar que en mayo comenzaremos con las obras para remodelar y transformar el Aeropuerto \u2018El Tehuelche\u2019. En una primera instancia, concretaremos mejoras sobre la pista, con tecnolog\u00eda de avanzada. Posteriormente, vamos a ampliar la terminal a\u00e9rea local\u201d.<br><br> <br><br>Biof\u00e1brica para crear compost<br><br> <br><br>En tanto, en su visita a la Secretar\u00eda de Agricultura, Ganader\u00eda y Pesca, el Intendente estuvo junto a Milagros Barbieri, subsecretaria de Fortalecimiento Productivo y Sustentable para Peque\u00f1os y Medianos Productores Agroalimentarios y directora de Fortalecimiento de los Sistemas Productivos Locales, con quien firm\u00f3 un aporte no reintegrable por 40 millones de pesos.<br><br> <br><br>Esos fondos ser\u00e1n destinados al proyecto de una biof\u00e1brica para la producci\u00f3n de enmienda org\u00e1nica (compost) a base del bagazo de cebada cervecera. Cabe destacar que esta iniciativa fue trabajada y desarrollada conjuntamente por la Secretar\u00eda de Producci\u00f3n, Innovaci\u00f3n y Empleo de la Municipalidad y la Secretar\u00eda de Agricultura, Ganader\u00eda y Pesca de la Naci\u00f3n.<br><br> <br><br>Con esta propuesta se dar\u00e1 soluci\u00f3n a un problema de la ciudad, ya que se transformar\u00e1 el residuo org\u00e1nico cervecero en un producto de valor agregado de calidad e importancia en el marco de una propuesta sustentable social, econ\u00f3mica y ambientalmente responsable.<br><br> <br><br>Esta biof\u00e1brica ser\u00e1 de gesti\u00f3n municipal y estar\u00e1 emplazada en el predio anexo al Centro de Gesti\u00f3n Barrial del barrio Pujol, mientras que la producci\u00f3n estar\u00e1 a cargo de de la cooperativa \u201cAmancay\u201d, conformada por mujeres productoras de hortalizas agroecol\u00f3gicas y compost en el mismo espacio.<br><br> <br><br>Sobre este anuncio, el Intendente manifest\u00f3: \u201cEstamos muy contentos de poder concretar estas gestiones, ya que ahora podremos contar con una biof\u00e1brica para la producci\u00f3n de compost en Puerto Madryn, a trav\u00e9s de la cooperativa de mujeres \u201cAmancay\u201d. Para ello, utilizaremos los restos de la cebada de cerveza, transform\u00e1ndolos en un producto de valor agregado y que ser\u00e1 utilizado para la producci\u00f3n de hortalizas, en el marco de una propuesta sustentable social, econ\u00f3mica y ambientalmente responsable\u201d:<\/p>\n","protected":false},"excerpt":{"rendered":"<p>As\u00ed lo confirm\u00f3 el Intendente de Puerto Madryn tras reunirse con autoridades del Organismo Regulador del Sistema Nacional de Aeropuertos y de Aeropuertos Argentina 2000. Adem\u00e1s, en el marco de&hellip; <\/p>\n","protected":false},"author":3,"featured_media":1523,"comment_status":"closed","ping_status":"closed","sticky":false,"template":"","format":"standard","meta":{"footnotes":""},"categories":[15],"tags":[],"class_list":["post-1524","post","type-post","status-publish","format-standard","has-post-thumbnail","hentry","category-locales"],"yoast_head":"<!-- This site is optimized with the Yoast SEO plugin v27.4 - https:\/\/yoast.com\/product\/yoast-seo-wordpress\/ -->\n<title>SASTRE ANUNCI\u00d3 QUE EN MAYO COMIENZAN LAS OBRAS DE REMODELACI\u00d3N Y TRANSFORMACI\u00d3N DEL AEROPUERTO \u201cEL TEHUELCHE\u201d - FM Patagonia Madryn<\/title>\n<meta name=\"robots\" content=\"index, follow, max-snippet:-1, max-image-preview:large, max-video-preview:-1\" \/>\n<link rel=\"canonical\" href=\"https:\/\/fmpatagoniamadryn.com.ar\/?p=1524\" \/>\n<meta property=\"og:locale\" content=\"es_ES\" \/>\n<meta property=\"og:type\" content=\"article\" \/>\n<meta property=\"og:title\" content=\"SASTRE ANUNCI\u00d3 QUE EN MAYO COMIENZAN LAS OBRAS DE REMODELACI\u00d3N Y TRANSFORMACI\u00d3N DEL AEROPUERTO \u201cEL TEHUELCHE\u201d - FM Patagonia Madryn\" \/>\n<meta property=\"og:description\" content=\"As\u00ed lo confirm\u00f3 el Intendente de Puerto Madryn tras reunirse con autoridades del Organismo Regulador del Sistema Nacional de Aeropuertos y de Aeropuertos Argentina 2000. Adem\u00e1s, en el marco de&hellip;\" \/>\n<meta property=\"og:url\" content=\"https:\/\/fmpatagoniamadryn.com.ar\/?p=1524\" \/>\n<meta property=\"og:site_name\" content=\"FM Patagonia Madryn\" \/>\n<meta property=\"article:published_time\" content=\"2023-04-05T14:20:28+00:00\" \/>\n<meta property=\"article:modified_time\" content=\"2023-04-05T14:20:55+00:00\" \/>\n<meta property=\"og:image\" content=\"https:\/\/fmpatagoniamadryn.com.ar\/wp-content\/uploads\/2023\/04\/ORSNA1.jpeg\" \/>\n\t<meta property=\"og:image:width\" content=\"1024\" \/>\n\t<meta property=\"og:image:height\" content=\"683\" \/>\n\t<meta property=\"og:image:type\" content=\"image\/jpeg\" \/>\n<meta name=\"author\" content=\"FM Patagonia\" \/>\n<meta name=\"twitter:card\" content=\"summary_large_image\" \/>\n<meta name=\"twitter:label1\" content=\"Escrito por\" \/>\n\t<meta name=\"twitter:data1\" content=\"FM Patagonia\" \/>\n\t<meta name=\"twitter:label2\" content=\"Tiempo de lectura\" \/>\n\t<meta name=\"twitter:data2\" content=\"3 minutos\" \/>\n<script type=\"application\/ld+json\" class=\"yoast-schema-graph\">{\"@context\":\"https:\\\/\\\/schema.org\",\"@graph\":[{\"@type\":\"Article\",\"@id\":\"https:\\\/\\\/fmpatagoniamadryn.com.ar\\\/?p=1524#article\",\"isPartOf\":{\"@id\":\"https:\\\/\\\/fmpatagoniamadryn.com.ar\\\/?p=1524\"},\"author\":{\"name\":\"FM Patagonia\",\"@id\":\"https:\\\/\\\/fmpatagoniamadryn.com.ar\\\/#\\\/schema\\\/person\\\/1d968ec613613768e14b4e6420a2b125\"},\"headline\":\"SASTRE ANUNCI\u00d3 QUE EN MAYO COMIENZAN LAS OBRAS DE REMODELACI\u00d3N Y TRANSFORMACI\u00d3N DEL AEROPUERTO \u201cEL TEHUELCHE\u201d\",\"datePublished\":\"2023-04-05T14:20:28+00:00\",\"dateModified\":\"2023-04-05T14:20:55+00:00\",\"mainEntityOfPage\":{\"@id\":\"https:\\\/\\\/fmpatagoniamadryn.com.ar\\\/?p=1524\"},\"wordCount\":590,\"publisher\":{\"@id\":\"https:\\\/\\\/fmpatagoniamadryn.com.ar\\\/#organization\"},\"image\":{\"@id\":\"https:\\\/\\\/fmpatagoniamadryn.com.ar\\\/?p=1524#primaryimage\"},\"thumbnailUrl\":\"https:\\\/\\\/fmpatagoniamadryn.com.ar\\\/wp-content\\\/uploads\\\/2023\\\/04\\\/ORSNA1.jpeg\",\"articleSection\":[\"Locales\"],\"inLanguage\":\"es\"},{\"@type\":\"WebPage\",\"@id\":\"https:\\\/\\\/fmpatagoniamadryn.com.ar\\\/?p=1524\",\"url\":\"https:\\\/\\\/fmpatagoniamadryn.com.ar\\\/?p=1524\",\"name\":\"SASTRE ANUNCI\u00d3 QUE EN MAYO COMIENZAN LAS OBRAS DE REMODELACI\u00d3N Y TRANSFORMACI\u00d3N DEL AEROPUERTO \u201cEL TEHUELCHE\u201d - FM Patagonia Madryn\",\"isPartOf\":{\"@id\":\"https:\\\/\\\/fmpatagoniamadryn.com.ar\\\/#website\"},\"primaryImageOfPage\":{\"@id\":\"https:\\\/\\\/fmpatagoniamadryn.com.ar\\\/?p=1524#primaryimage\"},\"image\":{\"@id\":\"https:\\\/\\\/fmpatagoniamadryn.com.ar\\\/?p=1524#primaryimage\"},\"thumbnailUrl\":\"https:\\\/\\\/fmpatagoniamadryn.com.ar\\\/wp-content\\\/uploads\\\/2023\\\/04\\\/ORSNA1.jpeg\",\"datePublished\":\"2023-04-05T14:20:28+00:00\",\"dateModified\":\"2023-04-05T14:20:55+00:00\",\"breadcrumb\":{\"@id\":\"https:\\\/\\\/fmpatagoniamadryn.com.ar\\\/?p=1524#breadcrumb\"},\"inLanguage\":\"es\",\"potentialAction\":[{\"@type\":\"ReadAction\",\"target\":[\"https:\\\/\\\/fmpatagoniamadryn.com.ar\\\/?p=1524\"]}]},{\"@type\":\"ImageObject\",\"inLanguage\":\"es\",\"@id\":\"https:\\\/\\\/fmpatagoniamadryn.com.ar\\\/?p=1524#primaryimage\",\"url\":\"https:\\\/\\\/fmpatagoniamadryn.com.ar\\\/wp-content\\\/uploads\\\/2023\\\/04\\\/ORSNA1.jpeg\",\"contentUrl\":\"https:\\\/\\\/fmpatagoniamadryn.com.ar\\\/wp-content\\\/uploads\\\/2023\\\/04\\\/ORSNA1.jpeg\",\"width\":1024,\"height\":683},{\"@type\":\"BreadcrumbList\",\"@id\":\"https:\\\/\\\/fmpatagoniamadryn.com.ar\\\/?p=1524#breadcrumb\",\"itemListElement\":[{\"@type\":\"ListItem\",\"position\":1,\"name\":\"Portada\",\"item\":\"https:\\\/\\\/fmpatagoniamadryn.com.ar\\\/\"},{\"@type\":\"ListItem\",\"position\":2,\"name\":\"SASTRE ANUNCI\u00d3 QUE EN MAYO COMIENZAN LAS OBRAS DE REMODELACI\u00d3N Y TRANSFORMACI\u00d3N DEL AEROPUERTO \u201cEL TEHUELCHE\u201d\"}]},{\"@type\":\"WebSite\",\"@id\":\"https:\\\/\\\/fmpatagoniamadryn.com.ar\\\/#website\",\"url\":\"https:\\\/\\\/fmpatagoniamadryn.com.ar\\\/\",\"name\":\"FM Patagonia Madryn\",\"description\":\"Radio Patagonia 105.5\",\"publisher\":{\"@id\":\"https:\\\/\\\/fmpatagoniamadryn.com.ar\\\/#organization\"},\"potentialAction\":[{\"@type\":\"SearchAction\",\"target\":{\"@type\":\"EntryPoint\",\"urlTemplate\":\"https:\\\/\\\/fmpatagoniamadryn.com.ar\\\/?s={search_term_string}\"},\"query-input\":{\"@type\":\"PropertyValueSpecification\",\"valueRequired\":true,\"valueName\":\"search_term_string\"}}],\"inLanguage\":\"es\"},{\"@type\":\"Organization\",\"@id\":\"https:\\\/\\\/fmpatagoniamadryn.com.ar\\\/#organization\",\"name\":\"FM Patagonia Madryn\",\"url\":\"https:\\\/\\\/fmpatagoniamadryn.com.ar\\\/\",\"logo\":{\"@type\":\"ImageObject\",\"inLanguage\":\"es\",\"@id\":\"https:\\\/\\\/fmpatagoniamadryn.com.ar\\\/#\\\/schema\\\/logo\\\/image\\\/\",\"url\":\"https:\\\/\\\/fmpatagoniamadryn.com.ar\\\/wp-content\\\/uploads\\\/2023\\\/01\\\/cropped-Diseno-sin-titulo.png\",\"contentUrl\":\"https:\\\/\\\/fmpatagoniamadryn.com.ar\\\/wp-content\\\/uploads\\\/2023\\\/01\\\/cropped-Diseno-sin-titulo.png\",\"width\":6911,\"height\":2657,\"caption\":\"FM Patagonia Madryn\"},\"image\":{\"@id\":\"https:\\\/\\\/fmpatagoniamadryn.com.ar\\\/#\\\/schema\\\/logo\\\/image\\\/\"}},{\"@type\":\"Person\",\"@id\":\"https:\\\/\\\/fmpatagoniamadryn.com.ar\\\/#\\\/schema\\\/person\\\/1d968ec613613768e14b4e6420a2b125\",\"name\":\"FM Patagonia\",\"url\":\"https:\\\/\\\/fmpatagoniamadryn.com.ar\\\/?author=3\"}]}<\/script>\n<!-- \/ Yoast SEO plugin. -->","yoast_head_json":{"title":"SASTRE ANUNCI\u00d3 QUE EN MAYO COMIENZAN LAS OBRAS DE REMODELACI\u00d3N Y TRANSFORMACI\u00d3N DEL AEROPUERTO \u201cEL TEHUELCHE\u201d - FM Patagonia Madryn","robots":{"index":"index","follow":"follow","max-snippet":"max-snippet:-1","max-image-preview":"max-image-preview:large","max-video-preview":"max-video-preview:-1"},"canonical":"https:\/\/fmpatagoniamadryn.com.ar\/?p=1524","og_locale":"es_ES","og_type":"article","og_title":"SASTRE ANUNCI\u00d3 QUE EN MAYO COMIENZAN LAS OBRAS DE REMODELACI\u00d3N Y TRANSFORMACI\u00d3N DEL AEROPUERTO \u201cEL TEHUELCHE\u201d - FM Patagonia Madryn","og_description":"As\u00ed lo confirm\u00f3 el Intendente de Puerto Madryn tras reunirse con autoridades del Organismo Regulador del Sistema Nacional de Aeropuertos y de Aeropuertos Argentina 2000. Adem\u00e1s, en el marco de&hellip;","og_url":"https:\/\/fmpatagoniamadryn.com.ar\/?p=1524","og_site_name":"FM Patagonia Madryn","article_published_time":"2023-04-05T14:20:28+00:00","article_modified_time":"2023-04-05T14:20:55+00:00","og_image":[{"width":1024,"height":683,"url":"https:\/\/fmpatagoniamadryn.com.ar\/wp-content\/uploads\/2023\/04\/ORSNA1.jpeg","type":"image\/jpeg"}],"author":"FM Patagonia","twitter_card":"summary_large_image","twitter_misc":{"Escrito por":"FM Patagonia","Tiempo de lectura":"3 minutos"},"schema":{"@context":"https:\/\/schema.org","@graph":[{"@type":"Article","@id":"https:\/\/fmpatagoniamadryn.com.ar\/?p=1524#article","isPartOf":{"@id":"https:\/\/fmpatagoniamadryn.com.ar\/?p=1524"},"author":{"name":"FM Patagonia","@id":"https:\/\/fmpatagoniamadryn.com.ar\/#\/schema\/person\/1d968ec613613768e14b4e6420a2b125"},"headline":"SASTRE ANUNCI\u00d3 QUE EN MAYO COMIENZAN LAS OBRAS DE REMODELACI\u00d3N Y TRANSFORMACI\u00d3N DEL AEROPUERTO \u201cEL TEHUELCHE\u201d","datePublished":"2023-04-05T14:20:28+00:00","dateModified":"2023-04-05T14:20:55+00:00","mainEntityOfPage":{"@id":"https:\/\/fmpatagoniamadryn.com.ar\/?p=1524"},"wordCount":590,"publisher":{"@id":"https:\/\/fmpatagoniamadryn.com.ar\/#organization"},"image":{"@id":"https:\/\/fmpatagoniamadryn.com.ar\/?p=1524#primaryimage"},"thumbnailUrl":"https:\/\/fmpatagoniamadryn.com.ar\/wp-content\/uploads\/2023\/04\/ORSNA1.jpeg","articleSection":["Locales"],"inLanguage":"es"},{"@type":"WebPage","@id":"https:\/\/fmpatagoniamadryn.com.ar\/?p=1524","url":"https:\/\/fmpatagoniamadryn.com.ar\/?p=1524","name":"SASTRE ANUNCI\u00d3 QUE EN MAYO COMIENZAN LAS OBRAS DE REMODELACI\u00d3N Y TRANSFORMACI\u00d3N DEL AEROPUERTO \u201cEL TEHUELCHE\u201d - FM Patagonia Madryn","isPartOf":{"@id":"https:\/\/fmpatagoniamadryn.com.ar\/#website"},"primaryImageOfPage":{"@id":"https:\/\/fmpatagoniamadryn.com.ar\/?p=1524#primaryimage"},"image":{"@id":"https:\/\/fmpatagoniamadryn.com.ar\/?p=1524#primaryimage"},"thumbnailUrl":"https:\/\/fmpatagoniamadryn.com.ar\/wp-content\/uploads\/2023\/04\/ORSNA1.jpeg","datePublished":"2023-04-05T14:20:28+00:00","dateModified":"2023-04-05T14:20:55+00:00","breadcrumb":{"@id":"https:\/\/fmpatagoniamadryn.com.ar\/?p=1524#breadcrumb"},"inLanguage":"es","potentialAction":[{"@type":"ReadAction","target":["https:\/\/fmpatagoniamadryn.com.ar\/?p=1524"]}]},{"@type":"ImageObject","inLanguage":"es","@id":"https:\/\/fmpatagoniamadryn.com.ar\/?p=1524#primaryimage","url":"https:\/\/fmpatagoniamadryn.com.ar\/wp-content\/uploads\/2023\/04\/ORSNA1.jpeg","contentUrl":"https:\/\/fmpatagoniamadryn.com.ar\/wp-content\/uploads\/2023\/04\/ORSNA1.jpeg","width":1024,"height":683},{"@type":"BreadcrumbList","@id":"https:\/\/fmpatagoniamadryn.com.ar\/?p=1524#breadcrumb","itemListElement":[{"@type":"ListItem","position":1,"name":"Portada","item":"https:\/\/fmpatagoniamadryn.com.ar\/"},{"@type":"ListItem","position":2,"name":"SASTRE ANUNCI\u00d3 QUE EN MAYO COMIENZAN LAS OBRAS DE REMODELACI\u00d3N Y TRANSFORMACI\u00d3N DEL AEROPUERTO \u201cEL TEHUELCHE\u201d"}]},{"@type":"WebSite","@id":"https:\/\/fmpatagoniamadryn.com.ar\/#website","url":"https:\/\/fmpatagoniamadryn.com.ar\/","name":"FM Patagonia Madryn","description":"Radio Patagonia 105.5","publisher":{"@id":"https:\/\/fmpatagoniamadryn.com.ar\/#organization"},"potentialAction":[{"@type":"SearchAction","target":{"@type":"EntryPoint","urlTemplate":"https:\/\/fmpatagoniamadryn.com.ar\/?s={search_term_string}"},"query-input":{"@type":"PropertyValueSpecification","valueRequired":true,"valueName":"search_term_string"}}],"inLanguage":"es"},{"@type":"Organization","@id":"https:\/\/fmpatagoniamadryn.com.ar\/#organization","name":"FM Patagonia Madryn","url":"https:\/\/fmpatagoniamadryn.com.ar\/","logo":{"@type":"ImageObject","inLanguage":"es","@id":"https:\/\/fmpatagoniamadryn.com.ar\/#\/schema\/logo\/image\/","url":"https:\/\/fmpatagoniamadryn.com.ar\/wp-content\/uploads\/2023\/01\/cropped-Diseno-sin-titulo.png","contentUrl":"https:\/\/fmpatagoniamadryn.com.ar\/wp-content\/uploads\/2023\/01\/cropped-Diseno-sin-titulo.png","width":6911,"height":2657,"caption":"FM Patagonia Madryn"},"image":{"@id":"https:\/\/fmpatagoniamadryn.com.ar\/#\/schema\/logo\/image\/"}},{"@type":"Person","@id":"https:\/\/fmpatagoniamadryn.com.ar\/#\/schema\/person\/1d968ec613613768e14b4e6420a2b125","name":"FM Patagonia","url":"https:\/\/fmpatagoniamadryn.com.ar\/?author=3"}]}},"jetpack_featured_media_url":"https:\/\/fmpatagoniamadryn.com.ar\/wp-content\/uploads\/2023\/04\/ORSNA1.jpeg","_links":{"self":[{"href":"https:\/\/fmpatagoniamadryn.com.ar\/index.php?rest_route=\/wp\/v2\/posts\/1524","targetHints":{"allow":["GET"]}}],"collection":[{"href":"https:\/\/fmpatagoniamadryn.com.ar\/index.php?rest_route=\/wp\/v2\/posts"}],"about":[{"href":"https:\/\/fmpatagoniamadryn.com.ar\/index.php?rest_route=\/wp\/v2\/types\/post"}],"author":[{"embeddable":true,"href":"https:\/\/fmpatagoniamadryn.com.ar\/index.php?rest_route=\/wp\/v2\/users\/3"}],"replies":[{"embeddable":true,"href":"https:\/\/fmpatagoniamadryn.com.ar\/index.php?rest_route=%2Fwp%2Fv2%2Fcomments&post=1524"}],"version-history":[{"count":1,"href":"https:\/\/fmpatagoniamadryn.com.ar\/index.php?rest_route=\/wp\/v2\/posts\/1524\/revisions"}],"predecessor-version":[{"id":1525,"href":"https:\/\/fmpatagoniamadryn.com.ar\/index.php?rest_route=\/wp\/v2\/posts\/1524\/revisions\/1525"}],"wp:featuredmedia":[{"embeddable":true,"href":"https:\/\/fmpatagoniamadryn.com.ar\/index.php?rest_route=\/wp\/v2\/media\/1523"}],"wp:attachment":[{"href":"https:\/\/fmpatagoniamadryn.com.ar\/index.php?rest_route=%2Fwp%2Fv2%2Fmedia&parent=1524"}],"wp:term":[{"taxonomy":"category","embeddable":true,"href":"https:\/\/fmpatagoniamadryn.com.ar\/index.php?rest_route=%2Fwp%2Fv2%2Fcategories&post=1524"},{"taxonomy":"post_tag","embeddable":true,"href":"https:\/\/fmpatagoniamadryn.com.ar\/index.php?rest_route=%2Fwp%2Fv2%2Ftags&post=1524"}],"curies":[{"name":"wp","href":"https:\/\/api.w.org\/{rel}","templated":true}]}}