{"id":15359,"date":"2025-04-01T10:20:50","date_gmt":"2025-04-01T13:20:50","guid":{"rendered":"https:\/\/fmpatagoniamadryn.com.ar\/?p=15359"},"modified":"2025-04-01T10:20:50","modified_gmt":"2025-04-01T13:20:50","slug":"aumento-de-combustibles-el-gobierno-oficializo-la-suba-del-impuesto-que-se-traslada-al-precio-de-la-nafta-y-el-gasoil","status":"publish","type":"post","link":"https:\/\/fmpatagoniamadryn.com.ar\/?p=15359","title":{"rendered":"Aumento de combustibles: el Gobierno oficializ\u00f3 la suba del impuesto que se traslada al precio de la nafta y el gasoil"},"content":{"rendered":"\n<p><\/p>\n\n\n\n<h2 class=\"wp-block-heading news-headline__article-summary\">El Ejecutivo aprob\u00f3 los incrementos para los tributos sobre los combustibles l\u00edquidos (ICL) y al di\u00f3xido de carbono, en el contexto de una racha de 15 meses seguidos de ca\u00edda de ventas.<\/h2>\n\n\n\n<p><strong>El Gobierno nacional oficializ\u00f3 este martes&nbsp;<a href=\"https:\/\/www.c5n.com\/economia\/aumento-combustibles-el-gobierno-oficializo-la-suba-del-impuesto-que-se-traslada-al-precio-la-nafta-y-el-gasoil-n192920\" target=\"_blank\" rel=\"noreferrer noopener\">un nuevo aumento en los impuestos a los combustibles<\/a><\/strong>, que se trasladan al valor de la nafta y el gasoil en torno al 2%, en el contexto de una racha de&nbsp;<a href=\"https:\/\/www.c5n.com\/economia\/la-venta-combustibles-volvio-caer-enero-y-ya-son-14-meses-consecutivos-baja-n192260\" target=\"_blank\" rel=\"noreferrer noopener\">15 meses seguidos de ca\u00edda de ventas<\/a><\/p>\n\n\n\n<p>La medida se implement\u00f3 a trav\u00e9s del Decreto 243\/2025, publicado este mi\u00e9rcoles en el Bolet\u00edn Oficial con las firmas del presidente Javier Milei, el jefe de Gabinete, Guillermo Francos, y el ministro de Econom\u00eda, Luis Caputo<\/p>\n\n\n\n<p>El Ejecutivo fij\u00f3 as\u00ed la nueva&nbsp;<strong>tabla de incrementos para los impuestos sobre los combustibles l\u00edquidos (ICL)&nbsp;<\/strong>y el impuesto al di\u00f3xido de carbono<\/p>\n\n\n\n<p>Dentro de sus argumentos, el Ejecutivo alega que, \u00abcon el prop\u00f3sito de continuar con la finalidad perseguida a trav\u00e9s de los decretos anteriormente se\u00f1alados,&nbsp;<strong>resulta necesario, para los productos en cuesti\u00f3n, volver a diferir parcialmente el incremento correspondiente al primer trimestre calendario de 2024<\/strong>&nbsp;y, en su totalidad, el del segundo, tercer y cuarto trimestre calendario del a\u00f1o 2024&#8243;.<\/p>\n\n\n\n<p>El alza en los precios de la nafta ser\u00e1 aplicado por la empresa&nbsp;<strong>Yacimientos Petrol\u00edferos Fiscales (YPF)<\/strong>&nbsp;y luego las otras compa\u00f1\u00edas se sumar\u00e1n a la suba. De esta manera, la&nbsp;<strong>s\u00faper&nbsp;<\/strong>en la ciudad de Buenos Aires pasar\u00e1 de $1.173 a $1.224 y la&nbsp;<strong>premium&nbsp;<\/strong>de $1.449 a $1.509, mientras que el<strong>gasoil s\u00faper&nbsp;<\/strong>aumentar\u00e1 de $1.192 a $1.215 y el&nbsp;<strong>premium&nbsp;<\/strong>de $1.447 a $1.475.<\/p>\n\n\n\n<p>La suba se da en el marco de una nueva ca\u00edda en la venta de combustible al p\u00fablico, que experiment\u00f3 un descenso del 4% interanual en febrero y del 7,9% en comparaci\u00f3n con enero, y acumula 15 meses a la baja.<\/p>\n\n\n\n<h2 class=\"wp-block-heading\">Los aumentos que llegan en abril<\/h2>\n\n\n\n<h3 class=\"wp-block-heading\">Prepagas<\/h3>\n\n\n\n<p>Algunas empresas de medicina prepaga ya informaron a sus afiliados que los aumentos de<strong>las cuotas rondar\u00e1n entre el 2,1% y el 2,8%.<\/strong>&nbsp;La actualizaci\u00f3n tambi\u00e9n aplica a los copagos.<\/p>\n\n\n\n<h3 class=\"wp-block-heading\">Alquileres<\/h3>\n\n\n\n<p>Los contratos que a\u00fan se rigen bajo la antigua ley de alquileres tendr\u00e1n en abril un<strong>&nbsp;aumento del 116,85%.<\/strong><\/p>\n\n\n\n<p>El \u00edndice de contratos de locaci\u00f3n (ICL) atraviesa una desaceleraci\u00f3n desde hace varios meses. En marzo el aumento de los alquileres fue de 149,3%, en febrero hab\u00eda sido de 174% y en enero de 190,69%.<\/p>\n\n\n\n<h3 class=\"wp-block-heading\">Tarifas de agua<\/h3>\n\n\n\n<p>AySA inform\u00f3 que&nbsp;<strong>habr\u00e1 un aumento de 1% en abril<\/strong>&nbsp;para los usuarios del \u00c1rea Metropolitana de Buenos Aires (AMBA).<\/p>\n\n\n\n<p>De esta manera, a partir del cuarto mes del a\u00f1o, las tarifas de agua y cloaca se ubicar\u00e1n en $22.967 promedio. Las tarifas est\u00e1n segmentadas en el nivel zonal alto, medio y bajo abonar\u00e1n las siguientes tarifas sin impuestos por agua y cloaca.<\/p>\n\n\n\n<h3 class=\"wp-block-heading\">Boleto de colectivos<\/h3>\n\n\n\n<p>Desde el 1\u00b0 de abril los cuadros tarifarios de las unidades que circulan en el conurbano bonaerense y el Gran La Plata tendr\u00e1n un alza de 4,2%.<\/p>\n\n\n\n<ul class=\"wp-block-list\">\n<li><strong>El boleto m\u00ednimo\u00a0<\/strong>(entre 0 y 3 kil\u00f3metros): de $408,24 a $425,57;<\/li>\n\n\n\n<li><strong>Tramo de 3 a 6 km<\/strong>: $474,09;<\/li>\n\n\n\n<li><strong>Tramo de 6 a 12\u00a0<\/strong>kil\u00f3metros: $510,61;<\/li>\n\n\n\n<li><strong>Viajes de 12 a 27\u00a0<\/strong>km: $547,17;<\/li>\n<\/ul>\n\n\n\n<p>Tarjeta SUBE sin nominalizar: de $676,66 hasta $927,72.<\/p>\n\n\n\n<h3 class=\"wp-block-heading\">Internet, cable y telefon\u00eda<\/h3>\n\n\n\n<p>Se aplicar\u00e1n el segundo ajuste de tarifas del 2025, con un incremento que&nbsp;<strong>oscila entre 2,4% y 3,2%<\/strong>, seg\u00fan el servicio y la operadora.<\/p>\n\n\n\n<p>Fuente C5N <\/p>\n","protected":false},"excerpt":{"rendered":"<p>El Ejecutivo aprob\u00f3 los incrementos para los tributos sobre los combustibles l\u00edquidos (ICL) y al di\u00f3xido de carbono, en el contexto de una racha de 15 meses seguidos de ca\u00edda&hellip; <\/p>\n","protected":false},"author":2,"featured_media":15358,"comment_status":"closed","ping_status":"closed","sticky":false,"template":"","format":"standard","meta":{"footnotes":""},"categories":[13],"tags":[],"class_list":["post-15359","post","type-post","status-publish","format-standard","has-post-thumbnail","hentry","category-nacionales"],"yoast_head":"<!-- This site is optimized with the Yoast SEO plugin v27.5 - https:\/\/yoast.com\/product\/yoast-seo-wordpress\/ -->\n<title>Aumento de combustibles: el Gobierno oficializ\u00f3 la suba del impuesto que se traslada al precio de la nafta y el gasoil - FM Patagonia Madryn<\/title>\n<meta name=\"robots\" content=\"index, follow, max-snippet:-1, max-image-preview:large, max-video-preview:-1\" \/>\n<link rel=\"canonical\" href=\"https:\/\/fmpatagoniamadryn.com.ar\/?p=15359\" \/>\n<meta property=\"og:locale\" content=\"es_ES\" \/>\n<meta property=\"og:type\" content=\"article\" \/>\n<meta property=\"og:title\" content=\"Aumento de combustibles: el Gobierno oficializ\u00f3 la suba del impuesto que se traslada al precio de la nafta y el gasoil - FM Patagonia Madryn\" \/>\n<meta property=\"og:description\" content=\"El Ejecutivo aprob\u00f3 los incrementos para los tributos sobre los combustibles l\u00edquidos (ICL) y al di\u00f3xido de carbono, en el contexto de una racha de 15 meses seguidos de ca\u00edda&hellip;\" \/>\n<meta property=\"og:url\" content=\"https:\/\/fmpatagoniamadryn.com.ar\/?p=15359\" \/>\n<meta property=\"og:site_name\" content=\"FM Patagonia Madryn\" \/>\n<meta property=\"article:published_time\" content=\"2025-04-01T13:20:50+00:00\" \/>\n<meta property=\"og:image\" content=\"https:\/\/fmpatagoniamadryn.com.ar\/wp-content\/uploads\/2025\/04\/img_3393-1.jpg\" \/>\n\t<meta property=\"og:image:width\" content=\"1200\" \/>\n\t<meta property=\"og:image:height\" content=\"720\" \/>\n\t<meta property=\"og:image:type\" content=\"image\/jpeg\" \/>\n<meta name=\"author\" content=\"FM Patagonia\" \/>\n<meta name=\"twitter:card\" content=\"summary_large_image\" \/>\n<meta name=\"twitter:label1\" content=\"Escrito por\" \/>\n\t<meta name=\"twitter:data1\" content=\"FM Patagonia\" \/>\n\t<meta name=\"twitter:label2\" content=\"Tiempo de lectura\" \/>\n\t<meta name=\"twitter:data2\" content=\"3 minutos\" \/>\n<script type=\"application\/ld+json\" class=\"yoast-schema-graph\">{\"@context\":\"https:\\\/\\\/schema.org\",\"@graph\":[{\"@type\":\"Article\",\"@id\":\"https:\\\/\\\/fmpatagoniamadryn.com.ar\\\/?p=15359#article\",\"isPartOf\":{\"@id\":\"https:\\\/\\\/fmpatagoniamadryn.com.ar\\\/?p=15359\"},\"author\":{\"name\":\"FM Patagonia\",\"@id\":\"https:\\\/\\\/fmpatagoniamadryn.com.ar\\\/#\\\/schema\\\/person\\\/8a3de4ad7efceacab06c1641c50303b7\"},\"headline\":\"Aumento de combustibles: el Gobierno oficializ\u00f3 la suba del impuesto que se traslada al precio de la nafta y el gasoil\",\"datePublished\":\"2025-04-01T13:20:50+00:00\",\"mainEntityOfPage\":{\"@id\":\"https:\\\/\\\/fmpatagoniamadryn.com.ar\\\/?p=15359\"},\"wordCount\":599,\"publisher\":{\"@id\":\"https:\\\/\\\/fmpatagoniamadryn.com.ar\\\/#organization\"},\"image\":{\"@id\":\"https:\\\/\\\/fmpatagoniamadryn.com.ar\\\/?p=15359#primaryimage\"},\"thumbnailUrl\":\"https:\\\/\\\/fmpatagoniamadryn.com.ar\\\/wp-content\\\/uploads\\\/2025\\\/04\\\/img_3393-1.jpg\",\"articleSection\":[\"Nacionales\"],\"inLanguage\":\"es\"},{\"@type\":\"WebPage\",\"@id\":\"https:\\\/\\\/fmpatagoniamadryn.com.ar\\\/?p=15359\",\"url\":\"https:\\\/\\\/fmpatagoniamadryn.com.ar\\\/?p=15359\",\"name\":\"Aumento de combustibles: el Gobierno oficializ\u00f3 la suba del impuesto que se traslada al precio de la nafta y el gasoil - FM Patagonia Madryn\",\"isPartOf\":{\"@id\":\"https:\\\/\\\/fmpatagoniamadryn.com.ar\\\/#website\"},\"primaryImageOfPage\":{\"@id\":\"https:\\\/\\\/fmpatagoniamadryn.com.ar\\\/?p=15359#primaryimage\"},\"image\":{\"@id\":\"https:\\\/\\\/fmpatagoniamadryn.com.ar\\\/?p=15359#primaryimage\"},\"thumbnailUrl\":\"https:\\\/\\\/fmpatagoniamadryn.com.ar\\\/wp-content\\\/uploads\\\/2025\\\/04\\\/img_3393-1.jpg\",\"datePublished\":\"2025-04-01T13:20:50+00:00\",\"breadcrumb\":{\"@id\":\"https:\\\/\\\/fmpatagoniamadryn.com.ar\\\/?p=15359#breadcrumb\"},\"inLanguage\":\"es\",\"potentialAction\":[{\"@type\":\"ReadAction\",\"target\":[\"https:\\\/\\\/fmpatagoniamadryn.com.ar\\\/?p=15359\"]}]},{\"@type\":\"ImageObject\",\"inLanguage\":\"es\",\"@id\":\"https:\\\/\\\/fmpatagoniamadryn.com.ar\\\/?p=15359#primaryimage\",\"url\":\"https:\\\/\\\/fmpatagoniamadryn.com.ar\\\/wp-content\\\/uploads\\\/2025\\\/04\\\/img_3393-1.jpg\",\"contentUrl\":\"https:\\\/\\\/fmpatagoniamadryn.com.ar\\\/wp-content\\\/uploads\\\/2025\\\/04\\\/img_3393-1.jpg\",\"width\":1200,\"height\":720},{\"@type\":\"BreadcrumbList\",\"@id\":\"https:\\\/\\\/fmpatagoniamadryn.com.ar\\\/?p=15359#breadcrumb\",\"itemListElement\":[{\"@type\":\"ListItem\",\"position\":1,\"name\":\"Portada\",\"item\":\"https:\\\/\\\/fmpatagoniamadryn.com.ar\\\/\"},{\"@type\":\"ListItem\",\"position\":2,\"name\":\"Aumento de combustibles: el Gobierno oficializ\u00f3 la suba del impuesto que se traslada al precio de la nafta y el gasoil\"}]},{\"@type\":\"WebSite\",\"@id\":\"https:\\\/\\\/fmpatagoniamadryn.com.ar\\\/#website\",\"url\":\"https:\\\/\\\/fmpatagoniamadryn.com.ar\\\/\",\"name\":\"FM Patagonia Madryn\",\"description\":\"Radio Patagonia 105.5\",\"publisher\":{\"@id\":\"https:\\\/\\\/fmpatagoniamadryn.com.ar\\\/#organization\"},\"potentialAction\":[{\"@type\":\"SearchAction\",\"target\":{\"@type\":\"EntryPoint\",\"urlTemplate\":\"https:\\\/\\\/fmpatagoniamadryn.com.ar\\\/?s={search_term_string}\"},\"query-input\":{\"@type\":\"PropertyValueSpecification\",\"valueRequired\":true,\"valueName\":\"search_term_string\"}}],\"inLanguage\":\"es\"},{\"@type\":\"Organization\",\"@id\":\"https:\\\/\\\/fmpatagoniamadryn.com.ar\\\/#organization\",\"name\":\"FM Patagonia Madryn\",\"url\":\"https:\\\/\\\/fmpatagoniamadryn.com.ar\\\/\",\"logo\":{\"@type\":\"ImageObject\",\"inLanguage\":\"es\",\"@id\":\"https:\\\/\\\/fmpatagoniamadryn.com.ar\\\/#\\\/schema\\\/logo\\\/image\\\/\",\"url\":\"https:\\\/\\\/fmpatagoniamadryn.com.ar\\\/wp-content\\\/uploads\\\/2023\\\/01\\\/cropped-Diseno-sin-titulo.png\",\"contentUrl\":\"https:\\\/\\\/fmpatagoniamadryn.com.ar\\\/wp-content\\\/uploads\\\/2023\\\/01\\\/cropped-Diseno-sin-titulo.png\",\"width\":6911,\"height\":2657,\"caption\":\"FM Patagonia Madryn\"},\"image\":{\"@id\":\"https:\\\/\\\/fmpatagoniamadryn.com.ar\\\/#\\\/schema\\\/logo\\\/image\\\/\"}},{\"@type\":\"Person\",\"@id\":\"https:\\\/\\\/fmpatagoniamadryn.com.ar\\\/#\\\/schema\\\/person\\\/8a3de4ad7efceacab06c1641c50303b7\",\"name\":\"FM Patagonia\",\"url\":\"https:\\\/\\\/fmpatagoniamadryn.com.ar\\\/?author=2\"}]}<\/script>\n<!-- \/ Yoast SEO plugin. -->","yoast_head_json":{"title":"Aumento de combustibles: el Gobierno oficializ\u00f3 la suba del impuesto que se traslada al precio de la nafta y el gasoil - FM Patagonia Madryn","robots":{"index":"index","follow":"follow","max-snippet":"max-snippet:-1","max-image-preview":"max-image-preview:large","max-video-preview":"max-video-preview:-1"},"canonical":"https:\/\/fmpatagoniamadryn.com.ar\/?p=15359","og_locale":"es_ES","og_type":"article","og_title":"Aumento de combustibles: el Gobierno oficializ\u00f3 la suba del impuesto que se traslada al precio de la nafta y el gasoil - FM Patagonia Madryn","og_description":"El Ejecutivo aprob\u00f3 los incrementos para los tributos sobre los combustibles l\u00edquidos (ICL) y al di\u00f3xido de carbono, en el contexto de una racha de 15 meses seguidos de ca\u00edda&hellip;","og_url":"https:\/\/fmpatagoniamadryn.com.ar\/?p=15359","og_site_name":"FM Patagonia Madryn","article_published_time":"2025-04-01T13:20:50+00:00","og_image":[{"width":1200,"height":720,"url":"https:\/\/fmpatagoniamadryn.com.ar\/wp-content\/uploads\/2025\/04\/img_3393-1.jpg","type":"image\/jpeg"}],"author":"FM Patagonia","twitter_card":"summary_large_image","twitter_misc":{"Escrito por":"FM Patagonia","Tiempo de lectura":"3 minutos"},"schema":{"@context":"https:\/\/schema.org","@graph":[{"@type":"Article","@id":"https:\/\/fmpatagoniamadryn.com.ar\/?p=15359#article","isPartOf":{"@id":"https:\/\/fmpatagoniamadryn.com.ar\/?p=15359"},"author":{"name":"FM Patagonia","@id":"https:\/\/fmpatagoniamadryn.com.ar\/#\/schema\/person\/8a3de4ad7efceacab06c1641c50303b7"},"headline":"Aumento de combustibles: el Gobierno oficializ\u00f3 la suba del impuesto que se traslada al precio de la nafta y el gasoil","datePublished":"2025-04-01T13:20:50+00:00","mainEntityOfPage":{"@id":"https:\/\/fmpatagoniamadryn.com.ar\/?p=15359"},"wordCount":599,"publisher":{"@id":"https:\/\/fmpatagoniamadryn.com.ar\/#organization"},"image":{"@id":"https:\/\/fmpatagoniamadryn.com.ar\/?p=15359#primaryimage"},"thumbnailUrl":"https:\/\/fmpatagoniamadryn.com.ar\/wp-content\/uploads\/2025\/04\/img_3393-1.jpg","articleSection":["Nacionales"],"inLanguage":"es"},{"@type":"WebPage","@id":"https:\/\/fmpatagoniamadryn.com.ar\/?p=15359","url":"https:\/\/fmpatagoniamadryn.com.ar\/?p=15359","name":"Aumento de combustibles: el Gobierno oficializ\u00f3 la suba del impuesto que se traslada al precio de la nafta y el gasoil - FM Patagonia Madryn","isPartOf":{"@id":"https:\/\/fmpatagoniamadryn.com.ar\/#website"},"primaryImageOfPage":{"@id":"https:\/\/fmpatagoniamadryn.com.ar\/?p=15359#primaryimage"},"image":{"@id":"https:\/\/fmpatagoniamadryn.com.ar\/?p=15359#primaryimage"},"thumbnailUrl":"https:\/\/fmpatagoniamadryn.com.ar\/wp-content\/uploads\/2025\/04\/img_3393-1.jpg","datePublished":"2025-04-01T13:20:50+00:00","breadcrumb":{"@id":"https:\/\/fmpatagoniamadryn.com.ar\/?p=15359#breadcrumb"},"inLanguage":"es","potentialAction":[{"@type":"ReadAction","target":["https:\/\/fmpatagoniamadryn.com.ar\/?p=15359"]}]},{"@type":"ImageObject","inLanguage":"es","@id":"https:\/\/fmpatagoniamadryn.com.ar\/?p=15359#primaryimage","url":"https:\/\/fmpatagoniamadryn.com.ar\/wp-content\/uploads\/2025\/04\/img_3393-1.jpg","contentUrl":"https:\/\/fmpatagoniamadryn.com.ar\/wp-content\/uploads\/2025\/04\/img_3393-1.jpg","width":1200,"height":720},{"@type":"BreadcrumbList","@id":"https:\/\/fmpatagoniamadryn.com.ar\/?p=15359#breadcrumb","itemListElement":[{"@type":"ListItem","position":1,"name":"Portada","item":"https:\/\/fmpatagoniamadryn.com.ar\/"},{"@type":"ListItem","position":2,"name":"Aumento de combustibles: el Gobierno oficializ\u00f3 la suba del impuesto que se traslada al precio de la nafta y el gasoil"}]},{"@type":"WebSite","@id":"https:\/\/fmpatagoniamadryn.com.ar\/#website","url":"https:\/\/fmpatagoniamadryn.com.ar\/","name":"FM Patagonia Madryn","description":"Radio Patagonia 105.5","publisher":{"@id":"https:\/\/fmpatagoniamadryn.com.ar\/#organization"},"potentialAction":[{"@type":"SearchAction","target":{"@type":"EntryPoint","urlTemplate":"https:\/\/fmpatagoniamadryn.com.ar\/?s={search_term_string}"},"query-input":{"@type":"PropertyValueSpecification","valueRequired":true,"valueName":"search_term_string"}}],"inLanguage":"es"},{"@type":"Organization","@id":"https:\/\/fmpatagoniamadryn.com.ar\/#organization","name":"FM Patagonia Madryn","url":"https:\/\/fmpatagoniamadryn.com.ar\/","logo":{"@type":"ImageObject","inLanguage":"es","@id":"https:\/\/fmpatagoniamadryn.com.ar\/#\/schema\/logo\/image\/","url":"https:\/\/fmpatagoniamadryn.com.ar\/wp-content\/uploads\/2023\/01\/cropped-Diseno-sin-titulo.png","contentUrl":"https:\/\/fmpatagoniamadryn.com.ar\/wp-content\/uploads\/2023\/01\/cropped-Diseno-sin-titulo.png","width":6911,"height":2657,"caption":"FM Patagonia Madryn"},"image":{"@id":"https:\/\/fmpatagoniamadryn.com.ar\/#\/schema\/logo\/image\/"}},{"@type":"Person","@id":"https:\/\/fmpatagoniamadryn.com.ar\/#\/schema\/person\/8a3de4ad7efceacab06c1641c50303b7","name":"FM Patagonia","url":"https:\/\/fmpatagoniamadryn.com.ar\/?author=2"}]}},"jetpack_featured_media_url":"https:\/\/fmpatagoniamadryn.com.ar\/wp-content\/uploads\/2025\/04\/img_3393-1.jpg","_links":{"self":[{"href":"https:\/\/fmpatagoniamadryn.com.ar\/index.php?rest_route=\/wp\/v2\/posts\/15359","targetHints":{"allow":["GET"]}}],"collection":[{"href":"https:\/\/fmpatagoniamadryn.com.ar\/index.php?rest_route=\/wp\/v2\/posts"}],"about":[{"href":"https:\/\/fmpatagoniamadryn.com.ar\/index.php?rest_route=\/wp\/v2\/types\/post"}],"author":[{"embeddable":true,"href":"https:\/\/fmpatagoniamadryn.com.ar\/index.php?rest_route=\/wp\/v2\/users\/2"}],"replies":[{"embeddable":true,"href":"https:\/\/fmpatagoniamadryn.com.ar\/index.php?rest_route=%2Fwp%2Fv2%2Fcomments&post=15359"}],"version-history":[{"count":1,"href":"https:\/\/fmpatagoniamadryn.com.ar\/index.php?rest_route=\/wp\/v2\/posts\/15359\/revisions"}],"predecessor-version":[{"id":15360,"href":"https:\/\/fmpatagoniamadryn.com.ar\/index.php?rest_route=\/wp\/v2\/posts\/15359\/revisions\/15360"}],"wp:featuredmedia":[{"embeddable":true,"href":"https:\/\/fmpatagoniamadryn.com.ar\/index.php?rest_route=\/wp\/v2\/media\/15358"}],"wp:attachment":[{"href":"https:\/\/fmpatagoniamadryn.com.ar\/index.php?rest_route=%2Fwp%2Fv2%2Fmedia&parent=15359"}],"wp:term":[{"taxonomy":"category","embeddable":true,"href":"https:\/\/fmpatagoniamadryn.com.ar\/index.php?rest_route=%2Fwp%2Fv2%2Fcategories&post=15359"},{"taxonomy":"post_tag","embeddable":true,"href":"https:\/\/fmpatagoniamadryn.com.ar\/index.php?rest_route=%2Fwp%2Fv2%2Ftags&post=15359"}],"curies":[{"name":"wp","href":"https:\/\/api.w.org\/{rel}","templated":true}]}}