{"id":15378,"date":"2025-04-02T19:13:22","date_gmt":"2025-04-02T22:13:22","guid":{"rendered":"https:\/\/fmpatagoniamadryn.com.ar\/?p=15378"},"modified":"2025-04-02T19:13:22","modified_gmt":"2025-04-02T22:13:22","slug":"puerto-madryn-homenajeo-a-los-ex-combatientes-de-la-guerra-de-malvinas","status":"publish","type":"post","link":"https:\/\/fmpatagoniamadryn.com.ar\/?p=15378","title":{"rendered":"PUERTO MADRYN HOMENAJE\u00d3 A LOS EX COMBATIENTES DE LA GUERRA DE MALVINAS"},"content":{"rendered":"\n<p><\/p>\n\n\n\n<p><em>El intendente Gustavo Sastre encabez\u00f3 el acto que se llev\u00f3 a cabo en el Monumento al Veterano y a los Ca\u00eddos en la Guerra de Malvinas. En un emotivo acto, se avanz\u00f3 en el proceso de malvinizaci\u00f3n que hace a\u00f1os mantiene nuestra ciudad<\/em><\/p>\n\n\n\n<p><br \/>El intendente de Puerto Madryn, Gustavo Sastre, encabez\u00f3 esta ma\u00f1ana el acto por el D\u00eda del Veterano y de los Ca\u00eddos en Malvinas, que se llev\u00f3 a cabo en el Monumento en homenaje. En un emotivo encuentro, se realizaron distintas actividades, sumada la Vigilia del 2 de abril, que tuvo lugar anoche en el mismo sitio.<\/p>\n\n\n\n<p>A 43 a\u00f1os del inicio del conflicto b\u00e9lico en cuesti\u00f3n, se desarroll\u00f3 una jornada de memoria, respeto y profundo sentimiento patrio. En nuestra ciudad, que se ha tomado a la malvinizaci\u00f3n como una pol\u00edtica de Estado, se rindi\u00f3 nuevamente homenaje a miles de j\u00f3venes argentinos que fueron enviados a defender nuestra soberan\u00eda.<\/p>\n\n\n\n<p><strong>C\u00e1psula Malvinas<\/strong><\/p>\n\n\n\n<p>En dicha oportunidad se present\u00f3 la \u201cC\u00e1psula del tiempo Malvinas\u201d, un trabajo desarrollado a trav\u00e9s de la Direcci\u00f3n de Veteranos de Guerra en conjunto con las empresas Metal\u00fargica Daniele y Aluar. El prop\u00f3sito de esta iniciativa es que veteranos y familiares de los ca\u00eddos depositen objetos, escritos y documentos con la intenci\u00f3n de preservar en el tiempo el \u201clegado Malvinas\u201d.<\/p>\n\n\n\n<p>En el a\u00f1o 2082, a 100 a\u00f1os del inicio de la guerra, se har\u00e1 la apertura, en sinton\u00eda con Ushuaia, la capital de Malvinas que tambi\u00e9n abrir\u00e1 su propia c\u00e1psula. La misma estar\u00e1 ubicada en el tradicional monumento, mientras que el sellado y dep\u00f3sito bajo tierra se realizar\u00e1&nbsp;el 19 de juniode este a\u00f1o, en el marco del 43\u00b0 aniversario de \u201cEl d\u00eda que Madryn se qued\u00f3 sin pan\u201d.<\/p>\n\n\n\n<p><strong>Malvinizaci\u00f3n de Puerto Madryn<\/strong><\/p>\n\n\n\n<p>En el acto, el Intendente dijo: \u201cHoy volvimos a dejar en evidencia que Puerto Madryn es una de las ciudades m\u00e1s malvinizadas de la Rep\u00fablica Argentina, teniendo muy presente el sentido patri\u00f3tico y el pedido de soberan\u00eda sobre las Islas. En un emotivo acto, homenajeamos a nuestros h\u00e9roes, quienes han dado su vida por nuestras queridas Malvinas\u201d.<\/p>\n\n\n\n<p>En un sentido discurso, el Jefe Comunal manifest\u00f3: \u201cEterna tiene que ser la memoria para que podamos, o al menos intentemos, honrar aquella lucha. Hoy, el reclamo contin\u00faa tan vigente como la herida que sigue abierta por aquellos j\u00f3venes soldados que ofrendaron la vida por su Patria\u201d.<\/p>\n\n\n\n<p>\u201cMalvinas es a\u00fan una deuda de la democracia argentina, por lo que, desde este lugar, con el que mis vecinos me honraron y desde lo m\u00e1s profundo de mis convicciones, insto a quienes tienen responsabilidades institucionales en relaci\u00f3n con nuestra soberan\u00eda, a renovar cada d\u00eda los esfuerzos por recuperar ese peque\u00f1o gran territorio que late sobre las olas del Mar Argentino\u201d, enfatiz\u00f3 Sastre.<\/p>\n\n\n\n<p>Por \u00faltimo y en un mensaje dirigido a quienes participaron del conflicto b\u00e9lico, el Intendente remarc\u00f3: \u201cCombatientes, fueron y son ustedes los protagonistas de la gesta contempor\u00e1nea y reciente m\u00e1s valiente de nuestra historia. La memoria ayuda a aprender el pasado y consolida nuestra identidad nacional<\/p>\n","protected":false},"excerpt":{"rendered":"<p>El intendente Gustavo Sastre encabez\u00f3 el acto que se llev\u00f3 a cabo en el Monumento al Veterano y a los Ca\u00eddos en la Guerra de Malvinas. En un emotivo acto,&hellip; <\/p>\n","protected":false},"author":2,"featured_media":15377,"comment_status":"closed","ping_status":"closed","sticky":false,"template":"","format":"standard","meta":{"footnotes":""},"categories":[15],"tags":[],"class_list":["post-15378","post","type-post","status-publish","format-standard","has-post-thumbnail","hentry","category-locales"],"yoast_head":"<!-- This site is optimized with the Yoast SEO plugin v27.5 - https:\/\/yoast.com\/product\/yoast-seo-wordpress\/ -->\n<title>PUERTO MADRYN HOMENAJE\u00d3 A LOS EX COMBATIENTES DE LA GUERRA DE MALVINAS - FM Patagonia Madryn<\/title>\n<meta name=\"robots\" content=\"index, follow, max-snippet:-1, max-image-preview:large, max-video-preview:-1\" \/>\n<link rel=\"canonical\" href=\"https:\/\/fmpatagoniamadryn.com.ar\/?p=15378\" \/>\n<meta property=\"og:locale\" content=\"es_ES\" \/>\n<meta property=\"og:type\" content=\"article\" \/>\n<meta property=\"og:title\" content=\"PUERTO MADRYN HOMENAJE\u00d3 A LOS EX COMBATIENTES DE LA GUERRA DE MALVINAS - FM Patagonia Madryn\" \/>\n<meta property=\"og:description\" content=\"El intendente Gustavo Sastre encabez\u00f3 el acto que se llev\u00f3 a cabo en el Monumento al Veterano y a los Ca\u00eddos en la Guerra de Malvinas. En un emotivo acto,&hellip;\" \/>\n<meta property=\"og:url\" content=\"https:\/\/fmpatagoniamadryn.com.ar\/?p=15378\" \/>\n<meta property=\"og:site_name\" content=\"FM Patagonia Madryn\" \/>\n<meta property=\"article:published_time\" content=\"2025-04-02T22:13:22+00:00\" \/>\n<meta property=\"og:image\" content=\"https:\/\/fmpatagoniamadryn.com.ar\/wp-content\/uploads\/2025\/04\/img_3464-1.jpg\" \/>\n\t<meta property=\"og:image:width\" content=\"1600\" \/>\n\t<meta property=\"og:image:height\" content=\"1066\" \/>\n\t<meta property=\"og:image:type\" content=\"image\/jpeg\" \/>\n<meta name=\"author\" content=\"FM Patagonia\" \/>\n<meta name=\"twitter:card\" content=\"summary_large_image\" \/>\n<meta name=\"twitter:label1\" content=\"Escrito por\" \/>\n\t<meta name=\"twitter:data1\" content=\"FM Patagonia\" \/>\n\t<meta name=\"twitter:label2\" content=\"Tiempo de lectura\" \/>\n\t<meta name=\"twitter:data2\" content=\"3 minutos\" \/>\n<script type=\"application\/ld+json\" class=\"yoast-schema-graph\">{\"@context\":\"https:\\\/\\\/schema.org\",\"@graph\":[{\"@type\":\"Article\",\"@id\":\"https:\\\/\\\/fmpatagoniamadryn.com.ar\\\/?p=15378#article\",\"isPartOf\":{\"@id\":\"https:\\\/\\\/fmpatagoniamadryn.com.ar\\\/?p=15378\"},\"author\":{\"name\":\"FM Patagonia\",\"@id\":\"https:\\\/\\\/fmpatagoniamadryn.com.ar\\\/#\\\/schema\\\/person\\\/8a3de4ad7efceacab06c1641c50303b7\"},\"headline\":\"PUERTO MADRYN HOMENAJE\u00d3 A LOS EX COMBATIENTES DE LA GUERRA DE MALVINAS\",\"datePublished\":\"2025-04-02T22:13:22+00:00\",\"mainEntityOfPage\":{\"@id\":\"https:\\\/\\\/fmpatagoniamadryn.com.ar\\\/?p=15378\"},\"wordCount\":552,\"publisher\":{\"@id\":\"https:\\\/\\\/fmpatagoniamadryn.com.ar\\\/#organization\"},\"image\":{\"@id\":\"https:\\\/\\\/fmpatagoniamadryn.com.ar\\\/?p=15378#primaryimage\"},\"thumbnailUrl\":\"https:\\\/\\\/fmpatagoniamadryn.com.ar\\\/wp-content\\\/uploads\\\/2025\\\/04\\\/img_3464-1.jpg\",\"articleSection\":[\"Locales\"],\"inLanguage\":\"es\"},{\"@type\":\"WebPage\",\"@id\":\"https:\\\/\\\/fmpatagoniamadryn.com.ar\\\/?p=15378\",\"url\":\"https:\\\/\\\/fmpatagoniamadryn.com.ar\\\/?p=15378\",\"name\":\"PUERTO MADRYN HOMENAJE\u00d3 A LOS EX COMBATIENTES DE LA GUERRA DE MALVINAS - FM Patagonia Madryn\",\"isPartOf\":{\"@id\":\"https:\\\/\\\/fmpatagoniamadryn.com.ar\\\/#website\"},\"primaryImageOfPage\":{\"@id\":\"https:\\\/\\\/fmpatagoniamadryn.com.ar\\\/?p=15378#primaryimage\"},\"image\":{\"@id\":\"https:\\\/\\\/fmpatagoniamadryn.com.ar\\\/?p=15378#primaryimage\"},\"thumbnailUrl\":\"https:\\\/\\\/fmpatagoniamadryn.com.ar\\\/wp-content\\\/uploads\\\/2025\\\/04\\\/img_3464-1.jpg\",\"datePublished\":\"2025-04-02T22:13:22+00:00\",\"breadcrumb\":{\"@id\":\"https:\\\/\\\/fmpatagoniamadryn.com.ar\\\/?p=15378#breadcrumb\"},\"inLanguage\":\"es\",\"potentialAction\":[{\"@type\":\"ReadAction\",\"target\":[\"https:\\\/\\\/fmpatagoniamadryn.com.ar\\\/?p=15378\"]}]},{\"@type\":\"ImageObject\",\"inLanguage\":\"es\",\"@id\":\"https:\\\/\\\/fmpatagoniamadryn.com.ar\\\/?p=15378#primaryimage\",\"url\":\"https:\\\/\\\/fmpatagoniamadryn.com.ar\\\/wp-content\\\/uploads\\\/2025\\\/04\\\/img_3464-1.jpg\",\"contentUrl\":\"https:\\\/\\\/fmpatagoniamadryn.com.ar\\\/wp-content\\\/uploads\\\/2025\\\/04\\\/img_3464-1.jpg\",\"width\":1600,\"height\":1066},{\"@type\":\"BreadcrumbList\",\"@id\":\"https:\\\/\\\/fmpatagoniamadryn.com.ar\\\/?p=15378#breadcrumb\",\"itemListElement\":[{\"@type\":\"ListItem\",\"position\":1,\"name\":\"Portada\",\"item\":\"https:\\\/\\\/fmpatagoniamadryn.com.ar\\\/\"},{\"@type\":\"ListItem\",\"position\":2,\"name\":\"PUERTO MADRYN HOMENAJE\u00d3 A LOS EX COMBATIENTES DE LA GUERRA DE MALVINAS\"}]},{\"@type\":\"WebSite\",\"@id\":\"https:\\\/\\\/fmpatagoniamadryn.com.ar\\\/#website\",\"url\":\"https:\\\/\\\/fmpatagoniamadryn.com.ar\\\/\",\"name\":\"FM Patagonia Madryn\",\"description\":\"Radio Patagonia 105.5\",\"publisher\":{\"@id\":\"https:\\\/\\\/fmpatagoniamadryn.com.ar\\\/#organization\"},\"potentialAction\":[{\"@type\":\"SearchAction\",\"target\":{\"@type\":\"EntryPoint\",\"urlTemplate\":\"https:\\\/\\\/fmpatagoniamadryn.com.ar\\\/?s={search_term_string}\"},\"query-input\":{\"@type\":\"PropertyValueSpecification\",\"valueRequired\":true,\"valueName\":\"search_term_string\"}}],\"inLanguage\":\"es\"},{\"@type\":\"Organization\",\"@id\":\"https:\\\/\\\/fmpatagoniamadryn.com.ar\\\/#organization\",\"name\":\"FM Patagonia Madryn\",\"url\":\"https:\\\/\\\/fmpatagoniamadryn.com.ar\\\/\",\"logo\":{\"@type\":\"ImageObject\",\"inLanguage\":\"es\",\"@id\":\"https:\\\/\\\/fmpatagoniamadryn.com.ar\\\/#\\\/schema\\\/logo\\\/image\\\/\",\"url\":\"https:\\\/\\\/fmpatagoniamadryn.com.ar\\\/wp-content\\\/uploads\\\/2023\\\/01\\\/cropped-Diseno-sin-titulo.png\",\"contentUrl\":\"https:\\\/\\\/fmpatagoniamadryn.com.ar\\\/wp-content\\\/uploads\\\/2023\\\/01\\\/cropped-Diseno-sin-titulo.png\",\"width\":6911,\"height\":2657,\"caption\":\"FM Patagonia Madryn\"},\"image\":{\"@id\":\"https:\\\/\\\/fmpatagoniamadryn.com.ar\\\/#\\\/schema\\\/logo\\\/image\\\/\"}},{\"@type\":\"Person\",\"@id\":\"https:\\\/\\\/fmpatagoniamadryn.com.ar\\\/#\\\/schema\\\/person\\\/8a3de4ad7efceacab06c1641c50303b7\",\"name\":\"FM Patagonia\",\"url\":\"https:\\\/\\\/fmpatagoniamadryn.com.ar\\\/?author=2\"}]}<\/script>\n<!-- \/ Yoast SEO plugin. -->","yoast_head_json":{"title":"PUERTO MADRYN HOMENAJE\u00d3 A LOS EX COMBATIENTES DE LA GUERRA DE MALVINAS - FM Patagonia Madryn","robots":{"index":"index","follow":"follow","max-snippet":"max-snippet:-1","max-image-preview":"max-image-preview:large","max-video-preview":"max-video-preview:-1"},"canonical":"https:\/\/fmpatagoniamadryn.com.ar\/?p=15378","og_locale":"es_ES","og_type":"article","og_title":"PUERTO MADRYN HOMENAJE\u00d3 A LOS EX COMBATIENTES DE LA GUERRA DE MALVINAS - FM Patagonia Madryn","og_description":"El intendente Gustavo Sastre encabez\u00f3 el acto que se llev\u00f3 a cabo en el Monumento al Veterano y a los Ca\u00eddos en la Guerra de Malvinas. En un emotivo acto,&hellip;","og_url":"https:\/\/fmpatagoniamadryn.com.ar\/?p=15378","og_site_name":"FM Patagonia Madryn","article_published_time":"2025-04-02T22:13:22+00:00","og_image":[{"width":1600,"height":1066,"url":"https:\/\/fmpatagoniamadryn.com.ar\/wp-content\/uploads\/2025\/04\/img_3464-1.jpg","type":"image\/jpeg"}],"author":"FM Patagonia","twitter_card":"summary_large_image","twitter_misc":{"Escrito por":"FM Patagonia","Tiempo de lectura":"3 minutos"},"schema":{"@context":"https:\/\/schema.org","@graph":[{"@type":"Article","@id":"https:\/\/fmpatagoniamadryn.com.ar\/?p=15378#article","isPartOf":{"@id":"https:\/\/fmpatagoniamadryn.com.ar\/?p=15378"},"author":{"name":"FM Patagonia","@id":"https:\/\/fmpatagoniamadryn.com.ar\/#\/schema\/person\/8a3de4ad7efceacab06c1641c50303b7"},"headline":"PUERTO MADRYN HOMENAJE\u00d3 A LOS EX COMBATIENTES DE LA GUERRA DE MALVINAS","datePublished":"2025-04-02T22:13:22+00:00","mainEntityOfPage":{"@id":"https:\/\/fmpatagoniamadryn.com.ar\/?p=15378"},"wordCount":552,"publisher":{"@id":"https:\/\/fmpatagoniamadryn.com.ar\/#organization"},"image":{"@id":"https:\/\/fmpatagoniamadryn.com.ar\/?p=15378#primaryimage"},"thumbnailUrl":"https:\/\/fmpatagoniamadryn.com.ar\/wp-content\/uploads\/2025\/04\/img_3464-1.jpg","articleSection":["Locales"],"inLanguage":"es"},{"@type":"WebPage","@id":"https:\/\/fmpatagoniamadryn.com.ar\/?p=15378","url":"https:\/\/fmpatagoniamadryn.com.ar\/?p=15378","name":"PUERTO MADRYN HOMENAJE\u00d3 A LOS EX COMBATIENTES DE LA GUERRA DE MALVINAS - FM Patagonia Madryn","isPartOf":{"@id":"https:\/\/fmpatagoniamadryn.com.ar\/#website"},"primaryImageOfPage":{"@id":"https:\/\/fmpatagoniamadryn.com.ar\/?p=15378#primaryimage"},"image":{"@id":"https:\/\/fmpatagoniamadryn.com.ar\/?p=15378#primaryimage"},"thumbnailUrl":"https:\/\/fmpatagoniamadryn.com.ar\/wp-content\/uploads\/2025\/04\/img_3464-1.jpg","datePublished":"2025-04-02T22:13:22+00:00","breadcrumb":{"@id":"https:\/\/fmpatagoniamadryn.com.ar\/?p=15378#breadcrumb"},"inLanguage":"es","potentialAction":[{"@type":"ReadAction","target":["https:\/\/fmpatagoniamadryn.com.ar\/?p=15378"]}]},{"@type":"ImageObject","inLanguage":"es","@id":"https:\/\/fmpatagoniamadryn.com.ar\/?p=15378#primaryimage","url":"https:\/\/fmpatagoniamadryn.com.ar\/wp-content\/uploads\/2025\/04\/img_3464-1.jpg","contentUrl":"https:\/\/fmpatagoniamadryn.com.ar\/wp-content\/uploads\/2025\/04\/img_3464-1.jpg","width":1600,"height":1066},{"@type":"BreadcrumbList","@id":"https:\/\/fmpatagoniamadryn.com.ar\/?p=15378#breadcrumb","itemListElement":[{"@type":"ListItem","position":1,"name":"Portada","item":"https:\/\/fmpatagoniamadryn.com.ar\/"},{"@type":"ListItem","position":2,"name":"PUERTO MADRYN HOMENAJE\u00d3 A LOS EX COMBATIENTES DE LA GUERRA DE MALVINAS"}]},{"@type":"WebSite","@id":"https:\/\/fmpatagoniamadryn.com.ar\/#website","url":"https:\/\/fmpatagoniamadryn.com.ar\/","name":"FM Patagonia Madryn","description":"Radio Patagonia 105.5","publisher":{"@id":"https:\/\/fmpatagoniamadryn.com.ar\/#organization"},"potentialAction":[{"@type":"SearchAction","target":{"@type":"EntryPoint","urlTemplate":"https:\/\/fmpatagoniamadryn.com.ar\/?s={search_term_string}"},"query-input":{"@type":"PropertyValueSpecification","valueRequired":true,"valueName":"search_term_string"}}],"inLanguage":"es"},{"@type":"Organization","@id":"https:\/\/fmpatagoniamadryn.com.ar\/#organization","name":"FM Patagonia Madryn","url":"https:\/\/fmpatagoniamadryn.com.ar\/","logo":{"@type":"ImageObject","inLanguage":"es","@id":"https:\/\/fmpatagoniamadryn.com.ar\/#\/schema\/logo\/image\/","url":"https:\/\/fmpatagoniamadryn.com.ar\/wp-content\/uploads\/2023\/01\/cropped-Diseno-sin-titulo.png","contentUrl":"https:\/\/fmpatagoniamadryn.com.ar\/wp-content\/uploads\/2023\/01\/cropped-Diseno-sin-titulo.png","width":6911,"height":2657,"caption":"FM Patagonia Madryn"},"image":{"@id":"https:\/\/fmpatagoniamadryn.com.ar\/#\/schema\/logo\/image\/"}},{"@type":"Person","@id":"https:\/\/fmpatagoniamadryn.com.ar\/#\/schema\/person\/8a3de4ad7efceacab06c1641c50303b7","name":"FM Patagonia","url":"https:\/\/fmpatagoniamadryn.com.ar\/?author=2"}]}},"jetpack_featured_media_url":"https:\/\/fmpatagoniamadryn.com.ar\/wp-content\/uploads\/2025\/04\/img_3464-1.jpg","_links":{"self":[{"href":"https:\/\/fmpatagoniamadryn.com.ar\/index.php?rest_route=\/wp\/v2\/posts\/15378","targetHints":{"allow":["GET"]}}],"collection":[{"href":"https:\/\/fmpatagoniamadryn.com.ar\/index.php?rest_route=\/wp\/v2\/posts"}],"about":[{"href":"https:\/\/fmpatagoniamadryn.com.ar\/index.php?rest_route=\/wp\/v2\/types\/post"}],"author":[{"embeddable":true,"href":"https:\/\/fmpatagoniamadryn.com.ar\/index.php?rest_route=\/wp\/v2\/users\/2"}],"replies":[{"embeddable":true,"href":"https:\/\/fmpatagoniamadryn.com.ar\/index.php?rest_route=%2Fwp%2Fv2%2Fcomments&post=15378"}],"version-history":[{"count":1,"href":"https:\/\/fmpatagoniamadryn.com.ar\/index.php?rest_route=\/wp\/v2\/posts\/15378\/revisions"}],"predecessor-version":[{"id":15379,"href":"https:\/\/fmpatagoniamadryn.com.ar\/index.php?rest_route=\/wp\/v2\/posts\/15378\/revisions\/15379"}],"wp:featuredmedia":[{"embeddable":true,"href":"https:\/\/fmpatagoniamadryn.com.ar\/index.php?rest_route=\/wp\/v2\/media\/15377"}],"wp:attachment":[{"href":"https:\/\/fmpatagoniamadryn.com.ar\/index.php?rest_route=%2Fwp%2Fv2%2Fmedia&parent=15378"}],"wp:term":[{"taxonomy":"category","embeddable":true,"href":"https:\/\/fmpatagoniamadryn.com.ar\/index.php?rest_route=%2Fwp%2Fv2%2Fcategories&post=15378"},{"taxonomy":"post_tag","embeddable":true,"href":"https:\/\/fmpatagoniamadryn.com.ar\/index.php?rest_route=%2Fwp%2Fv2%2Ftags&post=15378"}],"curies":[{"name":"wp","href":"https:\/\/api.w.org\/{rel}","templated":true}]}}