{"id":15380,"date":"2025-04-03T10:37:59","date_gmt":"2025-04-03T13:37:59","guid":{"rendered":"https:\/\/fmpatagoniamadryn.com.ar\/?p=15380"},"modified":"2025-04-03T10:37:59","modified_gmt":"2025-04-03T13:37:59","slug":"provincia-adelanta-el-pago-de-sueldos-a-activos-y-pasivos-de-la-administracion-publica-al-viernes-4-de-abril","status":"publish","type":"post","link":"https:\/\/fmpatagoniamadryn.com.ar\/?p=15380","title":{"rendered":"Provincia adelanta el pago de sueldos a activos y pasivos de la administraci\u00f3n p\u00fablica\u00a0al viernes 4 de abril"},"content":{"rendered":"\n<p class=\"MsoNormal\"><\/p>\n\n\n\n<p class=\"MsoNormal\">&nbsp;<\/p>\n\n\n\n<p class=\"MsoNormal\"><em>Desde el Ministerio de Econom\u00eda destacaron el esfuerzo de la provincia para garantizar el pago de los haberes, tanto a agentes activos como pasivos, con anterioridad a la fecha estipulada por ley, y sin la emisi\u00f3n de Letras o de endeudamiento que perjudique las arcas provinciales. La masa salarial total bruta correspondiente al mes de marzo asciende a $143.722.000.000.<\/em><\/p>\n\n\n\n<p class=\"MsoNormal\">&nbsp;<\/p>\n\n\n\n<p class=\"MsoNormal\">El Gobierno del Chubut, que conduce Ignacio \u201cNacho\u201d Torres, informa que&nbsp;el pr\u00f3ximo viernes&nbsp;4 de abril se abonar\u00e1n los haberes correspondientes al mes de marzo, tanto a agendas activos como pasivos de la Administraci\u00f3n P\u00fablica.<\/p>\n\n\n\n<p class=\"MsoNormal\">&nbsp;<\/p>\n\n\n\n<p class=\"MsoNormal\">En tal sentido, cabe destacar que en ambos casos los salarios estar\u00e1n disponibles el s\u00e1bado cinco de abril, a trav\u00e9s de la red de cajeros autom\u00e1ticos del Banco del Chubut.<\/p>\n\n\n\n<p class=\"MsoNormal\">&nbsp;<\/p>\n\n\n\n<p class=\"MsoNormal\">En esta ocasi\u00f3n, desde el Ministerio de Econom\u00eda del Chubut destacaron que la erogaci\u00f3n presupuestaria destinada a cumplir con los compromisos salariales del mes de marzo alcanza los $143.722.000.000 de pesos, y se ejecuta sin emitir ning\u00fan tipo de deuda que perjudique las arcas provinciales.&nbsp;<\/p>\n\n\n\n<p class=\"MsoNormal\">&nbsp;<\/p>\n\n\n\n<p class=\"MsoNormal\">Asimismo, las autoridades de la cartera provincial destacaron el esfuerzo asumido por la Provincia para el cumplimiento con el pago de los haberes, antes incluso de la fecha estipulada por ley para el pago de los mismos.<\/p>\n","protected":false},"excerpt":{"rendered":"<p>&nbsp; Desde el Ministerio de Econom\u00eda destacaron el esfuerzo de la provincia para garantizar el pago de los haberes, tanto a agentes activos como pasivos, con anterioridad a la fecha&hellip; <\/p>\n","protected":false},"author":2,"featured_media":15382,"comment_status":"closed","ping_status":"closed","sticky":false,"template":"","format":"standard","meta":{"footnotes":""},"categories":[15],"tags":[],"class_list":["post-15380","post","type-post","status-publish","format-standard","has-post-thumbnail","hentry","category-locales"],"yoast_head":"<!-- This site is optimized with the Yoast SEO plugin v27.5 - https:\/\/yoast.com\/product\/yoast-seo-wordpress\/ -->\n<title>Provincia adelanta el pago de sueldos a activos y pasivos de la administraci\u00f3n p\u00fablica\u00a0al viernes 4 de abril - FM Patagonia Madryn<\/title>\n<meta name=\"robots\" content=\"index, follow, max-snippet:-1, max-image-preview:large, max-video-preview:-1\" \/>\n<link rel=\"canonical\" href=\"https:\/\/fmpatagoniamadryn.com.ar\/?p=15380\" \/>\n<meta property=\"og:locale\" content=\"es_ES\" \/>\n<meta property=\"og:type\" content=\"article\" \/>\n<meta property=\"og:title\" content=\"Provincia adelanta el pago de sueldos a activos y pasivos de la administraci\u00f3n p\u00fablica\u00a0al viernes 4 de abril - FM Patagonia Madryn\" \/>\n<meta property=\"og:description\" content=\"&nbsp; Desde el Ministerio de Econom\u00eda destacaron el esfuerzo de la provincia para garantizar el pago de los haberes, tanto a agentes activos como pasivos, con anterioridad a la fecha&hellip;\" \/>\n<meta property=\"og:url\" content=\"https:\/\/fmpatagoniamadryn.com.ar\/?p=15380\" \/>\n<meta property=\"og:site_name\" content=\"FM Patagonia Madryn\" \/>\n<meta property=\"article:published_time\" content=\"2025-04-03T13:37:59+00:00\" \/>\n<meta property=\"og:image\" content=\"https:\/\/fmpatagoniamadryn.com.ar\/wp-content\/uploads\/2025\/04\/img_3488-1.jpg\" \/>\n\t<meta property=\"og:image:width\" content=\"867\" \/>\n\t<meta property=\"og:image:height\" content=\"1256\" \/>\n\t<meta property=\"og:image:type\" content=\"image\/jpeg\" \/>\n<meta name=\"author\" content=\"FM Patagonia\" \/>\n<meta name=\"twitter:card\" content=\"summary_large_image\" \/>\n<meta name=\"twitter:label1\" content=\"Escrito por\" \/>\n\t<meta name=\"twitter:data1\" content=\"FM Patagonia\" \/>\n\t<meta name=\"twitter:label2\" content=\"Tiempo de lectura\" \/>\n\t<meta name=\"twitter:data2\" content=\"1 minuto\" \/>\n<script type=\"application\/ld+json\" class=\"yoast-schema-graph\">{\"@context\":\"https:\\\/\\\/schema.org\",\"@graph\":[{\"@type\":\"Article\",\"@id\":\"https:\\\/\\\/fmpatagoniamadryn.com.ar\\\/?p=15380#article\",\"isPartOf\":{\"@id\":\"https:\\\/\\\/fmpatagoniamadryn.com.ar\\\/?p=15380\"},\"author\":{\"name\":\"FM Patagonia\",\"@id\":\"https:\\\/\\\/fmpatagoniamadryn.com.ar\\\/#\\\/schema\\\/person\\\/8a3de4ad7efceacab06c1641c50303b7\"},\"headline\":\"Provincia adelanta el pago de sueldos a activos y pasivos de la administraci\u00f3n p\u00fablica\u00a0al viernes 4 de abril\",\"datePublished\":\"2025-04-03T13:37:59+00:00\",\"mainEntityOfPage\":{\"@id\":\"https:\\\/\\\/fmpatagoniamadryn.com.ar\\\/?p=15380\"},\"wordCount\":246,\"publisher\":{\"@id\":\"https:\\\/\\\/fmpatagoniamadryn.com.ar\\\/#organization\"},\"image\":{\"@id\":\"https:\\\/\\\/fmpatagoniamadryn.com.ar\\\/?p=15380#primaryimage\"},\"thumbnailUrl\":\"https:\\\/\\\/fmpatagoniamadryn.com.ar\\\/wp-content\\\/uploads\\\/2025\\\/04\\\/img_3488-1.jpg\",\"articleSection\":[\"Locales\"],\"inLanguage\":\"es\"},{\"@type\":\"WebPage\",\"@id\":\"https:\\\/\\\/fmpatagoniamadryn.com.ar\\\/?p=15380\",\"url\":\"https:\\\/\\\/fmpatagoniamadryn.com.ar\\\/?p=15380\",\"name\":\"Provincia adelanta el pago de sueldos a activos y pasivos de la administraci\u00f3n p\u00fablica\u00a0al viernes 4 de abril - FM Patagonia Madryn\",\"isPartOf\":{\"@id\":\"https:\\\/\\\/fmpatagoniamadryn.com.ar\\\/#website\"},\"primaryImageOfPage\":{\"@id\":\"https:\\\/\\\/fmpatagoniamadryn.com.ar\\\/?p=15380#primaryimage\"},\"image\":{\"@id\":\"https:\\\/\\\/fmpatagoniamadryn.com.ar\\\/?p=15380#primaryimage\"},\"thumbnailUrl\":\"https:\\\/\\\/fmpatagoniamadryn.com.ar\\\/wp-content\\\/uploads\\\/2025\\\/04\\\/img_3488-1.jpg\",\"datePublished\":\"2025-04-03T13:37:59+00:00\",\"breadcrumb\":{\"@id\":\"https:\\\/\\\/fmpatagoniamadryn.com.ar\\\/?p=15380#breadcrumb\"},\"inLanguage\":\"es\",\"potentialAction\":[{\"@type\":\"ReadAction\",\"target\":[\"https:\\\/\\\/fmpatagoniamadryn.com.ar\\\/?p=15380\"]}]},{\"@type\":\"ImageObject\",\"inLanguage\":\"es\",\"@id\":\"https:\\\/\\\/fmpatagoniamadryn.com.ar\\\/?p=15380#primaryimage\",\"url\":\"https:\\\/\\\/fmpatagoniamadryn.com.ar\\\/wp-content\\\/uploads\\\/2025\\\/04\\\/img_3488-1.jpg\",\"contentUrl\":\"https:\\\/\\\/fmpatagoniamadryn.com.ar\\\/wp-content\\\/uploads\\\/2025\\\/04\\\/img_3488-1.jpg\",\"width\":867,\"height\":1256},{\"@type\":\"BreadcrumbList\",\"@id\":\"https:\\\/\\\/fmpatagoniamadryn.com.ar\\\/?p=15380#breadcrumb\",\"itemListElement\":[{\"@type\":\"ListItem\",\"position\":1,\"name\":\"Portada\",\"item\":\"https:\\\/\\\/fmpatagoniamadryn.com.ar\\\/\"},{\"@type\":\"ListItem\",\"position\":2,\"name\":\"Provincia adelanta el pago de sueldos a activos y pasivos de la administraci\u00f3n p\u00fablica\u00a0al viernes 4 de abril\"}]},{\"@type\":\"WebSite\",\"@id\":\"https:\\\/\\\/fmpatagoniamadryn.com.ar\\\/#website\",\"url\":\"https:\\\/\\\/fmpatagoniamadryn.com.ar\\\/\",\"name\":\"FM Patagonia Madryn\",\"description\":\"Radio Patagonia 105.5\",\"publisher\":{\"@id\":\"https:\\\/\\\/fmpatagoniamadryn.com.ar\\\/#organization\"},\"potentialAction\":[{\"@type\":\"SearchAction\",\"target\":{\"@type\":\"EntryPoint\",\"urlTemplate\":\"https:\\\/\\\/fmpatagoniamadryn.com.ar\\\/?s={search_term_string}\"},\"query-input\":{\"@type\":\"PropertyValueSpecification\",\"valueRequired\":true,\"valueName\":\"search_term_string\"}}],\"inLanguage\":\"es\"},{\"@type\":\"Organization\",\"@id\":\"https:\\\/\\\/fmpatagoniamadryn.com.ar\\\/#organization\",\"name\":\"FM Patagonia Madryn\",\"url\":\"https:\\\/\\\/fmpatagoniamadryn.com.ar\\\/\",\"logo\":{\"@type\":\"ImageObject\",\"inLanguage\":\"es\",\"@id\":\"https:\\\/\\\/fmpatagoniamadryn.com.ar\\\/#\\\/schema\\\/logo\\\/image\\\/\",\"url\":\"https:\\\/\\\/fmpatagoniamadryn.com.ar\\\/wp-content\\\/uploads\\\/2023\\\/01\\\/cropped-Diseno-sin-titulo.png\",\"contentUrl\":\"https:\\\/\\\/fmpatagoniamadryn.com.ar\\\/wp-content\\\/uploads\\\/2023\\\/01\\\/cropped-Diseno-sin-titulo.png\",\"width\":6911,\"height\":2657,\"caption\":\"FM Patagonia Madryn\"},\"image\":{\"@id\":\"https:\\\/\\\/fmpatagoniamadryn.com.ar\\\/#\\\/schema\\\/logo\\\/image\\\/\"}},{\"@type\":\"Person\",\"@id\":\"https:\\\/\\\/fmpatagoniamadryn.com.ar\\\/#\\\/schema\\\/person\\\/8a3de4ad7efceacab06c1641c50303b7\",\"name\":\"FM Patagonia\",\"url\":\"https:\\\/\\\/fmpatagoniamadryn.com.ar\\\/?author=2\"}]}<\/script>\n<!-- \/ Yoast SEO plugin. -->","yoast_head_json":{"title":"Provincia adelanta el pago de sueldos a activos y pasivos de la administraci\u00f3n p\u00fablica\u00a0al viernes 4 de abril - FM Patagonia Madryn","robots":{"index":"index","follow":"follow","max-snippet":"max-snippet:-1","max-image-preview":"max-image-preview:large","max-video-preview":"max-video-preview:-1"},"canonical":"https:\/\/fmpatagoniamadryn.com.ar\/?p=15380","og_locale":"es_ES","og_type":"article","og_title":"Provincia adelanta el pago de sueldos a activos y pasivos de la administraci\u00f3n p\u00fablica\u00a0al viernes 4 de abril - FM Patagonia Madryn","og_description":"&nbsp; Desde el Ministerio de Econom\u00eda destacaron el esfuerzo de la provincia para garantizar el pago de los haberes, tanto a agentes activos como pasivos, con anterioridad a la fecha&hellip;","og_url":"https:\/\/fmpatagoniamadryn.com.ar\/?p=15380","og_site_name":"FM Patagonia Madryn","article_published_time":"2025-04-03T13:37:59+00:00","og_image":[{"width":867,"height":1256,"url":"https:\/\/fmpatagoniamadryn.com.ar\/wp-content\/uploads\/2025\/04\/img_3488-1.jpg","type":"image\/jpeg"}],"author":"FM Patagonia","twitter_card":"summary_large_image","twitter_misc":{"Escrito por":"FM Patagonia","Tiempo de lectura":"1 minuto"},"schema":{"@context":"https:\/\/schema.org","@graph":[{"@type":"Article","@id":"https:\/\/fmpatagoniamadryn.com.ar\/?p=15380#article","isPartOf":{"@id":"https:\/\/fmpatagoniamadryn.com.ar\/?p=15380"},"author":{"name":"FM Patagonia","@id":"https:\/\/fmpatagoniamadryn.com.ar\/#\/schema\/person\/8a3de4ad7efceacab06c1641c50303b7"},"headline":"Provincia adelanta el pago de sueldos a activos y pasivos de la administraci\u00f3n p\u00fablica\u00a0al viernes 4 de abril","datePublished":"2025-04-03T13:37:59+00:00","mainEntityOfPage":{"@id":"https:\/\/fmpatagoniamadryn.com.ar\/?p=15380"},"wordCount":246,"publisher":{"@id":"https:\/\/fmpatagoniamadryn.com.ar\/#organization"},"image":{"@id":"https:\/\/fmpatagoniamadryn.com.ar\/?p=15380#primaryimage"},"thumbnailUrl":"https:\/\/fmpatagoniamadryn.com.ar\/wp-content\/uploads\/2025\/04\/img_3488-1.jpg","articleSection":["Locales"],"inLanguage":"es"},{"@type":"WebPage","@id":"https:\/\/fmpatagoniamadryn.com.ar\/?p=15380","url":"https:\/\/fmpatagoniamadryn.com.ar\/?p=15380","name":"Provincia adelanta el pago de sueldos a activos y pasivos de la administraci\u00f3n p\u00fablica\u00a0al viernes 4 de abril - FM Patagonia Madryn","isPartOf":{"@id":"https:\/\/fmpatagoniamadryn.com.ar\/#website"},"primaryImageOfPage":{"@id":"https:\/\/fmpatagoniamadryn.com.ar\/?p=15380#primaryimage"},"image":{"@id":"https:\/\/fmpatagoniamadryn.com.ar\/?p=15380#primaryimage"},"thumbnailUrl":"https:\/\/fmpatagoniamadryn.com.ar\/wp-content\/uploads\/2025\/04\/img_3488-1.jpg","datePublished":"2025-04-03T13:37:59+00:00","breadcrumb":{"@id":"https:\/\/fmpatagoniamadryn.com.ar\/?p=15380#breadcrumb"},"inLanguage":"es","potentialAction":[{"@type":"ReadAction","target":["https:\/\/fmpatagoniamadryn.com.ar\/?p=15380"]}]},{"@type":"ImageObject","inLanguage":"es","@id":"https:\/\/fmpatagoniamadryn.com.ar\/?p=15380#primaryimage","url":"https:\/\/fmpatagoniamadryn.com.ar\/wp-content\/uploads\/2025\/04\/img_3488-1.jpg","contentUrl":"https:\/\/fmpatagoniamadryn.com.ar\/wp-content\/uploads\/2025\/04\/img_3488-1.jpg","width":867,"height":1256},{"@type":"BreadcrumbList","@id":"https:\/\/fmpatagoniamadryn.com.ar\/?p=15380#breadcrumb","itemListElement":[{"@type":"ListItem","position":1,"name":"Portada","item":"https:\/\/fmpatagoniamadryn.com.ar\/"},{"@type":"ListItem","position":2,"name":"Provincia adelanta el pago de sueldos a activos y pasivos de la administraci\u00f3n p\u00fablica\u00a0al viernes 4 de abril"}]},{"@type":"WebSite","@id":"https:\/\/fmpatagoniamadryn.com.ar\/#website","url":"https:\/\/fmpatagoniamadryn.com.ar\/","name":"FM Patagonia Madryn","description":"Radio Patagonia 105.5","publisher":{"@id":"https:\/\/fmpatagoniamadryn.com.ar\/#organization"},"potentialAction":[{"@type":"SearchAction","target":{"@type":"EntryPoint","urlTemplate":"https:\/\/fmpatagoniamadryn.com.ar\/?s={search_term_string}"},"query-input":{"@type":"PropertyValueSpecification","valueRequired":true,"valueName":"search_term_string"}}],"inLanguage":"es"},{"@type":"Organization","@id":"https:\/\/fmpatagoniamadryn.com.ar\/#organization","name":"FM Patagonia Madryn","url":"https:\/\/fmpatagoniamadryn.com.ar\/","logo":{"@type":"ImageObject","inLanguage":"es","@id":"https:\/\/fmpatagoniamadryn.com.ar\/#\/schema\/logo\/image\/","url":"https:\/\/fmpatagoniamadryn.com.ar\/wp-content\/uploads\/2023\/01\/cropped-Diseno-sin-titulo.png","contentUrl":"https:\/\/fmpatagoniamadryn.com.ar\/wp-content\/uploads\/2023\/01\/cropped-Diseno-sin-titulo.png","width":6911,"height":2657,"caption":"FM Patagonia Madryn"},"image":{"@id":"https:\/\/fmpatagoniamadryn.com.ar\/#\/schema\/logo\/image\/"}},{"@type":"Person","@id":"https:\/\/fmpatagoniamadryn.com.ar\/#\/schema\/person\/8a3de4ad7efceacab06c1641c50303b7","name":"FM Patagonia","url":"https:\/\/fmpatagoniamadryn.com.ar\/?author=2"}]}},"jetpack_featured_media_url":"https:\/\/fmpatagoniamadryn.com.ar\/wp-content\/uploads\/2025\/04\/img_3488-1.jpg","_links":{"self":[{"href":"https:\/\/fmpatagoniamadryn.com.ar\/index.php?rest_route=\/wp\/v2\/posts\/15380","targetHints":{"allow":["GET"]}}],"collection":[{"href":"https:\/\/fmpatagoniamadryn.com.ar\/index.php?rest_route=\/wp\/v2\/posts"}],"about":[{"href":"https:\/\/fmpatagoniamadryn.com.ar\/index.php?rest_route=\/wp\/v2\/types\/post"}],"author":[{"embeddable":true,"href":"https:\/\/fmpatagoniamadryn.com.ar\/index.php?rest_route=\/wp\/v2\/users\/2"}],"replies":[{"embeddable":true,"href":"https:\/\/fmpatagoniamadryn.com.ar\/index.php?rest_route=%2Fwp%2Fv2%2Fcomments&post=15380"}],"version-history":[{"count":1,"href":"https:\/\/fmpatagoniamadryn.com.ar\/index.php?rest_route=\/wp\/v2\/posts\/15380\/revisions"}],"predecessor-version":[{"id":15381,"href":"https:\/\/fmpatagoniamadryn.com.ar\/index.php?rest_route=\/wp\/v2\/posts\/15380\/revisions\/15381"}],"wp:featuredmedia":[{"embeddable":true,"href":"https:\/\/fmpatagoniamadryn.com.ar\/index.php?rest_route=\/wp\/v2\/media\/15382"}],"wp:attachment":[{"href":"https:\/\/fmpatagoniamadryn.com.ar\/index.php?rest_route=%2Fwp%2Fv2%2Fmedia&parent=15380"}],"wp:term":[{"taxonomy":"category","embeddable":true,"href":"https:\/\/fmpatagoniamadryn.com.ar\/index.php?rest_route=%2Fwp%2Fv2%2Fcategories&post=15380"},{"taxonomy":"post_tag","embeddable":true,"href":"https:\/\/fmpatagoniamadryn.com.ar\/index.php?rest_route=%2Fwp%2Fv2%2Ftags&post=15380"}],"curies":[{"name":"wp","href":"https:\/\/api.w.org\/{rel}","templated":true}]}}