{"id":15387,"date":"2025-04-03T17:03:16","date_gmt":"2025-04-03T20:03:16","guid":{"rendered":"https:\/\/fmpatagoniamadryn.com.ar\/?p=15387"},"modified":"2025-04-03T17:03:16","modified_gmt":"2025-04-03T20:03:16","slug":"comienzan-las-charlas-sobre-gestion-deportiva","status":"publish","type":"post","link":"https:\/\/fmpatagoniamadryn.com.ar\/?p=15387","title":{"rendered":"COMIENZAN LAS CHARLAS SOBRE GESTI\u00d3N DEPORTIVA\u00a0"},"content":{"rendered":"\n<p class=\"MsoNormal\"><\/p>\n\n\n\n<p class=\"MsoNormal\">&nbsp;<\/p>\n\n\n\n<p class=\"MsoNormal\"><em>La primera ser\u00e1&nbsp;el martes 8 de abril&nbsp;a las 16.30 y estar\u00e1 a cargo de Roc\u00edo Quiroz. Los primeros cinco encuentros ser\u00e1n de manera virtual<\/em><\/p>\n\n\n\n<p class=\"MsoNormal\">&nbsp;<\/p>\n\n\n\n<p class=\"MsoNormal\">La Subsecretar\u00eda de Deportes de la Municipalidad de Puerto Madryn llevar\u00e1 a cabo una nueva capacitaci\u00f3n en Gesti\u00f3n Deportiva. La 4\u00ba edici\u00f3n comenzar\u00e1&nbsp;el martes 8 de abril&nbsp;a las 16.30 y la disertante ser\u00e1 Roc\u00edo Ruiz que expondr\u00e1 sobre \u201cDeporte y sostenibilidad \/ Proyecto e iniciativas del Real Betis Balomp\u00ed\u00e9 y Forever Green\u201d.<\/p>\n\n\n\n<p class=\"MsoNormal\">Cabe destacar que habr\u00e1 seis encuentros y los ejes ser\u00e1n: organizaci\u00f3n de eventos, direcci\u00f3n deportiva,&nbsp; marketing deportivo, innovaci\u00f3n deportiva, &nbsp;deporte y sostenibilidad y desarrollo del deporte.<\/p>\n\n\n\n<p class=\"MsoNormal\">Las charlas se realizar\u00e1n cada quince d\u00edas y&nbsp;las cincoprimeras se llevar\u00e1n a cabo de forma virtual. Luego, para el cierre del ciclo, habr\u00e1 una jornada presencial que tendr\u00e1 lugar en nuestra ciudad&nbsp;el 20 de junio. Ser\u00e1 una excelente oportunidad para expandir los contenidos profundizando las tem\u00e1ticas de esta nueva edici\u00f3n.<\/p>\n\n\n\n<p class=\"MsoNormal\">Las personas interesadas en participar de la capacitaci\u00f3n, no tendr\u00e1n que inscribirse,&nbsp; s\u00f3lo deber\u00e1n conectarse el d\u00eda y horario fijado al canal de Youtube: EventosMadryn.<\/p>\n\n\n\n<p class=\"MsoNormal\">&nbsp;<\/p>\n\n\n\n<p class=\"MsoNormal\"><strong>Sobre el trabajo de Roc\u00edo Ruiz<\/strong><\/p>\n\n\n\n<p class=\"MsoNormal\">Forever Green es una plataforma abierta para empresas que quieren mostrar al mundo lo que est\u00e1n haciendo hoy para el futuro de nuestro planeta.<\/p>\n\n\n\n<p class=\"MsoNormal\">De este modo, aprovecha el poder del deporte m\u00e1s popular del planeta para ayudar a salvarlo y hacer que los millones de aficionados de hoy sean nuestros aliados para luchar contra el cambio clim\u00e1tico ma\u00f1ana.<\/p>\n\n\n\n<p class=\"MsoNormal\"><strong>Club sostenible<\/strong><\/p>\n\n\n\n<p class=\"MsoNormal\">Desde el Real Betis Balompi\u00e9 se trabaja contra el cambio clim\u00e1tico. Se apuesta por la reducci\u00f3n del uso del papel, acceso al estadio mediante c\u00f3digos QR, uso de proveedores con criterios sostenibles, uso de placas solares y creaci\u00f3n de productos eco.<\/p>\n\n\n\n<p class=\"MsoNormal\">Se impulsa el desarrollo sostenible mediante limpiezas de entornos naturales, reforestaciones, &nbsp;la innovaci\u00f3n sostenible y se cuenta con un eco-huerto urbano propio<\/p>\n","protected":false},"excerpt":{"rendered":"<p>&nbsp; La primera ser\u00e1&nbsp;el martes 8 de abril&nbsp;a las 16.30 y estar\u00e1 a cargo de Roc\u00edo Quiroz. Los primeros cinco encuentros ser\u00e1n de manera virtual &nbsp; La Subsecretar\u00eda de Deportes&hellip; <\/p>\n","protected":false},"author":2,"featured_media":15386,"comment_status":"closed","ping_status":"closed","sticky":false,"template":"","format":"standard","meta":{"footnotes":""},"categories":[15],"tags":[],"class_list":["post-15387","post","type-post","status-publish","format-standard","has-post-thumbnail","hentry","category-locales"],"yoast_head":"<!-- This site is optimized with the Yoast SEO plugin v27.5 - https:\/\/yoast.com\/product\/yoast-seo-wordpress\/ -->\n<title>COMIENZAN LAS CHARLAS SOBRE GESTI\u00d3N DEPORTIVA\u00a0 - FM Patagonia Madryn<\/title>\n<meta name=\"robots\" content=\"index, follow, max-snippet:-1, max-image-preview:large, max-video-preview:-1\" \/>\n<link rel=\"canonical\" href=\"https:\/\/fmpatagoniamadryn.com.ar\/?p=15387\" \/>\n<meta property=\"og:locale\" content=\"es_ES\" \/>\n<meta property=\"og:type\" content=\"article\" \/>\n<meta property=\"og:title\" content=\"COMIENZAN LAS CHARLAS SOBRE GESTI\u00d3N DEPORTIVA\u00a0 - FM Patagonia Madryn\" \/>\n<meta property=\"og:description\" content=\"&nbsp; La primera ser\u00e1&nbsp;el martes 8 de abril&nbsp;a las 16.30 y estar\u00e1 a cargo de Roc\u00edo Quiroz. Los primeros cinco encuentros ser\u00e1n de manera virtual &nbsp; La Subsecretar\u00eda de Deportes&hellip;\" \/>\n<meta property=\"og:url\" content=\"https:\/\/fmpatagoniamadryn.com.ar\/?p=15387\" \/>\n<meta property=\"og:site_name\" content=\"FM Patagonia Madryn\" \/>\n<meta property=\"article:published_time\" content=\"2025-04-03T20:03:16+00:00\" \/>\n<meta property=\"og:image\" content=\"https:\/\/fmpatagoniamadryn.com.ar\/wp-content\/uploads\/2025\/04\/img_3501-1.jpg\" \/>\n\t<meta property=\"og:image:width\" content=\"1600\" \/>\n\t<meta property=\"og:image:height\" content=\"1066\" \/>\n\t<meta property=\"og:image:type\" content=\"image\/jpeg\" \/>\n<meta name=\"author\" content=\"FM Patagonia\" \/>\n<meta name=\"twitter:card\" content=\"summary_large_image\" \/>\n<meta name=\"twitter:label1\" content=\"Escrito por\" \/>\n\t<meta name=\"twitter:data1\" content=\"FM Patagonia\" \/>\n\t<meta name=\"twitter:label2\" content=\"Tiempo de lectura\" \/>\n\t<meta name=\"twitter:data2\" content=\"2 minutos\" \/>\n<script type=\"application\/ld+json\" class=\"yoast-schema-graph\">{\"@context\":\"https:\\\/\\\/schema.org\",\"@graph\":[{\"@type\":\"Article\",\"@id\":\"https:\\\/\\\/fmpatagoniamadryn.com.ar\\\/?p=15387#article\",\"isPartOf\":{\"@id\":\"https:\\\/\\\/fmpatagoniamadryn.com.ar\\\/?p=15387\"},\"author\":{\"name\":\"FM Patagonia\",\"@id\":\"https:\\\/\\\/fmpatagoniamadryn.com.ar\\\/#\\\/schema\\\/person\\\/8a3de4ad7efceacab06c1641c50303b7\"},\"headline\":\"COMIENZAN LAS CHARLAS SOBRE GESTI\u00d3N DEPORTIVA\u00a0\",\"datePublished\":\"2025-04-03T20:03:16+00:00\",\"mainEntityOfPage\":{\"@id\":\"https:\\\/\\\/fmpatagoniamadryn.com.ar\\\/?p=15387\"},\"wordCount\":357,\"publisher\":{\"@id\":\"https:\\\/\\\/fmpatagoniamadryn.com.ar\\\/#organization\"},\"image\":{\"@id\":\"https:\\\/\\\/fmpatagoniamadryn.com.ar\\\/?p=15387#primaryimage\"},\"thumbnailUrl\":\"https:\\\/\\\/fmpatagoniamadryn.com.ar\\\/wp-content\\\/uploads\\\/2025\\\/04\\\/img_3501-1.jpg\",\"articleSection\":[\"Locales\"],\"inLanguage\":\"es\"},{\"@type\":\"WebPage\",\"@id\":\"https:\\\/\\\/fmpatagoniamadryn.com.ar\\\/?p=15387\",\"url\":\"https:\\\/\\\/fmpatagoniamadryn.com.ar\\\/?p=15387\",\"name\":\"COMIENZAN LAS CHARLAS SOBRE GESTI\u00d3N DEPORTIVA\u00a0 - FM Patagonia Madryn\",\"isPartOf\":{\"@id\":\"https:\\\/\\\/fmpatagoniamadryn.com.ar\\\/#website\"},\"primaryImageOfPage\":{\"@id\":\"https:\\\/\\\/fmpatagoniamadryn.com.ar\\\/?p=15387#primaryimage\"},\"image\":{\"@id\":\"https:\\\/\\\/fmpatagoniamadryn.com.ar\\\/?p=15387#primaryimage\"},\"thumbnailUrl\":\"https:\\\/\\\/fmpatagoniamadryn.com.ar\\\/wp-content\\\/uploads\\\/2025\\\/04\\\/img_3501-1.jpg\",\"datePublished\":\"2025-04-03T20:03:16+00:00\",\"breadcrumb\":{\"@id\":\"https:\\\/\\\/fmpatagoniamadryn.com.ar\\\/?p=15387#breadcrumb\"},\"inLanguage\":\"es\",\"potentialAction\":[{\"@type\":\"ReadAction\",\"target\":[\"https:\\\/\\\/fmpatagoniamadryn.com.ar\\\/?p=15387\"]}]},{\"@type\":\"ImageObject\",\"inLanguage\":\"es\",\"@id\":\"https:\\\/\\\/fmpatagoniamadryn.com.ar\\\/?p=15387#primaryimage\",\"url\":\"https:\\\/\\\/fmpatagoniamadryn.com.ar\\\/wp-content\\\/uploads\\\/2025\\\/04\\\/img_3501-1.jpg\",\"contentUrl\":\"https:\\\/\\\/fmpatagoniamadryn.com.ar\\\/wp-content\\\/uploads\\\/2025\\\/04\\\/img_3501-1.jpg\",\"width\":1600,\"height\":1066},{\"@type\":\"BreadcrumbList\",\"@id\":\"https:\\\/\\\/fmpatagoniamadryn.com.ar\\\/?p=15387#breadcrumb\",\"itemListElement\":[{\"@type\":\"ListItem\",\"position\":1,\"name\":\"Portada\",\"item\":\"https:\\\/\\\/fmpatagoniamadryn.com.ar\\\/\"},{\"@type\":\"ListItem\",\"position\":2,\"name\":\"COMIENZAN LAS CHARLAS SOBRE GESTI\u00d3N DEPORTIVA\u00a0\"}]},{\"@type\":\"WebSite\",\"@id\":\"https:\\\/\\\/fmpatagoniamadryn.com.ar\\\/#website\",\"url\":\"https:\\\/\\\/fmpatagoniamadryn.com.ar\\\/\",\"name\":\"FM Patagonia Madryn\",\"description\":\"Radio Patagonia 105.5\",\"publisher\":{\"@id\":\"https:\\\/\\\/fmpatagoniamadryn.com.ar\\\/#organization\"},\"potentialAction\":[{\"@type\":\"SearchAction\",\"target\":{\"@type\":\"EntryPoint\",\"urlTemplate\":\"https:\\\/\\\/fmpatagoniamadryn.com.ar\\\/?s={search_term_string}\"},\"query-input\":{\"@type\":\"PropertyValueSpecification\",\"valueRequired\":true,\"valueName\":\"search_term_string\"}}],\"inLanguage\":\"es\"},{\"@type\":\"Organization\",\"@id\":\"https:\\\/\\\/fmpatagoniamadryn.com.ar\\\/#organization\",\"name\":\"FM Patagonia Madryn\",\"url\":\"https:\\\/\\\/fmpatagoniamadryn.com.ar\\\/\",\"logo\":{\"@type\":\"ImageObject\",\"inLanguage\":\"es\",\"@id\":\"https:\\\/\\\/fmpatagoniamadryn.com.ar\\\/#\\\/schema\\\/logo\\\/image\\\/\",\"url\":\"https:\\\/\\\/fmpatagoniamadryn.com.ar\\\/wp-content\\\/uploads\\\/2023\\\/01\\\/cropped-Diseno-sin-titulo.png\",\"contentUrl\":\"https:\\\/\\\/fmpatagoniamadryn.com.ar\\\/wp-content\\\/uploads\\\/2023\\\/01\\\/cropped-Diseno-sin-titulo.png\",\"width\":6911,\"height\":2657,\"caption\":\"FM Patagonia Madryn\"},\"image\":{\"@id\":\"https:\\\/\\\/fmpatagoniamadryn.com.ar\\\/#\\\/schema\\\/logo\\\/image\\\/\"}},{\"@type\":\"Person\",\"@id\":\"https:\\\/\\\/fmpatagoniamadryn.com.ar\\\/#\\\/schema\\\/person\\\/8a3de4ad7efceacab06c1641c50303b7\",\"name\":\"FM Patagonia\",\"url\":\"https:\\\/\\\/fmpatagoniamadryn.com.ar\\\/?author=2\"}]}<\/script>\n<!-- \/ Yoast SEO plugin. -->","yoast_head_json":{"title":"COMIENZAN LAS CHARLAS SOBRE GESTI\u00d3N DEPORTIVA\u00a0 - FM Patagonia Madryn","robots":{"index":"index","follow":"follow","max-snippet":"max-snippet:-1","max-image-preview":"max-image-preview:large","max-video-preview":"max-video-preview:-1"},"canonical":"https:\/\/fmpatagoniamadryn.com.ar\/?p=15387","og_locale":"es_ES","og_type":"article","og_title":"COMIENZAN LAS CHARLAS SOBRE GESTI\u00d3N DEPORTIVA\u00a0 - FM Patagonia Madryn","og_description":"&nbsp; La primera ser\u00e1&nbsp;el martes 8 de abril&nbsp;a las 16.30 y estar\u00e1 a cargo de Roc\u00edo Quiroz. Los primeros cinco encuentros ser\u00e1n de manera virtual &nbsp; La Subsecretar\u00eda de Deportes&hellip;","og_url":"https:\/\/fmpatagoniamadryn.com.ar\/?p=15387","og_site_name":"FM Patagonia Madryn","article_published_time":"2025-04-03T20:03:16+00:00","og_image":[{"width":1600,"height":1066,"url":"https:\/\/fmpatagoniamadryn.com.ar\/wp-content\/uploads\/2025\/04\/img_3501-1.jpg","type":"image\/jpeg"}],"author":"FM Patagonia","twitter_card":"summary_large_image","twitter_misc":{"Escrito por":"FM Patagonia","Tiempo de lectura":"2 minutos"},"schema":{"@context":"https:\/\/schema.org","@graph":[{"@type":"Article","@id":"https:\/\/fmpatagoniamadryn.com.ar\/?p=15387#article","isPartOf":{"@id":"https:\/\/fmpatagoniamadryn.com.ar\/?p=15387"},"author":{"name":"FM Patagonia","@id":"https:\/\/fmpatagoniamadryn.com.ar\/#\/schema\/person\/8a3de4ad7efceacab06c1641c50303b7"},"headline":"COMIENZAN LAS CHARLAS SOBRE GESTI\u00d3N DEPORTIVA\u00a0","datePublished":"2025-04-03T20:03:16+00:00","mainEntityOfPage":{"@id":"https:\/\/fmpatagoniamadryn.com.ar\/?p=15387"},"wordCount":357,"publisher":{"@id":"https:\/\/fmpatagoniamadryn.com.ar\/#organization"},"image":{"@id":"https:\/\/fmpatagoniamadryn.com.ar\/?p=15387#primaryimage"},"thumbnailUrl":"https:\/\/fmpatagoniamadryn.com.ar\/wp-content\/uploads\/2025\/04\/img_3501-1.jpg","articleSection":["Locales"],"inLanguage":"es"},{"@type":"WebPage","@id":"https:\/\/fmpatagoniamadryn.com.ar\/?p=15387","url":"https:\/\/fmpatagoniamadryn.com.ar\/?p=15387","name":"COMIENZAN LAS CHARLAS SOBRE GESTI\u00d3N DEPORTIVA\u00a0 - FM Patagonia Madryn","isPartOf":{"@id":"https:\/\/fmpatagoniamadryn.com.ar\/#website"},"primaryImageOfPage":{"@id":"https:\/\/fmpatagoniamadryn.com.ar\/?p=15387#primaryimage"},"image":{"@id":"https:\/\/fmpatagoniamadryn.com.ar\/?p=15387#primaryimage"},"thumbnailUrl":"https:\/\/fmpatagoniamadryn.com.ar\/wp-content\/uploads\/2025\/04\/img_3501-1.jpg","datePublished":"2025-04-03T20:03:16+00:00","breadcrumb":{"@id":"https:\/\/fmpatagoniamadryn.com.ar\/?p=15387#breadcrumb"},"inLanguage":"es","potentialAction":[{"@type":"ReadAction","target":["https:\/\/fmpatagoniamadryn.com.ar\/?p=15387"]}]},{"@type":"ImageObject","inLanguage":"es","@id":"https:\/\/fmpatagoniamadryn.com.ar\/?p=15387#primaryimage","url":"https:\/\/fmpatagoniamadryn.com.ar\/wp-content\/uploads\/2025\/04\/img_3501-1.jpg","contentUrl":"https:\/\/fmpatagoniamadryn.com.ar\/wp-content\/uploads\/2025\/04\/img_3501-1.jpg","width":1600,"height":1066},{"@type":"BreadcrumbList","@id":"https:\/\/fmpatagoniamadryn.com.ar\/?p=15387#breadcrumb","itemListElement":[{"@type":"ListItem","position":1,"name":"Portada","item":"https:\/\/fmpatagoniamadryn.com.ar\/"},{"@type":"ListItem","position":2,"name":"COMIENZAN LAS CHARLAS SOBRE GESTI\u00d3N DEPORTIVA\u00a0"}]},{"@type":"WebSite","@id":"https:\/\/fmpatagoniamadryn.com.ar\/#website","url":"https:\/\/fmpatagoniamadryn.com.ar\/","name":"FM Patagonia Madryn","description":"Radio Patagonia 105.5","publisher":{"@id":"https:\/\/fmpatagoniamadryn.com.ar\/#organization"},"potentialAction":[{"@type":"SearchAction","target":{"@type":"EntryPoint","urlTemplate":"https:\/\/fmpatagoniamadryn.com.ar\/?s={search_term_string}"},"query-input":{"@type":"PropertyValueSpecification","valueRequired":true,"valueName":"search_term_string"}}],"inLanguage":"es"},{"@type":"Organization","@id":"https:\/\/fmpatagoniamadryn.com.ar\/#organization","name":"FM Patagonia Madryn","url":"https:\/\/fmpatagoniamadryn.com.ar\/","logo":{"@type":"ImageObject","inLanguage":"es","@id":"https:\/\/fmpatagoniamadryn.com.ar\/#\/schema\/logo\/image\/","url":"https:\/\/fmpatagoniamadryn.com.ar\/wp-content\/uploads\/2023\/01\/cropped-Diseno-sin-titulo.png","contentUrl":"https:\/\/fmpatagoniamadryn.com.ar\/wp-content\/uploads\/2023\/01\/cropped-Diseno-sin-titulo.png","width":6911,"height":2657,"caption":"FM Patagonia Madryn"},"image":{"@id":"https:\/\/fmpatagoniamadryn.com.ar\/#\/schema\/logo\/image\/"}},{"@type":"Person","@id":"https:\/\/fmpatagoniamadryn.com.ar\/#\/schema\/person\/8a3de4ad7efceacab06c1641c50303b7","name":"FM Patagonia","url":"https:\/\/fmpatagoniamadryn.com.ar\/?author=2"}]}},"jetpack_featured_media_url":"https:\/\/fmpatagoniamadryn.com.ar\/wp-content\/uploads\/2025\/04\/img_3501-1.jpg","_links":{"self":[{"href":"https:\/\/fmpatagoniamadryn.com.ar\/index.php?rest_route=\/wp\/v2\/posts\/15387","targetHints":{"allow":["GET"]}}],"collection":[{"href":"https:\/\/fmpatagoniamadryn.com.ar\/index.php?rest_route=\/wp\/v2\/posts"}],"about":[{"href":"https:\/\/fmpatagoniamadryn.com.ar\/index.php?rest_route=\/wp\/v2\/types\/post"}],"author":[{"embeddable":true,"href":"https:\/\/fmpatagoniamadryn.com.ar\/index.php?rest_route=\/wp\/v2\/users\/2"}],"replies":[{"embeddable":true,"href":"https:\/\/fmpatagoniamadryn.com.ar\/index.php?rest_route=%2Fwp%2Fv2%2Fcomments&post=15387"}],"version-history":[{"count":1,"href":"https:\/\/fmpatagoniamadryn.com.ar\/index.php?rest_route=\/wp\/v2\/posts\/15387\/revisions"}],"predecessor-version":[{"id":15388,"href":"https:\/\/fmpatagoniamadryn.com.ar\/index.php?rest_route=\/wp\/v2\/posts\/15387\/revisions\/15388"}],"wp:featuredmedia":[{"embeddable":true,"href":"https:\/\/fmpatagoniamadryn.com.ar\/index.php?rest_route=\/wp\/v2\/media\/15386"}],"wp:attachment":[{"href":"https:\/\/fmpatagoniamadryn.com.ar\/index.php?rest_route=%2Fwp%2Fv2%2Fmedia&parent=15387"}],"wp:term":[{"taxonomy":"category","embeddable":true,"href":"https:\/\/fmpatagoniamadryn.com.ar\/index.php?rest_route=%2Fwp%2Fv2%2Fcategories&post=15387"},{"taxonomy":"post_tag","embeddable":true,"href":"https:\/\/fmpatagoniamadryn.com.ar\/index.php?rest_route=%2Fwp%2Fv2%2Ftags&post=15387"}],"curies":[{"name":"wp","href":"https:\/\/api.w.org\/{rel}","templated":true}]}}