{"id":15399,"date":"2025-04-05T11:03:22","date_gmt":"2025-04-05T14:03:22","guid":{"rendered":"https:\/\/fmpatagoniamadryn.com.ar\/?p=15399"},"modified":"2025-04-05T11:03:22","modified_gmt":"2025-04-05T14:03:22","slug":"declararon-culpable-al-conductor-que-choco-y-mato-a-una-familia-en-la-doble-trocha","status":"publish","type":"post","link":"https:\/\/fmpatagoniamadryn.com.ar\/?p=15399","title":{"rendered":"Declararon culpable al conductor que choc\u00f3 y mat\u00f3 a una familia en la Doble Trocha"},"content":{"rendered":"\n<h1 class=\"wp-block-heading elementor-heading-title elementor-size-default\"><\/h1>\n\n\n\n<h2 class=\"wp-block-heading jet-listing-dynamic-field__content bajada\">La Justicia lo declar\u00f3 culpable por el choque frontal sobre la Ruta Nacional N\u00ba 3, que dej\u00f3 un saldo de cuatro v\u00edctimas fatales, entre ellas dos menores. Fiscal\u00eda calific\u00f3 su accionar como \u00abnegligente y temerario\u00bb.&nbsp;<\/h2>\n\n\n\n<p>Este viernes al mediod\u00eda, la jueza penal Stella Eizmendi dio a conocer el veredicto en el juicio contra&nbsp;<strong><a href=\"https:\/\/canal12web.com\/etiqueta\/walter-march\/\" target=\"_blank\" rel=\"noreferrer noopener\">Walter March<\/a><\/strong>, a quien declar\u00f3&nbsp;<strong>culpable del delito de homicidio culposo agravado por la cantidad de v\u00edctimas<\/strong>, tras el tr\u00e1gico choque ocurrido en febrero de 2022 sobre la Doble Trocha de Ruta Nacional N\u00ba 3, entre Trelew y Puerto Madryn.<\/p>\n\n\n\n<p>El tribunal hizo lugar a la acusaci\u00f3n presentada por la&nbsp;<a href=\"https:\/\/www.mpfchubut.gov.ar\/\" target=\"_blank\" rel=\"noreferrer noopener\">Fiscal\u00eda<\/a>, que durante todo el proceso sostuvo que March&nbsp;<strong>circulaba a exceso de velocidad y realiz\u00f3 una maniobra de adelantamiento prohibida<\/strong>, cruzando de carril y provocando un choque frontal que termin\u00f3 con la vida de cuatro personas.<\/p>\n\n\n\n<p>El hecho tuvo lugar sobre el tramo conocido como \u00abla S\u00bb en la Doble Trocha, cuando la camioneta Ford Ranger conducida por March impact\u00f3 violentamente contra un Volkswagen Gol en el que viajaba una familia oriunda de Caleta Olivia. Producto del impacto fallecieron&nbsp;<strong>Enrique Garc\u00eda (46), su hermana Eva Garc\u00eda (38)<\/strong>&nbsp;y las dos hijas del conductor del Gol,&nbsp;<strong>Aitana (10) y Alma (8)<\/strong>.Familia de Caleta Olivia que perdi\u00f3 la vida en el accidente.<\/p>\n\n\n\n<p>Durante el debate oral, la Fiscal\u00eda calific\u00f3 el accionar de March como \u00ab<strong>negligente y temerario<\/strong>\u00ab, argumentando que desobedeci\u00f3 las normas b\u00e1sicas de tr\u00e1nsito y puso en riesgo la vida de terceros. La jueza Eizmendi coincidi\u00f3 con esa postura y resolvi\u00f3 declarar al imputado culpable.<\/p>\n\n\n\n<p>La sentencia completa se conocer\u00e1 en una audiencia que se realizar\u00e1 la pr\u00f3xima semana, en la cual se debatir\u00e1 el monto de la pena que deber\u00e1 cumplir Walter March<\/p>\n\n\n\n<p>Fuente Canal 12<\/p>\n","protected":false},"excerpt":{"rendered":"<p>La Justicia lo declar\u00f3 culpable por el choque frontal sobre la Ruta Nacional N\u00ba 3, que dej\u00f3 un saldo de cuatro v\u00edctimas fatales, entre ellas dos menores. Fiscal\u00eda calific\u00f3 su&hellip; <\/p>\n","protected":false},"author":2,"featured_media":15398,"comment_status":"closed","ping_status":"closed","sticky":false,"template":"","format":"standard","meta":{"footnotes":""},"categories":[11],"tags":[],"class_list":["post-15399","post","type-post","status-publish","format-standard","has-post-thumbnail","hentry","category-policiales"],"yoast_head":"<!-- This site is optimized with the Yoast SEO plugin v27.5 - https:\/\/yoast.com\/product\/yoast-seo-wordpress\/ -->\n<title>Declararon culpable al conductor que choc\u00f3 y mat\u00f3 a una familia en la Doble Trocha - FM Patagonia Madryn<\/title>\n<meta name=\"robots\" content=\"index, follow, max-snippet:-1, max-image-preview:large, max-video-preview:-1\" \/>\n<link rel=\"canonical\" href=\"https:\/\/fmpatagoniamadryn.com.ar\/?p=15399\" \/>\n<meta property=\"og:locale\" content=\"es_ES\" \/>\n<meta property=\"og:type\" content=\"article\" \/>\n<meta property=\"og:title\" content=\"Declararon culpable al conductor que choc\u00f3 y mat\u00f3 a una familia en la Doble Trocha - FM Patagonia Madryn\" \/>\n<meta property=\"og:description\" content=\"La Justicia lo declar\u00f3 culpable por el choque frontal sobre la Ruta Nacional N\u00ba 3, que dej\u00f3 un saldo de cuatro v\u00edctimas fatales, entre ellas dos menores. Fiscal\u00eda calific\u00f3 su&hellip;\" \/>\n<meta property=\"og:url\" content=\"https:\/\/fmpatagoniamadryn.com.ar\/?p=15399\" \/>\n<meta property=\"og:site_name\" content=\"FM Patagonia Madryn\" \/>\n<meta property=\"article:published_time\" content=\"2025-04-05T14:03:22+00:00\" \/>\n<meta property=\"og:image\" content=\"https:\/\/fmpatagoniamadryn.com.ar\/wp-content\/uploads\/2025\/04\/img_3559-1.png\" \/>\n\t<meta property=\"og:image:width\" content=\"428\" \/>\n\t<meta property=\"og:image:height\" content=\"240\" \/>\n\t<meta property=\"og:image:type\" content=\"image\/png\" \/>\n<meta name=\"author\" content=\"FM Patagonia\" \/>\n<meta name=\"twitter:card\" content=\"summary_large_image\" \/>\n<meta name=\"twitter:label1\" content=\"Escrito por\" \/>\n\t<meta name=\"twitter:data1\" content=\"FM Patagonia\" \/>\n\t<meta name=\"twitter:label2\" content=\"Tiempo de lectura\" \/>\n\t<meta name=\"twitter:data2\" content=\"2 minutos\" \/>\n<script type=\"application\/ld+json\" class=\"yoast-schema-graph\">{\"@context\":\"https:\\\/\\\/schema.org\",\"@graph\":[{\"@type\":\"Article\",\"@id\":\"https:\\\/\\\/fmpatagoniamadryn.com.ar\\\/?p=15399#article\",\"isPartOf\":{\"@id\":\"https:\\\/\\\/fmpatagoniamadryn.com.ar\\\/?p=15399\"},\"author\":{\"name\":\"FM Patagonia\",\"@id\":\"https:\\\/\\\/fmpatagoniamadryn.com.ar\\\/#\\\/schema\\\/person\\\/8a3de4ad7efceacab06c1641c50303b7\"},\"headline\":\"Declararon culpable al conductor que choc\u00f3 y mat\u00f3 a una familia en la Doble Trocha\",\"datePublished\":\"2025-04-05T14:03:22+00:00\",\"mainEntityOfPage\":{\"@id\":\"https:\\\/\\\/fmpatagoniamadryn.com.ar\\\/?p=15399\"},\"wordCount\":319,\"publisher\":{\"@id\":\"https:\\\/\\\/fmpatagoniamadryn.com.ar\\\/#organization\"},\"image\":{\"@id\":\"https:\\\/\\\/fmpatagoniamadryn.com.ar\\\/?p=15399#primaryimage\"},\"thumbnailUrl\":\"https:\\\/\\\/fmpatagoniamadryn.com.ar\\\/wp-content\\\/uploads\\\/2025\\\/04\\\/img_3559-1.png\",\"articleSection\":[\"Policiales\"],\"inLanguage\":\"es\"},{\"@type\":\"WebPage\",\"@id\":\"https:\\\/\\\/fmpatagoniamadryn.com.ar\\\/?p=15399\",\"url\":\"https:\\\/\\\/fmpatagoniamadryn.com.ar\\\/?p=15399\",\"name\":\"Declararon culpable al conductor que choc\u00f3 y mat\u00f3 a una familia en la Doble Trocha - FM Patagonia Madryn\",\"isPartOf\":{\"@id\":\"https:\\\/\\\/fmpatagoniamadryn.com.ar\\\/#website\"},\"primaryImageOfPage\":{\"@id\":\"https:\\\/\\\/fmpatagoniamadryn.com.ar\\\/?p=15399#primaryimage\"},\"image\":{\"@id\":\"https:\\\/\\\/fmpatagoniamadryn.com.ar\\\/?p=15399#primaryimage\"},\"thumbnailUrl\":\"https:\\\/\\\/fmpatagoniamadryn.com.ar\\\/wp-content\\\/uploads\\\/2025\\\/04\\\/img_3559-1.png\",\"datePublished\":\"2025-04-05T14:03:22+00:00\",\"breadcrumb\":{\"@id\":\"https:\\\/\\\/fmpatagoniamadryn.com.ar\\\/?p=15399#breadcrumb\"},\"inLanguage\":\"es\",\"potentialAction\":[{\"@type\":\"ReadAction\",\"target\":[\"https:\\\/\\\/fmpatagoniamadryn.com.ar\\\/?p=15399\"]}]},{\"@type\":\"ImageObject\",\"inLanguage\":\"es\",\"@id\":\"https:\\\/\\\/fmpatagoniamadryn.com.ar\\\/?p=15399#primaryimage\",\"url\":\"https:\\\/\\\/fmpatagoniamadryn.com.ar\\\/wp-content\\\/uploads\\\/2025\\\/04\\\/img_3559-1.png\",\"contentUrl\":\"https:\\\/\\\/fmpatagoniamadryn.com.ar\\\/wp-content\\\/uploads\\\/2025\\\/04\\\/img_3559-1.png\",\"width\":428,\"height\":240},{\"@type\":\"BreadcrumbList\",\"@id\":\"https:\\\/\\\/fmpatagoniamadryn.com.ar\\\/?p=15399#breadcrumb\",\"itemListElement\":[{\"@type\":\"ListItem\",\"position\":1,\"name\":\"Portada\",\"item\":\"https:\\\/\\\/fmpatagoniamadryn.com.ar\\\/\"},{\"@type\":\"ListItem\",\"position\":2,\"name\":\"Declararon culpable al conductor que choc\u00f3 y mat\u00f3 a una familia en la Doble Trocha\"}]},{\"@type\":\"WebSite\",\"@id\":\"https:\\\/\\\/fmpatagoniamadryn.com.ar\\\/#website\",\"url\":\"https:\\\/\\\/fmpatagoniamadryn.com.ar\\\/\",\"name\":\"FM Patagonia Madryn\",\"description\":\"Radio Patagonia 105.5\",\"publisher\":{\"@id\":\"https:\\\/\\\/fmpatagoniamadryn.com.ar\\\/#organization\"},\"potentialAction\":[{\"@type\":\"SearchAction\",\"target\":{\"@type\":\"EntryPoint\",\"urlTemplate\":\"https:\\\/\\\/fmpatagoniamadryn.com.ar\\\/?s={search_term_string}\"},\"query-input\":{\"@type\":\"PropertyValueSpecification\",\"valueRequired\":true,\"valueName\":\"search_term_string\"}}],\"inLanguage\":\"es\"},{\"@type\":\"Organization\",\"@id\":\"https:\\\/\\\/fmpatagoniamadryn.com.ar\\\/#organization\",\"name\":\"FM Patagonia Madryn\",\"url\":\"https:\\\/\\\/fmpatagoniamadryn.com.ar\\\/\",\"logo\":{\"@type\":\"ImageObject\",\"inLanguage\":\"es\",\"@id\":\"https:\\\/\\\/fmpatagoniamadryn.com.ar\\\/#\\\/schema\\\/logo\\\/image\\\/\",\"url\":\"https:\\\/\\\/fmpatagoniamadryn.com.ar\\\/wp-content\\\/uploads\\\/2023\\\/01\\\/cropped-Diseno-sin-titulo.png\",\"contentUrl\":\"https:\\\/\\\/fmpatagoniamadryn.com.ar\\\/wp-content\\\/uploads\\\/2023\\\/01\\\/cropped-Diseno-sin-titulo.png\",\"width\":6911,\"height\":2657,\"caption\":\"FM Patagonia Madryn\"},\"image\":{\"@id\":\"https:\\\/\\\/fmpatagoniamadryn.com.ar\\\/#\\\/schema\\\/logo\\\/image\\\/\"}},{\"@type\":\"Person\",\"@id\":\"https:\\\/\\\/fmpatagoniamadryn.com.ar\\\/#\\\/schema\\\/person\\\/8a3de4ad7efceacab06c1641c50303b7\",\"name\":\"FM Patagonia\",\"url\":\"https:\\\/\\\/fmpatagoniamadryn.com.ar\\\/?author=2\"}]}<\/script>\n<!-- \/ Yoast SEO plugin. -->","yoast_head_json":{"title":"Declararon culpable al conductor que choc\u00f3 y mat\u00f3 a una familia en la Doble Trocha - FM Patagonia Madryn","robots":{"index":"index","follow":"follow","max-snippet":"max-snippet:-1","max-image-preview":"max-image-preview:large","max-video-preview":"max-video-preview:-1"},"canonical":"https:\/\/fmpatagoniamadryn.com.ar\/?p=15399","og_locale":"es_ES","og_type":"article","og_title":"Declararon culpable al conductor que choc\u00f3 y mat\u00f3 a una familia en la Doble Trocha - FM Patagonia Madryn","og_description":"La Justicia lo declar\u00f3 culpable por el choque frontal sobre la Ruta Nacional N\u00ba 3, que dej\u00f3 un saldo de cuatro v\u00edctimas fatales, entre ellas dos menores. Fiscal\u00eda calific\u00f3 su&hellip;","og_url":"https:\/\/fmpatagoniamadryn.com.ar\/?p=15399","og_site_name":"FM Patagonia Madryn","article_published_time":"2025-04-05T14:03:22+00:00","og_image":[{"width":428,"height":240,"url":"https:\/\/fmpatagoniamadryn.com.ar\/wp-content\/uploads\/2025\/04\/img_3559-1.png","type":"image\/png"}],"author":"FM Patagonia","twitter_card":"summary_large_image","twitter_misc":{"Escrito por":"FM Patagonia","Tiempo de lectura":"2 minutos"},"schema":{"@context":"https:\/\/schema.org","@graph":[{"@type":"Article","@id":"https:\/\/fmpatagoniamadryn.com.ar\/?p=15399#article","isPartOf":{"@id":"https:\/\/fmpatagoniamadryn.com.ar\/?p=15399"},"author":{"name":"FM Patagonia","@id":"https:\/\/fmpatagoniamadryn.com.ar\/#\/schema\/person\/8a3de4ad7efceacab06c1641c50303b7"},"headline":"Declararon culpable al conductor que choc\u00f3 y mat\u00f3 a una familia en la Doble Trocha","datePublished":"2025-04-05T14:03:22+00:00","mainEntityOfPage":{"@id":"https:\/\/fmpatagoniamadryn.com.ar\/?p=15399"},"wordCount":319,"publisher":{"@id":"https:\/\/fmpatagoniamadryn.com.ar\/#organization"},"image":{"@id":"https:\/\/fmpatagoniamadryn.com.ar\/?p=15399#primaryimage"},"thumbnailUrl":"https:\/\/fmpatagoniamadryn.com.ar\/wp-content\/uploads\/2025\/04\/img_3559-1.png","articleSection":["Policiales"],"inLanguage":"es"},{"@type":"WebPage","@id":"https:\/\/fmpatagoniamadryn.com.ar\/?p=15399","url":"https:\/\/fmpatagoniamadryn.com.ar\/?p=15399","name":"Declararon culpable al conductor que choc\u00f3 y mat\u00f3 a una familia en la Doble Trocha - FM Patagonia Madryn","isPartOf":{"@id":"https:\/\/fmpatagoniamadryn.com.ar\/#website"},"primaryImageOfPage":{"@id":"https:\/\/fmpatagoniamadryn.com.ar\/?p=15399#primaryimage"},"image":{"@id":"https:\/\/fmpatagoniamadryn.com.ar\/?p=15399#primaryimage"},"thumbnailUrl":"https:\/\/fmpatagoniamadryn.com.ar\/wp-content\/uploads\/2025\/04\/img_3559-1.png","datePublished":"2025-04-05T14:03:22+00:00","breadcrumb":{"@id":"https:\/\/fmpatagoniamadryn.com.ar\/?p=15399#breadcrumb"},"inLanguage":"es","potentialAction":[{"@type":"ReadAction","target":["https:\/\/fmpatagoniamadryn.com.ar\/?p=15399"]}]},{"@type":"ImageObject","inLanguage":"es","@id":"https:\/\/fmpatagoniamadryn.com.ar\/?p=15399#primaryimage","url":"https:\/\/fmpatagoniamadryn.com.ar\/wp-content\/uploads\/2025\/04\/img_3559-1.png","contentUrl":"https:\/\/fmpatagoniamadryn.com.ar\/wp-content\/uploads\/2025\/04\/img_3559-1.png","width":428,"height":240},{"@type":"BreadcrumbList","@id":"https:\/\/fmpatagoniamadryn.com.ar\/?p=15399#breadcrumb","itemListElement":[{"@type":"ListItem","position":1,"name":"Portada","item":"https:\/\/fmpatagoniamadryn.com.ar\/"},{"@type":"ListItem","position":2,"name":"Declararon culpable al conductor que choc\u00f3 y mat\u00f3 a una familia en la Doble Trocha"}]},{"@type":"WebSite","@id":"https:\/\/fmpatagoniamadryn.com.ar\/#website","url":"https:\/\/fmpatagoniamadryn.com.ar\/","name":"FM Patagonia Madryn","description":"Radio Patagonia 105.5","publisher":{"@id":"https:\/\/fmpatagoniamadryn.com.ar\/#organization"},"potentialAction":[{"@type":"SearchAction","target":{"@type":"EntryPoint","urlTemplate":"https:\/\/fmpatagoniamadryn.com.ar\/?s={search_term_string}"},"query-input":{"@type":"PropertyValueSpecification","valueRequired":true,"valueName":"search_term_string"}}],"inLanguage":"es"},{"@type":"Organization","@id":"https:\/\/fmpatagoniamadryn.com.ar\/#organization","name":"FM Patagonia Madryn","url":"https:\/\/fmpatagoniamadryn.com.ar\/","logo":{"@type":"ImageObject","inLanguage":"es","@id":"https:\/\/fmpatagoniamadryn.com.ar\/#\/schema\/logo\/image\/","url":"https:\/\/fmpatagoniamadryn.com.ar\/wp-content\/uploads\/2023\/01\/cropped-Diseno-sin-titulo.png","contentUrl":"https:\/\/fmpatagoniamadryn.com.ar\/wp-content\/uploads\/2023\/01\/cropped-Diseno-sin-titulo.png","width":6911,"height":2657,"caption":"FM Patagonia Madryn"},"image":{"@id":"https:\/\/fmpatagoniamadryn.com.ar\/#\/schema\/logo\/image\/"}},{"@type":"Person","@id":"https:\/\/fmpatagoniamadryn.com.ar\/#\/schema\/person\/8a3de4ad7efceacab06c1641c50303b7","name":"FM Patagonia","url":"https:\/\/fmpatagoniamadryn.com.ar\/?author=2"}]}},"jetpack_featured_media_url":"https:\/\/fmpatagoniamadryn.com.ar\/wp-content\/uploads\/2025\/04\/img_3559-1.png","_links":{"self":[{"href":"https:\/\/fmpatagoniamadryn.com.ar\/index.php?rest_route=\/wp\/v2\/posts\/15399","targetHints":{"allow":["GET"]}}],"collection":[{"href":"https:\/\/fmpatagoniamadryn.com.ar\/index.php?rest_route=\/wp\/v2\/posts"}],"about":[{"href":"https:\/\/fmpatagoniamadryn.com.ar\/index.php?rest_route=\/wp\/v2\/types\/post"}],"author":[{"embeddable":true,"href":"https:\/\/fmpatagoniamadryn.com.ar\/index.php?rest_route=\/wp\/v2\/users\/2"}],"replies":[{"embeddable":true,"href":"https:\/\/fmpatagoniamadryn.com.ar\/index.php?rest_route=%2Fwp%2Fv2%2Fcomments&post=15399"}],"version-history":[{"count":1,"href":"https:\/\/fmpatagoniamadryn.com.ar\/index.php?rest_route=\/wp\/v2\/posts\/15399\/revisions"}],"predecessor-version":[{"id":15400,"href":"https:\/\/fmpatagoniamadryn.com.ar\/index.php?rest_route=\/wp\/v2\/posts\/15399\/revisions\/15400"}],"wp:featuredmedia":[{"embeddable":true,"href":"https:\/\/fmpatagoniamadryn.com.ar\/index.php?rest_route=\/wp\/v2\/media\/15398"}],"wp:attachment":[{"href":"https:\/\/fmpatagoniamadryn.com.ar\/index.php?rest_route=%2Fwp%2Fv2%2Fmedia&parent=15399"}],"wp:term":[{"taxonomy":"category","embeddable":true,"href":"https:\/\/fmpatagoniamadryn.com.ar\/index.php?rest_route=%2Fwp%2Fv2%2Fcategories&post=15399"},{"taxonomy":"post_tag","embeddable":true,"href":"https:\/\/fmpatagoniamadryn.com.ar\/index.php?rest_route=%2Fwp%2Fv2%2Ftags&post=15399"}],"curies":[{"name":"wp","href":"https:\/\/api.w.org\/{rel}","templated":true}]}}