{"id":15405,"date":"2025-04-05T16:33:11","date_gmt":"2025-04-05T19:33:11","guid":{"rendered":"https:\/\/fmpatagoniamadryn.com.ar\/?p=15405"},"modified":"2025-04-05T16:33:11","modified_gmt":"2025-04-05T19:33:11","slug":"torres-firmo-un-convenio-con-la-uocra-para-promover-la-formacion-profesional-de-los-chubutenses-en-el-sector-de-la-construccion","status":"publish","type":"post","link":"https:\/\/fmpatagoniamadryn.com.ar\/?p=15405","title":{"rendered":"Torres firm\u00f3 un convenio con la UOCRA para promover la formaci\u00f3n profesional de los chubutenses en el sector de la construcci\u00f3n"},"content":{"rendered":"\n<p><\/p>\n\n\n\n<p><em>El acuerdo fue suscripto entre el mandatario y el secretario general de la Uni\u00f3n Obrera de la Construcci\u00f3n, Gerardo Mart\u00ednez. \u201cLa generaci\u00f3n de mano de obra calificada es clave para el impulso de la industria y la reactivaci\u00f3n de la obra p\u00fablica en la provincia\u201d, expres\u00f3 el gobernador.<\/em><\/p>\n\n\n\n<p>El gobernador del Chubut, Ignacio \u201cNacho\u201d Torres, y el secretario general de la Uni\u00f3n Obrera de la Construcci\u00f3n de la Rep\u00fablica Argentina (UOCRA), Gerardo Mart\u00ednez, suscribieron un convenio marco de cooperaci\u00f3n institucional para la formaci\u00f3n profesional de los trabajadores nucleados en el sector de la construcci\u00f3n. El acuerdo tiene como finalidad \u201cgenerar mano de obra calificada y ofrecer mayores oportunidades para la inserci\u00f3n laboral de los chubutenses\u201d, remarc\u00f3 el mandatario.<\/p>\n\n\n\n<p>La r\u00fabrica tuvo lugar durante un encuentro desarrollado en la Casa del Chubut en Buenos Aires, del que tambi\u00e9n participaron el ministro de Educaci\u00f3n, Jos\u00e9 Luis Punta y el secretario general del sindicato en la provincia, Ra\u00fal Silva. Concretamente, se acord\u00f3 la implementaci\u00f3n de un protocolo espec\u00edfico de fortalecimiento de la educaci\u00f3n profesional, as\u00ed como la asistencia y colaboraci\u00f3n rec\u00edproca con la Fundaci\u00f3n UOCRA para la certificaci\u00f3n de los trabajadores.<\/p>\n\n\n\n<p>\u201cEstamos convencidos que la capacitaci\u00f3n y la formaci\u00f3n son clave para el impulso de la industria y el desarrollo integral de la provincia\u201d, manifest\u00f3 el gobernador al t\u00e9rmino de la reuni\u00f3n e indic\u00f3 que \u201csiempre apostamos a igualar hacia arriba y creemos que es la educaci\u00f3n la herramienta que permitir\u00e1 a los chubutenses acceder a empleos de calidad tanto en el \u00e1mbito p\u00fablico como privado\u201d.<\/p>\n\n\n\n<p>En ese orden, el mandatario expres\u00f3 que los convenios suscriptos con el gremio y la Fundaci\u00f3n forman parte de una fuerte pol\u00edtica educativa que se viene llevando adelante desde el inicio de la actual gesti\u00f3n, orientada a \u201cprofesionalizar, tecnificar y vincular la educaci\u00f3n con la producci\u00f3n y el trabajo\u201d.<\/p>\n\n\n\n<p><em>Calificaci\u00f3n y certificaci\u00f3n de los trabajadores<\/em><\/p>\n\n\n\n<p>Por otra parte, el ministro Jos\u00e9 Luis Punta se refiri\u00f3 al protocolo de asistencia y colaboraci\u00f3n rec\u00edproca firmado entre el organismo provincial y la Fundaci\u00f3n UOCRA \u201cpara la formaci\u00f3n y certificaci\u00f3n de la Formaci\u00f3n Profesional (FP) en las \u00e1reas de especial inter\u00e9s, habilit\u00e1ndolos a trabajar en el sector y permiti\u00e9ndoles acceder a empleos de calidad, como as\u00ed tambi\u00e9n a fortalecer el perfeccionamiento docente\u201d.<\/p>\n\n\n\n<p>\u201cSe trata de un factor fundamental en cuanto a la calificaci\u00f3n y certificaci\u00f3n de esos trabajadores, para que cuando salgan est\u00e9n ya en condiciones de incorporase a la empresa con calificaci\u00f3n profesional\u201d, se\u00f1al\u00f3.<\/p>\n\n\n\n<p>El funcionario revel\u00f3 que los cursos se van a \u201cdesarrollar en los Centros de Formaci\u00f3n Profesional que hay en la provincia proponiendo nuevas alternativas de formaci\u00f3n y capacitaciones para nuestros formadores\u201d.<\/p>\n\n\n\n<p>Finalmente, Punta explic\u00f3 asimismo que \u201cvenimos trabajando desde el a\u00f1o pasado con la Fundaci\u00f3n UOCRA, una ONG perteneciente a la Red Social UOCRA, fundada en octubre de 1993, y que cuenta con m\u00e1s de 25 a\u00f1os de trabajo dedicados a la educaci\u00f3n de los trabajadores del sector\u201d.<\/p>\n","protected":false},"excerpt":{"rendered":"<p>El acuerdo fue suscripto entre el mandatario y el secretario general de la Uni\u00f3n Obrera de la Construcci\u00f3n, Gerardo Mart\u00ednez. \u201cLa generaci\u00f3n de mano de obra calificada es clave para&hellip; <\/p>\n","protected":false},"author":2,"featured_media":15404,"comment_status":"closed","ping_status":"closed","sticky":false,"template":"","format":"standard","meta":{"footnotes":""},"categories":[14],"tags":[],"class_list":["post-15405","post","type-post","status-publish","format-standard","has-post-thumbnail","hentry","category-provinciales"],"yoast_head":"<!-- This site is optimized with the Yoast SEO plugin v27.5 - https:\/\/yoast.com\/product\/yoast-seo-wordpress\/ -->\n<title>Torres firm\u00f3 un convenio con la UOCRA para promover la formaci\u00f3n profesional de los chubutenses en el sector de la construcci\u00f3n - FM Patagonia Madryn<\/title>\n<meta name=\"robots\" content=\"index, follow, max-snippet:-1, max-image-preview:large, max-video-preview:-1\" \/>\n<link rel=\"canonical\" href=\"https:\/\/fmpatagoniamadryn.com.ar\/?p=15405\" \/>\n<meta property=\"og:locale\" content=\"es_ES\" \/>\n<meta property=\"og:type\" content=\"article\" \/>\n<meta property=\"og:title\" content=\"Torres firm\u00f3 un convenio con la UOCRA para promover la formaci\u00f3n profesional de los chubutenses en el sector de la construcci\u00f3n - FM Patagonia Madryn\" \/>\n<meta property=\"og:description\" content=\"El acuerdo fue suscripto entre el mandatario y el secretario general de la Uni\u00f3n Obrera de la Construcci\u00f3n, Gerardo Mart\u00ednez. \u201cLa generaci\u00f3n de mano de obra calificada es clave para&hellip;\" \/>\n<meta property=\"og:url\" content=\"https:\/\/fmpatagoniamadryn.com.ar\/?p=15405\" \/>\n<meta property=\"og:site_name\" content=\"FM Patagonia Madryn\" \/>\n<meta property=\"article:published_time\" content=\"2025-04-05T19:33:11+00:00\" \/>\n<meta property=\"og:image\" content=\"https:\/\/fmpatagoniamadryn.com.ar\/wp-content\/uploads\/2025\/04\/02195612-5ab0-4112-af1e-89ef11557562-1.jpg\" \/>\n\t<meta property=\"og:image:width\" content=\"2000\" \/>\n\t<meta property=\"og:image:height\" content=\"1415\" \/>\n\t<meta property=\"og:image:type\" content=\"image\/jpeg\" \/>\n<meta name=\"author\" content=\"FM Patagonia\" \/>\n<meta name=\"twitter:card\" content=\"summary_large_image\" \/>\n<meta name=\"twitter:label1\" content=\"Escrito por\" \/>\n\t<meta name=\"twitter:data1\" content=\"FM Patagonia\" \/>\n\t<meta name=\"twitter:label2\" content=\"Tiempo de lectura\" \/>\n\t<meta name=\"twitter:data2\" content=\"3 minutos\" \/>\n<script type=\"application\/ld+json\" class=\"yoast-schema-graph\">{\"@context\":\"https:\\\/\\\/schema.org\",\"@graph\":[{\"@type\":\"Article\",\"@id\":\"https:\\\/\\\/fmpatagoniamadryn.com.ar\\\/?p=15405#article\",\"isPartOf\":{\"@id\":\"https:\\\/\\\/fmpatagoniamadryn.com.ar\\\/?p=15405\"},\"author\":{\"name\":\"FM Patagonia\",\"@id\":\"https:\\\/\\\/fmpatagoniamadryn.com.ar\\\/#\\\/schema\\\/person\\\/8a3de4ad7efceacab06c1641c50303b7\"},\"headline\":\"Torres firm\u00f3 un convenio con la UOCRA para promover la formaci\u00f3n profesional de los chubutenses en el sector de la construcci\u00f3n\",\"datePublished\":\"2025-04-05T19:33:11+00:00\",\"mainEntityOfPage\":{\"@id\":\"https:\\\/\\\/fmpatagoniamadryn.com.ar\\\/?p=15405\"},\"wordCount\":563,\"publisher\":{\"@id\":\"https:\\\/\\\/fmpatagoniamadryn.com.ar\\\/#organization\"},\"image\":{\"@id\":\"https:\\\/\\\/fmpatagoniamadryn.com.ar\\\/?p=15405#primaryimage\"},\"thumbnailUrl\":\"https:\\\/\\\/fmpatagoniamadryn.com.ar\\\/wp-content\\\/uploads\\\/2025\\\/04\\\/02195612-5ab0-4112-af1e-89ef11557562-1.jpg\",\"articleSection\":[\"Provinciales\"],\"inLanguage\":\"es\"},{\"@type\":\"WebPage\",\"@id\":\"https:\\\/\\\/fmpatagoniamadryn.com.ar\\\/?p=15405\",\"url\":\"https:\\\/\\\/fmpatagoniamadryn.com.ar\\\/?p=15405\",\"name\":\"Torres firm\u00f3 un convenio con la UOCRA para promover la formaci\u00f3n profesional de los chubutenses en el sector de la construcci\u00f3n - FM Patagonia Madryn\",\"isPartOf\":{\"@id\":\"https:\\\/\\\/fmpatagoniamadryn.com.ar\\\/#website\"},\"primaryImageOfPage\":{\"@id\":\"https:\\\/\\\/fmpatagoniamadryn.com.ar\\\/?p=15405#primaryimage\"},\"image\":{\"@id\":\"https:\\\/\\\/fmpatagoniamadryn.com.ar\\\/?p=15405#primaryimage\"},\"thumbnailUrl\":\"https:\\\/\\\/fmpatagoniamadryn.com.ar\\\/wp-content\\\/uploads\\\/2025\\\/04\\\/02195612-5ab0-4112-af1e-89ef11557562-1.jpg\",\"datePublished\":\"2025-04-05T19:33:11+00:00\",\"breadcrumb\":{\"@id\":\"https:\\\/\\\/fmpatagoniamadryn.com.ar\\\/?p=15405#breadcrumb\"},\"inLanguage\":\"es\",\"potentialAction\":[{\"@type\":\"ReadAction\",\"target\":[\"https:\\\/\\\/fmpatagoniamadryn.com.ar\\\/?p=15405\"]}]},{\"@type\":\"ImageObject\",\"inLanguage\":\"es\",\"@id\":\"https:\\\/\\\/fmpatagoniamadryn.com.ar\\\/?p=15405#primaryimage\",\"url\":\"https:\\\/\\\/fmpatagoniamadryn.com.ar\\\/wp-content\\\/uploads\\\/2025\\\/04\\\/02195612-5ab0-4112-af1e-89ef11557562-1.jpg\",\"contentUrl\":\"https:\\\/\\\/fmpatagoniamadryn.com.ar\\\/wp-content\\\/uploads\\\/2025\\\/04\\\/02195612-5ab0-4112-af1e-89ef11557562-1.jpg\",\"width\":2000,\"height\":1415},{\"@type\":\"BreadcrumbList\",\"@id\":\"https:\\\/\\\/fmpatagoniamadryn.com.ar\\\/?p=15405#breadcrumb\",\"itemListElement\":[{\"@type\":\"ListItem\",\"position\":1,\"name\":\"Portada\",\"item\":\"https:\\\/\\\/fmpatagoniamadryn.com.ar\\\/\"},{\"@type\":\"ListItem\",\"position\":2,\"name\":\"Torres firm\u00f3 un convenio con la UOCRA para promover la formaci\u00f3n profesional de los chubutenses en el sector de la construcci\u00f3n\"}]},{\"@type\":\"WebSite\",\"@id\":\"https:\\\/\\\/fmpatagoniamadryn.com.ar\\\/#website\",\"url\":\"https:\\\/\\\/fmpatagoniamadryn.com.ar\\\/\",\"name\":\"FM Patagonia Madryn\",\"description\":\"Radio Patagonia 105.5\",\"publisher\":{\"@id\":\"https:\\\/\\\/fmpatagoniamadryn.com.ar\\\/#organization\"},\"potentialAction\":[{\"@type\":\"SearchAction\",\"target\":{\"@type\":\"EntryPoint\",\"urlTemplate\":\"https:\\\/\\\/fmpatagoniamadryn.com.ar\\\/?s={search_term_string}\"},\"query-input\":{\"@type\":\"PropertyValueSpecification\",\"valueRequired\":true,\"valueName\":\"search_term_string\"}}],\"inLanguage\":\"es\"},{\"@type\":\"Organization\",\"@id\":\"https:\\\/\\\/fmpatagoniamadryn.com.ar\\\/#organization\",\"name\":\"FM Patagonia Madryn\",\"url\":\"https:\\\/\\\/fmpatagoniamadryn.com.ar\\\/\",\"logo\":{\"@type\":\"ImageObject\",\"inLanguage\":\"es\",\"@id\":\"https:\\\/\\\/fmpatagoniamadryn.com.ar\\\/#\\\/schema\\\/logo\\\/image\\\/\",\"url\":\"https:\\\/\\\/fmpatagoniamadryn.com.ar\\\/wp-content\\\/uploads\\\/2023\\\/01\\\/cropped-Diseno-sin-titulo.png\",\"contentUrl\":\"https:\\\/\\\/fmpatagoniamadryn.com.ar\\\/wp-content\\\/uploads\\\/2023\\\/01\\\/cropped-Diseno-sin-titulo.png\",\"width\":6911,\"height\":2657,\"caption\":\"FM Patagonia Madryn\"},\"image\":{\"@id\":\"https:\\\/\\\/fmpatagoniamadryn.com.ar\\\/#\\\/schema\\\/logo\\\/image\\\/\"}},{\"@type\":\"Person\",\"@id\":\"https:\\\/\\\/fmpatagoniamadryn.com.ar\\\/#\\\/schema\\\/person\\\/8a3de4ad7efceacab06c1641c50303b7\",\"name\":\"FM Patagonia\",\"url\":\"https:\\\/\\\/fmpatagoniamadryn.com.ar\\\/?author=2\"}]}<\/script>\n<!-- \/ Yoast SEO plugin. -->","yoast_head_json":{"title":"Torres firm\u00f3 un convenio con la UOCRA para promover la formaci\u00f3n profesional de los chubutenses en el sector de la construcci\u00f3n - FM Patagonia Madryn","robots":{"index":"index","follow":"follow","max-snippet":"max-snippet:-1","max-image-preview":"max-image-preview:large","max-video-preview":"max-video-preview:-1"},"canonical":"https:\/\/fmpatagoniamadryn.com.ar\/?p=15405","og_locale":"es_ES","og_type":"article","og_title":"Torres firm\u00f3 un convenio con la UOCRA para promover la formaci\u00f3n profesional de los chubutenses en el sector de la construcci\u00f3n - FM Patagonia Madryn","og_description":"El acuerdo fue suscripto entre el mandatario y el secretario general de la Uni\u00f3n Obrera de la Construcci\u00f3n, Gerardo Mart\u00ednez. \u201cLa generaci\u00f3n de mano de obra calificada es clave para&hellip;","og_url":"https:\/\/fmpatagoniamadryn.com.ar\/?p=15405","og_site_name":"FM Patagonia Madryn","article_published_time":"2025-04-05T19:33:11+00:00","og_image":[{"width":2000,"height":1415,"url":"https:\/\/fmpatagoniamadryn.com.ar\/wp-content\/uploads\/2025\/04\/02195612-5ab0-4112-af1e-89ef11557562-1.jpg","type":"image\/jpeg"}],"author":"FM Patagonia","twitter_card":"summary_large_image","twitter_misc":{"Escrito por":"FM Patagonia","Tiempo de lectura":"3 minutos"},"schema":{"@context":"https:\/\/schema.org","@graph":[{"@type":"Article","@id":"https:\/\/fmpatagoniamadryn.com.ar\/?p=15405#article","isPartOf":{"@id":"https:\/\/fmpatagoniamadryn.com.ar\/?p=15405"},"author":{"name":"FM Patagonia","@id":"https:\/\/fmpatagoniamadryn.com.ar\/#\/schema\/person\/8a3de4ad7efceacab06c1641c50303b7"},"headline":"Torres firm\u00f3 un convenio con la UOCRA para promover la formaci\u00f3n profesional de los chubutenses en el sector de la construcci\u00f3n","datePublished":"2025-04-05T19:33:11+00:00","mainEntityOfPage":{"@id":"https:\/\/fmpatagoniamadryn.com.ar\/?p=15405"},"wordCount":563,"publisher":{"@id":"https:\/\/fmpatagoniamadryn.com.ar\/#organization"},"image":{"@id":"https:\/\/fmpatagoniamadryn.com.ar\/?p=15405#primaryimage"},"thumbnailUrl":"https:\/\/fmpatagoniamadryn.com.ar\/wp-content\/uploads\/2025\/04\/02195612-5ab0-4112-af1e-89ef11557562-1.jpg","articleSection":["Provinciales"],"inLanguage":"es"},{"@type":"WebPage","@id":"https:\/\/fmpatagoniamadryn.com.ar\/?p=15405","url":"https:\/\/fmpatagoniamadryn.com.ar\/?p=15405","name":"Torres firm\u00f3 un convenio con la UOCRA para promover la formaci\u00f3n profesional de los chubutenses en el sector de la construcci\u00f3n - FM Patagonia Madryn","isPartOf":{"@id":"https:\/\/fmpatagoniamadryn.com.ar\/#website"},"primaryImageOfPage":{"@id":"https:\/\/fmpatagoniamadryn.com.ar\/?p=15405#primaryimage"},"image":{"@id":"https:\/\/fmpatagoniamadryn.com.ar\/?p=15405#primaryimage"},"thumbnailUrl":"https:\/\/fmpatagoniamadryn.com.ar\/wp-content\/uploads\/2025\/04\/02195612-5ab0-4112-af1e-89ef11557562-1.jpg","datePublished":"2025-04-05T19:33:11+00:00","breadcrumb":{"@id":"https:\/\/fmpatagoniamadryn.com.ar\/?p=15405#breadcrumb"},"inLanguage":"es","potentialAction":[{"@type":"ReadAction","target":["https:\/\/fmpatagoniamadryn.com.ar\/?p=15405"]}]},{"@type":"ImageObject","inLanguage":"es","@id":"https:\/\/fmpatagoniamadryn.com.ar\/?p=15405#primaryimage","url":"https:\/\/fmpatagoniamadryn.com.ar\/wp-content\/uploads\/2025\/04\/02195612-5ab0-4112-af1e-89ef11557562-1.jpg","contentUrl":"https:\/\/fmpatagoniamadryn.com.ar\/wp-content\/uploads\/2025\/04\/02195612-5ab0-4112-af1e-89ef11557562-1.jpg","width":2000,"height":1415},{"@type":"BreadcrumbList","@id":"https:\/\/fmpatagoniamadryn.com.ar\/?p=15405#breadcrumb","itemListElement":[{"@type":"ListItem","position":1,"name":"Portada","item":"https:\/\/fmpatagoniamadryn.com.ar\/"},{"@type":"ListItem","position":2,"name":"Torres firm\u00f3 un convenio con la UOCRA para promover la formaci\u00f3n profesional de los chubutenses en el sector de la construcci\u00f3n"}]},{"@type":"WebSite","@id":"https:\/\/fmpatagoniamadryn.com.ar\/#website","url":"https:\/\/fmpatagoniamadryn.com.ar\/","name":"FM Patagonia Madryn","description":"Radio Patagonia 105.5","publisher":{"@id":"https:\/\/fmpatagoniamadryn.com.ar\/#organization"},"potentialAction":[{"@type":"SearchAction","target":{"@type":"EntryPoint","urlTemplate":"https:\/\/fmpatagoniamadryn.com.ar\/?s={search_term_string}"},"query-input":{"@type":"PropertyValueSpecification","valueRequired":true,"valueName":"search_term_string"}}],"inLanguage":"es"},{"@type":"Organization","@id":"https:\/\/fmpatagoniamadryn.com.ar\/#organization","name":"FM Patagonia Madryn","url":"https:\/\/fmpatagoniamadryn.com.ar\/","logo":{"@type":"ImageObject","inLanguage":"es","@id":"https:\/\/fmpatagoniamadryn.com.ar\/#\/schema\/logo\/image\/","url":"https:\/\/fmpatagoniamadryn.com.ar\/wp-content\/uploads\/2023\/01\/cropped-Diseno-sin-titulo.png","contentUrl":"https:\/\/fmpatagoniamadryn.com.ar\/wp-content\/uploads\/2023\/01\/cropped-Diseno-sin-titulo.png","width":6911,"height":2657,"caption":"FM Patagonia Madryn"},"image":{"@id":"https:\/\/fmpatagoniamadryn.com.ar\/#\/schema\/logo\/image\/"}},{"@type":"Person","@id":"https:\/\/fmpatagoniamadryn.com.ar\/#\/schema\/person\/8a3de4ad7efceacab06c1641c50303b7","name":"FM Patagonia","url":"https:\/\/fmpatagoniamadryn.com.ar\/?author=2"}]}},"jetpack_featured_media_url":"https:\/\/fmpatagoniamadryn.com.ar\/wp-content\/uploads\/2025\/04\/02195612-5ab0-4112-af1e-89ef11557562-1.jpg","_links":{"self":[{"href":"https:\/\/fmpatagoniamadryn.com.ar\/index.php?rest_route=\/wp\/v2\/posts\/15405","targetHints":{"allow":["GET"]}}],"collection":[{"href":"https:\/\/fmpatagoniamadryn.com.ar\/index.php?rest_route=\/wp\/v2\/posts"}],"about":[{"href":"https:\/\/fmpatagoniamadryn.com.ar\/index.php?rest_route=\/wp\/v2\/types\/post"}],"author":[{"embeddable":true,"href":"https:\/\/fmpatagoniamadryn.com.ar\/index.php?rest_route=\/wp\/v2\/users\/2"}],"replies":[{"embeddable":true,"href":"https:\/\/fmpatagoniamadryn.com.ar\/index.php?rest_route=%2Fwp%2Fv2%2Fcomments&post=15405"}],"version-history":[{"count":1,"href":"https:\/\/fmpatagoniamadryn.com.ar\/index.php?rest_route=\/wp\/v2\/posts\/15405\/revisions"}],"predecessor-version":[{"id":15406,"href":"https:\/\/fmpatagoniamadryn.com.ar\/index.php?rest_route=\/wp\/v2\/posts\/15405\/revisions\/15406"}],"wp:featuredmedia":[{"embeddable":true,"href":"https:\/\/fmpatagoniamadryn.com.ar\/index.php?rest_route=\/wp\/v2\/media\/15404"}],"wp:attachment":[{"href":"https:\/\/fmpatagoniamadryn.com.ar\/index.php?rest_route=%2Fwp%2Fv2%2Fmedia&parent=15405"}],"wp:term":[{"taxonomy":"category","embeddable":true,"href":"https:\/\/fmpatagoniamadryn.com.ar\/index.php?rest_route=%2Fwp%2Fv2%2Fcategories&post=15405"},{"taxonomy":"post_tag","embeddable":true,"href":"https:\/\/fmpatagoniamadryn.com.ar\/index.php?rest_route=%2Fwp%2Fv2%2Ftags&post=15405"}],"curies":[{"name":"wp","href":"https:\/\/api.w.org\/{rel}","templated":true}]}}