{"id":15520,"date":"2025-04-15T10:49:19","date_gmt":"2025-04-15T13:49:19","guid":{"rendered":"https:\/\/fmpatagoniamadryn.com.ar\/?p=15520"},"modified":"2025-04-15T10:49:19","modified_gmt":"2025-04-15T13:49:19","slug":"inicia-la-semana-de-la-vacunacion-en-las-americas","status":"publish","type":"post","link":"https:\/\/fmpatagoniamadryn.com.ar\/?p=15520","title":{"rendered":"INICIA LA SEMANA DE LA VACUNACI\u00d3N EN LAS AM\u00c9RICAS"},"content":{"rendered":"\n<p class=\"MsoNormal\"><\/p>\n\n\n\n<p class=\"MsoNormal\">&nbsp;<\/p>\n\n\n\n<p class=\"MsoNormal\"><em>En la ciudad tendr\u00e1 lugar&nbsp;del 21 al 28 de abril&nbsp;en los CPI<\/em><\/p>\n\n\n\n<p class=\"MsoNormal\">&nbsp;<\/p>\n\n\n\n<p class=\"MsoNormal\">En el marco de la \u201cSemana de la Vacunaci\u00f3n en las Am\u00e9ricas\u201d, impulsada por la Organizaci\u00f3n Panamericana de la Salud (OPS), la Municipalidad de Puerto Madryn y el vacunatorio del Hospital Dr. Andr\u00e9s \u00cdsola llevar\u00e1n adelante una campa\u00f1a de vacunaci\u00f3n en los Centros de Primera Infancia de la ciudad.<\/p>\n\n\n\n<p class=\"MsoNormal\">De este modo,&nbsp;entre el 21 y el 28 de abril, se visitar\u00e1n los diferentes CPI con el objetivo de aplicar las dosis correspondientes para la actualizaci\u00f3n del calendario de vacunaci\u00f3n de los ni\u00f1os que asisten a estos centros educativos.<\/p>\n\n\n\n<p class=\"MsoNormal\">Cabe destacar que, bajo el lema \u201cTu decisi\u00f3n marca la diferencia. Inmunizaci\u00f3n para todo\u201d, esta iniciativa internacional busca promover la equidad y el acceso a la vacunaci\u00f3n en todos los pa\u00edses de la Regi\u00f3n de las Am\u00e9ricas.<\/p>\n\n\n\n<p class=\"MsoNormal\">Es importante mencionar que, &nbsp;a nivel local, &nbsp;esta propuesta se llevar\u00e1 adelante a partir de un&nbsp; trabajo articulado entre las Subsecretar\u00edas de Ni\u00f1ez, Adolescencia y Familia y de Atenci\u00f3n Primaria de la Salud y el nosocomio local.<\/p>\n\n\n\n<p class=\"MsoNormal\">&nbsp;<\/p>\n\n\n\n<p class=\"MsoNormal\">&nbsp;<\/p>\n\n\n\n<p class=\"MsoNormal\"><strong>CRONOGRAMA&nbsp;<\/strong><\/p>\n\n\n\n<p class=\"MsoNormal\">21\/4&nbsp;AL&nbsp;&nbsp;28\/4 \u2013 11.30&nbsp;A 15 HORAS<\/p>\n\n\n\n<p class=\"MsoNormal\">&nbsp;<\/p>\n\n\n\n<p class=\"gmail-msolistparagraph\">&#8211;&nbsp;&nbsp;&nbsp;&nbsp;&nbsp;&nbsp;&nbsp;&nbsp;&nbsp;Lunes 21,&nbsp;CPI PICHI KIMUN &#8211; Espa\u00f1a 3428.<\/p>\n\n\n\n<p class=\"MsoNormal\">&#8211;&nbsp;&nbsp;&nbsp;&nbsp;&nbsp;&nbsp;&nbsp;&nbsp;&nbsp;Martes 22,&nbsp;CPI FORTUNATO ABRANY &#8211; El Mait\u00e9n 1501&nbsp;\/ CPI PERETZ SMOLARSKY &#8211; Albarrac\u00edn Norte 3068.<\/p>\n\n\n\n<p class=\"gmail-msolistparagraph\">&#8211;&nbsp;&nbsp;&nbsp;&nbsp;&nbsp;&nbsp;&nbsp;&nbsp;&nbsp;Mi\u00e9rcoles 23, CPI EVITA &#8211;&nbsp;Avenida Yrigoyen 381.<\/p>\n\n\n\n<p class=\"gmail-msolistparagraph\">&nbsp;<\/p>\n\n\n\n<p class=\"gmail-msolistparagraph\">&#8211;&nbsp;&nbsp;&nbsp;&nbsp;&nbsp;&nbsp;&nbsp;&nbsp;&nbsp;Jueves 24, CPI&nbsp;LAURITA VICU\u00d1A &#8211; Chile 1749&nbsp;y&nbsp;CPI ELSIE WILLIAMS DE BEZUNARTEA &#8211; Patricias Argentinas y Manuel Castro<\/p>\n\n\n\n<p class=\"MsoNormal\">&#8211;&nbsp;&nbsp;&nbsp;&nbsp;&nbsp;&nbsp;&nbsp;&nbsp;&nbsp;Viernes 25,&nbsp;CPI FONTANA &#8211;&nbsp;Avenida Gales 1790<\/p>\n\n\n\n<p class=\"gmail-msolistparagraph\">&#8211;&nbsp;&nbsp;&nbsp;&nbsp;&nbsp;&nbsp;&nbsp;&nbsp;&nbsp;Lunes 28, CPI&nbsp;QUEM\u00da &#8211; Juan Muzzio Norte 310.<\/p>\n","protected":false},"excerpt":{"rendered":"<p>&nbsp; En la ciudad tendr\u00e1 lugar&nbsp;del 21 al 28 de abril&nbsp;en los CPI &nbsp; En el marco de la \u201cSemana de la Vacunaci\u00f3n en las Am\u00e9ricas\u201d, impulsada por la Organizaci\u00f3n&hellip; <\/p>\n","protected":false},"author":2,"featured_media":15519,"comment_status":"closed","ping_status":"closed","sticky":false,"template":"","format":"standard","meta":{"footnotes":""},"categories":[15],"tags":[],"class_list":["post-15520","post","type-post","status-publish","format-standard","has-post-thumbnail","hentry","category-locales"],"yoast_head":"<!-- This site is optimized with the Yoast SEO plugin v27.4 - https:\/\/yoast.com\/product\/yoast-seo-wordpress\/ -->\n<title>INICIA LA SEMANA DE LA VACUNACI\u00d3N EN LAS AM\u00c9RICAS - FM Patagonia Madryn<\/title>\n<meta name=\"robots\" content=\"index, follow, max-snippet:-1, max-image-preview:large, max-video-preview:-1\" \/>\n<link rel=\"canonical\" href=\"https:\/\/fmpatagoniamadryn.com.ar\/?p=15520\" \/>\n<meta property=\"og:locale\" content=\"es_ES\" \/>\n<meta property=\"og:type\" content=\"article\" \/>\n<meta property=\"og:title\" content=\"INICIA LA SEMANA DE LA VACUNACI\u00d3N EN LAS AM\u00c9RICAS - FM Patagonia Madryn\" \/>\n<meta property=\"og:description\" content=\"&nbsp; En la ciudad tendr\u00e1 lugar&nbsp;del 21 al 28 de abril&nbsp;en los CPI &nbsp; En el marco de la \u201cSemana de la Vacunaci\u00f3n en las Am\u00e9ricas\u201d, impulsada por la Organizaci\u00f3n&hellip;\" \/>\n<meta property=\"og:url\" content=\"https:\/\/fmpatagoniamadryn.com.ar\/?p=15520\" \/>\n<meta property=\"og:site_name\" content=\"FM Patagonia Madryn\" \/>\n<meta property=\"article:published_time\" content=\"2025-04-15T13:49:19+00:00\" \/>\n<meta property=\"og:image\" content=\"https:\/\/fmpatagoniamadryn.com.ar\/wp-content\/uploads\/2025\/04\/img_4004-1.jpg\" \/>\n\t<meta property=\"og:image:width\" content=\"1280\" \/>\n\t<meta property=\"og:image:height\" content=\"852\" \/>\n\t<meta property=\"og:image:type\" content=\"image\/jpeg\" \/>\n<meta name=\"author\" content=\"FM Patagonia\" \/>\n<meta name=\"twitter:card\" content=\"summary_large_image\" \/>\n<meta name=\"twitter:label1\" content=\"Escrito por\" \/>\n\t<meta name=\"twitter:data1\" content=\"FM Patagonia\" \/>\n\t<meta name=\"twitter:label2\" content=\"Tiempo de lectura\" \/>\n\t<meta name=\"twitter:data2\" content=\"2 minutos\" \/>\n<script type=\"application\/ld+json\" class=\"yoast-schema-graph\">{\"@context\":\"https:\\\/\\\/schema.org\",\"@graph\":[{\"@type\":\"Article\",\"@id\":\"https:\\\/\\\/fmpatagoniamadryn.com.ar\\\/?p=15520#article\",\"isPartOf\":{\"@id\":\"https:\\\/\\\/fmpatagoniamadryn.com.ar\\\/?p=15520\"},\"author\":{\"name\":\"FM Patagonia\",\"@id\":\"https:\\\/\\\/fmpatagoniamadryn.com.ar\\\/#\\\/schema\\\/person\\\/8a3de4ad7efceacab06c1641c50303b7\"},\"headline\":\"INICIA LA SEMANA DE LA VACUNACI\u00d3N EN LAS AM\u00c9RICAS\",\"datePublished\":\"2025-04-15T13:49:19+00:00\",\"mainEntityOfPage\":{\"@id\":\"https:\\\/\\\/fmpatagoniamadryn.com.ar\\\/?p=15520\"},\"wordCount\":356,\"publisher\":{\"@id\":\"https:\\\/\\\/fmpatagoniamadryn.com.ar\\\/#organization\"},\"image\":{\"@id\":\"https:\\\/\\\/fmpatagoniamadryn.com.ar\\\/?p=15520#primaryimage\"},\"thumbnailUrl\":\"https:\\\/\\\/fmpatagoniamadryn.com.ar\\\/wp-content\\\/uploads\\\/2025\\\/04\\\/img_4004-1.jpg\",\"articleSection\":[\"Locales\"],\"inLanguage\":\"es\"},{\"@type\":\"WebPage\",\"@id\":\"https:\\\/\\\/fmpatagoniamadryn.com.ar\\\/?p=15520\",\"url\":\"https:\\\/\\\/fmpatagoniamadryn.com.ar\\\/?p=15520\",\"name\":\"INICIA LA SEMANA DE LA VACUNACI\u00d3N EN LAS AM\u00c9RICAS - FM Patagonia Madryn\",\"isPartOf\":{\"@id\":\"https:\\\/\\\/fmpatagoniamadryn.com.ar\\\/#website\"},\"primaryImageOfPage\":{\"@id\":\"https:\\\/\\\/fmpatagoniamadryn.com.ar\\\/?p=15520#primaryimage\"},\"image\":{\"@id\":\"https:\\\/\\\/fmpatagoniamadryn.com.ar\\\/?p=15520#primaryimage\"},\"thumbnailUrl\":\"https:\\\/\\\/fmpatagoniamadryn.com.ar\\\/wp-content\\\/uploads\\\/2025\\\/04\\\/img_4004-1.jpg\",\"datePublished\":\"2025-04-15T13:49:19+00:00\",\"breadcrumb\":{\"@id\":\"https:\\\/\\\/fmpatagoniamadryn.com.ar\\\/?p=15520#breadcrumb\"},\"inLanguage\":\"es\",\"potentialAction\":[{\"@type\":\"ReadAction\",\"target\":[\"https:\\\/\\\/fmpatagoniamadryn.com.ar\\\/?p=15520\"]}]},{\"@type\":\"ImageObject\",\"inLanguage\":\"es\",\"@id\":\"https:\\\/\\\/fmpatagoniamadryn.com.ar\\\/?p=15520#primaryimage\",\"url\":\"https:\\\/\\\/fmpatagoniamadryn.com.ar\\\/wp-content\\\/uploads\\\/2025\\\/04\\\/img_4004-1.jpg\",\"contentUrl\":\"https:\\\/\\\/fmpatagoniamadryn.com.ar\\\/wp-content\\\/uploads\\\/2025\\\/04\\\/img_4004-1.jpg\",\"width\":1280,\"height\":852},{\"@type\":\"BreadcrumbList\",\"@id\":\"https:\\\/\\\/fmpatagoniamadryn.com.ar\\\/?p=15520#breadcrumb\",\"itemListElement\":[{\"@type\":\"ListItem\",\"position\":1,\"name\":\"Portada\",\"item\":\"https:\\\/\\\/fmpatagoniamadryn.com.ar\\\/\"},{\"@type\":\"ListItem\",\"position\":2,\"name\":\"INICIA LA SEMANA DE LA VACUNACI\u00d3N EN LAS AM\u00c9RICAS\"}]},{\"@type\":\"WebSite\",\"@id\":\"https:\\\/\\\/fmpatagoniamadryn.com.ar\\\/#website\",\"url\":\"https:\\\/\\\/fmpatagoniamadryn.com.ar\\\/\",\"name\":\"FM Patagonia Madryn\",\"description\":\"Radio Patagonia 105.5\",\"publisher\":{\"@id\":\"https:\\\/\\\/fmpatagoniamadryn.com.ar\\\/#organization\"},\"potentialAction\":[{\"@type\":\"SearchAction\",\"target\":{\"@type\":\"EntryPoint\",\"urlTemplate\":\"https:\\\/\\\/fmpatagoniamadryn.com.ar\\\/?s={search_term_string}\"},\"query-input\":{\"@type\":\"PropertyValueSpecification\",\"valueRequired\":true,\"valueName\":\"search_term_string\"}}],\"inLanguage\":\"es\"},{\"@type\":\"Organization\",\"@id\":\"https:\\\/\\\/fmpatagoniamadryn.com.ar\\\/#organization\",\"name\":\"FM Patagonia Madryn\",\"url\":\"https:\\\/\\\/fmpatagoniamadryn.com.ar\\\/\",\"logo\":{\"@type\":\"ImageObject\",\"inLanguage\":\"es\",\"@id\":\"https:\\\/\\\/fmpatagoniamadryn.com.ar\\\/#\\\/schema\\\/logo\\\/image\\\/\",\"url\":\"https:\\\/\\\/fmpatagoniamadryn.com.ar\\\/wp-content\\\/uploads\\\/2023\\\/01\\\/cropped-Diseno-sin-titulo.png\",\"contentUrl\":\"https:\\\/\\\/fmpatagoniamadryn.com.ar\\\/wp-content\\\/uploads\\\/2023\\\/01\\\/cropped-Diseno-sin-titulo.png\",\"width\":6911,\"height\":2657,\"caption\":\"FM Patagonia Madryn\"},\"image\":{\"@id\":\"https:\\\/\\\/fmpatagoniamadryn.com.ar\\\/#\\\/schema\\\/logo\\\/image\\\/\"}},{\"@type\":\"Person\",\"@id\":\"https:\\\/\\\/fmpatagoniamadryn.com.ar\\\/#\\\/schema\\\/person\\\/8a3de4ad7efceacab06c1641c50303b7\",\"name\":\"FM Patagonia\",\"url\":\"https:\\\/\\\/fmpatagoniamadryn.com.ar\\\/?author=2\"}]}<\/script>\n<!-- \/ Yoast SEO plugin. -->","yoast_head_json":{"title":"INICIA LA SEMANA DE LA VACUNACI\u00d3N EN LAS AM\u00c9RICAS - FM Patagonia Madryn","robots":{"index":"index","follow":"follow","max-snippet":"max-snippet:-1","max-image-preview":"max-image-preview:large","max-video-preview":"max-video-preview:-1"},"canonical":"https:\/\/fmpatagoniamadryn.com.ar\/?p=15520","og_locale":"es_ES","og_type":"article","og_title":"INICIA LA SEMANA DE LA VACUNACI\u00d3N EN LAS AM\u00c9RICAS - FM Patagonia Madryn","og_description":"&nbsp; En la ciudad tendr\u00e1 lugar&nbsp;del 21 al 28 de abril&nbsp;en los CPI &nbsp; En el marco de la \u201cSemana de la Vacunaci\u00f3n en las Am\u00e9ricas\u201d, impulsada por la Organizaci\u00f3n&hellip;","og_url":"https:\/\/fmpatagoniamadryn.com.ar\/?p=15520","og_site_name":"FM Patagonia Madryn","article_published_time":"2025-04-15T13:49:19+00:00","og_image":[{"width":1280,"height":852,"url":"https:\/\/fmpatagoniamadryn.com.ar\/wp-content\/uploads\/2025\/04\/img_4004-1.jpg","type":"image\/jpeg"}],"author":"FM Patagonia","twitter_card":"summary_large_image","twitter_misc":{"Escrito por":"FM Patagonia","Tiempo de lectura":"2 minutos"},"schema":{"@context":"https:\/\/schema.org","@graph":[{"@type":"Article","@id":"https:\/\/fmpatagoniamadryn.com.ar\/?p=15520#article","isPartOf":{"@id":"https:\/\/fmpatagoniamadryn.com.ar\/?p=15520"},"author":{"name":"FM Patagonia","@id":"https:\/\/fmpatagoniamadryn.com.ar\/#\/schema\/person\/8a3de4ad7efceacab06c1641c50303b7"},"headline":"INICIA LA SEMANA DE LA VACUNACI\u00d3N EN LAS AM\u00c9RICAS","datePublished":"2025-04-15T13:49:19+00:00","mainEntityOfPage":{"@id":"https:\/\/fmpatagoniamadryn.com.ar\/?p=15520"},"wordCount":356,"publisher":{"@id":"https:\/\/fmpatagoniamadryn.com.ar\/#organization"},"image":{"@id":"https:\/\/fmpatagoniamadryn.com.ar\/?p=15520#primaryimage"},"thumbnailUrl":"https:\/\/fmpatagoniamadryn.com.ar\/wp-content\/uploads\/2025\/04\/img_4004-1.jpg","articleSection":["Locales"],"inLanguage":"es"},{"@type":"WebPage","@id":"https:\/\/fmpatagoniamadryn.com.ar\/?p=15520","url":"https:\/\/fmpatagoniamadryn.com.ar\/?p=15520","name":"INICIA LA SEMANA DE LA VACUNACI\u00d3N EN LAS AM\u00c9RICAS - FM Patagonia Madryn","isPartOf":{"@id":"https:\/\/fmpatagoniamadryn.com.ar\/#website"},"primaryImageOfPage":{"@id":"https:\/\/fmpatagoniamadryn.com.ar\/?p=15520#primaryimage"},"image":{"@id":"https:\/\/fmpatagoniamadryn.com.ar\/?p=15520#primaryimage"},"thumbnailUrl":"https:\/\/fmpatagoniamadryn.com.ar\/wp-content\/uploads\/2025\/04\/img_4004-1.jpg","datePublished":"2025-04-15T13:49:19+00:00","breadcrumb":{"@id":"https:\/\/fmpatagoniamadryn.com.ar\/?p=15520#breadcrumb"},"inLanguage":"es","potentialAction":[{"@type":"ReadAction","target":["https:\/\/fmpatagoniamadryn.com.ar\/?p=15520"]}]},{"@type":"ImageObject","inLanguage":"es","@id":"https:\/\/fmpatagoniamadryn.com.ar\/?p=15520#primaryimage","url":"https:\/\/fmpatagoniamadryn.com.ar\/wp-content\/uploads\/2025\/04\/img_4004-1.jpg","contentUrl":"https:\/\/fmpatagoniamadryn.com.ar\/wp-content\/uploads\/2025\/04\/img_4004-1.jpg","width":1280,"height":852},{"@type":"BreadcrumbList","@id":"https:\/\/fmpatagoniamadryn.com.ar\/?p=15520#breadcrumb","itemListElement":[{"@type":"ListItem","position":1,"name":"Portada","item":"https:\/\/fmpatagoniamadryn.com.ar\/"},{"@type":"ListItem","position":2,"name":"INICIA LA SEMANA DE LA VACUNACI\u00d3N EN LAS AM\u00c9RICAS"}]},{"@type":"WebSite","@id":"https:\/\/fmpatagoniamadryn.com.ar\/#website","url":"https:\/\/fmpatagoniamadryn.com.ar\/","name":"FM Patagonia Madryn","description":"Radio Patagonia 105.5","publisher":{"@id":"https:\/\/fmpatagoniamadryn.com.ar\/#organization"},"potentialAction":[{"@type":"SearchAction","target":{"@type":"EntryPoint","urlTemplate":"https:\/\/fmpatagoniamadryn.com.ar\/?s={search_term_string}"},"query-input":{"@type":"PropertyValueSpecification","valueRequired":true,"valueName":"search_term_string"}}],"inLanguage":"es"},{"@type":"Organization","@id":"https:\/\/fmpatagoniamadryn.com.ar\/#organization","name":"FM Patagonia Madryn","url":"https:\/\/fmpatagoniamadryn.com.ar\/","logo":{"@type":"ImageObject","inLanguage":"es","@id":"https:\/\/fmpatagoniamadryn.com.ar\/#\/schema\/logo\/image\/","url":"https:\/\/fmpatagoniamadryn.com.ar\/wp-content\/uploads\/2023\/01\/cropped-Diseno-sin-titulo.png","contentUrl":"https:\/\/fmpatagoniamadryn.com.ar\/wp-content\/uploads\/2023\/01\/cropped-Diseno-sin-titulo.png","width":6911,"height":2657,"caption":"FM Patagonia Madryn"},"image":{"@id":"https:\/\/fmpatagoniamadryn.com.ar\/#\/schema\/logo\/image\/"}},{"@type":"Person","@id":"https:\/\/fmpatagoniamadryn.com.ar\/#\/schema\/person\/8a3de4ad7efceacab06c1641c50303b7","name":"FM Patagonia","url":"https:\/\/fmpatagoniamadryn.com.ar\/?author=2"}]}},"jetpack_featured_media_url":"https:\/\/fmpatagoniamadryn.com.ar\/wp-content\/uploads\/2025\/04\/img_4004-1.jpg","_links":{"self":[{"href":"https:\/\/fmpatagoniamadryn.com.ar\/index.php?rest_route=\/wp\/v2\/posts\/15520","targetHints":{"allow":["GET"]}}],"collection":[{"href":"https:\/\/fmpatagoniamadryn.com.ar\/index.php?rest_route=\/wp\/v2\/posts"}],"about":[{"href":"https:\/\/fmpatagoniamadryn.com.ar\/index.php?rest_route=\/wp\/v2\/types\/post"}],"author":[{"embeddable":true,"href":"https:\/\/fmpatagoniamadryn.com.ar\/index.php?rest_route=\/wp\/v2\/users\/2"}],"replies":[{"embeddable":true,"href":"https:\/\/fmpatagoniamadryn.com.ar\/index.php?rest_route=%2Fwp%2Fv2%2Fcomments&post=15520"}],"version-history":[{"count":1,"href":"https:\/\/fmpatagoniamadryn.com.ar\/index.php?rest_route=\/wp\/v2\/posts\/15520\/revisions"}],"predecessor-version":[{"id":15521,"href":"https:\/\/fmpatagoniamadryn.com.ar\/index.php?rest_route=\/wp\/v2\/posts\/15520\/revisions\/15521"}],"wp:featuredmedia":[{"embeddable":true,"href":"https:\/\/fmpatagoniamadryn.com.ar\/index.php?rest_route=\/wp\/v2\/media\/15519"}],"wp:attachment":[{"href":"https:\/\/fmpatagoniamadryn.com.ar\/index.php?rest_route=%2Fwp%2Fv2%2Fmedia&parent=15520"}],"wp:term":[{"taxonomy":"category","embeddable":true,"href":"https:\/\/fmpatagoniamadryn.com.ar\/index.php?rest_route=%2Fwp%2Fv2%2Fcategories&post=15520"},{"taxonomy":"post_tag","embeddable":true,"href":"https:\/\/fmpatagoniamadryn.com.ar\/index.php?rest_route=%2Fwp%2Fv2%2Ftags&post=15520"}],"curies":[{"name":"wp","href":"https:\/\/api.w.org\/{rel}","templated":true}]}}