{"id":15526,"date":"2025-04-15T15:22:46","date_gmt":"2025-04-15T18:22:46","guid":{"rendered":"https:\/\/fmpatagoniamadryn.com.ar\/?p=15526"},"modified":"2025-04-15T15:22:46","modified_gmt":"2025-04-15T18:22:46","slug":"la-jueza-stella-eizmendi-condeno-a-walter-march-a-3-anos-y-8-meses-de-prision-por-el-choque-que-causo-la-muerte-de-una-familia-y-dispuso-arresto-domiciliario","status":"publish","type":"post","link":"https:\/\/fmpatagoniamadryn.com.ar\/?p=15526","title":{"rendered":"La jueza Stella Eizmendi conden\u00f3 a Walter March a 3 a\u00f1os y 8 meses de prisi\u00f3n por el choque que caus\u00f3 la muerte de una familia y dispuso arresto domiciliario"},"content":{"rendered":"\n<p><\/p>\n\n\n\n<p>La jueza Stella Eizmendi conden\u00f3 al empresario hotelero Walter March a 3 a\u00f1os y 8 meses de prisi\u00f3n por el choque ocurrido en la Ruta Nacional N.\u00ba 3, entre Trelew y Puerto Madryn, en el que murieron cuatro integrantes de una familia de Caleta Olivia. Adem\u00e1s, le impuso una inhabilitaci\u00f3n de 7 a\u00f1os para conducir veh\u00edculos.<\/p>\n\n\n\n<p>Durante el juicio, la Fiscal\u00eda solicit\u00f3 la pena m\u00e1xima prevista para el delito de homicidio culposo agravado: seis a\u00f1os de prisi\u00f3n de cumplimiento efectivo. Una vez conocida la sentencia, tambi\u00e9n pidi\u00f3 que March quedara detenido de forma inmediata, mediante prisi\u00f3n preventiva.<\/p>\n\n\n\n<p>La defensa, por su parte, hab\u00eda solicitado la pena m\u00ednima \u2014tres a\u00f1os en suspenso\u2014 y se opuso a la detenci\u00f3n inmediata, argumentando que la condena no est\u00e1 firme y que a\u00fan restan instancias de apelaci\u00f3n. Como alternativa, propuso el arresto domiciliario, medida que finalmente fue aceptada por Eizmendi.<\/p>\n\n\n\n<p>El hecho ocurri\u00f3 cuando March, de 54 a\u00f1os, realiz\u00f3 una maniobra de sobrepaso en una curva con expresa prohibici\u00f3n de adelantamiento y a una velocidad superior a la permitida. Al invadir el carril contrario, colision\u00f3 de frente contra un Volkswagen Gol en el que viajaban Enrique Garc\u00eda (46), Eva Garc\u00eda (38) y sus hijas Aitana (10) y Alma (8), quienes fallecieron en el acto.<\/p>\n\n\n\n<p>Adem\u00e1s de la condena penal, el Ministerio P\u00fablico Fiscal solicit\u00f3 que el empresario se haga cargo de los costos de la investigaci\u00f3n y las pericias, que ascienden a casi cinco millones de pesos.<\/p>\n","protected":false},"excerpt":{"rendered":"<p>La jueza Stella Eizmendi conden\u00f3 al empresario hotelero Walter March a 3 a\u00f1os y 8 meses de prisi\u00f3n por el choque ocurrido en la Ruta Nacional N.\u00ba 3, entre Trelew&hellip; <\/p>\n","protected":false},"author":2,"featured_media":15525,"comment_status":"closed","ping_status":"closed","sticky":false,"template":"","format":"standard","meta":{"footnotes":""},"categories":[11],"tags":[],"class_list":["post-15526","post","type-post","status-publish","format-standard","has-post-thumbnail","hentry","category-policiales"],"yoast_head":"<!-- This site is optimized with the Yoast SEO plugin v27.4 - https:\/\/yoast.com\/product\/yoast-seo-wordpress\/ -->\n<title>La jueza Stella Eizmendi conden\u00f3 a Walter March a 3 a\u00f1os y 8 meses de prisi\u00f3n por el choque que caus\u00f3 la muerte de una familia y dispuso arresto domiciliario - FM Patagonia Madryn<\/title>\n<meta name=\"robots\" content=\"index, follow, max-snippet:-1, max-image-preview:large, max-video-preview:-1\" \/>\n<link rel=\"canonical\" href=\"https:\/\/fmpatagoniamadryn.com.ar\/?p=15526\" \/>\n<meta property=\"og:locale\" content=\"es_ES\" \/>\n<meta property=\"og:type\" content=\"article\" \/>\n<meta property=\"og:title\" content=\"La jueza Stella Eizmendi conden\u00f3 a Walter March a 3 a\u00f1os y 8 meses de prisi\u00f3n por el choque que caus\u00f3 la muerte de una familia y dispuso arresto domiciliario - FM Patagonia Madryn\" \/>\n<meta property=\"og:description\" content=\"La jueza Stella Eizmendi conden\u00f3 al empresario hotelero Walter March a 3 a\u00f1os y 8 meses de prisi\u00f3n por el choque ocurrido en la Ruta Nacional N.\u00ba 3, entre Trelew&hellip;\" \/>\n<meta property=\"og:url\" content=\"https:\/\/fmpatagoniamadryn.com.ar\/?p=15526\" \/>\n<meta property=\"og:site_name\" content=\"FM Patagonia Madryn\" \/>\n<meta property=\"article:published_time\" content=\"2025-04-15T18:22:46+00:00\" \/>\n<meta property=\"og:image\" content=\"https:\/\/fmpatagoniamadryn.com.ar\/wp-content\/uploads\/2025\/04\/img_4011-1.jpg\" \/>\n\t<meta property=\"og:image:width\" content=\"731\" \/>\n\t<meta property=\"og:image:height\" content=\"1280\" \/>\n\t<meta property=\"og:image:type\" content=\"image\/jpeg\" \/>\n<meta name=\"author\" content=\"FM Patagonia\" \/>\n<meta name=\"twitter:card\" content=\"summary_large_image\" \/>\n<meta name=\"twitter:label1\" content=\"Escrito por\" \/>\n\t<meta name=\"twitter:data1\" content=\"FM Patagonia\" \/>\n\t<meta name=\"twitter:label2\" content=\"Tiempo de lectura\" \/>\n\t<meta name=\"twitter:data2\" content=\"1 minuto\" \/>\n<script type=\"application\/ld+json\" class=\"yoast-schema-graph\">{\"@context\":\"https:\\\/\\\/schema.org\",\"@graph\":[{\"@type\":\"Article\",\"@id\":\"https:\\\/\\\/fmpatagoniamadryn.com.ar\\\/?p=15526#article\",\"isPartOf\":{\"@id\":\"https:\\\/\\\/fmpatagoniamadryn.com.ar\\\/?p=15526\"},\"author\":{\"name\":\"FM Patagonia\",\"@id\":\"https:\\\/\\\/fmpatagoniamadryn.com.ar\\\/#\\\/schema\\\/person\\\/8a3de4ad7efceacab06c1641c50303b7\"},\"headline\":\"La jueza Stella Eizmendi conden\u00f3 a Walter March a 3 a\u00f1os y 8 meses de prisi\u00f3n por el choque que caus\u00f3 la muerte de una familia y dispuso arresto domiciliario\",\"datePublished\":\"2025-04-15T18:22:46+00:00\",\"mainEntityOfPage\":{\"@id\":\"https:\\\/\\\/fmpatagoniamadryn.com.ar\\\/?p=15526\"},\"wordCount\":288,\"publisher\":{\"@id\":\"https:\\\/\\\/fmpatagoniamadryn.com.ar\\\/#organization\"},\"image\":{\"@id\":\"https:\\\/\\\/fmpatagoniamadryn.com.ar\\\/?p=15526#primaryimage\"},\"thumbnailUrl\":\"https:\\\/\\\/fmpatagoniamadryn.com.ar\\\/wp-content\\\/uploads\\\/2025\\\/04\\\/img_4011-1.jpg\",\"articleSection\":[\"Policiales\"],\"inLanguage\":\"es\"},{\"@type\":\"WebPage\",\"@id\":\"https:\\\/\\\/fmpatagoniamadryn.com.ar\\\/?p=15526\",\"url\":\"https:\\\/\\\/fmpatagoniamadryn.com.ar\\\/?p=15526\",\"name\":\"La jueza Stella Eizmendi conden\u00f3 a Walter March a 3 a\u00f1os y 8 meses de prisi\u00f3n por el choque que caus\u00f3 la muerte de una familia y dispuso arresto domiciliario - FM Patagonia Madryn\",\"isPartOf\":{\"@id\":\"https:\\\/\\\/fmpatagoniamadryn.com.ar\\\/#website\"},\"primaryImageOfPage\":{\"@id\":\"https:\\\/\\\/fmpatagoniamadryn.com.ar\\\/?p=15526#primaryimage\"},\"image\":{\"@id\":\"https:\\\/\\\/fmpatagoniamadryn.com.ar\\\/?p=15526#primaryimage\"},\"thumbnailUrl\":\"https:\\\/\\\/fmpatagoniamadryn.com.ar\\\/wp-content\\\/uploads\\\/2025\\\/04\\\/img_4011-1.jpg\",\"datePublished\":\"2025-04-15T18:22:46+00:00\",\"breadcrumb\":{\"@id\":\"https:\\\/\\\/fmpatagoniamadryn.com.ar\\\/?p=15526#breadcrumb\"},\"inLanguage\":\"es\",\"potentialAction\":[{\"@type\":\"ReadAction\",\"target\":[\"https:\\\/\\\/fmpatagoniamadryn.com.ar\\\/?p=15526\"]}]},{\"@type\":\"ImageObject\",\"inLanguage\":\"es\",\"@id\":\"https:\\\/\\\/fmpatagoniamadryn.com.ar\\\/?p=15526#primaryimage\",\"url\":\"https:\\\/\\\/fmpatagoniamadryn.com.ar\\\/wp-content\\\/uploads\\\/2025\\\/04\\\/img_4011-1.jpg\",\"contentUrl\":\"https:\\\/\\\/fmpatagoniamadryn.com.ar\\\/wp-content\\\/uploads\\\/2025\\\/04\\\/img_4011-1.jpg\",\"width\":731,\"height\":1280},{\"@type\":\"BreadcrumbList\",\"@id\":\"https:\\\/\\\/fmpatagoniamadryn.com.ar\\\/?p=15526#breadcrumb\",\"itemListElement\":[{\"@type\":\"ListItem\",\"position\":1,\"name\":\"Portada\",\"item\":\"https:\\\/\\\/fmpatagoniamadryn.com.ar\\\/\"},{\"@type\":\"ListItem\",\"position\":2,\"name\":\"La jueza Stella Eizmendi conden\u00f3 a Walter March a 3 a\u00f1os y 8 meses de prisi\u00f3n por el choque que caus\u00f3 la muerte de una familia y dispuso arresto domiciliario\"}]},{\"@type\":\"WebSite\",\"@id\":\"https:\\\/\\\/fmpatagoniamadryn.com.ar\\\/#website\",\"url\":\"https:\\\/\\\/fmpatagoniamadryn.com.ar\\\/\",\"name\":\"FM Patagonia Madryn\",\"description\":\"Radio Patagonia 105.5\",\"publisher\":{\"@id\":\"https:\\\/\\\/fmpatagoniamadryn.com.ar\\\/#organization\"},\"potentialAction\":[{\"@type\":\"SearchAction\",\"target\":{\"@type\":\"EntryPoint\",\"urlTemplate\":\"https:\\\/\\\/fmpatagoniamadryn.com.ar\\\/?s={search_term_string}\"},\"query-input\":{\"@type\":\"PropertyValueSpecification\",\"valueRequired\":true,\"valueName\":\"search_term_string\"}}],\"inLanguage\":\"es\"},{\"@type\":\"Organization\",\"@id\":\"https:\\\/\\\/fmpatagoniamadryn.com.ar\\\/#organization\",\"name\":\"FM Patagonia Madryn\",\"url\":\"https:\\\/\\\/fmpatagoniamadryn.com.ar\\\/\",\"logo\":{\"@type\":\"ImageObject\",\"inLanguage\":\"es\",\"@id\":\"https:\\\/\\\/fmpatagoniamadryn.com.ar\\\/#\\\/schema\\\/logo\\\/image\\\/\",\"url\":\"https:\\\/\\\/fmpatagoniamadryn.com.ar\\\/wp-content\\\/uploads\\\/2023\\\/01\\\/cropped-Diseno-sin-titulo.png\",\"contentUrl\":\"https:\\\/\\\/fmpatagoniamadryn.com.ar\\\/wp-content\\\/uploads\\\/2023\\\/01\\\/cropped-Diseno-sin-titulo.png\",\"width\":6911,\"height\":2657,\"caption\":\"FM Patagonia Madryn\"},\"image\":{\"@id\":\"https:\\\/\\\/fmpatagoniamadryn.com.ar\\\/#\\\/schema\\\/logo\\\/image\\\/\"}},{\"@type\":\"Person\",\"@id\":\"https:\\\/\\\/fmpatagoniamadryn.com.ar\\\/#\\\/schema\\\/person\\\/8a3de4ad7efceacab06c1641c50303b7\",\"name\":\"FM Patagonia\",\"url\":\"https:\\\/\\\/fmpatagoniamadryn.com.ar\\\/?author=2\"}]}<\/script>\n<!-- \/ Yoast SEO plugin. -->","yoast_head_json":{"title":"La jueza Stella Eizmendi conden\u00f3 a Walter March a 3 a\u00f1os y 8 meses de prisi\u00f3n por el choque que caus\u00f3 la muerte de una familia y dispuso arresto domiciliario - FM Patagonia Madryn","robots":{"index":"index","follow":"follow","max-snippet":"max-snippet:-1","max-image-preview":"max-image-preview:large","max-video-preview":"max-video-preview:-1"},"canonical":"https:\/\/fmpatagoniamadryn.com.ar\/?p=15526","og_locale":"es_ES","og_type":"article","og_title":"La jueza Stella Eizmendi conden\u00f3 a Walter March a 3 a\u00f1os y 8 meses de prisi\u00f3n por el choque que caus\u00f3 la muerte de una familia y dispuso arresto domiciliario - FM Patagonia Madryn","og_description":"La jueza Stella Eizmendi conden\u00f3 al empresario hotelero Walter March a 3 a\u00f1os y 8 meses de prisi\u00f3n por el choque ocurrido en la Ruta Nacional N.\u00ba 3, entre Trelew&hellip;","og_url":"https:\/\/fmpatagoniamadryn.com.ar\/?p=15526","og_site_name":"FM Patagonia Madryn","article_published_time":"2025-04-15T18:22:46+00:00","og_image":[{"width":731,"height":1280,"url":"https:\/\/fmpatagoniamadryn.com.ar\/wp-content\/uploads\/2025\/04\/img_4011-1.jpg","type":"image\/jpeg"}],"author":"FM Patagonia","twitter_card":"summary_large_image","twitter_misc":{"Escrito por":"FM Patagonia","Tiempo de lectura":"1 minuto"},"schema":{"@context":"https:\/\/schema.org","@graph":[{"@type":"Article","@id":"https:\/\/fmpatagoniamadryn.com.ar\/?p=15526#article","isPartOf":{"@id":"https:\/\/fmpatagoniamadryn.com.ar\/?p=15526"},"author":{"name":"FM Patagonia","@id":"https:\/\/fmpatagoniamadryn.com.ar\/#\/schema\/person\/8a3de4ad7efceacab06c1641c50303b7"},"headline":"La jueza Stella Eizmendi conden\u00f3 a Walter March a 3 a\u00f1os y 8 meses de prisi\u00f3n por el choque que caus\u00f3 la muerte de una familia y dispuso arresto domiciliario","datePublished":"2025-04-15T18:22:46+00:00","mainEntityOfPage":{"@id":"https:\/\/fmpatagoniamadryn.com.ar\/?p=15526"},"wordCount":288,"publisher":{"@id":"https:\/\/fmpatagoniamadryn.com.ar\/#organization"},"image":{"@id":"https:\/\/fmpatagoniamadryn.com.ar\/?p=15526#primaryimage"},"thumbnailUrl":"https:\/\/fmpatagoniamadryn.com.ar\/wp-content\/uploads\/2025\/04\/img_4011-1.jpg","articleSection":["Policiales"],"inLanguage":"es"},{"@type":"WebPage","@id":"https:\/\/fmpatagoniamadryn.com.ar\/?p=15526","url":"https:\/\/fmpatagoniamadryn.com.ar\/?p=15526","name":"La jueza Stella Eizmendi conden\u00f3 a Walter March a 3 a\u00f1os y 8 meses de prisi\u00f3n por el choque que caus\u00f3 la muerte de una familia y dispuso arresto domiciliario - FM Patagonia Madryn","isPartOf":{"@id":"https:\/\/fmpatagoniamadryn.com.ar\/#website"},"primaryImageOfPage":{"@id":"https:\/\/fmpatagoniamadryn.com.ar\/?p=15526#primaryimage"},"image":{"@id":"https:\/\/fmpatagoniamadryn.com.ar\/?p=15526#primaryimage"},"thumbnailUrl":"https:\/\/fmpatagoniamadryn.com.ar\/wp-content\/uploads\/2025\/04\/img_4011-1.jpg","datePublished":"2025-04-15T18:22:46+00:00","breadcrumb":{"@id":"https:\/\/fmpatagoniamadryn.com.ar\/?p=15526#breadcrumb"},"inLanguage":"es","potentialAction":[{"@type":"ReadAction","target":["https:\/\/fmpatagoniamadryn.com.ar\/?p=15526"]}]},{"@type":"ImageObject","inLanguage":"es","@id":"https:\/\/fmpatagoniamadryn.com.ar\/?p=15526#primaryimage","url":"https:\/\/fmpatagoniamadryn.com.ar\/wp-content\/uploads\/2025\/04\/img_4011-1.jpg","contentUrl":"https:\/\/fmpatagoniamadryn.com.ar\/wp-content\/uploads\/2025\/04\/img_4011-1.jpg","width":731,"height":1280},{"@type":"BreadcrumbList","@id":"https:\/\/fmpatagoniamadryn.com.ar\/?p=15526#breadcrumb","itemListElement":[{"@type":"ListItem","position":1,"name":"Portada","item":"https:\/\/fmpatagoniamadryn.com.ar\/"},{"@type":"ListItem","position":2,"name":"La jueza Stella Eizmendi conden\u00f3 a Walter March a 3 a\u00f1os y 8 meses de prisi\u00f3n por el choque que caus\u00f3 la muerte de una familia y dispuso arresto domiciliario"}]},{"@type":"WebSite","@id":"https:\/\/fmpatagoniamadryn.com.ar\/#website","url":"https:\/\/fmpatagoniamadryn.com.ar\/","name":"FM Patagonia Madryn","description":"Radio Patagonia 105.5","publisher":{"@id":"https:\/\/fmpatagoniamadryn.com.ar\/#organization"},"potentialAction":[{"@type":"SearchAction","target":{"@type":"EntryPoint","urlTemplate":"https:\/\/fmpatagoniamadryn.com.ar\/?s={search_term_string}"},"query-input":{"@type":"PropertyValueSpecification","valueRequired":true,"valueName":"search_term_string"}}],"inLanguage":"es"},{"@type":"Organization","@id":"https:\/\/fmpatagoniamadryn.com.ar\/#organization","name":"FM Patagonia Madryn","url":"https:\/\/fmpatagoniamadryn.com.ar\/","logo":{"@type":"ImageObject","inLanguage":"es","@id":"https:\/\/fmpatagoniamadryn.com.ar\/#\/schema\/logo\/image\/","url":"https:\/\/fmpatagoniamadryn.com.ar\/wp-content\/uploads\/2023\/01\/cropped-Diseno-sin-titulo.png","contentUrl":"https:\/\/fmpatagoniamadryn.com.ar\/wp-content\/uploads\/2023\/01\/cropped-Diseno-sin-titulo.png","width":6911,"height":2657,"caption":"FM Patagonia Madryn"},"image":{"@id":"https:\/\/fmpatagoniamadryn.com.ar\/#\/schema\/logo\/image\/"}},{"@type":"Person","@id":"https:\/\/fmpatagoniamadryn.com.ar\/#\/schema\/person\/8a3de4ad7efceacab06c1641c50303b7","name":"FM Patagonia","url":"https:\/\/fmpatagoniamadryn.com.ar\/?author=2"}]}},"jetpack_featured_media_url":"https:\/\/fmpatagoniamadryn.com.ar\/wp-content\/uploads\/2025\/04\/img_4011-1.jpg","_links":{"self":[{"href":"https:\/\/fmpatagoniamadryn.com.ar\/index.php?rest_route=\/wp\/v2\/posts\/15526","targetHints":{"allow":["GET"]}}],"collection":[{"href":"https:\/\/fmpatagoniamadryn.com.ar\/index.php?rest_route=\/wp\/v2\/posts"}],"about":[{"href":"https:\/\/fmpatagoniamadryn.com.ar\/index.php?rest_route=\/wp\/v2\/types\/post"}],"author":[{"embeddable":true,"href":"https:\/\/fmpatagoniamadryn.com.ar\/index.php?rest_route=\/wp\/v2\/users\/2"}],"replies":[{"embeddable":true,"href":"https:\/\/fmpatagoniamadryn.com.ar\/index.php?rest_route=%2Fwp%2Fv2%2Fcomments&post=15526"}],"version-history":[{"count":1,"href":"https:\/\/fmpatagoniamadryn.com.ar\/index.php?rest_route=\/wp\/v2\/posts\/15526\/revisions"}],"predecessor-version":[{"id":15527,"href":"https:\/\/fmpatagoniamadryn.com.ar\/index.php?rest_route=\/wp\/v2\/posts\/15526\/revisions\/15527"}],"wp:featuredmedia":[{"embeddable":true,"href":"https:\/\/fmpatagoniamadryn.com.ar\/index.php?rest_route=\/wp\/v2\/media\/15525"}],"wp:attachment":[{"href":"https:\/\/fmpatagoniamadryn.com.ar\/index.php?rest_route=%2Fwp%2Fv2%2Fmedia&parent=15526"}],"wp:term":[{"taxonomy":"category","embeddable":true,"href":"https:\/\/fmpatagoniamadryn.com.ar\/index.php?rest_route=%2Fwp%2Fv2%2Fcategories&post=15526"},{"taxonomy":"post_tag","embeddable":true,"href":"https:\/\/fmpatagoniamadryn.com.ar\/index.php?rest_route=%2Fwp%2Fv2%2Ftags&post=15526"}],"curies":[{"name":"wp","href":"https:\/\/api.w.org\/{rel}","templated":true}]}}